{"id":8954,"date":"2014-03-05T09:44:00","date_gmt":"2014-03-05T08:44:00","guid":{"rendered":"https:\/\/www.itakaescolapios.org\/?p=8954"},"modified":"2023-11-28T12:39:05","modified_gmt":"2023-11-28T11:39:05","slug":"itavere-2-de-marzo","status":"publish","type":"post","link":"https:\/\/www.itakaescolapios.org\/en\/2014\/03\/itavere-2-de-marzo\/","title":{"rendered":"It\u00e1vere 2 de marzo"},"content":{"rendered":"<p>En It\u00e1vere empezamos el mes de Marzo superando retos.<\/p>\n<p>El pasado d\u00eda 2 estuvimos realizando diferentes actividades cuyo objetivo principal era superar los diferentes retos que se nos iban poniendo por el camino.<\/p>\n<p>De esta manera, nos dimos cuenta que con constancia y paciencia, hasta aquello que parece imposible de conseguir, es posible.<\/p>\n<p>En It\u00e1vere no nos rendimos.<\/p>\n<p>Para ver el v\u00eddeo resumen de la actividad pulsa <a href=\"http:\/\/youtu.be\/XCoFrqZyars\" target=\"_blank\" rel=\"noopener\">aqu\u00ed. <\/a><\/p>\n","protected":false},"excerpt":{"rendered":"<p>En It\u00e1vere empezamos el mes de Marzo superando retos. El pasado d\u00eda 2 estuvimos realizando diferentes actividades cuyo objetivo principal era superar los diferentes retos que se nos iban poniendo [&hellip;]<\/p>\n","protected":false},"author":43,"featured_media":8823,"comment_status":"closed","ping_status":"closed","sticky":false,"template":"","format":"standard","meta":{"_et_pb_use_builder":"","_et_pb_old_content":"","_et_gb_content_width":"","footnotes":""},"categories":[25],"tags":[119,419,90,120,93,94,101,416],"class_list":["post-8954","post","type-post","status-publish","format-standard","has-post-thumbnail","hentry","category-zaragoza","tag-barrios","tag-itaka-escolapios","tag-itavere","tag-presencia-zaragoza","tag-proyecto","tag-san-pablo","tag-social","tag-zaragoza"],"yoast_head":"<!-- This site is optimized with the Yoast SEO plugin v27.4 - https:\/\/yoast.com\/product\/yoast-seo-wordpress\/ -->\n<title>It\u00e1vere 2 de marzo<\/title>\n<meta name=\"description\" content=\"En It\u00e1vere empezamos el mes de Marzo superando retos. El pasado d\u00eda 2 estuvimos realizando diferentes actividades cuyo objetivo principal era superar los diferentes retos que se nos iban poniendo por el camino. De esta manera, nos dimos cuenta que con constancia y paciencia, hasta aquello que parece imposible de conseguir, es posible. En It\u00e1vere&hellip;\" \/>\n<meta name=\"robots\" content=\"index, follow, max-snippet:-1, max-image-preview:large, max-video-preview:-1\" \/>\n<link rel=\"canonical\" href=\"http:\/\/En%20It\u00e1vere%20empezamos%20el%20mes%20de%20Marzo%20superando%20retos.%20El%20pasado%20d\u00eda%202%20estuvimos%20realizando%20diferentes%20actividades%20cuyo%20objetivo%20principal%20era%20superar%20los%20diferentes%20retos%20que%20se%20nos%20iban%20poniendo%20por%20el%20camino.%20De%20esta%20manera,%20nos%20dimos%20cuenta%20que%20con%20constancia%20y%20paciencia,%20hasta%20aquello%20que%20parece%20imposible%20de%20conseguir,%20es%20posible.%20En%20It\u00e1vere&hellip;\" \/>\n<meta property=\"og:locale\" content=\"en_US\" \/>\n<meta property=\"og:type\" content=\"article\" \/>\n<meta property=\"og:title\" content=\"It\u00e1vere 2 de marzo\" \/>\n<meta property=\"og:description\" content=\"En It\u00e1vere empezamos el mes de Marzo superando retos. El pasado d\u00eda 2 estuvimos realizando diferentes actividades cuyo objetivo principal era superar los diferentes retos que se nos iban poniendo por el camino. De esta manera, nos dimos cuenta que con constancia y paciencia, hasta aquello que parece imposible de conseguir, es posible. En It\u00e1vere&hellip;\" \/>\n<meta property=\"og:url\" content=\"https:\/\/www.itakaescolapios.org\/en\/2014\/03\/itavere-2-de-marzo\/\" \/>\n<meta property=\"og:site_name\" content=\"Proofs in Itaka-Escolapios\" \/>\n<meta property=\"article:published_time\" content=\"2014-03-05T08:44:00+00:00\" \/>\n<meta property=\"article:modified_time\" content=\"2023-11-28T11:39:05+00:00\" \/>\n<meta property=\"og:image\" content=\"https:\/\/www.itakaescolapios.org\/wp-content\/uploads\/2014\/02\/image.jpg\" \/>\n\t<meta property=\"og:image:width\" content=\"1022\" \/>\n\t<meta property=\"og:image:height\" content=\"760\" \/>\n\t<meta property=\"og:image:type\" content=\"image\/jpeg\" \/>\n<meta name=\"author\" content=\"zaragoza01\" \/>\n<meta name=\"twitter:card\" content=\"summary_large_image\" \/>\n<meta name=\"twitter:label1\" content=\"Written by\" \/>\n\t<meta name=\"twitter:data1\" content=\"zaragoza01\" \/>\n<script type=\"application\/ld+json\" class=\"yoast-schema-graph\">{\"@context\":\"https:\\\/\\\/schema.org\",\"@graph\":[{\"@type\":\"Article\",\"@id\":\"https:\\\/\\\/www.itakaescolapios.org\\\/en\\\/2014\\\/03\\\/itavere-2-de-marzo\\\/#article\",\"isPartOf\":{\"@id\":\"https:\\\/\\\/www.itakaescolapios.org\\\/en\\\/2014\\\/03\\\/itavere-2-de-marzo\\\/\"},\"author\":{\"name\":\"zaragoza01\",\"@id\":\"https:\\\/\\\/www.itakaescolapios.org\\\/es\\\/#\\\/schema\\\/person\\\/d6727e20f4750225e480c33522d69028\"},\"headline\":\"It\u00e1vere 2 de marzo\",\"datePublished\":\"2014-03-05T08:44:00+00:00\",\"dateModified\":\"2023-11-28T11:39:05+00:00\",\"mainEntityOfPage\":{\"@id\":\"https:\\\/\\\/www.itakaescolapios.org\\\/en\\\/2014\\\/03\\\/itavere-2-de-marzo\\\/\"},\"wordCount\":75,\"publisher\":{\"@id\":\"https:\\\/\\\/www.itakaescolapios.org\\\/es\\\/#organization\"},\"image\":{\"@id\":\"https:\\\/\\\/www.itakaescolapios.org\\\/en\\\/2014\\\/03\\\/itavere-2-de-marzo\\\/#primaryimage\"},\"thumbnailUrl\":\"https:\\\/\\\/www.itakaescolapios.org\\\/wp-content\\\/uploads\\\/2014\\\/02\\\/image.jpg\",\"keywords\":[\"barrios\",\"Itaka Escolapios\",\"Itavere\",\"presencia zaragoza\",\"proyecto\",\"San Pablo\",\"Social\",\"Zaragoza\"],\"articleSection\":[\"Zaragoza\"],\"inLanguage\":\"en-US\"},{\"@type\":\"WebPage\",\"@id\":\"https:\\\/\\\/www.itakaescolapios.org\\\/en\\\/2014\\\/03\\\/itavere-2-de-marzo\\\/\",\"url\":\"https:\\\/\\\/www.itakaescolapios.org\\\/en\\\/2014\\\/03\\\/itavere-2-de-marzo\\\/\",\"name\":\"It\u00e1vere 2 de marzo - Proofs in Itaka-Escolapios\",\"isPartOf\":{\"@id\":\"https:\\\/\\\/www.itakaescolapios.org\\\/es\\\/#website\"},\"primaryImageOfPage\":{\"@id\":\"https:\\\/\\\/www.itakaescolapios.org\\\/en\\\/2014\\\/03\\\/itavere-2-de-marzo\\\/#primaryimage\"},\"image\":{\"@id\":\"https:\\\/\\\/www.itakaescolapios.org\\\/en\\\/2014\\\/03\\\/itavere-2-de-marzo\\\/#primaryimage\"},\"thumbnailUrl\":\"https:\\\/\\\/www.itakaescolapios.org\\\/wp-content\\\/uploads\\\/2014\\\/02\\\/image.jpg\",\"datePublished\":\"2014-03-05T08:44:00+00:00\",\"dateModified\":\"2023-11-28T11:39:05+00:00\",\"breadcrumb\":{\"@id\":\"https:\\\/\\\/www.itakaescolapios.org\\\/en\\\/2014\\\/03\\\/itavere-2-de-marzo\\\/#breadcrumb\"},\"inLanguage\":\"en-US\",\"potentialAction\":[{\"@type\":\"ReadAction\",\"target\":[\"https:\\\/\\\/www.itakaescolapios.org\\\/en\\\/2014\\\/03\\\/itavere-2-de-marzo\\\/\"]}]},{\"@type\":\"ImageObject\",\"inLanguage\":\"en-US\",\"@id\":\"https:\\\/\\\/www.itakaescolapios.org\\\/en\\\/2014\\\/03\\\/itavere-2-de-marzo\\\/#primaryimage\",\"url\":\"https:\\\/\\\/www.itakaescolapios.org\\\/wp-content\\\/uploads\\\/2014\\\/02\\\/image.jpg\",\"contentUrl\":\"https:\\\/\\\/www.itakaescolapios.org\\\/wp-content\\\/uploads\\\/2014\\\/02\\\/image.jpg\",\"width\":1022,\"height\":760,\"caption\":\"It\u00e1vere\"},{\"@type\":\"BreadcrumbList\",\"@id\":\"https:\\\/\\\/www.itakaescolapios.org\\\/en\\\/2014\\\/03\\\/itavere-2-de-marzo\\\/#breadcrumb\",\"itemListElement\":[{\"@type\":\"ListItem\",\"position\":1,\"name\":\"Proof\",\"item\":\"https:\\\/\\\/www.itakaescolapios.org\\\/es\\\/\"},{\"@type\":\"ListItem\",\"position\":2,\"name\":\"It\u00e1vere 2 de marzo\"}]},{\"@type\":\"WebSite\",\"@id\":\"https:\\\/\\\/www.itakaescolapios.org\\\/en\\\/es\\\/#website\",\"url\":\"https:\\\/\\\/www.itakaescolapios.org\\\/en\\\/es\\\/\",\"name\":\"Itaka-Escolapios\",\"description\":\"Red de Itaka-Escolapios\",\"publisher\":{\"@id\":\"https:\\\/\\\/www.itakaescolapios.org\\\/en\\\/es\\\/#organization\"},\"potentialAction\":[{\"@type\":\"SearchAction\",\"target\":{\"@type\":\"EntryPoint\",\"urlTemplate\":\"https:\\\/\\\/www.itakaescolapios.org\\\/en\\\/es\\\/?s={search_term_string}\"},\"query-input\":{\"@type\":\"PropertyValueSpecification\",\"valueRequired\":true,\"valueName\":\"search_term_string\"}}],\"inLanguage\":\"en-US\"},{\"@type\":\"Organization\",\"@id\":\"https:\\\/\\\/www.itakaescolapios.org\\\/en\\\/es\\\/#organization\",\"name\":\"Fundaci\u00f3 Itaka-Escolapios\",\"url\":\"https:\\\/\\\/www.itakaescolapios.org\\\/en\\\/es\\\/\",\"logo\":{\"@type\":\"ImageObject\",\"inLanguage\":\"en-US\",\"@id\":\"https:\\\/\\\/www.itakaescolapios.org\\\/en\\\/es\\\/#\\\/schema\\\/logo\\\/image\\\/\",\"url\":\"https:\\\/\\\/www.itakaescolapios.org\\\/wp-content\\\/uploads\\\/2024\\\/04\\\/Logo-itakaescolapios-peque.png\",\"contentUrl\":\"https:\\\/\\\/www.itakaescolapios.org\\\/wp-content\\\/uploads\\\/2024\\\/04\\\/Logo-itakaescolapios-peque.png\",\"width\":500,\"height\":199,\"caption\":\"Fundaci\u00f3 Itaka-Escolapios\"},\"image\":{\"@id\":\"https:\\\/\\\/www.itakaescolapios.org\\\/en\\\/es\\\/#\\\/schema\\\/logo\\\/image\\\/\"}},{\"@type\":\"Person\",\"@id\":\"https:\\\/\\\/www.itakaescolapios.org\\\/es\\\/#\\\/schema\\\/person\\\/d6727e20f4750225e480c33522d69028\",\"name\":\"zaragoza01\",\"url\":\"https:\\\/\\\/www.itakaescolapios.org\\\/en\\\/author\\\/zaragoza01\\\/\"}]}<\/script>\n<!-- \/ Yoast SEO plugin. -->","yoast_head_json":{"title":"It\u00e1vere 2 de marzo","description":"En It\u00e1vere empezamos el mes de Marzo superando retos. El pasado d\u00eda 2 estuvimos realizando diferentes actividades cuyo objetivo principal era superar los diferentes retos que se nos iban poniendo por el camino. De esta manera, nos dimos cuenta que con constancia y paciencia, hasta aquello que parece imposible de conseguir, es posible. En It\u00e1vere&hellip;","robots":{"index":"index","follow":"follow","max-snippet":"max-snippet:-1","max-image-preview":"max-image-preview:large","max-video-preview":"max-video-preview:-1"},"canonical":"En It\u00e1vere empezamos el mes de Marzo superando retos. El pasado d\u00eda 2 estuvimos realizando diferentes actividades cuyo objetivo principal era superar los diferentes retos que se nos iban poniendo por el camino. De esta manera, nos dimos cuenta que con constancia y paciencia, hasta aquello que parece imposible de conseguir, es posible. En It\u00e1vere&hellip;","og_locale":"en_US","og_type":"article","og_title":"It\u00e1vere 2 de marzo","og_description":"En It\u00e1vere empezamos el mes de Marzo superando retos. El pasado d\u00eda 2 estuvimos realizando diferentes actividades cuyo objetivo principal era superar los diferentes retos que se nos iban poniendo por el camino. De esta manera, nos dimos cuenta que con constancia y paciencia, hasta aquello que parece imposible de conseguir, es posible. En It\u00e1vere&hellip;","og_url":"https:\/\/www.itakaescolapios.org\/en\/2014\/03\/itavere-2-de-marzo\/","og_site_name":"Proofs in Itaka-Escolapios","article_published_time":"2014-03-05T08:44:00+00:00","article_modified_time":"2023-11-28T11:39:05+00:00","og_image":[{"width":1022,"height":760,"url":"https:\/\/www.itakaescolapios.org\/wp-content\/uploads\/2014\/02\/image.jpg","type":"image\/jpeg"}],"author":"zaragoza01","twitter_card":"summary_large_image","twitter_misc":{"Written by":"zaragoza01"},"schema":{"@context":"https:\/\/schema.org","@graph":[{"@type":"Article","@id":"https:\/\/www.itakaescolapios.org\/en\/2014\/03\/itavere-2-de-marzo\/#article","isPartOf":{"@id":"https:\/\/www.itakaescolapios.org\/en\/2014\/03\/itavere-2-de-marzo\/"},"author":{"name":"zaragoza01","@id":"https:\/\/www.itakaescolapios.org\/es\/#\/schema\/person\/d6727e20f4750225e480c33522d69028"},"headline":"It\u00e1vere 2 de marzo","datePublished":"2014-03-05T08:44:00+00:00","dateModified":"2023-11-28T11:39:05+00:00","mainEntityOfPage":{"@id":"https:\/\/www.itakaescolapios.org\/en\/2014\/03\/itavere-2-de-marzo\/"},"wordCount":75,"publisher":{"@id":"https:\/\/www.itakaescolapios.org\/es\/#organization"},"image":{"@id":"https:\/\/www.itakaescolapios.org\/en\/2014\/03\/itavere-2-de-marzo\/#primaryimage"},"thumbnailUrl":"https:\/\/www.itakaescolapios.org\/wp-content\/uploads\/2014\/02\/image.jpg","keywords":["barrios","Itaka Escolapios","Itavere","presencia zaragoza","proyecto","San Pablo","Social","Zaragoza"],"articleSection":["Zaragoza"],"inLanguage":"en-US"},{"@type":"WebPage","@id":"https:\/\/www.itakaescolapios.org\/en\/2014\/03\/itavere-2-de-marzo\/","url":"https:\/\/www.itakaescolapios.org\/en\/2014\/03\/itavere-2-de-marzo\/","name":"It\u00e1vere 2 de marzo - Proofs in Itaka-Escolapios","isPartOf":{"@id":"https:\/\/www.itakaescolapios.org\/es\/#website"},"primaryImageOfPage":{"@id":"https:\/\/www.itakaescolapios.org\/en\/2014\/03\/itavere-2-de-marzo\/#primaryimage"},"image":{"@id":"https:\/\/www.itakaescolapios.org\/en\/2014\/03\/itavere-2-de-marzo\/#primaryimage"},"thumbnailUrl":"https:\/\/www.itakaescolapios.org\/wp-content\/uploads\/2014\/02\/image.jpg","datePublished":"2014-03-05T08:44:00+00:00","dateModified":"2023-11-28T11:39:05+00:00","breadcrumb":{"@id":"https:\/\/www.itakaescolapios.org\/en\/2014\/03\/itavere-2-de-marzo\/#breadcrumb"},"inLanguage":"en-US","potentialAction":[{"@type":"ReadAction","target":["https:\/\/www.itakaescolapios.org\/en\/2014\/03\/itavere-2-de-marzo\/"]}]},{"@type":"ImageObject","inLanguage":"en-US","@id":"https:\/\/www.itakaescolapios.org\/en\/2014\/03\/itavere-2-de-marzo\/#primaryimage","url":"https:\/\/www.itakaescolapios.org\/wp-content\/uploads\/2014\/02\/image.jpg","contentUrl":"https:\/\/www.itakaescolapios.org\/wp-content\/uploads\/2014\/02\/image.jpg","width":1022,"height":760,"caption":"It\u00e1vere"},{"@type":"BreadcrumbList","@id":"https:\/\/www.itakaescolapios.org\/en\/2014\/03\/itavere-2-de-marzo\/#breadcrumb","itemListElement":[{"@type":"ListItem","position":1,"name":"Proof","item":"https:\/\/www.itakaescolapios.org\/es\/"},{"@type":"ListItem","position":2,"name":"It\u00e1vere 2 de marzo"}]},{"@type":"WebSite","@id":"https:\/\/www.itakaescolapios.org\/en\/es\/#website","url":"https:\/\/www.itakaescolapios.org\/en\/es\/","name":"Itaka-Escolapios","description":"Red de Itaka-Escolapios","publisher":{"@id":"https:\/\/www.itakaescolapios.org\/en\/es\/#organization"},"potentialAction":[{"@type":"SearchAction","target":{"@type":"EntryPoint","urlTemplate":"https:\/\/www.itakaescolapios.org\/en\/es\/?s={search_term_string}"},"query-input":{"@type":"PropertyValueSpecification","valueRequired":true,"valueName":"search_term_string"}}],"inLanguage":"en-US"},{"@type":"Organization","@id":"https:\/\/www.itakaescolapios.org\/en\/es\/#organization","name":"Fundaci\u00f3 Itaka-Escolapios","url":"https:\/\/www.itakaescolapios.org\/en\/es\/","logo":{"@type":"ImageObject","inLanguage":"en-US","@id":"https:\/\/www.itakaescolapios.org\/en\/es\/#\/schema\/logo\/image\/","url":"https:\/\/www.itakaescolapios.org\/wp-content\/uploads\/2024\/04\/Logo-itakaescolapios-peque.png","contentUrl":"https:\/\/www.itakaescolapios.org\/wp-content\/uploads\/2024\/04\/Logo-itakaescolapios-peque.png","width":500,"height":199,"caption":"Fundaci\u00f3 Itaka-Escolapios"},"image":{"@id":"https:\/\/www.itakaescolapios.org\/en\/es\/#\/schema\/logo\/image\/"}},{"@type":"Person","@id":"https:\/\/www.itakaescolapios.org\/es\/#\/schema\/person\/d6727e20f4750225e480c33522d69028","name":"zaragoza01","url":"https:\/\/www.itakaescolapios.org\/en\/author\/zaragoza01\/"}]}},"_links":{"self":[{"href":"https:\/\/www.itakaescolapios.org\/en\/wp-json\/wp\/v2\/posts\/8954","targetHints":{"allow":["GET"]}}],"collection":[{"href":"https:\/\/www.itakaescolapios.org\/en\/wp-json\/wp\/v2\/posts"}],"about":[{"href":"https:\/\/www.itakaescolapios.org\/en\/wp-json\/wp\/v2\/types\/post"}],"author":[{"embeddable":true,"href":"https:\/\/www.itakaescolapios.org\/en\/wp-json\/wp\/v2\/users\/43"}],"replies":[{"embeddable":true,"href":"https:\/\/www.itakaescolapios.org\/en\/wp-json\/wp\/v2\/comments?post=8954"}],"version-history":[{"count":3,"href":"https:\/\/www.itakaescolapios.org\/en\/wp-json\/wp\/v2\/posts\/8954\/revisions"}],"predecessor-version":[{"id":49124,"href":"https:\/\/www.itakaescolapios.org\/en\/wp-json\/wp\/v2\/posts\/8954\/revisions\/49124"}],"wp:featuredmedia":[{"embeddable":true,"href":"https:\/\/www.itakaescolapios.org\/en\/wp-json\/wp\/v2\/media\/8823"}],"wp:attachment":[{"href":"https:\/\/www.itakaescolapios.org\/en\/wp-json\/wp\/v2\/media?parent=8954"}],"wp:term":[{"taxonomy":"category","embeddable":true,"href":"https:\/\/www.itakaescolapios.org\/en\/wp-json\/wp\/v2\/categories?post=8954"},{"taxonomy":"post_tag","embeddable":true,"href":"https:\/\/www.itakaescolapios.org\/en\/wp-json\/wp\/v2\/tags?post=8954"}],"curies":[{"name":"wp","href":"https:\/\/api.w.org\/{rel}","templated":true}]}}