{"id":8956,"date":"2014-03-06T12:40:06","date_gmt":"2014-03-06T11:40:06","guid":{"rendered":"https:\/\/www.itakaescolapios.org\/?p=8956"},"modified":"2023-11-28T12:39:05","modified_gmt":"2023-11-28T11:39:05","slug":"alumnosas-de-ojala-participan-en-un-club-de-lectura","status":"publish","type":"post","link":"https:\/\/www.itakaescolapios.org\/en\/2014\/03\/alumnosas-de-ojala-participan-en-un-club-de-lectura\/","title":{"rendered":"Alumnos\/as de Ojal\u00e1 participan en un Club de Lectura"},"content":{"rendered":"<p><span style=\"color: #000000; font-family: Calibri; font-size: medium;\">Hoy, jueves d\u00eda 6, varios de nuestros alumnos\/as de nuestro programa Ojal\u00e1 (Clases de alfabetizaci\u00f3n para personas inmigrantes adultas) han participado en la biblioteca de la Alh\u00f3ndiga de Bilbao en un club de lectura organizado por <i>Lectura F\u00e1cil Euskadi<\/i>. Han estado leyendo \u201cLa m\u00fasica del viento\u201d de Jordi Sierra i Fabra. Buen momento de grupo y de aprendizaje.<\/span><\/p>\n","protected":false},"excerpt":{"rendered":"<p>Hoy, jueves d\u00eda 6, varios de nuestros alumnos\/as de nuestro programa Ojal\u00e1 (Clases de alfabetizaci\u00f3n para personas inmigrantes adultas) han participado en la biblioteca de la Alh\u00f3ndiga de Bilbao en [&hellip;]<\/p>\n","protected":false},"author":4,"featured_media":8957,"comment_status":"closed","ping_status":"closed","sticky":false,"template":"","format":"standard","meta":{"_et_pb_use_builder":"","_et_pb_old_content":"","_et_gb_content_width":"","footnotes":""},"categories":[9],"tags":[],"class_list":["post-8956","post","type-post","status-publish","format-standard","has-post-thumbnail","hentry","category-bilbao"],"yoast_head":"<!-- This site is optimized with the Yoast SEO plugin v27.4 - https:\/\/yoast.com\/product\/yoast-seo-wordpress\/ -->\n<title>Alumnos\/as de Ojal\u00e1 participan en un Club de Lectura<\/title>\n<meta name=\"description\" content=\"Hoy, jueves d\u00eda 6, varios de nuestros alumnos\/as de nuestro programa Ojal\u00e1 (Clases de alfabetizaci\u00f3n para personas inmigrantes adultas) han participado en la biblioteca de la Alh\u00f3ndiga de Bilbao en un club de lectura organizado por Lectura F\u00e1cil Euskadi. Han estado leyendo \u201cLa m\u00fasica del viento\u201d de Jordi Sierra i Fabra. Buen momento de grupo&hellip;\" \/>\n<meta name=\"robots\" content=\"index, follow, max-snippet:-1, max-image-preview:large, max-video-preview:-1\" \/>\n<link rel=\"canonical\" href=\"http:\/\/Hoy,%20jueves%20d\u00eda%206,%20varios%20de%20nuestros%20alumnos\/as%20de%20nuestro%20programa%20Ojal\u00e1%20(Clases%20de%20alfabetizaci\u00f3n%20para%20personas%20inmigrantes%20adultas)%20han%20participado%20en%20la%20biblioteca%20de%20la%20Alh\u00f3ndiga%20de%20Bilbao%20en%20un%20club%20de%20lectura%20organizado%20por%20Lectura%20F\u00e1cil%20Euskadi.%20Han%20estado%20leyendo%20\u201cLa%20m\u00fasica%20del%20viento\u201d%20de%20Jordi%20Sierra%20i%20Fabra.%20Buen%20momento%20de%20grupo&hellip;\" \/>\n<meta property=\"og:locale\" content=\"en_US\" \/>\n<meta property=\"og:type\" content=\"article\" \/>\n<meta property=\"og:title\" content=\"Alumnos\/as de Ojal\u00e1 participan en un Club de Lectura\" \/>\n<meta property=\"og:description\" content=\"Hoy, jueves d\u00eda 6, varios de nuestros alumnos\/as de nuestro programa Ojal\u00e1 (Clases de alfabetizaci\u00f3n para personas inmigrantes adultas) han participado en la biblioteca de la Alh\u00f3ndiga de Bilbao en un club de lectura organizado por Lectura F\u00e1cil Euskadi. Han estado leyendo \u201cLa m\u00fasica del viento\u201d de Jordi Sierra i Fabra. Buen momento de grupo&hellip;\" \/>\n<meta property=\"og:url\" content=\"https:\/\/www.itakaescolapios.org\/en\/2014\/03\/alumnosas-de-ojala-participan-en-un-club-de-lectura\/\" \/>\n<meta property=\"og:site_name\" content=\"Proofs in Itaka-Escolapios\" \/>\n<meta property=\"article:published_time\" content=\"2014-03-06T11:40:06+00:00\" \/>\n<meta property=\"article:modified_time\" content=\"2023-11-28T11:39:05+00:00\" \/>\n<meta property=\"og:image\" content=\"https:\/\/www.itakaescolapios.org\/wp-content\/uploads\/2014\/03\/Club-de-lectura-facil.jpg\" \/>\n\t<meta property=\"og:image:width\" content=\"800\" \/>\n\t<meta property=\"og:image:height\" content=\"600\" \/>\n\t<meta property=\"og:image:type\" content=\"image\/jpeg\" \/>\n<meta name=\"author\" content=\"itaka\" \/>\n<meta name=\"twitter:card\" content=\"summary_large_image\" \/>\n<meta name=\"twitter:label1\" content=\"Written by\" \/>\n\t<meta name=\"twitter:data1\" content=\"itaka\" \/>\n<script type=\"application\/ld+json\" class=\"yoast-schema-graph\">{\"@context\":\"https:\\\/\\\/schema.org\",\"@graph\":[{\"@type\":\"Article\",\"@id\":\"https:\\\/\\\/www.itakaescolapios.org\\\/en\\\/2014\\\/03\\\/alumnosas-de-ojala-participan-en-un-club-de-lectura\\\/#article\",\"isPartOf\":{\"@id\":\"https:\\\/\\\/www.itakaescolapios.org\\\/en\\\/2014\\\/03\\\/alumnosas-de-ojala-participan-en-un-club-de-lectura\\\/\"},\"author\":{\"name\":\"itaka\",\"@id\":\"https:\\\/\\\/www.itakaescolapios.org\\\/es\\\/#\\\/schema\\\/person\\\/670123daeb1cc31cae1b106740036ccb\"},\"headline\":\"Alumnos\\\/as de Ojal\u00e1 participan en un Club de Lectura\",\"datePublished\":\"2014-03-06T11:40:06+00:00\",\"dateModified\":\"2023-11-28T11:39:05+00:00\",\"mainEntityOfPage\":{\"@id\":\"https:\\\/\\\/www.itakaescolapios.org\\\/en\\\/2014\\\/03\\\/alumnosas-de-ojala-participan-en-un-club-de-lectura\\\/\"},\"wordCount\":73,\"publisher\":{\"@id\":\"https:\\\/\\\/www.itakaescolapios.org\\\/es\\\/#organization\"},\"image\":{\"@id\":\"https:\\\/\\\/www.itakaescolapios.org\\\/en\\\/2014\\\/03\\\/alumnosas-de-ojala-participan-en-un-club-de-lectura\\\/#primaryimage\"},\"thumbnailUrl\":\"https:\\\/\\\/www.itakaescolapios.org\\\/wp-content\\\/uploads\\\/2014\\\/03\\\/Club-de-lectura-facil.jpg\",\"articleSection\":[\"Bilbao\"],\"inLanguage\":\"en-US\"},{\"@type\":\"WebPage\",\"@id\":\"https:\\\/\\\/www.itakaescolapios.org\\\/en\\\/2014\\\/03\\\/alumnosas-de-ojala-participan-en-un-club-de-lectura\\\/\",\"url\":\"https:\\\/\\\/www.itakaescolapios.org\\\/en\\\/2014\\\/03\\\/alumnosas-de-ojala-participan-en-un-club-de-lectura\\\/\",\"name\":\"Alumnos\\\/as de Ojal\u00e1 participan en un Club de Lectura - Proofs in Itaka-Escolapios\",\"isPartOf\":{\"@id\":\"https:\\\/\\\/www.itakaescolapios.org\\\/es\\\/#website\"},\"primaryImageOfPage\":{\"@id\":\"https:\\\/\\\/www.itakaescolapios.org\\\/en\\\/2014\\\/03\\\/alumnosas-de-ojala-participan-en-un-club-de-lectura\\\/#primaryimage\"},\"image\":{\"@id\":\"https:\\\/\\\/www.itakaescolapios.org\\\/en\\\/2014\\\/03\\\/alumnosas-de-ojala-participan-en-un-club-de-lectura\\\/#primaryimage\"},\"thumbnailUrl\":\"https:\\\/\\\/www.itakaescolapios.org\\\/wp-content\\\/uploads\\\/2014\\\/03\\\/Club-de-lectura-facil.jpg\",\"datePublished\":\"2014-03-06T11:40:06+00:00\",\"dateModified\":\"2023-11-28T11:39:05+00:00\",\"breadcrumb\":{\"@id\":\"https:\\\/\\\/www.itakaescolapios.org\\\/en\\\/2014\\\/03\\\/alumnosas-de-ojala-participan-en-un-club-de-lectura\\\/#breadcrumb\"},\"inLanguage\":\"en-US\",\"potentialAction\":[{\"@type\":\"ReadAction\",\"target\":[\"https:\\\/\\\/www.itakaescolapios.org\\\/en\\\/2014\\\/03\\\/alumnosas-de-ojala-participan-en-un-club-de-lectura\\\/\"]}]},{\"@type\":\"ImageObject\",\"inLanguage\":\"en-US\",\"@id\":\"https:\\\/\\\/www.itakaescolapios.org\\\/en\\\/2014\\\/03\\\/alumnosas-de-ojala-participan-en-un-club-de-lectura\\\/#primaryimage\",\"url\":\"https:\\\/\\\/www.itakaescolapios.org\\\/wp-content\\\/uploads\\\/2014\\\/03\\\/Club-de-lectura-facil.jpg\",\"contentUrl\":\"https:\\\/\\\/www.itakaescolapios.org\\\/wp-content\\\/uploads\\\/2014\\\/03\\\/Club-de-lectura-facil.jpg\",\"width\":800,\"height\":600},{\"@type\":\"BreadcrumbList\",\"@id\":\"https:\\\/\\\/www.itakaescolapios.org\\\/en\\\/2014\\\/03\\\/alumnosas-de-ojala-participan-en-un-club-de-lectura\\\/#breadcrumb\",\"itemListElement\":[{\"@type\":\"ListItem\",\"position\":1,\"name\":\"Proof\",\"item\":\"https:\\\/\\\/www.itakaescolapios.org\\\/es\\\/\"},{\"@type\":\"ListItem\",\"position\":2,\"name\":\"Alumnos\\\/as de Ojal\u00e1 participan en un Club de Lectura\"}]},{\"@type\":\"WebSite\",\"@id\":\"https:\\\/\\\/www.itakaescolapios.org\\\/en\\\/es\\\/#website\",\"url\":\"https:\\\/\\\/www.itakaescolapios.org\\\/en\\\/es\\\/\",\"name\":\"Itaka-Escolapios\",\"description\":\"Red de Itaka-Escolapios\",\"publisher\":{\"@id\":\"https:\\\/\\\/www.itakaescolapios.org\\\/en\\\/es\\\/#organization\"},\"potentialAction\":[{\"@type\":\"SearchAction\",\"target\":{\"@type\":\"EntryPoint\",\"urlTemplate\":\"https:\\\/\\\/www.itakaescolapios.org\\\/en\\\/es\\\/?s={search_term_string}\"},\"query-input\":{\"@type\":\"PropertyValueSpecification\",\"valueRequired\":true,\"valueName\":\"search_term_string\"}}],\"inLanguage\":\"en-US\"},{\"@type\":\"Organization\",\"@id\":\"https:\\\/\\\/www.itakaescolapios.org\\\/en\\\/es\\\/#organization\",\"name\":\"Fundaci\u00f3 Itaka-Escolapios\",\"url\":\"https:\\\/\\\/www.itakaescolapios.org\\\/en\\\/es\\\/\",\"logo\":{\"@type\":\"ImageObject\",\"inLanguage\":\"en-US\",\"@id\":\"https:\\\/\\\/www.itakaescolapios.org\\\/en\\\/es\\\/#\\\/schema\\\/logo\\\/image\\\/\",\"url\":\"https:\\\/\\\/www.itakaescolapios.org\\\/wp-content\\\/uploads\\\/2024\\\/04\\\/Logo-itakaescolapios-peque.png\",\"contentUrl\":\"https:\\\/\\\/www.itakaescolapios.org\\\/wp-content\\\/uploads\\\/2024\\\/04\\\/Logo-itakaescolapios-peque.png\",\"width\":500,\"height\":199,\"caption\":\"Fundaci\u00f3 Itaka-Escolapios\"},\"image\":{\"@id\":\"https:\\\/\\\/www.itakaescolapios.org\\\/en\\\/es\\\/#\\\/schema\\\/logo\\\/image\\\/\"}},{\"@type\":\"Person\",\"@id\":\"https:\\\/\\\/www.itakaescolapios.org\\\/es\\\/#\\\/schema\\\/person\\\/670123daeb1cc31cae1b106740036ccb\",\"name\":\"itaka\",\"url\":\"https:\\\/\\\/www.itakaescolapios.org\\\/en\\\/author\\\/itaka\\\/\"}]}<\/script>\n<!-- \/ Yoast SEO plugin. -->","yoast_head_json":{"title":"Alumnos\/as de Ojal\u00e1 participan en un Club de Lectura","description":"Hoy, jueves d\u00eda 6, varios de nuestros alumnos\/as de nuestro programa Ojal\u00e1 (Clases de alfabetizaci\u00f3n para personas inmigrantes adultas) han participado en la biblioteca de la Alh\u00f3ndiga de Bilbao en un club de lectura organizado por Lectura F\u00e1cil Euskadi. Han estado leyendo \u201cLa m\u00fasica del viento\u201d de Jordi Sierra i Fabra. Buen momento de grupo&hellip;","robots":{"index":"index","follow":"follow","max-snippet":"max-snippet:-1","max-image-preview":"max-image-preview:large","max-video-preview":"max-video-preview:-1"},"canonical":"Hoy, jueves d\u00eda 6, varios de nuestros alumnos\/as de nuestro programa Ojal\u00e1 (Clases de alfabetizaci\u00f3n para personas inmigrantes adultas) han participado en la biblioteca de la Alh\u00f3ndiga de Bilbao en un club de lectura organizado por Lectura F\u00e1cil Euskadi. Han estado leyendo \u201cLa m\u00fasica del viento\u201d de Jordi Sierra i Fabra. Buen momento de grupo&hellip;","og_locale":"en_US","og_type":"article","og_title":"Alumnos\/as de Ojal\u00e1 participan en un Club de Lectura","og_description":"Hoy, jueves d\u00eda 6, varios de nuestros alumnos\/as de nuestro programa Ojal\u00e1 (Clases de alfabetizaci\u00f3n para personas inmigrantes adultas) han participado en la biblioteca de la Alh\u00f3ndiga de Bilbao en un club de lectura organizado por Lectura F\u00e1cil Euskadi. Han estado leyendo \u201cLa m\u00fasica del viento\u201d de Jordi Sierra i Fabra. Buen momento de grupo&hellip;","og_url":"https:\/\/www.itakaescolapios.org\/en\/2014\/03\/alumnosas-de-ojala-participan-en-un-club-de-lectura\/","og_site_name":"Proofs in Itaka-Escolapios","article_published_time":"2014-03-06T11:40:06+00:00","article_modified_time":"2023-11-28T11:39:05+00:00","og_image":[{"width":800,"height":600,"url":"https:\/\/www.itakaescolapios.org\/wp-content\/uploads\/2014\/03\/Club-de-lectura-facil.jpg","type":"image\/jpeg"}],"author":"itaka","twitter_card":"summary_large_image","twitter_misc":{"Written by":"itaka"},"schema":{"@context":"https:\/\/schema.org","@graph":[{"@type":"Article","@id":"https:\/\/www.itakaescolapios.org\/en\/2014\/03\/alumnosas-de-ojala-participan-en-un-club-de-lectura\/#article","isPartOf":{"@id":"https:\/\/www.itakaescolapios.org\/en\/2014\/03\/alumnosas-de-ojala-participan-en-un-club-de-lectura\/"},"author":{"name":"itaka","@id":"https:\/\/www.itakaescolapios.org\/es\/#\/schema\/person\/670123daeb1cc31cae1b106740036ccb"},"headline":"Alumnos\/as de Ojal\u00e1 participan en un Club de Lectura","datePublished":"2014-03-06T11:40:06+00:00","dateModified":"2023-11-28T11:39:05+00:00","mainEntityOfPage":{"@id":"https:\/\/www.itakaescolapios.org\/en\/2014\/03\/alumnosas-de-ojala-participan-en-un-club-de-lectura\/"},"wordCount":73,"publisher":{"@id":"https:\/\/www.itakaescolapios.org\/es\/#organization"},"image":{"@id":"https:\/\/www.itakaescolapios.org\/en\/2014\/03\/alumnosas-de-ojala-participan-en-un-club-de-lectura\/#primaryimage"},"thumbnailUrl":"https:\/\/www.itakaescolapios.org\/wp-content\/uploads\/2014\/03\/Club-de-lectura-facil.jpg","articleSection":["Bilbao"],"inLanguage":"en-US"},{"@type":"WebPage","@id":"https:\/\/www.itakaescolapios.org\/en\/2014\/03\/alumnosas-de-ojala-participan-en-un-club-de-lectura\/","url":"https:\/\/www.itakaescolapios.org\/en\/2014\/03\/alumnosas-de-ojala-participan-en-un-club-de-lectura\/","name":"Alumnos\/as de Ojal\u00e1 participan en un Club de Lectura - Proofs in Itaka-Escolapios","isPartOf":{"@id":"https:\/\/www.itakaescolapios.org\/es\/#website"},"primaryImageOfPage":{"@id":"https:\/\/www.itakaescolapios.org\/en\/2014\/03\/alumnosas-de-ojala-participan-en-un-club-de-lectura\/#primaryimage"},"image":{"@id":"https:\/\/www.itakaescolapios.org\/en\/2014\/03\/alumnosas-de-ojala-participan-en-un-club-de-lectura\/#primaryimage"},"thumbnailUrl":"https:\/\/www.itakaescolapios.org\/wp-content\/uploads\/2014\/03\/Club-de-lectura-facil.jpg","datePublished":"2014-03-06T11:40:06+00:00","dateModified":"2023-11-28T11:39:05+00:00","breadcrumb":{"@id":"https:\/\/www.itakaescolapios.org\/en\/2014\/03\/alumnosas-de-ojala-participan-en-un-club-de-lectura\/#breadcrumb"},"inLanguage":"en-US","potentialAction":[{"@type":"ReadAction","target":["https:\/\/www.itakaescolapios.org\/en\/2014\/03\/alumnosas-de-ojala-participan-en-un-club-de-lectura\/"]}]},{"@type":"ImageObject","inLanguage":"en-US","@id":"https:\/\/www.itakaescolapios.org\/en\/2014\/03\/alumnosas-de-ojala-participan-en-un-club-de-lectura\/#primaryimage","url":"https:\/\/www.itakaescolapios.org\/wp-content\/uploads\/2014\/03\/Club-de-lectura-facil.jpg","contentUrl":"https:\/\/www.itakaescolapios.org\/wp-content\/uploads\/2014\/03\/Club-de-lectura-facil.jpg","width":800,"height":600},{"@type":"BreadcrumbList","@id":"https:\/\/www.itakaescolapios.org\/en\/2014\/03\/alumnosas-de-ojala-participan-en-un-club-de-lectura\/#breadcrumb","itemListElement":[{"@type":"ListItem","position":1,"name":"Proof","item":"https:\/\/www.itakaescolapios.org\/es\/"},{"@type":"ListItem","position":2,"name":"Alumnos\/as de Ojal\u00e1 participan en un Club de Lectura"}]},{"@type":"WebSite","@id":"https:\/\/www.itakaescolapios.org\/en\/es\/#website","url":"https:\/\/www.itakaescolapios.org\/en\/es\/","name":"Itaka-Escolapios","description":"Red de Itaka-Escolapios","publisher":{"@id":"https:\/\/www.itakaescolapios.org\/en\/es\/#organization"},"potentialAction":[{"@type":"SearchAction","target":{"@type":"EntryPoint","urlTemplate":"https:\/\/www.itakaescolapios.org\/en\/es\/?s={search_term_string}"},"query-input":{"@type":"PropertyValueSpecification","valueRequired":true,"valueName":"search_term_string"}}],"inLanguage":"en-US"},{"@type":"Organization","@id":"https:\/\/www.itakaescolapios.org\/en\/es\/#organization","name":"Fundaci\u00f3 Itaka-Escolapios","url":"https:\/\/www.itakaescolapios.org\/en\/es\/","logo":{"@type":"ImageObject","inLanguage":"en-US","@id":"https:\/\/www.itakaescolapios.org\/en\/es\/#\/schema\/logo\/image\/","url":"https:\/\/www.itakaescolapios.org\/wp-content\/uploads\/2024\/04\/Logo-itakaescolapios-peque.png","contentUrl":"https:\/\/www.itakaescolapios.org\/wp-content\/uploads\/2024\/04\/Logo-itakaescolapios-peque.png","width":500,"height":199,"caption":"Fundaci\u00f3 Itaka-Escolapios"},"image":{"@id":"https:\/\/www.itakaescolapios.org\/en\/es\/#\/schema\/logo\/image\/"}},{"@type":"Person","@id":"https:\/\/www.itakaescolapios.org\/es\/#\/schema\/person\/670123daeb1cc31cae1b106740036ccb","name":"itaka","url":"https:\/\/www.itakaescolapios.org\/en\/author\/itaka\/"}]}},"_links":{"self":[{"href":"https:\/\/www.itakaescolapios.org\/en\/wp-json\/wp\/v2\/posts\/8956","targetHints":{"allow":["GET"]}}],"collection":[{"href":"https:\/\/www.itakaescolapios.org\/en\/wp-json\/wp\/v2\/posts"}],"about":[{"href":"https:\/\/www.itakaescolapios.org\/en\/wp-json\/wp\/v2\/types\/post"}],"author":[{"embeddable":true,"href":"https:\/\/www.itakaescolapios.org\/en\/wp-json\/wp\/v2\/users\/4"}],"replies":[{"embeddable":true,"href":"https:\/\/www.itakaescolapios.org\/en\/wp-json\/wp\/v2\/comments?post=8956"}],"version-history":[{"count":3,"href":"https:\/\/www.itakaescolapios.org\/en\/wp-json\/wp\/v2\/posts\/8956\/revisions"}],"predecessor-version":[{"id":49122,"href":"https:\/\/www.itakaescolapios.org\/en\/wp-json\/wp\/v2\/posts\/8956\/revisions\/49122"}],"wp:featuredmedia":[{"embeddable":true,"href":"https:\/\/www.itakaescolapios.org\/en\/wp-json\/wp\/v2\/media\/8957"}],"wp:attachment":[{"href":"https:\/\/www.itakaescolapios.org\/en\/wp-json\/wp\/v2\/media?parent=8956"}],"wp:term":[{"taxonomy":"category","embeddable":true,"href":"https:\/\/www.itakaescolapios.org\/en\/wp-json\/wp\/v2\/categories?post=8956"},{"taxonomy":"post_tag","embeddable":true,"href":"https:\/\/www.itakaescolapios.org\/en\/wp-json\/wp\/v2\/tags?post=8956"}],"curies":[{"name":"wp","href":"https:\/\/api.w.org\/{rel}","templated":true}]}}