{"id":9095,"date":"2014-03-21T13:05:13","date_gmt":"2014-03-21T12:05:13","guid":{"rendered":"https:\/\/www.itakaescolapios.org\/?p=9095"},"modified":"2023-11-28T12:39:04","modified_gmt":"2023-11-28T11:39:04","slug":"resumen-itavere-16-de-marzo","status":"publish","type":"post","link":"https:\/\/www.itakaescolapios.org\/en\/2014\/03\/resumen-itavere-16-de-marzo\/","title":{"rendered":"Res\u00famen It\u00e1vere 16 de marzo"},"content":{"rendered":"<p>Hace unos meses, como ya os contamos, en It\u00e1vere decidimos abrir las puertas a los ni\u00f1os del barrio de San Pablo.<\/p>\n<p>Para nosotros, el 16 de Marzo ser\u00e1 un d\u00eda dif\u00edcil de olvidar, ya que por primera vez todos los itaverianos pudimos pasar la ma\u00f1ana del domingo con ni\u00f1os que acudieron a esta llamada.<\/p>\n<p>Al principio, en sus caras de incertidumbre se pod\u00edan leer sus ganas por querer participar. Estas tensiones se fueron reduciendo cuando vieron que en el patio hab\u00eda caras que les sonaban por haber pasado momentos en el barrio juntos.<\/p>\n<p>As\u00ed, al finalizar la actividad, muy entusiasmados nos contaban lo bien que lo hab\u00edan pasado y aseguraban volver. Adem\u00e1s, lo har\u00edan trayendo a m\u00e1s amigos suyos.<\/p>\n<p>Por ello, al equipo de It\u00e1vere nos gustar\u00eda dar las gracias al colegio Carmen y San Jos\u00e9 por apoyar el proyecto y motivar a los ni\u00f1os que conocen para participar. \u00a1GRACIAS!<\/p>\n<p>Puedes ver el v\u00eddeo resumen <a href=\"http:\/\/youtu.be\/NtU2BMznx0g\" target=\"_blank\" rel=\"noopener\">aqu\u00ed<\/a><\/p>\n","protected":false},"excerpt":{"rendered":"<p>Hace unos meses, como ya os contamos, en It\u00e1vere decidimos abrir las puertas a los ni\u00f1os del barrio de San Pablo. Para nosotros, el 16 de Marzo ser\u00e1 un d\u00eda [&hellip;]<\/p>\n","protected":false},"author":43,"featured_media":8823,"comment_status":"closed","ping_status":"closed","sticky":false,"template":"","format":"standard","meta":{"_et_pb_use_builder":"","_et_pb_old_content":"","_et_gb_content_width":"","footnotes":""},"categories":[25],"tags":[90,81,94,101],"class_list":["post-9095","post","type-post","status-publish","format-standard","has-post-thumbnail","hentry","category-zaragoza","tag-itavere","tag-presencia","tag-san-pablo","tag-social"],"yoast_head":"<!-- This site is optimized with the Yoast SEO plugin v27.4 - https:\/\/yoast.com\/product\/yoast-seo-wordpress\/ -->\n<title>Res\u00famen It\u00e1vere 16 de marzo<\/title>\n<meta name=\"description\" content=\"Hace unos meses, como ya os contamos, en It\u00e1vere decidimos abrir las puertas a los ni\u00f1os del barrio de San Pablo. Para nosotros, el 16 de Marzo ser\u00e1 un d\u00eda dif\u00edcil de olvidar, ya que por primera vez todos los itaverianos pudimos pasar la ma\u00f1ana del domingo con ni\u00f1os que acudieron a esta llamada. Al&hellip;\" \/>\n<meta name=\"robots\" content=\"index, follow, max-snippet:-1, max-image-preview:large, max-video-preview:-1\" \/>\n<link rel=\"canonical\" href=\"http:\/\/Hace%20unos%20meses,%20como%20ya%20os%20contamos,%20en%20It\u00e1vere%20decidimos%20abrir%20las%20puertas%20a%20los%20ni\u00f1os%20del%20barrio%20de%20San%20Pablo.%20Para%20nosotros,%20el%2016%20de%20Marzo%20ser\u00e1%20un%20d\u00eda%20dif\u00edcil%20de%20olvidar,%20ya%20que%20por%20primera%20vez%20todos%20los%20itaverianos%20pudimos%20pasar%20la%20ma\u00f1ana%20del%20domingo%20con%20ni\u00f1os%20que%20acudieron%20a%20esta%20llamada.%20Al&hellip;\" \/>\n<meta property=\"og:locale\" content=\"en_US\" \/>\n<meta property=\"og:type\" content=\"article\" \/>\n<meta property=\"og:title\" content=\"Res\u00famen It\u00e1vere 16 de marzo\" \/>\n<meta property=\"og:description\" content=\"Hace unos meses, como ya os contamos, en It\u00e1vere decidimos abrir las puertas a los ni\u00f1os del barrio de San Pablo. Para nosotros, el 16 de Marzo ser\u00e1 un d\u00eda dif\u00edcil de olvidar, ya que por primera vez todos los itaverianos pudimos pasar la ma\u00f1ana del domingo con ni\u00f1os que acudieron a esta llamada. Al&hellip;\" \/>\n<meta property=\"og:url\" content=\"https:\/\/www.itakaescolapios.org\/en\/2014\/03\/resumen-itavere-16-de-marzo\/\" \/>\n<meta property=\"og:site_name\" content=\"Proofs in Itaka-Escolapios\" \/>\n<meta property=\"article:published_time\" content=\"2014-03-21T12:05:13+00:00\" \/>\n<meta property=\"article:modified_time\" content=\"2023-11-28T11:39:04+00:00\" \/>\n<meta property=\"og:image\" content=\"https:\/\/www.itakaescolapios.org\/wp-content\/uploads\/2014\/02\/image.jpg\" \/>\n\t<meta property=\"og:image:width\" content=\"1022\" \/>\n\t<meta property=\"og:image:height\" content=\"760\" \/>\n\t<meta property=\"og:image:type\" content=\"image\/jpeg\" \/>\n<meta name=\"author\" content=\"zaragoza01\" \/>\n<meta name=\"twitter:card\" content=\"summary_large_image\" \/>\n<meta name=\"twitter:label1\" content=\"Written by\" \/>\n\t<meta name=\"twitter:data1\" content=\"zaragoza01\" \/>\n\t<meta name=\"twitter:label2\" content=\"Est. reading time\" \/>\n\t<meta name=\"twitter:data2\" content=\"1 minute\" \/>\n<script type=\"application\/ld+json\" class=\"yoast-schema-graph\">{\"@context\":\"https:\\\/\\\/schema.org\",\"@graph\":[{\"@type\":\"Article\",\"@id\":\"https:\\\/\\\/www.itakaescolapios.org\\\/en\\\/2014\\\/03\\\/resumen-itavere-16-de-marzo\\\/#article\",\"isPartOf\":{\"@id\":\"https:\\\/\\\/www.itakaescolapios.org\\\/en\\\/2014\\\/03\\\/resumen-itavere-16-de-marzo\\\/\"},\"author\":{\"name\":\"zaragoza01\",\"@id\":\"https:\\\/\\\/www.itakaescolapios.org\\\/es\\\/#\\\/schema\\\/person\\\/d6727e20f4750225e480c33522d69028\"},\"headline\":\"Res\u00famen It\u00e1vere 16 de marzo\",\"datePublished\":\"2014-03-21T12:05:13+00:00\",\"dateModified\":\"2023-11-28T11:39:04+00:00\",\"mainEntityOfPage\":{\"@id\":\"https:\\\/\\\/www.itakaescolapios.org\\\/en\\\/2014\\\/03\\\/resumen-itavere-16-de-marzo\\\/\"},\"wordCount\":177,\"publisher\":{\"@id\":\"https:\\\/\\\/www.itakaescolapios.org\\\/es\\\/#organization\"},\"image\":{\"@id\":\"https:\\\/\\\/www.itakaescolapios.org\\\/en\\\/2014\\\/03\\\/resumen-itavere-16-de-marzo\\\/#primaryimage\"},\"thumbnailUrl\":\"https:\\\/\\\/www.itakaescolapios.org\\\/wp-content\\\/uploads\\\/2014\\\/02\\\/image.jpg\",\"keywords\":[\"Itavere\",\"Presencia\",\"San Pablo\",\"Social\"],\"articleSection\":[\"Zaragoza\"],\"inLanguage\":\"en-US\"},{\"@type\":\"WebPage\",\"@id\":\"https:\\\/\\\/www.itakaescolapios.org\\\/en\\\/2014\\\/03\\\/resumen-itavere-16-de-marzo\\\/\",\"url\":\"https:\\\/\\\/www.itakaescolapios.org\\\/en\\\/2014\\\/03\\\/resumen-itavere-16-de-marzo\\\/\",\"name\":\"Res\u00famen It\u00e1vere 16 de marzo - Proofs in Itaka-Escolapios\",\"isPartOf\":{\"@id\":\"https:\\\/\\\/www.itakaescolapios.org\\\/es\\\/#website\"},\"primaryImageOfPage\":{\"@id\":\"https:\\\/\\\/www.itakaescolapios.org\\\/en\\\/2014\\\/03\\\/resumen-itavere-16-de-marzo\\\/#primaryimage\"},\"image\":{\"@id\":\"https:\\\/\\\/www.itakaescolapios.org\\\/en\\\/2014\\\/03\\\/resumen-itavere-16-de-marzo\\\/#primaryimage\"},\"thumbnailUrl\":\"https:\\\/\\\/www.itakaescolapios.org\\\/wp-content\\\/uploads\\\/2014\\\/02\\\/image.jpg\",\"datePublished\":\"2014-03-21T12:05:13+00:00\",\"dateModified\":\"2023-11-28T11:39:04+00:00\",\"breadcrumb\":{\"@id\":\"https:\\\/\\\/www.itakaescolapios.org\\\/en\\\/2014\\\/03\\\/resumen-itavere-16-de-marzo\\\/#breadcrumb\"},\"inLanguage\":\"en-US\",\"potentialAction\":[{\"@type\":\"ReadAction\",\"target\":[\"https:\\\/\\\/www.itakaescolapios.org\\\/en\\\/2014\\\/03\\\/resumen-itavere-16-de-marzo\\\/\"]}]},{\"@type\":\"ImageObject\",\"inLanguage\":\"en-US\",\"@id\":\"https:\\\/\\\/www.itakaescolapios.org\\\/en\\\/2014\\\/03\\\/resumen-itavere-16-de-marzo\\\/#primaryimage\",\"url\":\"https:\\\/\\\/www.itakaescolapios.org\\\/wp-content\\\/uploads\\\/2014\\\/02\\\/image.jpg\",\"contentUrl\":\"https:\\\/\\\/www.itakaescolapios.org\\\/wp-content\\\/uploads\\\/2014\\\/02\\\/image.jpg\",\"width\":1022,\"height\":760,\"caption\":\"It\u00e1vere\"},{\"@type\":\"BreadcrumbList\",\"@id\":\"https:\\\/\\\/www.itakaescolapios.org\\\/en\\\/2014\\\/03\\\/resumen-itavere-16-de-marzo\\\/#breadcrumb\",\"itemListElement\":[{\"@type\":\"ListItem\",\"position\":1,\"name\":\"Proof\",\"item\":\"https:\\\/\\\/www.itakaescolapios.org\\\/es\\\/\"},{\"@type\":\"ListItem\",\"position\":2,\"name\":\"Res\u00famen It\u00e1vere 16 de marzo\"}]},{\"@type\":\"WebSite\",\"@id\":\"https:\\\/\\\/www.itakaescolapios.org\\\/en\\\/es\\\/#website\",\"url\":\"https:\\\/\\\/www.itakaescolapios.org\\\/en\\\/es\\\/\",\"name\":\"Itaka-Escolapios\",\"description\":\"Red de Itaka-Escolapios\",\"publisher\":{\"@id\":\"https:\\\/\\\/www.itakaescolapios.org\\\/en\\\/es\\\/#organization\"},\"potentialAction\":[{\"@type\":\"SearchAction\",\"target\":{\"@type\":\"EntryPoint\",\"urlTemplate\":\"https:\\\/\\\/www.itakaescolapios.org\\\/en\\\/es\\\/?s={search_term_string}\"},\"query-input\":{\"@type\":\"PropertyValueSpecification\",\"valueRequired\":true,\"valueName\":\"search_term_string\"}}],\"inLanguage\":\"en-US\"},{\"@type\":\"Organization\",\"@id\":\"https:\\\/\\\/www.itakaescolapios.org\\\/en\\\/es\\\/#organization\",\"name\":\"Fundaci\u00f3 Itaka-Escolapios\",\"url\":\"https:\\\/\\\/www.itakaescolapios.org\\\/en\\\/es\\\/\",\"logo\":{\"@type\":\"ImageObject\",\"inLanguage\":\"en-US\",\"@id\":\"https:\\\/\\\/www.itakaescolapios.org\\\/en\\\/es\\\/#\\\/schema\\\/logo\\\/image\\\/\",\"url\":\"https:\\\/\\\/www.itakaescolapios.org\\\/wp-content\\\/uploads\\\/2024\\\/04\\\/Logo-itakaescolapios-peque.png\",\"contentUrl\":\"https:\\\/\\\/www.itakaescolapios.org\\\/wp-content\\\/uploads\\\/2024\\\/04\\\/Logo-itakaescolapios-peque.png\",\"width\":500,\"height\":199,\"caption\":\"Fundaci\u00f3 Itaka-Escolapios\"},\"image\":{\"@id\":\"https:\\\/\\\/www.itakaescolapios.org\\\/en\\\/es\\\/#\\\/schema\\\/logo\\\/image\\\/\"}},{\"@type\":\"Person\",\"@id\":\"https:\\\/\\\/www.itakaescolapios.org\\\/es\\\/#\\\/schema\\\/person\\\/d6727e20f4750225e480c33522d69028\",\"name\":\"zaragoza01\",\"url\":\"https:\\\/\\\/www.itakaescolapios.org\\\/en\\\/author\\\/zaragoza01\\\/\"}]}<\/script>\n<!-- \/ Yoast SEO plugin. -->","yoast_head_json":{"title":"Res\u00famen It\u00e1vere 16 de marzo","description":"Hace unos meses, como ya os contamos, en It\u00e1vere decidimos abrir las puertas a los ni\u00f1os del barrio de San Pablo. Para nosotros, el 16 de Marzo ser\u00e1 un d\u00eda dif\u00edcil de olvidar, ya que por primera vez todos los itaverianos pudimos pasar la ma\u00f1ana del domingo con ni\u00f1os que acudieron a esta llamada. Al&hellip;","robots":{"index":"index","follow":"follow","max-snippet":"max-snippet:-1","max-image-preview":"max-image-preview:large","max-video-preview":"max-video-preview:-1"},"canonical":"Hace unos meses, como ya os contamos, en It\u00e1vere decidimos abrir las puertas a los ni\u00f1os del barrio de San Pablo. Para nosotros, el 16 de Marzo ser\u00e1 un d\u00eda dif\u00edcil de olvidar, ya que por primera vez todos los itaverianos pudimos pasar la ma\u00f1ana del domingo con ni\u00f1os que acudieron a esta llamada. Al&hellip;","og_locale":"en_US","og_type":"article","og_title":"Res\u00famen It\u00e1vere 16 de marzo","og_description":"Hace unos meses, como ya os contamos, en It\u00e1vere decidimos abrir las puertas a los ni\u00f1os del barrio de San Pablo. Para nosotros, el 16 de Marzo ser\u00e1 un d\u00eda dif\u00edcil de olvidar, ya que por primera vez todos los itaverianos pudimos pasar la ma\u00f1ana del domingo con ni\u00f1os que acudieron a esta llamada. Al&hellip;","og_url":"https:\/\/www.itakaescolapios.org\/en\/2014\/03\/resumen-itavere-16-de-marzo\/","og_site_name":"Proofs in Itaka-Escolapios","article_published_time":"2014-03-21T12:05:13+00:00","article_modified_time":"2023-11-28T11:39:04+00:00","og_image":[{"width":1022,"height":760,"url":"https:\/\/www.itakaescolapios.org\/wp-content\/uploads\/2014\/02\/image.jpg","type":"image\/jpeg"}],"author":"zaragoza01","twitter_card":"summary_large_image","twitter_misc":{"Written by":"zaragoza01","Est. reading time":"1 minute"},"schema":{"@context":"https:\/\/schema.org","@graph":[{"@type":"Article","@id":"https:\/\/www.itakaescolapios.org\/en\/2014\/03\/resumen-itavere-16-de-marzo\/#article","isPartOf":{"@id":"https:\/\/www.itakaescolapios.org\/en\/2014\/03\/resumen-itavere-16-de-marzo\/"},"author":{"name":"zaragoza01","@id":"https:\/\/www.itakaescolapios.org\/es\/#\/schema\/person\/d6727e20f4750225e480c33522d69028"},"headline":"Res\u00famen It\u00e1vere 16 de marzo","datePublished":"2014-03-21T12:05:13+00:00","dateModified":"2023-11-28T11:39:04+00:00","mainEntityOfPage":{"@id":"https:\/\/www.itakaescolapios.org\/en\/2014\/03\/resumen-itavere-16-de-marzo\/"},"wordCount":177,"publisher":{"@id":"https:\/\/www.itakaescolapios.org\/es\/#organization"},"image":{"@id":"https:\/\/www.itakaescolapios.org\/en\/2014\/03\/resumen-itavere-16-de-marzo\/#primaryimage"},"thumbnailUrl":"https:\/\/www.itakaescolapios.org\/wp-content\/uploads\/2014\/02\/image.jpg","keywords":["Itavere","Presencia","San Pablo","Social"],"articleSection":["Zaragoza"],"inLanguage":"en-US"},{"@type":"WebPage","@id":"https:\/\/www.itakaescolapios.org\/en\/2014\/03\/resumen-itavere-16-de-marzo\/","url":"https:\/\/www.itakaescolapios.org\/en\/2014\/03\/resumen-itavere-16-de-marzo\/","name":"Res\u00famen It\u00e1vere 16 de marzo - Proofs in Itaka-Escolapios","isPartOf":{"@id":"https:\/\/www.itakaescolapios.org\/es\/#website"},"primaryImageOfPage":{"@id":"https:\/\/www.itakaescolapios.org\/en\/2014\/03\/resumen-itavere-16-de-marzo\/#primaryimage"},"image":{"@id":"https:\/\/www.itakaescolapios.org\/en\/2014\/03\/resumen-itavere-16-de-marzo\/#primaryimage"},"thumbnailUrl":"https:\/\/www.itakaescolapios.org\/wp-content\/uploads\/2014\/02\/image.jpg","datePublished":"2014-03-21T12:05:13+00:00","dateModified":"2023-11-28T11:39:04+00:00","breadcrumb":{"@id":"https:\/\/www.itakaescolapios.org\/en\/2014\/03\/resumen-itavere-16-de-marzo\/#breadcrumb"},"inLanguage":"en-US","potentialAction":[{"@type":"ReadAction","target":["https:\/\/www.itakaescolapios.org\/en\/2014\/03\/resumen-itavere-16-de-marzo\/"]}]},{"@type":"ImageObject","inLanguage":"en-US","@id":"https:\/\/www.itakaescolapios.org\/en\/2014\/03\/resumen-itavere-16-de-marzo\/#primaryimage","url":"https:\/\/www.itakaescolapios.org\/wp-content\/uploads\/2014\/02\/image.jpg","contentUrl":"https:\/\/www.itakaescolapios.org\/wp-content\/uploads\/2014\/02\/image.jpg","width":1022,"height":760,"caption":"It\u00e1vere"},{"@type":"BreadcrumbList","@id":"https:\/\/www.itakaescolapios.org\/en\/2014\/03\/resumen-itavere-16-de-marzo\/#breadcrumb","itemListElement":[{"@type":"ListItem","position":1,"name":"Proof","item":"https:\/\/www.itakaescolapios.org\/es\/"},{"@type":"ListItem","position":2,"name":"Res\u00famen It\u00e1vere 16 de marzo"}]},{"@type":"WebSite","@id":"https:\/\/www.itakaescolapios.org\/en\/es\/#website","url":"https:\/\/www.itakaescolapios.org\/en\/es\/","name":"Itaka-Escolapios","description":"Red de Itaka-Escolapios","publisher":{"@id":"https:\/\/www.itakaescolapios.org\/en\/es\/#organization"},"potentialAction":[{"@type":"SearchAction","target":{"@type":"EntryPoint","urlTemplate":"https:\/\/www.itakaescolapios.org\/en\/es\/?s={search_term_string}"},"query-input":{"@type":"PropertyValueSpecification","valueRequired":true,"valueName":"search_term_string"}}],"inLanguage":"en-US"},{"@type":"Organization","@id":"https:\/\/www.itakaescolapios.org\/en\/es\/#organization","name":"Fundaci\u00f3 Itaka-Escolapios","url":"https:\/\/www.itakaescolapios.org\/en\/es\/","logo":{"@type":"ImageObject","inLanguage":"en-US","@id":"https:\/\/www.itakaescolapios.org\/en\/es\/#\/schema\/logo\/image\/","url":"https:\/\/www.itakaescolapios.org\/wp-content\/uploads\/2024\/04\/Logo-itakaescolapios-peque.png","contentUrl":"https:\/\/www.itakaescolapios.org\/wp-content\/uploads\/2024\/04\/Logo-itakaescolapios-peque.png","width":500,"height":199,"caption":"Fundaci\u00f3 Itaka-Escolapios"},"image":{"@id":"https:\/\/www.itakaescolapios.org\/en\/es\/#\/schema\/logo\/image\/"}},{"@type":"Person","@id":"https:\/\/www.itakaescolapios.org\/es\/#\/schema\/person\/d6727e20f4750225e480c33522d69028","name":"zaragoza01","url":"https:\/\/www.itakaescolapios.org\/en\/author\/zaragoza01\/"}]}},"_links":{"self":[{"href":"https:\/\/www.itakaescolapios.org\/en\/wp-json\/wp\/v2\/posts\/9095","targetHints":{"allow":["GET"]}}],"collection":[{"href":"https:\/\/www.itakaescolapios.org\/en\/wp-json\/wp\/v2\/posts"}],"about":[{"href":"https:\/\/www.itakaescolapios.org\/en\/wp-json\/wp\/v2\/types\/post"}],"author":[{"embeddable":true,"href":"https:\/\/www.itakaescolapios.org\/en\/wp-json\/wp\/v2\/users\/43"}],"replies":[{"embeddable":true,"href":"https:\/\/www.itakaescolapios.org\/en\/wp-json\/wp\/v2\/comments?post=9095"}],"version-history":[{"count":3,"href":"https:\/\/www.itakaescolapios.org\/en\/wp-json\/wp\/v2\/posts\/9095\/revisions"}],"predecessor-version":[{"id":49099,"href":"https:\/\/www.itakaescolapios.org\/en\/wp-json\/wp\/v2\/posts\/9095\/revisions\/49099"}],"wp:featuredmedia":[{"embeddable":true,"href":"https:\/\/www.itakaescolapios.org\/en\/wp-json\/wp\/v2\/media\/8823"}],"wp:attachment":[{"href":"https:\/\/www.itakaescolapios.org\/en\/wp-json\/wp\/v2\/media?parent=9095"}],"wp:term":[{"taxonomy":"category","embeddable":true,"href":"https:\/\/www.itakaescolapios.org\/en\/wp-json\/wp\/v2\/categories?post=9095"},{"taxonomy":"post_tag","embeddable":true,"href":"https:\/\/www.itakaescolapios.org\/en\/wp-json\/wp\/v2\/tags?post=9095"}],"curies":[{"name":"wp","href":"https:\/\/api.w.org\/{rel}","templated":true}]}}