{"id":9677,"date":"2014-08-04T14:13:49","date_gmt":"2014-08-04T13:13:49","guid":{"rendered":"https:\/\/www.itakaescolapios.org\/?p=9677"},"modified":"2023-11-28T12:38:59","modified_gmt":"2023-11-28T11:38:59","slug":"celebracion-de-confirmaciones-en-cocapata","status":"publish","type":"post","link":"https:\/\/www.itakaescolapios.org\/en\/2014\/08\/celebracion-de-confirmaciones-en-cocapata\/","title":{"rendered":"CELEBRACI\u00d3N DE CONFIRMACIONES EN COCAPATA"},"content":{"rendered":"<p>El d\u00eda de ayer, Domingo 3 de agosto, en la parroquia virgen del Rosario de la Poblaci\u00f3n de Cocapata, se han confirmado mas de 40 j\u00f3venes. La celebraci\u00f3n estuvo a cargo del Mons. Robert Flock, acompa\u00f1ado del P. Kazimierz Chowaniec Sch.P.<\/p>\n<p>Muchos de los j\u00f3venes son del internado de Cocapata y por su puesto del Colegio y que se preparaci\u00f3n para este sacramento por el periodo de dos a\u00f1os.<\/p>\n","protected":false},"excerpt":{"rendered":"<p>El d\u00eda de ayer, Domingo 3 de agosto, en la parroquia virgen del Rosario de la Poblaci\u00f3n de Cocapata, se han confirmado mas de 40 j\u00f3venes. La celebraci\u00f3n estuvo a [&hellip;]<\/p>\n","protected":false},"author":7,"featured_media":9678,"comment_status":"closed","ping_status":"closed","sticky":false,"template":"","format":"standard","meta":{"_et_pb_use_builder":"","_et_pb_old_content":"","_et_gb_content_width":"","footnotes":""},"categories":[15],"tags":[],"class_list":["post-9677","post","type-post","status-publish","format-standard","has-post-thumbnail","hentry","category-bolivia"],"yoast_head":"<!-- This site is optimized with the Yoast SEO plugin v27.4 - https:\/\/yoast.com\/product\/yoast-seo-wordpress\/ -->\n<title>CELEBRACI\u00d3N DE CONFIRMACIONES EN COCAPATA<\/title>\n<meta name=\"description\" content=\"El d\u00eda de ayer, Domingo 3 de agosto, en la parroquia virgen del Rosario de la Poblaci\u00f3n de Cocapata, se han confirmado mas de 40 j\u00f3venes. La celebraci\u00f3n estuvo a cargo del Mons. Robert Flock, acompa\u00f1ado del P. Kazimierz Chowaniec Sch.P. Muchos de los j\u00f3venes son del internado de Cocapata y por su puesto del&hellip;\" \/>\n<meta name=\"robots\" content=\"index, follow, max-snippet:-1, max-image-preview:large, max-video-preview:-1\" \/>\n<link rel=\"canonical\" href=\"http:\/\/El%20d\u00eda%20de%20ayer,%20Domingo%203%20de%20agosto,%20en%20la%20parroquia%20virgen%20del%20Rosario%20de%20la%20Poblaci\u00f3n%20de%20Cocapata,%20se%20han%20confirmado%20mas%20de%2040%20j\u00f3venes.%20La%20celebraci\u00f3n%20estuvo%20a%20cargo%20del%20Mons.%20Robert%20Flock,%20acompa\u00f1ado%20del%20P.%20Kazimierz%20Chowaniec%20Sch.P.%20Muchos%20de%20los%20j\u00f3venes%20son%20del%20internado%20de%20Cocapata%20y%20por%20su%20puesto%20del&hellip;\" \/>\n<meta property=\"og:locale\" content=\"en_US\" \/>\n<meta property=\"og:type\" content=\"article\" \/>\n<meta property=\"og:title\" content=\"CELEBRACI\u00d3N DE CONFIRMACIONES EN COCAPATA\" \/>\n<meta property=\"og:description\" content=\"El d\u00eda de ayer, Domingo 3 de agosto, en la parroquia virgen del Rosario de la Poblaci\u00f3n de Cocapata, se han confirmado mas de 40 j\u00f3venes. La celebraci\u00f3n estuvo a cargo del Mons. Robert Flock, acompa\u00f1ado del P. Kazimierz Chowaniec Sch.P. Muchos de los j\u00f3venes son del internado de Cocapata y por su puesto del&hellip;\" \/>\n<meta property=\"og:url\" content=\"https:\/\/www.itakaescolapios.org\/en\/2014\/08\/celebracion-de-confirmaciones-en-cocapata\/\" \/>\n<meta property=\"og:site_name\" content=\"Proofs in Itaka-Escolapios\" \/>\n<meta property=\"article:published_time\" content=\"2014-08-04T13:13:49+00:00\" \/>\n<meta property=\"article:modified_time\" content=\"2023-11-28T11:38:59+00:00\" \/>\n<meta property=\"og:image\" content=\"https:\/\/www.itakaescolapios.org\/wp-content\/uploads\/2014\/08\/DSC_0085.jpg\" \/>\n\t<meta property=\"og:image:width\" content=\"2000\" \/>\n\t<meta property=\"og:image:height\" content=\"1124\" \/>\n\t<meta property=\"og:image:type\" content=\"image\/jpeg\" \/>\n<meta name=\"author\" content=\"bolivia01\" \/>\n<meta name=\"twitter:card\" content=\"summary_large_image\" \/>\n<meta name=\"twitter:label1\" content=\"Written by\" \/>\n\t<meta name=\"twitter:data1\" content=\"bolivia01\" \/>\n<script type=\"application\/ld+json\" class=\"yoast-schema-graph\">{\"@context\":\"https:\\\/\\\/schema.org\",\"@graph\":[{\"@type\":\"Article\",\"@id\":\"https:\\\/\\\/www.itakaescolapios.org\\\/en\\\/2014\\\/08\\\/celebracion-de-confirmaciones-en-cocapata\\\/#article\",\"isPartOf\":{\"@id\":\"https:\\\/\\\/www.itakaescolapios.org\\\/en\\\/2014\\\/08\\\/celebracion-de-confirmaciones-en-cocapata\\\/\"},\"author\":{\"name\":\"bolivia01\",\"@id\":\"https:\\\/\\\/www.itakaescolapios.org\\\/es\\\/#\\\/schema\\\/person\\\/141b7734ef7c6eadcc0fefeb0614c94a\"},\"headline\":\"CELEBRACI\u00d3N DE CONFIRMACIONES EN COCAPATA\",\"datePublished\":\"2014-08-04T13:13:49+00:00\",\"dateModified\":\"2023-11-28T11:38:59+00:00\",\"mainEntityOfPage\":{\"@id\":\"https:\\\/\\\/www.itakaescolapios.org\\\/en\\\/2014\\\/08\\\/celebracion-de-confirmaciones-en-cocapata\\\/\"},\"wordCount\":82,\"publisher\":{\"@id\":\"https:\\\/\\\/www.itakaescolapios.org\\\/es\\\/#organization\"},\"image\":{\"@id\":\"https:\\\/\\\/www.itakaescolapios.org\\\/en\\\/2014\\\/08\\\/celebracion-de-confirmaciones-en-cocapata\\\/#primaryimage\"},\"thumbnailUrl\":\"https:\\\/\\\/www.itakaescolapios.org\\\/wp-content\\\/uploads\\\/2014\\\/08\\\/DSC_0085.jpg\",\"articleSection\":[\"Bolivia\"],\"inLanguage\":\"en-US\"},{\"@type\":\"WebPage\",\"@id\":\"https:\\\/\\\/www.itakaescolapios.org\\\/en\\\/2014\\\/08\\\/celebracion-de-confirmaciones-en-cocapata\\\/\",\"url\":\"https:\\\/\\\/www.itakaescolapios.org\\\/en\\\/2014\\\/08\\\/celebracion-de-confirmaciones-en-cocapata\\\/\",\"name\":\"CELEBRACI\u00d3N DE CONFIRMACIONES EN COCAPATA - Proofs in Itaka-Escolapios\",\"isPartOf\":{\"@id\":\"https:\\\/\\\/www.itakaescolapios.org\\\/es\\\/#website\"},\"primaryImageOfPage\":{\"@id\":\"https:\\\/\\\/www.itakaescolapios.org\\\/en\\\/2014\\\/08\\\/celebracion-de-confirmaciones-en-cocapata\\\/#primaryimage\"},\"image\":{\"@id\":\"https:\\\/\\\/www.itakaescolapios.org\\\/en\\\/2014\\\/08\\\/celebracion-de-confirmaciones-en-cocapata\\\/#primaryimage\"},\"thumbnailUrl\":\"https:\\\/\\\/www.itakaescolapios.org\\\/wp-content\\\/uploads\\\/2014\\\/08\\\/DSC_0085.jpg\",\"datePublished\":\"2014-08-04T13:13:49+00:00\",\"dateModified\":\"2023-11-28T11:38:59+00:00\",\"breadcrumb\":{\"@id\":\"https:\\\/\\\/www.itakaescolapios.org\\\/en\\\/2014\\\/08\\\/celebracion-de-confirmaciones-en-cocapata\\\/#breadcrumb\"},\"inLanguage\":\"en-US\",\"potentialAction\":[{\"@type\":\"ReadAction\",\"target\":[\"https:\\\/\\\/www.itakaescolapios.org\\\/en\\\/2014\\\/08\\\/celebracion-de-confirmaciones-en-cocapata\\\/\"]}]},{\"@type\":\"ImageObject\",\"inLanguage\":\"en-US\",\"@id\":\"https:\\\/\\\/www.itakaescolapios.org\\\/en\\\/2014\\\/08\\\/celebracion-de-confirmaciones-en-cocapata\\\/#primaryimage\",\"url\":\"https:\\\/\\\/www.itakaescolapios.org\\\/wp-content\\\/uploads\\\/2014\\\/08\\\/DSC_0085.jpg\",\"contentUrl\":\"https:\\\/\\\/www.itakaescolapios.org\\\/wp-content\\\/uploads\\\/2014\\\/08\\\/DSC_0085.jpg\",\"width\":2000,\"height\":1124,\"caption\":\"Mons. Robert Flock en la celebraci\u00f3n de la Confirmaci\u00f3n.\"},{\"@type\":\"BreadcrumbList\",\"@id\":\"https:\\\/\\\/www.itakaescolapios.org\\\/en\\\/2014\\\/08\\\/celebracion-de-confirmaciones-en-cocapata\\\/#breadcrumb\",\"itemListElement\":[{\"@type\":\"ListItem\",\"position\":1,\"name\":\"Proof\",\"item\":\"https:\\\/\\\/www.itakaescolapios.org\\\/es\\\/\"},{\"@type\":\"ListItem\",\"position\":2,\"name\":\"CELEBRACI\u00d3N DE CONFIRMACIONES EN COCAPATA\"}]},{\"@type\":\"WebSite\",\"@id\":\"https:\\\/\\\/www.itakaescolapios.org\\\/en\\\/es\\\/#website\",\"url\":\"https:\\\/\\\/www.itakaescolapios.org\\\/en\\\/es\\\/\",\"name\":\"Itaka-Escolapios\",\"description\":\"Red de Itaka-Escolapios\",\"publisher\":{\"@id\":\"https:\\\/\\\/www.itakaescolapios.org\\\/en\\\/es\\\/#organization\"},\"potentialAction\":[{\"@type\":\"SearchAction\",\"target\":{\"@type\":\"EntryPoint\",\"urlTemplate\":\"https:\\\/\\\/www.itakaescolapios.org\\\/en\\\/es\\\/?s={search_term_string}\"},\"query-input\":{\"@type\":\"PropertyValueSpecification\",\"valueRequired\":true,\"valueName\":\"search_term_string\"}}],\"inLanguage\":\"en-US\"},{\"@type\":\"Organization\",\"@id\":\"https:\\\/\\\/www.itakaescolapios.org\\\/en\\\/es\\\/#organization\",\"name\":\"Fundaci\u00f3 Itaka-Escolapios\",\"url\":\"https:\\\/\\\/www.itakaescolapios.org\\\/en\\\/es\\\/\",\"logo\":{\"@type\":\"ImageObject\",\"inLanguage\":\"en-US\",\"@id\":\"https:\\\/\\\/www.itakaescolapios.org\\\/en\\\/es\\\/#\\\/schema\\\/logo\\\/image\\\/\",\"url\":\"https:\\\/\\\/www.itakaescolapios.org\\\/wp-content\\\/uploads\\\/2024\\\/04\\\/Logo-itakaescolapios-peque.png\",\"contentUrl\":\"https:\\\/\\\/www.itakaescolapios.org\\\/wp-content\\\/uploads\\\/2024\\\/04\\\/Logo-itakaescolapios-peque.png\",\"width\":500,\"height\":199,\"caption\":\"Fundaci\u00f3 Itaka-Escolapios\"},\"image\":{\"@id\":\"https:\\\/\\\/www.itakaescolapios.org\\\/en\\\/es\\\/#\\\/schema\\\/logo\\\/image\\\/\"}},{\"@type\":\"Person\",\"@id\":\"https:\\\/\\\/www.itakaescolapios.org\\\/es\\\/#\\\/schema\\\/person\\\/141b7734ef7c6eadcc0fefeb0614c94a\",\"name\":\"bolivia01\",\"url\":\"https:\\\/\\\/www.itakaescolapios.org\\\/en\\\/author\\\/bolivia01\\\/\"}]}<\/script>\n<!-- \/ Yoast SEO plugin. -->","yoast_head_json":{"title":"CELEBRACI\u00d3N DE CONFIRMACIONES EN COCAPATA","description":"El d\u00eda de ayer, Domingo 3 de agosto, en la parroquia virgen del Rosario de la Poblaci\u00f3n de Cocapata, se han confirmado mas de 40 j\u00f3venes. La celebraci\u00f3n estuvo a cargo del Mons. Robert Flock, acompa\u00f1ado del P. Kazimierz Chowaniec Sch.P. Muchos de los j\u00f3venes son del internado de Cocapata y por su puesto del&hellip;","robots":{"index":"index","follow":"follow","max-snippet":"max-snippet:-1","max-image-preview":"max-image-preview:large","max-video-preview":"max-video-preview:-1"},"canonical":"El d\u00eda de ayer, Domingo 3 de agosto, en la parroquia virgen del Rosario de la Poblaci\u00f3n de Cocapata, se han confirmado mas de 40 j\u00f3venes. La celebraci\u00f3n estuvo a cargo del Mons. Robert Flock, acompa\u00f1ado del P. Kazimierz Chowaniec Sch.P. Muchos de los j\u00f3venes son del internado de Cocapata y por su puesto del&hellip;","og_locale":"en_US","og_type":"article","og_title":"CELEBRACI\u00d3N DE CONFIRMACIONES EN COCAPATA","og_description":"El d\u00eda de ayer, Domingo 3 de agosto, en la parroquia virgen del Rosario de la Poblaci\u00f3n de Cocapata, se han confirmado mas de 40 j\u00f3venes. La celebraci\u00f3n estuvo a cargo del Mons. Robert Flock, acompa\u00f1ado del P. Kazimierz Chowaniec Sch.P. Muchos de los j\u00f3venes son del internado de Cocapata y por su puesto del&hellip;","og_url":"https:\/\/www.itakaescolapios.org\/en\/2014\/08\/celebracion-de-confirmaciones-en-cocapata\/","og_site_name":"Proofs in Itaka-Escolapios","article_published_time":"2014-08-04T13:13:49+00:00","article_modified_time":"2023-11-28T11:38:59+00:00","og_image":[{"width":2000,"height":1124,"url":"https:\/\/www.itakaescolapios.org\/wp-content\/uploads\/2014\/08\/DSC_0085.jpg","type":"image\/jpeg"}],"author":"bolivia01","twitter_card":"summary_large_image","twitter_misc":{"Written by":"bolivia01"},"schema":{"@context":"https:\/\/schema.org","@graph":[{"@type":"Article","@id":"https:\/\/www.itakaescolapios.org\/en\/2014\/08\/celebracion-de-confirmaciones-en-cocapata\/#article","isPartOf":{"@id":"https:\/\/www.itakaescolapios.org\/en\/2014\/08\/celebracion-de-confirmaciones-en-cocapata\/"},"author":{"name":"bolivia01","@id":"https:\/\/www.itakaescolapios.org\/es\/#\/schema\/person\/141b7734ef7c6eadcc0fefeb0614c94a"},"headline":"CELEBRACI\u00d3N DE CONFIRMACIONES EN COCAPATA","datePublished":"2014-08-04T13:13:49+00:00","dateModified":"2023-11-28T11:38:59+00:00","mainEntityOfPage":{"@id":"https:\/\/www.itakaescolapios.org\/en\/2014\/08\/celebracion-de-confirmaciones-en-cocapata\/"},"wordCount":82,"publisher":{"@id":"https:\/\/www.itakaescolapios.org\/es\/#organization"},"image":{"@id":"https:\/\/www.itakaescolapios.org\/en\/2014\/08\/celebracion-de-confirmaciones-en-cocapata\/#primaryimage"},"thumbnailUrl":"https:\/\/www.itakaescolapios.org\/wp-content\/uploads\/2014\/08\/DSC_0085.jpg","articleSection":["Bolivia"],"inLanguage":"en-US"},{"@type":"WebPage","@id":"https:\/\/www.itakaescolapios.org\/en\/2014\/08\/celebracion-de-confirmaciones-en-cocapata\/","url":"https:\/\/www.itakaescolapios.org\/en\/2014\/08\/celebracion-de-confirmaciones-en-cocapata\/","name":"CELEBRACI\u00d3N DE CONFIRMACIONES EN COCAPATA - Proofs in Itaka-Escolapios","isPartOf":{"@id":"https:\/\/www.itakaescolapios.org\/es\/#website"},"primaryImageOfPage":{"@id":"https:\/\/www.itakaescolapios.org\/en\/2014\/08\/celebracion-de-confirmaciones-en-cocapata\/#primaryimage"},"image":{"@id":"https:\/\/www.itakaescolapios.org\/en\/2014\/08\/celebracion-de-confirmaciones-en-cocapata\/#primaryimage"},"thumbnailUrl":"https:\/\/www.itakaescolapios.org\/wp-content\/uploads\/2014\/08\/DSC_0085.jpg","datePublished":"2014-08-04T13:13:49+00:00","dateModified":"2023-11-28T11:38:59+00:00","breadcrumb":{"@id":"https:\/\/www.itakaescolapios.org\/en\/2014\/08\/celebracion-de-confirmaciones-en-cocapata\/#breadcrumb"},"inLanguage":"en-US","potentialAction":[{"@type":"ReadAction","target":["https:\/\/www.itakaescolapios.org\/en\/2014\/08\/celebracion-de-confirmaciones-en-cocapata\/"]}]},{"@type":"ImageObject","inLanguage":"en-US","@id":"https:\/\/www.itakaescolapios.org\/en\/2014\/08\/celebracion-de-confirmaciones-en-cocapata\/#primaryimage","url":"https:\/\/www.itakaescolapios.org\/wp-content\/uploads\/2014\/08\/DSC_0085.jpg","contentUrl":"https:\/\/www.itakaescolapios.org\/wp-content\/uploads\/2014\/08\/DSC_0085.jpg","width":2000,"height":1124,"caption":"Mons. Robert Flock en la celebraci\u00f3n de la Confirmaci\u00f3n."},{"@type":"BreadcrumbList","@id":"https:\/\/www.itakaescolapios.org\/en\/2014\/08\/celebracion-de-confirmaciones-en-cocapata\/#breadcrumb","itemListElement":[{"@type":"ListItem","position":1,"name":"Proof","item":"https:\/\/www.itakaescolapios.org\/es\/"},{"@type":"ListItem","position":2,"name":"CELEBRACI\u00d3N DE CONFIRMACIONES EN COCAPATA"}]},{"@type":"WebSite","@id":"https:\/\/www.itakaescolapios.org\/en\/es\/#website","url":"https:\/\/www.itakaescolapios.org\/en\/es\/","name":"Itaka-Escolapios","description":"Red de Itaka-Escolapios","publisher":{"@id":"https:\/\/www.itakaescolapios.org\/en\/es\/#organization"},"potentialAction":[{"@type":"SearchAction","target":{"@type":"EntryPoint","urlTemplate":"https:\/\/www.itakaescolapios.org\/en\/es\/?s={search_term_string}"},"query-input":{"@type":"PropertyValueSpecification","valueRequired":true,"valueName":"search_term_string"}}],"inLanguage":"en-US"},{"@type":"Organization","@id":"https:\/\/www.itakaescolapios.org\/en\/es\/#organization","name":"Fundaci\u00f3 Itaka-Escolapios","url":"https:\/\/www.itakaescolapios.org\/en\/es\/","logo":{"@type":"ImageObject","inLanguage":"en-US","@id":"https:\/\/www.itakaescolapios.org\/en\/es\/#\/schema\/logo\/image\/","url":"https:\/\/www.itakaescolapios.org\/wp-content\/uploads\/2024\/04\/Logo-itakaescolapios-peque.png","contentUrl":"https:\/\/www.itakaescolapios.org\/wp-content\/uploads\/2024\/04\/Logo-itakaescolapios-peque.png","width":500,"height":199,"caption":"Fundaci\u00f3 Itaka-Escolapios"},"image":{"@id":"https:\/\/www.itakaescolapios.org\/en\/es\/#\/schema\/logo\/image\/"}},{"@type":"Person","@id":"https:\/\/www.itakaescolapios.org\/es\/#\/schema\/person\/141b7734ef7c6eadcc0fefeb0614c94a","name":"bolivia01","url":"https:\/\/www.itakaescolapios.org\/en\/author\/bolivia01\/"}]}},"_links":{"self":[{"href":"https:\/\/www.itakaescolapios.org\/en\/wp-json\/wp\/v2\/posts\/9677","targetHints":{"allow":["GET"]}}],"collection":[{"href":"https:\/\/www.itakaescolapios.org\/en\/wp-json\/wp\/v2\/posts"}],"about":[{"href":"https:\/\/www.itakaescolapios.org\/en\/wp-json\/wp\/v2\/types\/post"}],"author":[{"embeddable":true,"href":"https:\/\/www.itakaescolapios.org\/en\/wp-json\/wp\/v2\/users\/7"}],"replies":[{"embeddable":true,"href":"https:\/\/www.itakaescolapios.org\/en\/wp-json\/wp\/v2\/comments?post=9677"}],"version-history":[{"count":3,"href":"https:\/\/www.itakaescolapios.org\/en\/wp-json\/wp\/v2\/posts\/9677\/revisions"}],"predecessor-version":[{"id":49032,"href":"https:\/\/www.itakaescolapios.org\/en\/wp-json\/wp\/v2\/posts\/9677\/revisions\/49032"}],"wp:featuredmedia":[{"embeddable":true,"href":"https:\/\/www.itakaescolapios.org\/en\/wp-json\/wp\/v2\/media\/9678"}],"wp:attachment":[{"href":"https:\/\/www.itakaescolapios.org\/en\/wp-json\/wp\/v2\/media?parent=9677"}],"wp:term":[{"taxonomy":"category","embeddable":true,"href":"https:\/\/www.itakaescolapios.org\/en\/wp-json\/wp\/v2\/categories?post=9677"},{"taxonomy":"post_tag","embeddable":true,"href":"https:\/\/www.itakaescolapios.org\/en\/wp-json\/wp\/v2\/tags?post=9677"}],"curies":[{"name":"wp","href":"https:\/\/api.w.org\/{rel}","templated":true}]}}