{"id":11396,"date":"2014-12-21T23:24:59","date_gmt":"2014-12-21T22:24:59","guid":{"rendered":"https:\/\/www.itakaescolapios.org\/?p=11396"},"modified":"2023-11-28T12:38:51","modified_gmt":"2023-11-28T11:38:51","slug":"itavere-nominado-a-los-13o-premios-ebropolis-buenas-practicas-ciudadanas-y-su-presencia-en-eeuu","status":"publish","type":"post","link":"https:\/\/www.itakaescolapios.org\/es\/2014\/12\/itavere-nominado-a-los-13o-premios-ebropolis-buenas-practicas-ciudadanas-y-su-presencia-en-eeuu\/","title":{"rendered":"IT\u00c1VERE nominado a los 13\u00ba Premios Ebropolis &#8216;buenas pr\u00e1cticas ciudadanas&#8217; y su presencia en EEUU"},"content":{"rendered":"<p>La Fundaci\u00f3n Itaka Escolapios hemos sido nominados en los 13\u00ba premios Ebropolis \u00a0a las buenas pr\u00e1cticas ciudadanas con el proyecto social It\u00e1vere. Con tan solo un a\u00f1o de vida estamos muy satisfechos por todos los resultados obtenidos y por el diploma que nos han otorgado. Por ello, queremos dar las gracias a los verdaderos protagonistas del proyecto, todos los chicos\/as itaverianos por hacerlo posible<\/p>\n<p>Para celebrarlo, este domingo 21 de Diciembre nos hemos vuelto a encontrar para despedir el a\u00f1o como lo hacen nuestros compa\u00f1eros Escolapios en EEUU. Baseball, decoraci\u00f3n de adornos navide\u00f1os y coreograf\u00edas de villancicos nos han hecho pasar una ma\u00f1ana especial.<\/p>\n<p>\u00a1FELIZ NAVIDAD y PR\u00d3SPERO A\u00d1O NUEVO!<\/p>\n","protected":false},"excerpt":{"rendered":"<p>La Fundaci\u00f3n Itaka Escolapios hemos sido nominados en los 13\u00ba premios Ebropolis \u00a0a las buenas pr\u00e1cticas ciudadanas con el proyecto social It\u00e1vere. Con tan solo un a\u00f1o de vida estamos [&hellip;]<\/p>\n","protected":false},"author":43,"featured_media":11395,"comment_status":"closed","ping_status":"closed","sticky":false,"template":"","format":"standard","meta":{"_et_pb_use_builder":"","_et_pb_old_content":"","_et_gb_content_width":"","footnotes":""},"categories":[25],"tags":[90,120,101,416],"class_list":["post-11396","post","type-post","status-publish","format-standard","has-post-thumbnail","hentry","category-zaragoza","tag-itavere","tag-presencia-zaragoza","tag-social","tag-zaragoza"],"yoast_head":"<!-- This site is optimized with the Yoast SEO plugin v27.4 - https:\/\/yoast.com\/product\/yoast-seo-wordpress\/ -->\n<title>IT\u00c1VERE nominado a los 13\u00ba Premios Ebropolis &#039;buenas pr\u00e1cticas ciudadanas&#039; y su presencia en EEUU - Itaka-Escolapios<\/title>\n<meta name=\"robots\" content=\"index, follow, max-snippet:-1, max-image-preview:large, max-video-preview:-1\" \/>\n<link rel=\"canonical\" href=\"https:\/\/www.itakaescolapios.org\/es\/2014\/12\/itavere-nominado-a-los-13o-premios-ebropolis-buenas-practicas-ciudadanas-y-su-presencia-en-eeuu\/\" \/>\n<meta property=\"og:locale\" content=\"es_ES\" \/>\n<meta property=\"og:type\" content=\"article\" \/>\n<meta property=\"og:title\" content=\"IT\u00c1VERE nominado a los 13\u00ba Premios Ebropolis &#039;buenas pr\u00e1cticas ciudadanas&#039; y su presencia en EEUU - Itaka-Escolapios\" \/>\n<meta property=\"og:description\" content=\"La Fundaci\u00f3n Itaka Escolapios hemos sido nominados en los 13\u00ba premios Ebropolis \u00a0a las buenas pr\u00e1cticas ciudadanas con el proyecto social It\u00e1vere. Con tan solo un a\u00f1o de vida estamos [&hellip;]\" \/>\n<meta property=\"og:url\" content=\"https:\/\/www.itakaescolapios.org\/es\/2014\/12\/itavere-nominado-a-los-13o-premios-ebropolis-buenas-practicas-ciudadanas-y-su-presencia-en-eeuu\/\" \/>\n<meta property=\"og:site_name\" content=\"Itaka-Escolapios\" \/>\n<meta property=\"article:published_time\" content=\"2014-12-21T22:24:59+00:00\" \/>\n<meta property=\"article:modified_time\" content=\"2023-11-28T11:38:51+00:00\" \/>\n<meta property=\"og:image\" content=\"https:\/\/www.itakaescolapios.org\/wp-content\/uploads\/2014\/12\/IMG_5008.jpg\" \/>\n\t<meta property=\"og:image:width\" content=\"1024\" \/>\n\t<meta property=\"og:image:height\" content=\"1024\" \/>\n\t<meta property=\"og:image:type\" content=\"image\/jpeg\" \/>\n<meta name=\"author\" content=\"zaragoza01\" \/>\n<meta name=\"twitter:card\" content=\"summary_large_image\" \/>\n<meta name=\"twitter:label1\" content=\"Escrito por\" \/>\n\t<meta name=\"twitter:data1\" content=\"zaragoza01\" \/>\n\t<meta name=\"twitter:label2\" content=\"Tiempo de lectura\" \/>\n\t<meta name=\"twitter:data2\" content=\"1 minuto\" \/>\n<script type=\"application\/ld+json\" class=\"yoast-schema-graph\">{\"@context\":\"https:\\\/\\\/schema.org\",\"@graph\":[{\"@type\":\"Article\",\"@id\":\"https:\\\/\\\/www.itakaescolapios.org\\\/es\\\/2014\\\/12\\\/itavere-nominado-a-los-13o-premios-ebropolis-buenas-practicas-ciudadanas-y-su-presencia-en-eeuu\\\/#article\",\"isPartOf\":{\"@id\":\"https:\\\/\\\/www.itakaescolapios.org\\\/es\\\/2014\\\/12\\\/itavere-nominado-a-los-13o-premios-ebropolis-buenas-practicas-ciudadanas-y-su-presencia-en-eeuu\\\/\"},\"author\":{\"name\":\"zaragoza01\",\"@id\":\"https:\\\/\\\/www.itakaescolapios.org\\\/es\\\/#\\\/schema\\\/person\\\/d6727e20f4750225e480c33522d69028\"},\"headline\":\"IT\u00c1VERE nominado a los 13\u00ba Premios Ebropolis &#8216;buenas pr\u00e1cticas ciudadanas&#8217; y su presencia en EEUU\",\"datePublished\":\"2014-12-21T22:24:59+00:00\",\"dateModified\":\"2023-11-28T11:38:51+00:00\",\"mainEntityOfPage\":{\"@id\":\"https:\\\/\\\/www.itakaescolapios.org\\\/es\\\/2014\\\/12\\\/itavere-nominado-a-los-13o-premios-ebropolis-buenas-practicas-ciudadanas-y-su-presencia-en-eeuu\\\/\"},\"wordCount\":137,\"publisher\":{\"@id\":\"https:\\\/\\\/www.itakaescolapios.org\\\/es\\\/#organization\"},\"image\":{\"@id\":\"https:\\\/\\\/www.itakaescolapios.org\\\/es\\\/2014\\\/12\\\/itavere-nominado-a-los-13o-premios-ebropolis-buenas-practicas-ciudadanas-y-su-presencia-en-eeuu\\\/#primaryimage\"},\"thumbnailUrl\":\"https:\\\/\\\/www.itakaescolapios.org\\\/wp-content\\\/uploads\\\/2014\\\/12\\\/IMG_5008.jpg\",\"keywords\":[\"Itavere\",\"presencia zaragoza\",\"Social\",\"Zaragoza\"],\"articleSection\":[\"Zaragoza\"],\"inLanguage\":\"es\"},{\"@type\":\"WebPage\",\"@id\":\"https:\\\/\\\/www.itakaescolapios.org\\\/es\\\/2014\\\/12\\\/itavere-nominado-a-los-13o-premios-ebropolis-buenas-practicas-ciudadanas-y-su-presencia-en-eeuu\\\/\",\"url\":\"https:\\\/\\\/www.itakaescolapios.org\\\/es\\\/2014\\\/12\\\/itavere-nominado-a-los-13o-premios-ebropolis-buenas-practicas-ciudadanas-y-su-presencia-en-eeuu\\\/\",\"name\":\"IT\u00c1VERE nominado a los 13\u00ba Premios Ebropolis 'buenas pr\u00e1cticas ciudadanas' y su presencia en EEUU - Itaka-Escolapios\",\"isPartOf\":{\"@id\":\"https:\\\/\\\/www.itakaescolapios.org\\\/es\\\/#website\"},\"primaryImageOfPage\":{\"@id\":\"https:\\\/\\\/www.itakaescolapios.org\\\/es\\\/2014\\\/12\\\/itavere-nominado-a-los-13o-premios-ebropolis-buenas-practicas-ciudadanas-y-su-presencia-en-eeuu\\\/#primaryimage\"},\"image\":{\"@id\":\"https:\\\/\\\/www.itakaescolapios.org\\\/es\\\/2014\\\/12\\\/itavere-nominado-a-los-13o-premios-ebropolis-buenas-practicas-ciudadanas-y-su-presencia-en-eeuu\\\/#primaryimage\"},\"thumbnailUrl\":\"https:\\\/\\\/www.itakaescolapios.org\\\/wp-content\\\/uploads\\\/2014\\\/12\\\/IMG_5008.jpg\",\"datePublished\":\"2014-12-21T22:24:59+00:00\",\"dateModified\":\"2023-11-28T11:38:51+00:00\",\"breadcrumb\":{\"@id\":\"https:\\\/\\\/www.itakaescolapios.org\\\/es\\\/2014\\\/12\\\/itavere-nominado-a-los-13o-premios-ebropolis-buenas-practicas-ciudadanas-y-su-presencia-en-eeuu\\\/#breadcrumb\"},\"inLanguage\":\"es\",\"potentialAction\":[{\"@type\":\"ReadAction\",\"target\":[\"https:\\\/\\\/www.itakaescolapios.org\\\/es\\\/2014\\\/12\\\/itavere-nominado-a-los-13o-premios-ebropolis-buenas-practicas-ciudadanas-y-su-presencia-en-eeuu\\\/\"]}]},{\"@type\":\"ImageObject\",\"inLanguage\":\"es\",\"@id\":\"https:\\\/\\\/www.itakaescolapios.org\\\/es\\\/2014\\\/12\\\/itavere-nominado-a-los-13o-premios-ebropolis-buenas-practicas-ciudadanas-y-su-presencia-en-eeuu\\\/#primaryimage\",\"url\":\"https:\\\/\\\/www.itakaescolapios.org\\\/wp-content\\\/uploads\\\/2014\\\/12\\\/IMG_5008.jpg\",\"contentUrl\":\"https:\\\/\\\/www.itakaescolapios.org\\\/wp-content\\\/uploads\\\/2014\\\/12\\\/IMG_5008.jpg\",\"width\":1024,\"height\":1024},{\"@type\":\"BreadcrumbList\",\"@id\":\"https:\\\/\\\/www.itakaescolapios.org\\\/es\\\/2014\\\/12\\\/itavere-nominado-a-los-13o-premios-ebropolis-buenas-practicas-ciudadanas-y-su-presencia-en-eeuu\\\/#breadcrumb\",\"itemListElement\":[{\"@type\":\"ListItem\",\"position\":1,\"name\":\"Portada\",\"item\":\"https:\\\/\\\/www.itakaescolapios.org\\\/es\\\/\"},{\"@type\":\"ListItem\",\"position\":2,\"name\":\"IT\u00c1VERE nominado a los 13\u00ba Premios Ebropolis &#8216;buenas pr\u00e1cticas ciudadanas&#8217; y su presencia en EEUU\"}]},{\"@type\":\"WebSite\",\"@id\":\"https:\\\/\\\/www.itakaescolapios.org\\\/es\\\/#website\",\"url\":\"https:\\\/\\\/www.itakaescolapios.org\\\/es\\\/\",\"name\":\"Itaka-Escolapios\",\"description\":\"Red de Itaka-Escolapios\",\"publisher\":{\"@id\":\"https:\\\/\\\/www.itakaescolapios.org\\\/es\\\/#organization\"},\"potentialAction\":[{\"@type\":\"SearchAction\",\"target\":{\"@type\":\"EntryPoint\",\"urlTemplate\":\"https:\\\/\\\/www.itakaescolapios.org\\\/es\\\/?s={search_term_string}\"},\"query-input\":{\"@type\":\"PropertyValueSpecification\",\"valueRequired\":true,\"valueName\":\"search_term_string\"}}],\"inLanguage\":\"es\"},{\"@type\":\"Organization\",\"@id\":\"https:\\\/\\\/www.itakaescolapios.org\\\/es\\\/#organization\",\"name\":\"Fundaci\u00f3 Itaka-Escolapios\",\"url\":\"https:\\\/\\\/www.itakaescolapios.org\\\/es\\\/\",\"logo\":{\"@type\":\"ImageObject\",\"inLanguage\":\"es\",\"@id\":\"https:\\\/\\\/www.itakaescolapios.org\\\/es\\\/#\\\/schema\\\/logo\\\/image\\\/\",\"url\":\"https:\\\/\\\/www.itakaescolapios.org\\\/wp-content\\\/uploads\\\/2024\\\/04\\\/Logo-itakaescolapios-peque.png\",\"contentUrl\":\"https:\\\/\\\/www.itakaescolapios.org\\\/wp-content\\\/uploads\\\/2024\\\/04\\\/Logo-itakaescolapios-peque.png\",\"width\":500,\"height\":199,\"caption\":\"Fundaci\u00f3 Itaka-Escolapios\"},\"image\":{\"@id\":\"https:\\\/\\\/www.itakaescolapios.org\\\/es\\\/#\\\/schema\\\/logo\\\/image\\\/\"}},{\"@type\":\"Person\",\"@id\":\"https:\\\/\\\/www.itakaescolapios.org\\\/es\\\/#\\\/schema\\\/person\\\/d6727e20f4750225e480c33522d69028\",\"name\":\"zaragoza01\",\"url\":\"https:\\\/\\\/www.itakaescolapios.org\\\/es\\\/author\\\/zaragoza01\\\/\"}]}<\/script>\n<!-- \/ Yoast SEO plugin. -->","yoast_head_json":{"title":"IT\u00c1VERE nominado a los 13\u00ba Premios Ebropolis 'buenas pr\u00e1cticas ciudadanas' y su presencia en EEUU - Itaka-Escolapios","robots":{"index":"index","follow":"follow","max-snippet":"max-snippet:-1","max-image-preview":"max-image-preview:large","max-video-preview":"max-video-preview:-1"},"canonical":"https:\/\/www.itakaescolapios.org\/es\/2014\/12\/itavere-nominado-a-los-13o-premios-ebropolis-buenas-practicas-ciudadanas-y-su-presencia-en-eeuu\/","og_locale":"es_ES","og_type":"article","og_title":"IT\u00c1VERE nominado a los 13\u00ba Premios Ebropolis 'buenas pr\u00e1cticas ciudadanas' y su presencia en EEUU - Itaka-Escolapios","og_description":"La Fundaci\u00f3n Itaka Escolapios hemos sido nominados en los 13\u00ba premios Ebropolis \u00a0a las buenas pr\u00e1cticas ciudadanas con el proyecto social It\u00e1vere. Con tan solo un a\u00f1o de vida estamos [&hellip;]","og_url":"https:\/\/www.itakaescolapios.org\/es\/2014\/12\/itavere-nominado-a-los-13o-premios-ebropolis-buenas-practicas-ciudadanas-y-su-presencia-en-eeuu\/","og_site_name":"Itaka-Escolapios","article_published_time":"2014-12-21T22:24:59+00:00","article_modified_time":"2023-11-28T11:38:51+00:00","og_image":[{"width":1024,"height":1024,"url":"https:\/\/www.itakaescolapios.org\/wp-content\/uploads\/2014\/12\/IMG_5008.jpg","type":"image\/jpeg"}],"author":"zaragoza01","twitter_card":"summary_large_image","twitter_misc":{"Escrito por":"zaragoza01","Tiempo de lectura":"1 minuto"},"schema":{"@context":"https:\/\/schema.org","@graph":[{"@type":"Article","@id":"https:\/\/www.itakaescolapios.org\/es\/2014\/12\/itavere-nominado-a-los-13o-premios-ebropolis-buenas-practicas-ciudadanas-y-su-presencia-en-eeuu\/#article","isPartOf":{"@id":"https:\/\/www.itakaescolapios.org\/es\/2014\/12\/itavere-nominado-a-los-13o-premios-ebropolis-buenas-practicas-ciudadanas-y-su-presencia-en-eeuu\/"},"author":{"name":"zaragoza01","@id":"https:\/\/www.itakaescolapios.org\/es\/#\/schema\/person\/d6727e20f4750225e480c33522d69028"},"headline":"IT\u00c1VERE nominado a los 13\u00ba Premios Ebropolis &#8216;buenas pr\u00e1cticas ciudadanas&#8217; y su presencia en EEUU","datePublished":"2014-12-21T22:24:59+00:00","dateModified":"2023-11-28T11:38:51+00:00","mainEntityOfPage":{"@id":"https:\/\/www.itakaescolapios.org\/es\/2014\/12\/itavere-nominado-a-los-13o-premios-ebropolis-buenas-practicas-ciudadanas-y-su-presencia-en-eeuu\/"},"wordCount":137,"publisher":{"@id":"https:\/\/www.itakaescolapios.org\/es\/#organization"},"image":{"@id":"https:\/\/www.itakaescolapios.org\/es\/2014\/12\/itavere-nominado-a-los-13o-premios-ebropolis-buenas-practicas-ciudadanas-y-su-presencia-en-eeuu\/#primaryimage"},"thumbnailUrl":"https:\/\/www.itakaescolapios.org\/wp-content\/uploads\/2014\/12\/IMG_5008.jpg","keywords":["Itavere","presencia zaragoza","Social","Zaragoza"],"articleSection":["Zaragoza"],"inLanguage":"es"},{"@type":"WebPage","@id":"https:\/\/www.itakaescolapios.org\/es\/2014\/12\/itavere-nominado-a-los-13o-premios-ebropolis-buenas-practicas-ciudadanas-y-su-presencia-en-eeuu\/","url":"https:\/\/www.itakaescolapios.org\/es\/2014\/12\/itavere-nominado-a-los-13o-premios-ebropolis-buenas-practicas-ciudadanas-y-su-presencia-en-eeuu\/","name":"IT\u00c1VERE nominado a los 13\u00ba Premios Ebropolis 'buenas pr\u00e1cticas ciudadanas' y su presencia en EEUU - Itaka-Escolapios","isPartOf":{"@id":"https:\/\/www.itakaescolapios.org\/es\/#website"},"primaryImageOfPage":{"@id":"https:\/\/www.itakaescolapios.org\/es\/2014\/12\/itavere-nominado-a-los-13o-premios-ebropolis-buenas-practicas-ciudadanas-y-su-presencia-en-eeuu\/#primaryimage"},"image":{"@id":"https:\/\/www.itakaescolapios.org\/es\/2014\/12\/itavere-nominado-a-los-13o-premios-ebropolis-buenas-practicas-ciudadanas-y-su-presencia-en-eeuu\/#primaryimage"},"thumbnailUrl":"https:\/\/www.itakaescolapios.org\/wp-content\/uploads\/2014\/12\/IMG_5008.jpg","datePublished":"2014-12-21T22:24:59+00:00","dateModified":"2023-11-28T11:38:51+00:00","breadcrumb":{"@id":"https:\/\/www.itakaescolapios.org\/es\/2014\/12\/itavere-nominado-a-los-13o-premios-ebropolis-buenas-practicas-ciudadanas-y-su-presencia-en-eeuu\/#breadcrumb"},"inLanguage":"es","potentialAction":[{"@type":"ReadAction","target":["https:\/\/www.itakaescolapios.org\/es\/2014\/12\/itavere-nominado-a-los-13o-premios-ebropolis-buenas-practicas-ciudadanas-y-su-presencia-en-eeuu\/"]}]},{"@type":"ImageObject","inLanguage":"es","@id":"https:\/\/www.itakaescolapios.org\/es\/2014\/12\/itavere-nominado-a-los-13o-premios-ebropolis-buenas-practicas-ciudadanas-y-su-presencia-en-eeuu\/#primaryimage","url":"https:\/\/www.itakaescolapios.org\/wp-content\/uploads\/2014\/12\/IMG_5008.jpg","contentUrl":"https:\/\/www.itakaescolapios.org\/wp-content\/uploads\/2014\/12\/IMG_5008.jpg","width":1024,"height":1024},{"@type":"BreadcrumbList","@id":"https:\/\/www.itakaescolapios.org\/es\/2014\/12\/itavere-nominado-a-los-13o-premios-ebropolis-buenas-practicas-ciudadanas-y-su-presencia-en-eeuu\/#breadcrumb","itemListElement":[{"@type":"ListItem","position":1,"name":"Portada","item":"https:\/\/www.itakaescolapios.org\/es\/"},{"@type":"ListItem","position":2,"name":"IT\u00c1VERE nominado a los 13\u00ba Premios Ebropolis &#8216;buenas pr\u00e1cticas ciudadanas&#8217; y su presencia en EEUU"}]},{"@type":"WebSite","@id":"https:\/\/www.itakaescolapios.org\/es\/#website","url":"https:\/\/www.itakaescolapios.org\/es\/","name":"Itaka-Escolapios","description":"Red de Itaka-Escolapios","publisher":{"@id":"https:\/\/www.itakaescolapios.org\/es\/#organization"},"potentialAction":[{"@type":"SearchAction","target":{"@type":"EntryPoint","urlTemplate":"https:\/\/www.itakaescolapios.org\/es\/?s={search_term_string}"},"query-input":{"@type":"PropertyValueSpecification","valueRequired":true,"valueName":"search_term_string"}}],"inLanguage":"es"},{"@type":"Organization","@id":"https:\/\/www.itakaescolapios.org\/es\/#organization","name":"Fundaci\u00f3 Itaka-Escolapios","url":"https:\/\/www.itakaescolapios.org\/es\/","logo":{"@type":"ImageObject","inLanguage":"es","@id":"https:\/\/www.itakaescolapios.org\/es\/#\/schema\/logo\/image\/","url":"https:\/\/www.itakaescolapios.org\/wp-content\/uploads\/2024\/04\/Logo-itakaescolapios-peque.png","contentUrl":"https:\/\/www.itakaescolapios.org\/wp-content\/uploads\/2024\/04\/Logo-itakaescolapios-peque.png","width":500,"height":199,"caption":"Fundaci\u00f3 Itaka-Escolapios"},"image":{"@id":"https:\/\/www.itakaescolapios.org\/es\/#\/schema\/logo\/image\/"}},{"@type":"Person","@id":"https:\/\/www.itakaescolapios.org\/es\/#\/schema\/person\/d6727e20f4750225e480c33522d69028","name":"zaragoza01","url":"https:\/\/www.itakaescolapios.org\/es\/author\/zaragoza01\/"}]}},"_links":{"self":[{"href":"https:\/\/www.itakaescolapios.org\/es\/wp-json\/wp\/v2\/posts\/11396","targetHints":{"allow":["GET"]}}],"collection":[{"href":"https:\/\/www.itakaescolapios.org\/es\/wp-json\/wp\/v2\/posts"}],"about":[{"href":"https:\/\/www.itakaescolapios.org\/es\/wp-json\/wp\/v2\/types\/post"}],"author":[{"embeddable":true,"href":"https:\/\/www.itakaescolapios.org\/es\/wp-json\/wp\/v2\/users\/43"}],"replies":[{"embeddable":true,"href":"https:\/\/www.itakaescolapios.org\/es\/wp-json\/wp\/v2\/comments?post=11396"}],"version-history":[{"count":3,"href":"https:\/\/www.itakaescolapios.org\/es\/wp-json\/wp\/v2\/posts\/11396\/revisions"}],"predecessor-version":[{"id":48857,"href":"https:\/\/www.itakaescolapios.org\/es\/wp-json\/wp\/v2\/posts\/11396\/revisions\/48857"}],"wp:featuredmedia":[{"embeddable":true,"href":"https:\/\/www.itakaescolapios.org\/es\/wp-json\/wp\/v2\/media\/11395"}],"wp:attachment":[{"href":"https:\/\/www.itakaescolapios.org\/es\/wp-json\/wp\/v2\/media?parent=11396"}],"wp:term":[{"taxonomy":"category","embeddable":true,"href":"https:\/\/www.itakaescolapios.org\/es\/wp-json\/wp\/v2\/categories?post=11396"},{"taxonomy":"post_tag","embeddable":true,"href":"https:\/\/www.itakaescolapios.org\/es\/wp-json\/wp\/v2\/tags?post=11396"}],"curies":[{"name":"wp","href":"https:\/\/api.w.org\/{rel}","templated":true}]}}