{"id":12056,"date":"2015-03-05T09:04:39","date_gmt":"2015-03-05T08:04:39","guid":{"rendered":"https:\/\/www.itakaescolapios.org\/?p=12056"},"modified":"2023-11-28T12:38:45","modified_gmt":"2023-11-28T11:38:45","slug":"el-proyecto-trastevere-en-portada","status":"publish","type":"post","link":"https:\/\/www.itakaescolapios.org\/es\/2015\/03\/el-proyecto-trastevere-en-portada\/","title":{"rendered":"EL PROYECTO TRAST\u00c9VERE EN PORTADA"},"content":{"rendered":"<p>Ayer ocupaba la portada del peri\u00f3dico La Rioja una noticia dedicada al proyecto Trast\u00e9vere en Logro\u00f1o. Desde hace seis a\u00f1os sirve de apoyo a las familias de aquellos alumnos que necesitan un refuerzo en su formaci\u00f3n acad\u00e9mica y que no cuentan con los recursos econ\u00f3micos necesarios para poder acceder a \u00e9l fuera del centro. Cumple, por tanto, con uno de los puntales b\u00e1sicos de los Escolapios, \u00abllevar la educaci\u00f3n a todos, como elemento transformador de la sociedad\u00bb, explica Felipe L\u00f3pez, maestro del centro escolar y responsable y coordinador del proyecto Trast\u00e9vere en Logro\u00f1o.<\/p>\n<p>El \u00e9xito del proyecto se basa en un esfuerzo conjunto que cuenta con la implicaci\u00f3n de los directores del colegio, el responsable de la Fundaci\u00f3n Itaka en Logro\u00f1o, los tutores de los distintos cursos, el equipo de orientaci\u00f3n y los colaboradores. Adem\u00e1s, desde el a\u00f1o pasado este proyecto es apoyado en su financiaci\u00f3n por el Gobierno de la Rioja.<\/p>\n<p>Pod\u00e9is ver en el siguiente enlace el art\u00edculo completo:<\/p>\n<p><a href=\"http:\/\/www.larioja.com\/la-rioja\/201503\/04\/voluntad-ensenar-aprender-20150304004728-v.html\">http:\/\/www.larioja.com\/la-rioja\/201503\/04\/voluntad-ensenar-aprender-20150304004728-v.html<\/a><\/p>\n<p>&nbsp;<\/p>\n","protected":false},"excerpt":{"rendered":"<p>Ayer ocupaba la portada del peri\u00f3dico La Rioja una noticia dedicada al proyecto Trast\u00e9vere en Logro\u00f1o. Desde hace seis a\u00f1os sirve de apoyo a las familias de aquellos alumnos que [&hellip;]<\/p>\n","protected":false},"author":41,"featured_media":12057,"comment_status":"closed","ping_status":"closed","sticky":false,"template":"","format":"standard","meta":{"_et_pb_use_builder":"","_et_pb_old_content":"","_et_gb_content_width":"","footnotes":""},"categories":[13],"tags":[],"class_list":["post-12056","post","type-post","status-publish","format-standard","has-post-thumbnail","hentry","category-vitoria"],"yoast_head":"<!-- This site is optimized with the Yoast SEO plugin v27.4 - https:\/\/yoast.com\/product\/yoast-seo-wordpress\/ -->\n<title>EL PROYECTO TRAST\u00c9VERE EN PORTADA - Itaka-Escolapios<\/title>\n<meta name=\"robots\" content=\"index, follow, max-snippet:-1, max-image-preview:large, max-video-preview:-1\" \/>\n<link rel=\"canonical\" href=\"https:\/\/www.itakaescolapios.org\/es\/2015\/03\/el-proyecto-trastevere-en-portada\/\" \/>\n<meta property=\"og:locale\" content=\"es_ES\" \/>\n<meta property=\"og:type\" content=\"article\" \/>\n<meta property=\"og:title\" content=\"EL PROYECTO TRAST\u00c9VERE EN PORTADA - Itaka-Escolapios\" \/>\n<meta property=\"og:description\" content=\"Ayer ocupaba la portada del peri\u00f3dico La Rioja una noticia dedicada al proyecto Trast\u00e9vere en Logro\u00f1o. Desde hace seis a\u00f1os sirve de apoyo a las familias de aquellos alumnos que [&hellip;]\" \/>\n<meta property=\"og:url\" content=\"https:\/\/www.itakaescolapios.org\/es\/2015\/03\/el-proyecto-trastevere-en-portada\/\" \/>\n<meta property=\"og:site_name\" content=\"Itaka-Escolapios\" \/>\n<meta property=\"article:published_time\" content=\"2015-03-05T08:04:39+00:00\" \/>\n<meta property=\"article:modified_time\" content=\"2023-11-28T11:38:45+00:00\" \/>\n<meta property=\"og:image\" content=\"https:\/\/www.itakaescolapios.org\/wp-content\/uploads\/2015\/03\/trastevere.jpg\" \/>\n\t<meta property=\"og:image:width\" content=\"575\" \/>\n\t<meta property=\"og:image:height\" content=\"383\" \/>\n\t<meta property=\"og:image:type\" content=\"image\/jpeg\" \/>\n<meta name=\"author\" content=\"gasteiz01\" \/>\n<meta name=\"twitter:card\" content=\"summary_large_image\" \/>\n<meta name=\"twitter:label1\" content=\"Escrito por\" \/>\n\t<meta name=\"twitter:data1\" content=\"gasteiz01\" \/>\n\t<meta name=\"twitter:label2\" content=\"Tiempo de lectura\" \/>\n\t<meta name=\"twitter:data2\" content=\"1 minuto\" \/>\n<script type=\"application\/ld+json\" class=\"yoast-schema-graph\">{\"@context\":\"https:\\\/\\\/schema.org\",\"@graph\":[{\"@type\":\"Article\",\"@id\":\"https:\\\/\\\/www.itakaescolapios.org\\\/es\\\/2015\\\/03\\\/el-proyecto-trastevere-en-portada\\\/#article\",\"isPartOf\":{\"@id\":\"https:\\\/\\\/www.itakaescolapios.org\\\/es\\\/2015\\\/03\\\/el-proyecto-trastevere-en-portada\\\/\"},\"author\":{\"name\":\"gasteiz01\",\"@id\":\"https:\\\/\\\/www.itakaescolapios.org\\\/es\\\/#\\\/schema\\\/person\\\/ab0993cd608ccb55ef100715f05010e1\"},\"headline\":\"EL PROYECTO TRAST\u00c9VERE EN PORTADA\",\"datePublished\":\"2015-03-05T08:04:39+00:00\",\"dateModified\":\"2023-11-28T11:38:45+00:00\",\"mainEntityOfPage\":{\"@id\":\"https:\\\/\\\/www.itakaescolapios.org\\\/es\\\/2015\\\/03\\\/el-proyecto-trastevere-en-portada\\\/\"},\"wordCount\":197,\"publisher\":{\"@id\":\"https:\\\/\\\/www.itakaescolapios.org\\\/es\\\/#organization\"},\"image\":{\"@id\":\"https:\\\/\\\/www.itakaescolapios.org\\\/es\\\/2015\\\/03\\\/el-proyecto-trastevere-en-portada\\\/#primaryimage\"},\"thumbnailUrl\":\"https:\\\/\\\/www.itakaescolapios.org\\\/wp-content\\\/uploads\\\/2015\\\/03\\\/trastevere.jpg\",\"articleSection\":[\"Vitoria-Gasteiz\"],\"inLanguage\":\"es\"},{\"@type\":\"WebPage\",\"@id\":\"https:\\\/\\\/www.itakaescolapios.org\\\/es\\\/2015\\\/03\\\/el-proyecto-trastevere-en-portada\\\/\",\"url\":\"https:\\\/\\\/www.itakaescolapios.org\\\/es\\\/2015\\\/03\\\/el-proyecto-trastevere-en-portada\\\/\",\"name\":\"EL PROYECTO TRAST\u00c9VERE EN PORTADA - Itaka-Escolapios\",\"isPartOf\":{\"@id\":\"https:\\\/\\\/www.itakaescolapios.org\\\/es\\\/#website\"},\"primaryImageOfPage\":{\"@id\":\"https:\\\/\\\/www.itakaescolapios.org\\\/es\\\/2015\\\/03\\\/el-proyecto-trastevere-en-portada\\\/#primaryimage\"},\"image\":{\"@id\":\"https:\\\/\\\/www.itakaescolapios.org\\\/es\\\/2015\\\/03\\\/el-proyecto-trastevere-en-portada\\\/#primaryimage\"},\"thumbnailUrl\":\"https:\\\/\\\/www.itakaescolapios.org\\\/wp-content\\\/uploads\\\/2015\\\/03\\\/trastevere.jpg\",\"datePublished\":\"2015-03-05T08:04:39+00:00\",\"dateModified\":\"2023-11-28T11:38:45+00:00\",\"breadcrumb\":{\"@id\":\"https:\\\/\\\/www.itakaescolapios.org\\\/es\\\/2015\\\/03\\\/el-proyecto-trastevere-en-portada\\\/#breadcrumb\"},\"inLanguage\":\"es\",\"potentialAction\":[{\"@type\":\"ReadAction\",\"target\":[\"https:\\\/\\\/www.itakaescolapios.org\\\/es\\\/2015\\\/03\\\/el-proyecto-trastevere-en-portada\\\/\"]}]},{\"@type\":\"ImageObject\",\"inLanguage\":\"es\",\"@id\":\"https:\\\/\\\/www.itakaescolapios.org\\\/es\\\/2015\\\/03\\\/el-proyecto-trastevere-en-portada\\\/#primaryimage\",\"url\":\"https:\\\/\\\/www.itakaescolapios.org\\\/wp-content\\\/uploads\\\/2015\\\/03\\\/trastevere.jpg\",\"contentUrl\":\"https:\\\/\\\/www.itakaescolapios.org\\\/wp-content\\\/uploads\\\/2015\\\/03\\\/trastevere.jpg\",\"width\":575,\"height\":383},{\"@type\":\"BreadcrumbList\",\"@id\":\"https:\\\/\\\/www.itakaescolapios.org\\\/es\\\/2015\\\/03\\\/el-proyecto-trastevere-en-portada\\\/#breadcrumb\",\"itemListElement\":[{\"@type\":\"ListItem\",\"position\":1,\"name\":\"Portada\",\"item\":\"https:\\\/\\\/www.itakaescolapios.org\\\/es\\\/\"},{\"@type\":\"ListItem\",\"position\":2,\"name\":\"EL PROYECTO TRAST\u00c9VERE EN PORTADA\"}]},{\"@type\":\"WebSite\",\"@id\":\"https:\\\/\\\/www.itakaescolapios.org\\\/es\\\/#website\",\"url\":\"https:\\\/\\\/www.itakaescolapios.org\\\/es\\\/\",\"name\":\"Itaka-Escolapios\",\"description\":\"Red de Itaka-Escolapios\",\"publisher\":{\"@id\":\"https:\\\/\\\/www.itakaescolapios.org\\\/es\\\/#organization\"},\"potentialAction\":[{\"@type\":\"SearchAction\",\"target\":{\"@type\":\"EntryPoint\",\"urlTemplate\":\"https:\\\/\\\/www.itakaescolapios.org\\\/es\\\/?s={search_term_string}\"},\"query-input\":{\"@type\":\"PropertyValueSpecification\",\"valueRequired\":true,\"valueName\":\"search_term_string\"}}],\"inLanguage\":\"es\"},{\"@type\":\"Organization\",\"@id\":\"https:\\\/\\\/www.itakaescolapios.org\\\/es\\\/#organization\",\"name\":\"Fundaci\u00f3 Itaka-Escolapios\",\"url\":\"https:\\\/\\\/www.itakaescolapios.org\\\/es\\\/\",\"logo\":{\"@type\":\"ImageObject\",\"inLanguage\":\"es\",\"@id\":\"https:\\\/\\\/www.itakaescolapios.org\\\/es\\\/#\\\/schema\\\/logo\\\/image\\\/\",\"url\":\"https:\\\/\\\/www.itakaescolapios.org\\\/wp-content\\\/uploads\\\/2024\\\/04\\\/Logo-itakaescolapios-peque.png\",\"contentUrl\":\"https:\\\/\\\/www.itakaescolapios.org\\\/wp-content\\\/uploads\\\/2024\\\/04\\\/Logo-itakaescolapios-peque.png\",\"width\":500,\"height\":199,\"caption\":\"Fundaci\u00f3 Itaka-Escolapios\"},\"image\":{\"@id\":\"https:\\\/\\\/www.itakaescolapios.org\\\/es\\\/#\\\/schema\\\/logo\\\/image\\\/\"}},{\"@type\":\"Person\",\"@id\":\"https:\\\/\\\/www.itakaescolapios.org\\\/es\\\/#\\\/schema\\\/person\\\/ab0993cd608ccb55ef100715f05010e1\",\"name\":\"gasteiz01\",\"url\":\"https:\\\/\\\/www.itakaescolapios.org\\\/es\\\/author\\\/gasteiz01\\\/\"}]}<\/script>\n<!-- \/ Yoast SEO plugin. -->","yoast_head_json":{"title":"EL PROYECTO TRAST\u00c9VERE EN PORTADA - Itaka-Escolapios","robots":{"index":"index","follow":"follow","max-snippet":"max-snippet:-1","max-image-preview":"max-image-preview:large","max-video-preview":"max-video-preview:-1"},"canonical":"https:\/\/www.itakaescolapios.org\/es\/2015\/03\/el-proyecto-trastevere-en-portada\/","og_locale":"es_ES","og_type":"article","og_title":"EL PROYECTO TRAST\u00c9VERE EN PORTADA - Itaka-Escolapios","og_description":"Ayer ocupaba la portada del peri\u00f3dico La Rioja una noticia dedicada al proyecto Trast\u00e9vere en Logro\u00f1o. Desde hace seis a\u00f1os sirve de apoyo a las familias de aquellos alumnos que [&hellip;]","og_url":"https:\/\/www.itakaescolapios.org\/es\/2015\/03\/el-proyecto-trastevere-en-portada\/","og_site_name":"Itaka-Escolapios","article_published_time":"2015-03-05T08:04:39+00:00","article_modified_time":"2023-11-28T11:38:45+00:00","og_image":[{"width":575,"height":383,"url":"https:\/\/www.itakaescolapios.org\/wp-content\/uploads\/2015\/03\/trastevere.jpg","type":"image\/jpeg"}],"author":"gasteiz01","twitter_card":"summary_large_image","twitter_misc":{"Escrito por":"gasteiz01","Tiempo de lectura":"1 minuto"},"schema":{"@context":"https:\/\/schema.org","@graph":[{"@type":"Article","@id":"https:\/\/www.itakaescolapios.org\/es\/2015\/03\/el-proyecto-trastevere-en-portada\/#article","isPartOf":{"@id":"https:\/\/www.itakaescolapios.org\/es\/2015\/03\/el-proyecto-trastevere-en-portada\/"},"author":{"name":"gasteiz01","@id":"https:\/\/www.itakaescolapios.org\/es\/#\/schema\/person\/ab0993cd608ccb55ef100715f05010e1"},"headline":"EL PROYECTO TRAST\u00c9VERE EN PORTADA","datePublished":"2015-03-05T08:04:39+00:00","dateModified":"2023-11-28T11:38:45+00:00","mainEntityOfPage":{"@id":"https:\/\/www.itakaescolapios.org\/es\/2015\/03\/el-proyecto-trastevere-en-portada\/"},"wordCount":197,"publisher":{"@id":"https:\/\/www.itakaescolapios.org\/es\/#organization"},"image":{"@id":"https:\/\/www.itakaescolapios.org\/es\/2015\/03\/el-proyecto-trastevere-en-portada\/#primaryimage"},"thumbnailUrl":"https:\/\/www.itakaescolapios.org\/wp-content\/uploads\/2015\/03\/trastevere.jpg","articleSection":["Vitoria-Gasteiz"],"inLanguage":"es"},{"@type":"WebPage","@id":"https:\/\/www.itakaescolapios.org\/es\/2015\/03\/el-proyecto-trastevere-en-portada\/","url":"https:\/\/www.itakaescolapios.org\/es\/2015\/03\/el-proyecto-trastevere-en-portada\/","name":"EL PROYECTO TRAST\u00c9VERE EN PORTADA - Itaka-Escolapios","isPartOf":{"@id":"https:\/\/www.itakaescolapios.org\/es\/#website"},"primaryImageOfPage":{"@id":"https:\/\/www.itakaescolapios.org\/es\/2015\/03\/el-proyecto-trastevere-en-portada\/#primaryimage"},"image":{"@id":"https:\/\/www.itakaescolapios.org\/es\/2015\/03\/el-proyecto-trastevere-en-portada\/#primaryimage"},"thumbnailUrl":"https:\/\/www.itakaescolapios.org\/wp-content\/uploads\/2015\/03\/trastevere.jpg","datePublished":"2015-03-05T08:04:39+00:00","dateModified":"2023-11-28T11:38:45+00:00","breadcrumb":{"@id":"https:\/\/www.itakaescolapios.org\/es\/2015\/03\/el-proyecto-trastevere-en-portada\/#breadcrumb"},"inLanguage":"es","potentialAction":[{"@type":"ReadAction","target":["https:\/\/www.itakaescolapios.org\/es\/2015\/03\/el-proyecto-trastevere-en-portada\/"]}]},{"@type":"ImageObject","inLanguage":"es","@id":"https:\/\/www.itakaescolapios.org\/es\/2015\/03\/el-proyecto-trastevere-en-portada\/#primaryimage","url":"https:\/\/www.itakaescolapios.org\/wp-content\/uploads\/2015\/03\/trastevere.jpg","contentUrl":"https:\/\/www.itakaescolapios.org\/wp-content\/uploads\/2015\/03\/trastevere.jpg","width":575,"height":383},{"@type":"BreadcrumbList","@id":"https:\/\/www.itakaescolapios.org\/es\/2015\/03\/el-proyecto-trastevere-en-portada\/#breadcrumb","itemListElement":[{"@type":"ListItem","position":1,"name":"Portada","item":"https:\/\/www.itakaescolapios.org\/es\/"},{"@type":"ListItem","position":2,"name":"EL PROYECTO TRAST\u00c9VERE EN PORTADA"}]},{"@type":"WebSite","@id":"https:\/\/www.itakaescolapios.org\/es\/#website","url":"https:\/\/www.itakaescolapios.org\/es\/","name":"Itaka-Escolapios","description":"Red de Itaka-Escolapios","publisher":{"@id":"https:\/\/www.itakaescolapios.org\/es\/#organization"},"potentialAction":[{"@type":"SearchAction","target":{"@type":"EntryPoint","urlTemplate":"https:\/\/www.itakaescolapios.org\/es\/?s={search_term_string}"},"query-input":{"@type":"PropertyValueSpecification","valueRequired":true,"valueName":"search_term_string"}}],"inLanguage":"es"},{"@type":"Organization","@id":"https:\/\/www.itakaescolapios.org\/es\/#organization","name":"Fundaci\u00f3 Itaka-Escolapios","url":"https:\/\/www.itakaescolapios.org\/es\/","logo":{"@type":"ImageObject","inLanguage":"es","@id":"https:\/\/www.itakaescolapios.org\/es\/#\/schema\/logo\/image\/","url":"https:\/\/www.itakaescolapios.org\/wp-content\/uploads\/2024\/04\/Logo-itakaescolapios-peque.png","contentUrl":"https:\/\/www.itakaescolapios.org\/wp-content\/uploads\/2024\/04\/Logo-itakaescolapios-peque.png","width":500,"height":199,"caption":"Fundaci\u00f3 Itaka-Escolapios"},"image":{"@id":"https:\/\/www.itakaescolapios.org\/es\/#\/schema\/logo\/image\/"}},{"@type":"Person","@id":"https:\/\/www.itakaescolapios.org\/es\/#\/schema\/person\/ab0993cd608ccb55ef100715f05010e1","name":"gasteiz01","url":"https:\/\/www.itakaescolapios.org\/es\/author\/gasteiz01\/"}]}},"_links":{"self":[{"href":"https:\/\/www.itakaescolapios.org\/es\/wp-json\/wp\/v2\/posts\/12056","targetHints":{"allow":["GET"]}}],"collection":[{"href":"https:\/\/www.itakaescolapios.org\/es\/wp-json\/wp\/v2\/posts"}],"about":[{"href":"https:\/\/www.itakaescolapios.org\/es\/wp-json\/wp\/v2\/types\/post"}],"author":[{"embeddable":true,"href":"https:\/\/www.itakaescolapios.org\/es\/wp-json\/wp\/v2\/users\/41"}],"replies":[{"embeddable":true,"href":"https:\/\/www.itakaescolapios.org\/es\/wp-json\/wp\/v2\/comments?post=12056"}],"version-history":[{"count":3,"href":"https:\/\/www.itakaescolapios.org\/es\/wp-json\/wp\/v2\/posts\/12056\/revisions"}],"predecessor-version":[{"id":48712,"href":"https:\/\/www.itakaescolapios.org\/es\/wp-json\/wp\/v2\/posts\/12056\/revisions\/48712"}],"wp:featuredmedia":[{"embeddable":true,"href":"https:\/\/www.itakaescolapios.org\/es\/wp-json\/wp\/v2\/media\/12057"}],"wp:attachment":[{"href":"https:\/\/www.itakaescolapios.org\/es\/wp-json\/wp\/v2\/media?parent=12056"}],"wp:term":[{"taxonomy":"category","embeddable":true,"href":"https:\/\/www.itakaescolapios.org\/es\/wp-json\/wp\/v2\/categories?post=12056"},{"taxonomy":"post_tag","embeddable":true,"href":"https:\/\/www.itakaescolapios.org\/es\/wp-json\/wp\/v2\/tags?post=12056"}],"curies":[{"name":"wp","href":"https:\/\/api.w.org\/{rel}","templated":true}]}}