{"id":12437,"date":"2015-04-20T11:39:22","date_gmt":"2015-04-20T10:39:22","guid":{"rendered":"https:\/\/www.itakaescolapios.org\/?p=12437"},"modified":"2023-11-28T12:38:42","modified_gmt":"2023-11-28T11:38:42","slug":"celebramos-el-10o-aniversario-de-itaka-escolapios-en-navarra","status":"publish","type":"post","link":"https:\/\/www.itakaescolapios.org\/es\/2015\/04\/celebramos-el-10o-aniversario-de-itaka-escolapios-en-navarra\/","title":{"rendered":"Celebramos el 10\u00ba aniversario de Itaka-Escolapios en Navarra"},"content":{"rendered":"<p>Este s\u00e1bado 25 de abril, estamos todos invitados a participar en la celebraci\u00f3n del D\u00e9cimo aniversario de la Fundaci\u00f3n Itaka-Escolapios en Navarra: voluntarios\/as, socios\/as, amigos\/as, y p\u00fablico en general interesado tan solo en conocer un poco m\u00e1s Itaka-Escolapios.<\/p>\n<p>Est\u00e1 ya todo preparado, solo falta tu participaci\u00f3n. \u00a0Si no te has inscrito aun, puedes hacerlo todav\u00eda en la web del encuentro: www.venyverasitakaescolapios.org. Puedes animar a m\u00e1s personas a que se inscriban tambi\u00e9n. Habr\u00e1 actividades para los ni\u00f1os.<\/p>\n<p>Los m\u00e1s importante de este encuentro es premiar la labor que realizamos cada d\u00eda desde los diferentes \u00e1mbitos en los que participamos, conocer un poco m\u00e1s de nuestra entidad, felicitarnos con lo conseguido y so\u00f1ar con los pr\u00f3ximos a\u00f1os, porque&#8230;. \u00a1todav\u00eda quedan much\u00edsimas cosas por hacer!<\/p>\n<p>Los datos del encuentro son los siguientes:<\/p>\n<p>D\u00eda y hora: s\u00e1bado 25 de abril, 11 h<\/p>\n<p>Lugar: Colegio Calasanz-Escolapios, calle Olite 1. Pamplona-Iru\u00f1a.<\/p>\n<p>Programa:<\/p>\n<p>-Acogida.<\/p>\n<p>-\u00abUna mirada a 10 a\u00f1os de historia de Itaka-Escolapios en Navarra\u00bb<\/p>\n<p>&#8211; Itinerario para \u00abir y ver Itaka-Escolapios\u00bb: actividades para ir conociendo diferentes facetas de Itaka-Escolapios.<\/p>\n<p>&#8211; Lunch y despedida.<\/p>\n<p>Se podr\u00e1 aparcar los coches en el patio del colegio.<\/p>\n<p>Nos vemos el s\u00e1bado. \u00a0Zatoz ikustera!<\/p>\n<p>&nbsp;<\/p>\n<p>&nbsp;<\/p>\n<p>&nbsp;<\/p>\n","protected":false},"excerpt":{"rendered":"<p>Este s\u00e1bado 25 de abril, estamos todos invitados a participar en la celebraci\u00f3n del D\u00e9cimo aniversario de la Fundaci\u00f3n Itaka-Escolapios en Navarra: voluntarios\/as, socios\/as, amigos\/as, y p\u00fablico en general interesado [&hellip;]<\/p>\n","protected":false},"author":29,"featured_media":12438,"comment_status":"closed","ping_status":"closed","sticky":false,"template":"","format":"standard","meta":{"_et_pb_use_builder":"","_et_pb_old_content":"","_et_gb_content_width":"","footnotes":""},"categories":[20],"tags":[49,143,142],"class_list":["post-12437","post","type-post","status-publish","format-standard","has-post-thumbnail","hentry","category-pamplona-iruna","tag-escolapios","tag-pamplona-iruna-ikaskide","tag-voluntariado"],"yoast_head":"<!-- This site is optimized with the Yoast SEO plugin v27.4 - https:\/\/yoast.com\/product\/yoast-seo-wordpress\/ -->\n<title>Celebramos el 10\u00ba aniversario de Itaka-Escolapios en Navarra - Itaka-Escolapios<\/title>\n<meta name=\"robots\" content=\"index, follow, max-snippet:-1, max-image-preview:large, max-video-preview:-1\" \/>\n<link rel=\"canonical\" href=\"https:\/\/www.itakaescolapios.org\/es\/2015\/04\/celebramos-el-10o-aniversario-de-itaka-escolapios-en-navarra\/\" \/>\n<meta property=\"og:locale\" content=\"es_ES\" \/>\n<meta property=\"og:type\" content=\"article\" \/>\n<meta property=\"og:title\" content=\"Celebramos el 10\u00ba aniversario de Itaka-Escolapios en Navarra - Itaka-Escolapios\" \/>\n<meta property=\"og:description\" content=\"Este s\u00e1bado 25 de abril, estamos todos invitados a participar en la celebraci\u00f3n del D\u00e9cimo aniversario de la Fundaci\u00f3n Itaka-Escolapios en Navarra: voluntarios\/as, socios\/as, amigos\/as, y p\u00fablico en general interesado [&hellip;]\" \/>\n<meta property=\"og:url\" content=\"https:\/\/www.itakaescolapios.org\/es\/2015\/04\/celebramos-el-10o-aniversario-de-itaka-escolapios-en-navarra\/\" \/>\n<meta property=\"og:site_name\" content=\"Itaka-Escolapios\" \/>\n<meta property=\"article:published_time\" content=\"2015-04-20T10:39:22+00:00\" \/>\n<meta property=\"article:modified_time\" content=\"2023-11-28T11:38:42+00:00\" \/>\n<meta property=\"og:image\" content=\"https:\/\/www.itakaescolapios.org\/wp-content\/uploads\/2015\/04\/bannercuadrado-castellano.png\" \/>\n\t<meta property=\"og:image:width\" content=\"709\" \/>\n\t<meta property=\"og:image:height\" content=\"709\" \/>\n\t<meta property=\"og:image:type\" content=\"image\/png\" \/>\n<meta name=\"author\" content=\"pamplona01\" \/>\n<meta name=\"twitter:card\" content=\"summary_large_image\" \/>\n<meta name=\"twitter:label1\" content=\"Escrito por\" \/>\n\t<meta name=\"twitter:data1\" content=\"pamplona01\" \/>\n\t<meta name=\"twitter:label2\" content=\"Tiempo de lectura\" \/>\n\t<meta name=\"twitter:data2\" content=\"1 minuto\" \/>\n<script type=\"application\/ld+json\" class=\"yoast-schema-graph\">{\"@context\":\"https:\\\/\\\/schema.org\",\"@graph\":[{\"@type\":\"Article\",\"@id\":\"https:\\\/\\\/www.itakaescolapios.org\\\/es\\\/2015\\\/04\\\/celebramos-el-10o-aniversario-de-itaka-escolapios-en-navarra\\\/#article\",\"isPartOf\":{\"@id\":\"https:\\\/\\\/www.itakaescolapios.org\\\/es\\\/2015\\\/04\\\/celebramos-el-10o-aniversario-de-itaka-escolapios-en-navarra\\\/\"},\"author\":{\"name\":\"pamplona01\",\"@id\":\"https:\\\/\\\/www.itakaescolapios.org\\\/es\\\/#\\\/schema\\\/person\\\/a44de70f9a43a90c3e0f59aaaffd61f3\"},\"headline\":\"Celebramos el 10\u00ba aniversario de Itaka-Escolapios en Navarra\",\"datePublished\":\"2015-04-20T10:39:22+00:00\",\"dateModified\":\"2023-11-28T11:38:42+00:00\",\"mainEntityOfPage\":{\"@id\":\"https:\\\/\\\/www.itakaescolapios.org\\\/es\\\/2015\\\/04\\\/celebramos-el-10o-aniversario-de-itaka-escolapios-en-navarra\\\/\"},\"wordCount\":228,\"publisher\":{\"@id\":\"https:\\\/\\\/www.itakaescolapios.org\\\/es\\\/#organization\"},\"image\":{\"@id\":\"https:\\\/\\\/www.itakaescolapios.org\\\/es\\\/2015\\\/04\\\/celebramos-el-10o-aniversario-de-itaka-escolapios-en-navarra\\\/#primaryimage\"},\"thumbnailUrl\":\"https:\\\/\\\/www.itakaescolapios.org\\\/wp-content\\\/uploads\\\/2015\\\/04\\\/bannercuadrado-castellano.png\",\"keywords\":[\"escolapios\",\"Pamplona-Iru\u00f1a; Ikaskide;\",\"voluntariado\"],\"articleSection\":[\"Pamplona-Iru\u00f1a\"],\"inLanguage\":\"es\"},{\"@type\":\"WebPage\",\"@id\":\"https:\\\/\\\/www.itakaescolapios.org\\\/es\\\/2015\\\/04\\\/celebramos-el-10o-aniversario-de-itaka-escolapios-en-navarra\\\/\",\"url\":\"https:\\\/\\\/www.itakaescolapios.org\\\/es\\\/2015\\\/04\\\/celebramos-el-10o-aniversario-de-itaka-escolapios-en-navarra\\\/\",\"name\":\"Celebramos el 10\u00ba aniversario de Itaka-Escolapios en Navarra - Itaka-Escolapios\",\"isPartOf\":{\"@id\":\"https:\\\/\\\/www.itakaescolapios.org\\\/es\\\/#website\"},\"primaryImageOfPage\":{\"@id\":\"https:\\\/\\\/www.itakaescolapios.org\\\/es\\\/2015\\\/04\\\/celebramos-el-10o-aniversario-de-itaka-escolapios-en-navarra\\\/#primaryimage\"},\"image\":{\"@id\":\"https:\\\/\\\/www.itakaescolapios.org\\\/es\\\/2015\\\/04\\\/celebramos-el-10o-aniversario-de-itaka-escolapios-en-navarra\\\/#primaryimage\"},\"thumbnailUrl\":\"https:\\\/\\\/www.itakaescolapios.org\\\/wp-content\\\/uploads\\\/2015\\\/04\\\/bannercuadrado-castellano.png\",\"datePublished\":\"2015-04-20T10:39:22+00:00\",\"dateModified\":\"2023-11-28T11:38:42+00:00\",\"breadcrumb\":{\"@id\":\"https:\\\/\\\/www.itakaescolapios.org\\\/es\\\/2015\\\/04\\\/celebramos-el-10o-aniversario-de-itaka-escolapios-en-navarra\\\/#breadcrumb\"},\"inLanguage\":\"es\",\"potentialAction\":[{\"@type\":\"ReadAction\",\"target\":[\"https:\\\/\\\/www.itakaescolapios.org\\\/es\\\/2015\\\/04\\\/celebramos-el-10o-aniversario-de-itaka-escolapios-en-navarra\\\/\"]}]},{\"@type\":\"ImageObject\",\"inLanguage\":\"es\",\"@id\":\"https:\\\/\\\/www.itakaescolapios.org\\\/es\\\/2015\\\/04\\\/celebramos-el-10o-aniversario-de-itaka-escolapios-en-navarra\\\/#primaryimage\",\"url\":\"https:\\\/\\\/www.itakaescolapios.org\\\/wp-content\\\/uploads\\\/2015\\\/04\\\/bannercuadrado-castellano.png\",\"contentUrl\":\"https:\\\/\\\/www.itakaescolapios.org\\\/wp-content\\\/uploads\\\/2015\\\/04\\\/bannercuadrado-castellano.png\",\"width\":709,\"height\":709},{\"@type\":\"BreadcrumbList\",\"@id\":\"https:\\\/\\\/www.itakaescolapios.org\\\/es\\\/2015\\\/04\\\/celebramos-el-10o-aniversario-de-itaka-escolapios-en-navarra\\\/#breadcrumb\",\"itemListElement\":[{\"@type\":\"ListItem\",\"position\":1,\"name\":\"Portada\",\"item\":\"https:\\\/\\\/www.itakaescolapios.org\\\/es\\\/\"},{\"@type\":\"ListItem\",\"position\":2,\"name\":\"Celebramos el 10\u00ba aniversario de Itaka-Escolapios en Navarra\"}]},{\"@type\":\"WebSite\",\"@id\":\"https:\\\/\\\/www.itakaescolapios.org\\\/es\\\/#website\",\"url\":\"https:\\\/\\\/www.itakaescolapios.org\\\/es\\\/\",\"name\":\"Itaka-Escolapios\",\"description\":\"Red de Itaka-Escolapios\",\"publisher\":{\"@id\":\"https:\\\/\\\/www.itakaescolapios.org\\\/es\\\/#organization\"},\"potentialAction\":[{\"@type\":\"SearchAction\",\"target\":{\"@type\":\"EntryPoint\",\"urlTemplate\":\"https:\\\/\\\/www.itakaescolapios.org\\\/es\\\/?s={search_term_string}\"},\"query-input\":{\"@type\":\"PropertyValueSpecification\",\"valueRequired\":true,\"valueName\":\"search_term_string\"}}],\"inLanguage\":\"es\"},{\"@type\":\"Organization\",\"@id\":\"https:\\\/\\\/www.itakaescolapios.org\\\/es\\\/#organization\",\"name\":\"Fundaci\u00f3 Itaka-Escolapios\",\"url\":\"https:\\\/\\\/www.itakaescolapios.org\\\/es\\\/\",\"logo\":{\"@type\":\"ImageObject\",\"inLanguage\":\"es\",\"@id\":\"https:\\\/\\\/www.itakaescolapios.org\\\/es\\\/#\\\/schema\\\/logo\\\/image\\\/\",\"url\":\"https:\\\/\\\/www.itakaescolapios.org\\\/wp-content\\\/uploads\\\/2024\\\/04\\\/Logo-itakaescolapios-peque.png\",\"contentUrl\":\"https:\\\/\\\/www.itakaescolapios.org\\\/wp-content\\\/uploads\\\/2024\\\/04\\\/Logo-itakaescolapios-peque.png\",\"width\":500,\"height\":199,\"caption\":\"Fundaci\u00f3 Itaka-Escolapios\"},\"image\":{\"@id\":\"https:\\\/\\\/www.itakaescolapios.org\\\/es\\\/#\\\/schema\\\/logo\\\/image\\\/\"}},{\"@type\":\"Person\",\"@id\":\"https:\\\/\\\/www.itakaescolapios.org\\\/es\\\/#\\\/schema\\\/person\\\/a44de70f9a43a90c3e0f59aaaffd61f3\",\"name\":\"pamplona01\",\"url\":\"https:\\\/\\\/www.itakaescolapios.org\\\/es\\\/author\\\/pamplona01\\\/\"}]}<\/script>\n<!-- \/ Yoast SEO plugin. -->","yoast_head_json":{"title":"Celebramos el 10\u00ba aniversario de Itaka-Escolapios en Navarra - Itaka-Escolapios","robots":{"index":"index","follow":"follow","max-snippet":"max-snippet:-1","max-image-preview":"max-image-preview:large","max-video-preview":"max-video-preview:-1"},"canonical":"https:\/\/www.itakaescolapios.org\/es\/2015\/04\/celebramos-el-10o-aniversario-de-itaka-escolapios-en-navarra\/","og_locale":"es_ES","og_type":"article","og_title":"Celebramos el 10\u00ba aniversario de Itaka-Escolapios en Navarra - Itaka-Escolapios","og_description":"Este s\u00e1bado 25 de abril, estamos todos invitados a participar en la celebraci\u00f3n del D\u00e9cimo aniversario de la Fundaci\u00f3n Itaka-Escolapios en Navarra: voluntarios\/as, socios\/as, amigos\/as, y p\u00fablico en general interesado [&hellip;]","og_url":"https:\/\/www.itakaescolapios.org\/es\/2015\/04\/celebramos-el-10o-aniversario-de-itaka-escolapios-en-navarra\/","og_site_name":"Itaka-Escolapios","article_published_time":"2015-04-20T10:39:22+00:00","article_modified_time":"2023-11-28T11:38:42+00:00","og_image":[{"width":709,"height":709,"url":"https:\/\/www.itakaescolapios.org\/wp-content\/uploads\/2015\/04\/bannercuadrado-castellano.png","type":"image\/png"}],"author":"pamplona01","twitter_card":"summary_large_image","twitter_misc":{"Escrito por":"pamplona01","Tiempo de lectura":"1 minuto"},"schema":{"@context":"https:\/\/schema.org","@graph":[{"@type":"Article","@id":"https:\/\/www.itakaescolapios.org\/es\/2015\/04\/celebramos-el-10o-aniversario-de-itaka-escolapios-en-navarra\/#article","isPartOf":{"@id":"https:\/\/www.itakaescolapios.org\/es\/2015\/04\/celebramos-el-10o-aniversario-de-itaka-escolapios-en-navarra\/"},"author":{"name":"pamplona01","@id":"https:\/\/www.itakaescolapios.org\/es\/#\/schema\/person\/a44de70f9a43a90c3e0f59aaaffd61f3"},"headline":"Celebramos el 10\u00ba aniversario de Itaka-Escolapios en Navarra","datePublished":"2015-04-20T10:39:22+00:00","dateModified":"2023-11-28T11:38:42+00:00","mainEntityOfPage":{"@id":"https:\/\/www.itakaescolapios.org\/es\/2015\/04\/celebramos-el-10o-aniversario-de-itaka-escolapios-en-navarra\/"},"wordCount":228,"publisher":{"@id":"https:\/\/www.itakaescolapios.org\/es\/#organization"},"image":{"@id":"https:\/\/www.itakaescolapios.org\/es\/2015\/04\/celebramos-el-10o-aniversario-de-itaka-escolapios-en-navarra\/#primaryimage"},"thumbnailUrl":"https:\/\/www.itakaescolapios.org\/wp-content\/uploads\/2015\/04\/bannercuadrado-castellano.png","keywords":["escolapios","Pamplona-Iru\u00f1a; Ikaskide;","voluntariado"],"articleSection":["Pamplona-Iru\u00f1a"],"inLanguage":"es"},{"@type":"WebPage","@id":"https:\/\/www.itakaescolapios.org\/es\/2015\/04\/celebramos-el-10o-aniversario-de-itaka-escolapios-en-navarra\/","url":"https:\/\/www.itakaescolapios.org\/es\/2015\/04\/celebramos-el-10o-aniversario-de-itaka-escolapios-en-navarra\/","name":"Celebramos el 10\u00ba aniversario de Itaka-Escolapios en Navarra - Itaka-Escolapios","isPartOf":{"@id":"https:\/\/www.itakaescolapios.org\/es\/#website"},"primaryImageOfPage":{"@id":"https:\/\/www.itakaescolapios.org\/es\/2015\/04\/celebramos-el-10o-aniversario-de-itaka-escolapios-en-navarra\/#primaryimage"},"image":{"@id":"https:\/\/www.itakaescolapios.org\/es\/2015\/04\/celebramos-el-10o-aniversario-de-itaka-escolapios-en-navarra\/#primaryimage"},"thumbnailUrl":"https:\/\/www.itakaescolapios.org\/wp-content\/uploads\/2015\/04\/bannercuadrado-castellano.png","datePublished":"2015-04-20T10:39:22+00:00","dateModified":"2023-11-28T11:38:42+00:00","breadcrumb":{"@id":"https:\/\/www.itakaescolapios.org\/es\/2015\/04\/celebramos-el-10o-aniversario-de-itaka-escolapios-en-navarra\/#breadcrumb"},"inLanguage":"es","potentialAction":[{"@type":"ReadAction","target":["https:\/\/www.itakaescolapios.org\/es\/2015\/04\/celebramos-el-10o-aniversario-de-itaka-escolapios-en-navarra\/"]}]},{"@type":"ImageObject","inLanguage":"es","@id":"https:\/\/www.itakaescolapios.org\/es\/2015\/04\/celebramos-el-10o-aniversario-de-itaka-escolapios-en-navarra\/#primaryimage","url":"https:\/\/www.itakaescolapios.org\/wp-content\/uploads\/2015\/04\/bannercuadrado-castellano.png","contentUrl":"https:\/\/www.itakaescolapios.org\/wp-content\/uploads\/2015\/04\/bannercuadrado-castellano.png","width":709,"height":709},{"@type":"BreadcrumbList","@id":"https:\/\/www.itakaescolapios.org\/es\/2015\/04\/celebramos-el-10o-aniversario-de-itaka-escolapios-en-navarra\/#breadcrumb","itemListElement":[{"@type":"ListItem","position":1,"name":"Portada","item":"https:\/\/www.itakaescolapios.org\/es\/"},{"@type":"ListItem","position":2,"name":"Celebramos el 10\u00ba aniversario de Itaka-Escolapios en Navarra"}]},{"@type":"WebSite","@id":"https:\/\/www.itakaescolapios.org\/es\/#website","url":"https:\/\/www.itakaescolapios.org\/es\/","name":"Itaka-Escolapios","description":"Red de Itaka-Escolapios","publisher":{"@id":"https:\/\/www.itakaescolapios.org\/es\/#organization"},"potentialAction":[{"@type":"SearchAction","target":{"@type":"EntryPoint","urlTemplate":"https:\/\/www.itakaescolapios.org\/es\/?s={search_term_string}"},"query-input":{"@type":"PropertyValueSpecification","valueRequired":true,"valueName":"search_term_string"}}],"inLanguage":"es"},{"@type":"Organization","@id":"https:\/\/www.itakaescolapios.org\/es\/#organization","name":"Fundaci\u00f3 Itaka-Escolapios","url":"https:\/\/www.itakaescolapios.org\/es\/","logo":{"@type":"ImageObject","inLanguage":"es","@id":"https:\/\/www.itakaescolapios.org\/es\/#\/schema\/logo\/image\/","url":"https:\/\/www.itakaescolapios.org\/wp-content\/uploads\/2024\/04\/Logo-itakaescolapios-peque.png","contentUrl":"https:\/\/www.itakaescolapios.org\/wp-content\/uploads\/2024\/04\/Logo-itakaescolapios-peque.png","width":500,"height":199,"caption":"Fundaci\u00f3 Itaka-Escolapios"},"image":{"@id":"https:\/\/www.itakaescolapios.org\/es\/#\/schema\/logo\/image\/"}},{"@type":"Person","@id":"https:\/\/www.itakaescolapios.org\/es\/#\/schema\/person\/a44de70f9a43a90c3e0f59aaaffd61f3","name":"pamplona01","url":"https:\/\/www.itakaescolapios.org\/es\/author\/pamplona01\/"}]}},"_links":{"self":[{"href":"https:\/\/www.itakaescolapios.org\/es\/wp-json\/wp\/v2\/posts\/12437","targetHints":{"allow":["GET"]}}],"collection":[{"href":"https:\/\/www.itakaescolapios.org\/es\/wp-json\/wp\/v2\/posts"}],"about":[{"href":"https:\/\/www.itakaescolapios.org\/es\/wp-json\/wp\/v2\/types\/post"}],"author":[{"embeddable":true,"href":"https:\/\/www.itakaescolapios.org\/es\/wp-json\/wp\/v2\/users\/29"}],"replies":[{"embeddable":true,"href":"https:\/\/www.itakaescolapios.org\/es\/wp-json\/wp\/v2\/comments?post=12437"}],"version-history":[{"count":3,"href":"https:\/\/www.itakaescolapios.org\/es\/wp-json\/wp\/v2\/posts\/12437\/revisions"}],"predecessor-version":[{"id":48648,"href":"https:\/\/www.itakaescolapios.org\/es\/wp-json\/wp\/v2\/posts\/12437\/revisions\/48648"}],"wp:featuredmedia":[{"embeddable":true,"href":"https:\/\/www.itakaescolapios.org\/es\/wp-json\/wp\/v2\/media\/12438"}],"wp:attachment":[{"href":"https:\/\/www.itakaescolapios.org\/es\/wp-json\/wp\/v2\/media?parent=12437"}],"wp:term":[{"taxonomy":"category","embeddable":true,"href":"https:\/\/www.itakaescolapios.org\/es\/wp-json\/wp\/v2\/categories?post=12437"},{"taxonomy":"post_tag","embeddable":true,"href":"https:\/\/www.itakaescolapios.org\/es\/wp-json\/wp\/v2\/tags?post=12437"}],"curies":[{"name":"wp","href":"https:\/\/api.w.org\/{rel}","templated":true}]}}