{"id":12511,"date":"2015-04-26T13:14:21","date_gmt":"2015-04-26T12:14:21","guid":{"rendered":"https:\/\/www.itakaescolapios.org\/?p=12511"},"modified":"2023-11-28T12:38:42","modified_gmt":"2023-11-28T11:38:42","slug":"un-gran-dia-de-fiesta-para-itaka-escolapios-navarra-zorionak-guztioi","status":"publish","type":"post","link":"https:\/\/www.itakaescolapios.org\/es\/2015\/04\/un-gran-dia-de-fiesta-para-itaka-escolapios-navarra-zorionak-guztioi\/","title":{"rendered":"Un gran d\u00eda de fiesta para Itaka-Escolapios Navarra. Zorionak guztioi!"},"content":{"rendered":"<p>Finalmente, ayer s\u00e1bado, 25 de abril, nos reunimos 200 personas, entre adultos y peques, en el Colegio Calasanz-Escolapios (Pamplona-Iru\u00f1a), para celebrar juntos el 10\u00ba aniversario de Itaka-Escolapios en Navarra.\u00a0\u00a0\u00a0\u00a0\u00a0\u00a0\u00a0\u00a0\u00a0\u00a0\u00a0 \u00a0 \u00a0 \u00a0 \u00a0 \u00a0 \u00a0 \u00a0 \u00a0 \u00a0 \u00a0 \u00a0 \u00a0 \u00a0 \u00a0\u00a0 \u00a0\u00a0\u00a0\u00a0\u00a0\u00a0\u00a0\u00a0\u00a0\u00a0\u00a0\u00a0\u00a0\u00a0\u00a0\u00a0\u00a0\u00a0\u00a0\u00a0\u00a0\u00a0\u00a0\u00a0\u00a0\u00a0\u00a0\u00a0\u00a0\u00a0\u00a0\u00a0\u00a0\u00a0\u00a0\u00a0\u00a0\u00a0\u00a0\u00a0\u00a0\u00a0\u00a0\u00a0\u00a0\u00a0\u00a0\u00a0\u00a0\u00a0\u00a0\u00a0\u00a0\u00a0 Con el lema <b><i>\u201cVen y ver\u00e1s\u201d \/ \u201cZatoz ikustera\u201d<\/i><\/b>, voluntarios\/as de todos los proyectos, socios, colaboradores, familias, profesores de los tres colegios escolapios de Navarra y otras personas cercanas disfrutamos de un ma\u00f1ana para reflexionar y celebrar todo lo que hacemos y para so\u00f1ar con todo lo que aun nos queda por hacer en los pr\u00f3ximos a\u00f1os.\u00a0\u00a0\u00a0\u00a0\u00a0\u00a0\u00a0\u00a0\u00a0\u00a0\u00a0\u00a0\u00a0\u00a0\u00a0\u00a0\u00a0\u00a0\u00a0\u00a0\u00a0\u00a0\u00a0\u00a0\u00a0\u00a0\u00a0\u00a0\u00a0 \u00a0 \u00a0 \u00a0 \u00a0 \u00a0 \u00a0 \u00a0 \u00a0 \u00a0 \u00a0 \u00a0 \u00a0 \u00a0 \u00a0 \u00a0 \u00a0 \u00a0 \u00a0 \u00a0 \u00a0 \u00a0 \u00a0 \u00a0 \u00a0 \u00a0 \u00a0 \u00a0 \u00a0 \u00a0 \u00a0 \u00a0 \u00a0 \u00a0 \u00a0 \u00a0 \u00a0 \u00a0 \u00a0 \u00a0 \u00a0 \u00a0 \u00a0\u00a0\u00a0\u00a0 Tras la <b>acogida<\/b> y <b>bienvenida<\/b> (con acreditaci\u00f3n y <i>photocall<\/i>), comenzamos la ma\u00f1ana con la <b>charla <i>\u201cUna mirada a diez a\u00f1os de Itaka-Escolapios en Navarra\u201d<\/i><\/b>.\u00a0\u00a0\u00a0\u00a0\u00a0\u00a0\u00a0\u00a0\u00a0\u00a0\u00a0\u00a0\u00a0\u00a0\u00a0\u00a0\u00a0\u00a0\u00a0\u00a0\u00a0\u00a0\u00a0\u00a0\u00a0\u00a0\u00a0\u00a0\u00a0\u00a0\u00a0\u00a0\u00a0\u00a0\u00a0\u00a0\u00a0\u00a0\u00a0\u00a0\u00a0\u00a0\u00a0\u00a0\u00a0\u00a0\u00a0\u00a0\u00a0\u00a0\u00a0\u00a0\u00a0\u00a0\u00a0\u00a0\u00a0\u00a0\u00a0\u00a0\u00a0\u00a0\u00a0\u00a0\u00a0\u00a0\u00a0\u00a0\u00a0\u00a0\u00a0\u00a0\u00a0\u00a0\u00a0\u00a0\u00a0\u00a0\u00a0\u00a0\u00a0\u00a0\u00a0\u00a0\u00a0\u00a0\u00a0\u00a0\u00a0\u00a0\u00a0\u00a0\u00a0\u00a0\u00a0\u00a0\u00a0\u00a0\u00a0\u00a0\u00a0\u00a0\u00a0\u00a0\u00a0\u00a0\u00a0\u00a0\u00a0\u00a0\u00a0\u00a0\u00a0\u00a0\u00a0\u00a0\u00a0\u00a0\u00a0\u00a0\u00a0\u00a0\u00a0\u00a0\u00a0\u00a0\u00a0\u00a0\u00a0\u00a0\u00a0\u00a0\u00a0\u00a0\u00a0\u00a0\u00a0\u00a0\u00a0\u00a0\u00a0\u00a0\u00a0\u00a0\u00a0\u00a0\u00a0\u00a0\u00a0\u00a0\u00a0\u00a0\u00a0\u00a0 A continuaci\u00f3n, los participantes adultos, divididos en grupos, realizamos un recorrido por <b>tres <i>\u201cmiradas\u201d <\/i><\/b>que nos ha permitido profundizar en diferentes aspectos de la realidad de Itaka-Escolapios: <i>\u201cUna mirada al Sur\u201d<\/i>, <i>\u201cTransformar nuestra mirada \u2013 Mirar para transformar la realidad\u201d<\/i> y un <b><i>\u201cmuseo\u201d <\/i>con 10 paneles<\/b> en los que, de manera pl\u00e1stica e interactiva, resum\u00edamos la realidad de los <b>proyectos actuales de Itaka-Escolapios en Pamplona-Iru\u00f1a y Tafalla<\/b>: <b>Movimiento Calasanz\u2013 Calasanz Kideak<\/b>, <b>centro socioeducativo ikaskide<\/b>, en el casco viejo de Pamplona, <b>apoyo escolar Trastevere<\/b>, en Tafalla, <b>campa\u00f1as de sensibilizaci\u00f3n<\/b>, <b>albergue Txamantxoia<\/b>, <b>Captaci\u00f3n de recursos<\/b> y <b>Escuela de Educaci\u00f3n en el Tiempo Libre Lurberri<\/b>. \u00a0 \u00a0 \u00a0 \u00a0 \u00a0 \u00a0 \u00a0 \u00a0 \u00a0 \u00a0 \u00a0 \u00a0 \u00a0 \u00a0 \u00a0 \u00a0 \u00a0 \u00a0 \u00a0 \u00a0 \u00a0 \u00a0 \u00a0 \u00a0 \u00a0 \u00a0 \u00a0 \u00a0 \u00a0 \u00a0 \u00a0 \u00a0 \u00a0 \u00a0 \u00a0 \u00a0 \u00a0 \u00a0 \u00a0 \u00a0 \u00a0 \u00a0 \u00a0 \u00a0 \u00a0 \u00a0 \u00a0 \u00a0 \u00a0 \u00a0 \u00a0 \u00a0 \u00a0 \u00a0 \u00a0 \u00a0 \u00a0 \u00a0 \u00a0 \u00a0 \u00a0 \u00a0 \u00a0 Los <b>ni\u00f1os\/as<\/b> tambi\u00e9n tuvieron actividades durante la ma\u00f1ana: cuentacuentos, globoflexia, taller de pintar caras, din\u00e1micas, etc.\u00a0\u00a0\u00a0\u00a0\u00a0\u00a0\u00a0\u00a0\u00a0\u00a0\u00a0\u00a0\u00a0\u00a0\u00a0\u00a0\u00a0\u00a0\u00a0\u00a0\u00a0\u00a0\u00a0\u00a0\u00a0\u00a0\u00a0\u00a0\u00a0\u00a0\u00a0\u00a0\u00a0\u00a0\u00a0\u00a0\u00a0\u00a0\u00a0\u00a0\u00a0\u00a0\u00a0\u00a0\u00a0\u00a0\u00a0\u00a0\u00a0\u00a0\u00a0\u00a0\u00a0\u00a0\u00a0\u00a0\u00a0\u00a0\u00a0\u00a0\u00a0\u00a0\u00a0\u00a0\u00a0\u00a0\u00a0\u00a0\u00a0\u00a0\u00a0\u00a0\u00a0\u00a0\u00a0\u00a0\u00a0\u00a0\u00a0\u00a0\u00a0 \u00a0 \u00a0 \u00a0 \u00a0 \u00a0 \u00a0 \u00a0 \u00a0 \u00a0 \u00a0 \u00a0\u00a0 \u00a0\u00a0\u00a0 \u00a0 \u00a0 \u00a0 \u00a0 \u00a0 \u00a0 \u00a0 \u00a0 \u00a0 \u00a0 \u00a0 \u00a0 \u00a0 \u00a0 \u00a0 \u00a0 \u00a0 \u00a0 \u00a0 \u00a0\u00a0 Terminamos el encuentro viendo las <b>fotos del d\u00eda<\/b>, compartiendo un <b>aperitivo<\/b> y plasmando en unos paneles lo vivido en el encuentro y los <b>sue\u00f1os para Itaka-Escolapios dentro de 10 a\u00f1os<\/b>.\u00a0 Con la <b>foto final<\/b> de familia pusimos el broche al encuentro.\u00a0\u00a0\u00a0\u00a0\u00a0\u00a0\u00a0\u00a0\u00a0\u00a0\u00a0\u00a0\u00a0\u00a0\u00a0\u00a0\u00a0\u00a0\u00a0\u00a0\u00a0\u00a0\u00a0\u00a0\u00a0\u00a0\u00a0\u00a0\u00a0\u00a0\u00a0\u00a0\u00a0\u00a0\u00a0\u00a0\u00a0\u00a0\u00a0\u00a0\u00a0\u00a0\u00a0\u00a0\u00a0\u00a0\u00a0\u00a0\u00a0\u00a0\u00a0\u00a0\u00a0\u00a0\u00a0\u00a0\u00a0\u00a0\u00a0\u00a0\u00a0\u00a0\u00a0\u00a0\u00a0\u00a0\u00a0\u00a0\u00a0\u00a0\u00a0\u00a0\u00a0\u00a0\u00a0\u00a0\u00a0\u00a0\u00a0\u00a0\u00a0\u00a0\u00a0\u00a0\u00a0\u00a0\u00a0\u00a0\u00a0\u00a0\u00a0\u00a0\u00a0\u00a0\u00a0\u00a0\u00a0\u00a0\u00a0\u00a0\u00a0\u00a0\u00a0\u00a0\u00a0\u00a0\u00a0\u00a0\u00a0\u00a0\u00a0\u00a0\u00a0\u00a0\u00a0\u00a0\u00a0\u00a0\u00a0\u00a0\u00a0\u00a0\u00a0\u00a0\u00a0\u00a0\u00a0\u00a0\u00a0\u00a0\u00a0\u00a0\u00a0\u00a0\u00a0\u00a0\u00a0\u00a0\u00a0\u00a0\u00a0\u00a0\u00a0\u00a0\u00a0\u00a0\u00a0\u00a0\u00a0\u00a0\u00a0\u00a0\u00a0\u00a0\u00a0\u00a0\u00a0\u00a0\u00a0\u00a0\u00a0\u00a0\u00a0\u00a0\u00a0\u00a0\u00a0\u00a0\u00a0\u00a0\u00a0\u00a0\u00a0\u00a0\u00a0\u00a0\u00a0\u00a0\u00a0\u00a0\u00a0\u00a0\u00a0\u00a0\u00a0\u00a0\u00a0\u00a0\u00a0\u00a0\u00a0\u00a0\u00a0\u00a0\u00a0\u00a0\u00a0\u00a0\u00a0\u00a0\u00a0\u00a0\u00a0\u00a0\u00a0\u00a0\u00a0\u00a0\u00a0\u00a0\u00a0\u00a0\u00a0\u00a0\u00a0\u00a0\u00a0\u00a0\u00a0\u00a0\u00a0\u00a0\u00a0\u00a0\u00a0 Queremos dar las gracias a todos los que hab\u00e9is participado en este encuentro. Y sobre todo agradecer el trabajo y el apoyo diario a todos los proyectos de Itaka-Escolapios y a todas las personas a las que atendemos: los chavales de los grupos y de los apoyos escolares, los adultos de las clases de alfabetizaci\u00f3n, costura, inform\u00e1tica, curso de cuidadores&#8230; las personas que se acercan al servicio jur\u00eddico, al equipo social de Ikaskide, a la escuela de monitores, aquellos que se benefician de nuestros proyectos en el Sur&#8230;.. Por ellos y ellas, porque se merecen lo mejor que podamos construir entre todos en los pr\u00f3ximos a\u00f1os, y porque queremos acompa\u00f1arlos y\u00a0 que nos acompa\u00f1amen&#8230;. \u00a110 a\u00f1os m\u00e1s y todos lo que haga falta!\u00a0\u00a0\u00a0\u00a0\u00a0\u00a0\u00a0\u00a0\u00a0\u00a0\u00a0\u00a0\u00a0\u00a0\u00a0\u00a0\u00a0\u00a0\u00a0\u00a0\u00a0\u00a0\u00a0\u00a0\u00a0\u00a0\u00a0\u00a0\u00a0\u00a0\u00a0\u00a0\u00a0\u00a0\u00a0\u00a0\u00a0\u00a0\u00a0\u00a0\u00a0\u00a0\u00a0\u00a0\u00a0\u00a0\u00a0\u00a0\u00a0\u00a0\u00a0\u00a0\u00a0\u00a0\u00a0\u00a0\u00a0\u00a0\u00a0\u00a0\u00a0\u00a0\u00a0\u00a0\u00a0\u00a0\u00a0\u00a0\u00a0\u00a0\u00a0\u00a0\u00a0\u00a0\u00a0\u00a0\u00a0\u00a0\u00a0\u00a0\u00a0\u00a0\u00a0\u00a0\u00a0\u00a0\u00a0\u00a0 \u00a0 \u00a0 \u00a0 \u00a0 \u00a0 \u00a0 \u00a0 \u00a0 \u00a0 \u00a0 \u00a0 \u00a0 \u00a0 \u00a0 \u00a0 \u00a0 \u00a0 \u00a0 \u00a0 \u00a0 \u00a0 \u00a0 \u00a0 \u00a0 \u00a0 \u00a0 \u00a0 \u00a0 \u00a0 \u00a0 \u00a0 \u00a0 \u00a0 \u00a0 \u00a0 \u00a0 \u00a0 \u00a0 \u00a0 \u00a0 \u00a0 \u00a0 \u00a0 \u00a0 \u00a0 \u00a0 \u00a0 \u00a0 \u00a0 \u00a0 \u00a0 \u00a0 \u00a0 \u00a0 \u00a0 \u00a0 \u00a0 \u00a0 \u00a0 \u00a0 \u00a0 \u00a0 \u00a0 \u00a0 \u00a0 \u00a0 \u00a0 \u00a0 \u00a0 \u00a0 \u00a0 \u00a0 \u00a0 \u00a0 \u00a0\u00a0 \u00a0 \u00a0 \u00a0 \u00a0 \u00a0 \u00a0 \u00a0 \u00a0 \u00a0 \u00a0 \u00a0 \u00a0 \u00a0 \u00a0 \u00a0 \u00a0 \u00a0 \u00a0 \u00a0 \u00a0 \u00a0 \u00a0 \u00a0\u00a0 Agradecer tambi\u00e9n a todos los que desde hace much\u00edsimos a\u00f1os (\u00a1muchos m\u00e1s de 10!) han trabajado para que lleguemos hasta aqu\u00ed. Porque la presencia escolapia en Tafalla y Pamplona-Iru\u00f1a\u00a0 y el trabajo de voluntarios en tantos proyectos se viene desarrollando desde hace much\u00edsimo tiempo y ha hecho posible que seamos lo que somos hoy.\u00a0\u00a0\u00a0\u00a0\u00a0\u00a0\u00a0\u00a0\u00a0\u00a0\u00a0\u00a0\u00a0\u00a0\u00a0\u00a0\u00a0\u00a0\u00a0\u00a0\u00a0\u00a0\u00a0\u00a0\u00a0\u00a0\u00a0\u00a0\u00a0\u00a0\u00a0\u00a0\u00a0\u00a0\u00a0\u00a0\u00a0\u00a0\u00a0\u00a0\u00a0\u00a0\u00a0\u00a0\u00a0\u00a0\u00a0\u00a0\u00a0\u00a0\u00a0\u00a0\u00a0\u00a0\u00a0\u00a0\u00a0\u00a0\u00a0\u00a0\u00a0\u00a0\u00a0\u00a0\u00a0\u00a0\u00a0\u00a0\u00a0 \u00a0 \u00a0 \u00a0 \u00a0 \u00a0 \u00a0 \u00a0 \u00a0 \u00a0 \u00a0 \u00a0 \u00a0 \u00a0 \u00a0 \u00a0 \u00a0 \u00a0 \u00a0 \u00a0 \u00a0 \u00a0 \u00a0 \u00a0 \u00a0 \u00a0 \u00a0 \u00a0 \u00a0 \u00a0 \u00a0 \u00a0 \u00a0 \u00a0 \u00a0 \u00a0 \u00a0 \u00a0 \u00a0 \u00a0 \u00a0 \u00a0 \u00a0 \u00a0 \u00a0 \u00a0 \u00a0 \u00a0 \u00a0 \u00a0 \u00a0 \u00a0 \u00a0 \u00a0 \u00a0 \u00a0 \u00a0 \u00a0 \u00a0 \u00a0 \u00a0 \u00a0 \u00a0 \u00a0 \u00a0 \u00a0 \u00a0 \u00a0 \u00a0 \u00a0 \u00a0 \u00a0 \u00a0 \u00a0 \u00a0 \u00a0 \u00a0 \u00a0 \u00a0 \u00a0 \u00a0 \u00a0 \u00a0 \u00a0 \u00a0 \u00a0 \u00a0 \u00a0 \u00a0 \u00a0 \u00a0 \u00a0 \u00a0 \u00a0 \u00a0 \u00a0 \u00a0 \u00a0\u00a0 Por toda esa larga historia de trabajo y solidaridad&#8230;\u00a1much\u00edsimas gracias! Zorionak! Seguimos adelante. Zatoz ikustera!<a href=\"https:\/\/www.itakaescolapios.org\/wp-content\/uploads\/2015\/04\/MG_9151.jpg\"><img decoding=\"async\" class=\"aligncenter size-medium wp-image-12517\" alt=\"_MG_9151\" src=\"https:\/\/www.itakaescolapios.org\/wp-content\/uploads\/2015\/04\/MG_9151-300x200.jpg\" width=\"300\" height=\"200\" srcset=\"https:\/\/www.itakaescolapios.org\/wp-content\/uploads\/2015\/04\/MG_9151-300x200.jpg 300w, https:\/\/www.itakaescolapios.org\/wp-content\/uploads\/2015\/04\/MG_9151-1024x682.jpg 1024w, https:\/\/www.itakaescolapios.org\/wp-content\/uploads\/2015\/04\/MG_9151-250x166.jpg 250w, https:\/\/www.itakaescolapios.org\/wp-content\/uploads\/2015\/04\/MG_9151.jpg 2000w\" sizes=\"(max-width: 300px) 100vw, 300px\" \/><\/a> <a href=\"https:\/\/www.itakaescolapios.org\/wp-content\/uploads\/2015\/04\/MG_9199.jpg\"><img decoding=\"async\" class=\"aligncenter size-medium wp-image-12518\" alt=\"_MG_9199\" src=\"https:\/\/www.itakaescolapios.org\/wp-content\/uploads\/2015\/04\/MG_9199-300x200.jpg\" width=\"300\" height=\"200\" srcset=\"https:\/\/www.itakaescolapios.org\/wp-content\/uploads\/2015\/04\/MG_9199-300x200.jpg 300w, https:\/\/www.itakaescolapios.org\/wp-content\/uploads\/2015\/04\/MG_9199-1024x682.jpg 1024w, https:\/\/www.itakaescolapios.org\/wp-content\/uploads\/2015\/04\/MG_9199-250x166.jpg 250w, https:\/\/www.itakaescolapios.org\/wp-content\/uploads\/2015\/04\/MG_9199.jpg 2000w\" sizes=\"(max-width: 300px) 100vw, 300px\" \/><\/a> <a href=\"https:\/\/www.itakaescolapios.org\/wp-content\/uploads\/2015\/04\/MG_9174.jpg\"><img decoding=\"async\" class=\"aligncenter size-medium wp-image-12519\" alt=\"_MG_9174\" src=\"https:\/\/www.itakaescolapios.org\/wp-content\/uploads\/2015\/04\/MG_9174-300x200.jpg\" width=\"300\" height=\"200\" srcset=\"https:\/\/www.itakaescolapios.org\/wp-content\/uploads\/2015\/04\/MG_9174-300x200.jpg 300w, https:\/\/www.itakaescolapios.org\/wp-content\/uploads\/2015\/04\/MG_9174-1024x682.jpg 1024w, https:\/\/www.itakaescolapios.org\/wp-content\/uploads\/2015\/04\/MG_9174-250x166.jpg 250w, https:\/\/www.itakaescolapios.org\/wp-content\/uploads\/2015\/04\/MG_9174.jpg 2000w\" sizes=\"(max-width: 300px) 100vw, 300px\" \/><\/a> <a href=\"https:\/\/www.itakaescolapios.org\/wp-content\/uploads\/2015\/04\/MG_9188.jpg\"><img decoding=\"async\" class=\"aligncenter size-medium wp-image-12520\" alt=\"_MG_9188\" src=\"https:\/\/www.itakaescolapios.org\/wp-content\/uploads\/2015\/04\/MG_9188-300x200.jpg\" width=\"300\" height=\"200\" srcset=\"https:\/\/www.itakaescolapios.org\/wp-content\/uploads\/2015\/04\/MG_9188-300x200.jpg 300w, https:\/\/www.itakaescolapios.org\/wp-content\/uploads\/2015\/04\/MG_9188-1024x682.jpg 1024w, https:\/\/www.itakaescolapios.org\/wp-content\/uploads\/2015\/04\/MG_9188-250x166.jpg 250w, https:\/\/www.itakaescolapios.org\/wp-content\/uploads\/2015\/04\/MG_9188.jpg 2000w\" sizes=\"(max-width: 300px) 100vw, 300px\" \/><\/a> <a href=\"https:\/\/www.itakaescolapios.org\/wp-content\/uploads\/2015\/04\/MG_92411.jpg\"><img decoding=\"async\" class=\"aligncenter size-medium wp-image-12527\" alt=\"_MG_9241\" src=\"https:\/\/www.itakaescolapios.org\/wp-content\/uploads\/2015\/04\/MG_92411-300x200.jpg\" width=\"300\" height=\"200\" srcset=\"https:\/\/www.itakaescolapios.org\/wp-content\/uploads\/2015\/04\/MG_92411-300x200.jpg 300w, https:\/\/www.itakaescolapios.org\/wp-content\/uploads\/2015\/04\/MG_92411-1024x682.jpg 1024w, https:\/\/www.itakaescolapios.org\/wp-content\/uploads\/2015\/04\/MG_92411-250x166.jpg 250w, https:\/\/www.itakaescolapios.org\/wp-content\/uploads\/2015\/04\/MG_92411.jpg 2000w\" sizes=\"(max-width: 300px) 100vw, 300px\" \/><\/a> <a href=\"https:\/\/www.itakaescolapios.org\/wp-content\/uploads\/2015\/04\/MG_9246.jpg\"><img decoding=\"async\" class=\"aligncenter size-medium wp-image-12525\" alt=\"_MG_9246\" src=\"https:\/\/www.itakaescolapios.org\/wp-content\/uploads\/2015\/04\/MG_9246-300x200.jpg\" width=\"300\" height=\"200\" srcset=\"https:\/\/www.itakaescolapios.org\/wp-content\/uploads\/2015\/04\/MG_9246-300x200.jpg 300w, https:\/\/www.itakaescolapios.org\/wp-content\/uploads\/2015\/04\/MG_9246-1024x682.jpg 1024w, https:\/\/www.itakaescolapios.org\/wp-content\/uploads\/2015\/04\/MG_9246-250x166.jpg 250w, https:\/\/www.itakaescolapios.org\/wp-content\/uploads\/2015\/04\/MG_9246.jpg 2000w\" sizes=\"(max-width: 300px) 100vw, 300px\" \/><\/a> <a href=\"https:\/\/www.itakaescolapios.org\/wp-content\/uploads\/2015\/04\/MG_9255.jpg\"><img decoding=\"async\" class=\"aligncenter size-medium wp-image-12524\" alt=\"_MG_9255\" src=\"https:\/\/www.itakaescolapios.org\/wp-content\/uploads\/2015\/04\/MG_9255-300x200.jpg\" width=\"300\" height=\"200\" srcset=\"https:\/\/www.itakaescolapios.org\/wp-content\/uploads\/2015\/04\/MG_9255-300x200.jpg 300w, https:\/\/www.itakaescolapios.org\/wp-content\/uploads\/2015\/04\/MG_9255-1024x682.jpg 1024w, https:\/\/www.itakaescolapios.org\/wp-content\/uploads\/2015\/04\/MG_9255-250x166.jpg 250w, https:\/\/www.itakaescolapios.org\/wp-content\/uploads\/2015\/04\/MG_9255.jpg 2000w\" sizes=\"(max-width: 300px) 100vw, 300px\" \/><\/a> <a href=\"https:\/\/www.itakaescolapios.org\/wp-content\/uploads\/2015\/04\/MG_9254.jpg\"><img decoding=\"async\" class=\"aligncenter size-medium wp-image-12523\" alt=\"_MG_9254\" src=\"https:\/\/www.itakaescolapios.org\/wp-content\/uploads\/2015\/04\/MG_9254-300x200.jpg\" width=\"300\" height=\"200\" srcset=\"https:\/\/www.itakaescolapios.org\/wp-content\/uploads\/2015\/04\/MG_9254-300x200.jpg 300w, https:\/\/www.itakaescolapios.org\/wp-content\/uploads\/2015\/04\/MG_9254-1024x682.jpg 1024w, https:\/\/www.itakaescolapios.org\/wp-content\/uploads\/2015\/04\/MG_9254-250x166.jpg 250w, https:\/\/www.itakaescolapios.org\/wp-content\/uploads\/2015\/04\/MG_9254.jpg 2000w\" sizes=\"(max-width: 300px) 100vw, 300px\" \/><\/a> <a href=\"https:\/\/www.itakaescolapios.org\/wp-content\/uploads\/2015\/04\/MG_9247.jpg\"><img decoding=\"async\" class=\"aligncenter size-medium wp-image-12522\" alt=\"_MG_9247\" src=\"https:\/\/www.itakaescolapios.org\/wp-content\/uploads\/2015\/04\/MG_9247-300x200.jpg\" width=\"300\" height=\"200\" srcset=\"https:\/\/www.itakaescolapios.org\/wp-content\/uploads\/2015\/04\/MG_9247-300x200.jpg 300w, https:\/\/www.itakaescolapios.org\/wp-content\/uploads\/2015\/04\/MG_9247-1024x682.jpg 1024w, https:\/\/www.itakaescolapios.org\/wp-content\/uploads\/2015\/04\/MG_9247-250x166.jpg 250w, https:\/\/www.itakaescolapios.org\/wp-content\/uploads\/2015\/04\/MG_9247.jpg 2000w\" sizes=\"(max-width: 300px) 100vw, 300px\" \/><\/a> <a href=\"https:\/\/www.itakaescolapios.org\/wp-content\/uploads\/2015\/04\/MG_9245.jpg\"><img decoding=\"async\" class=\"aligncenter size-medium wp-image-12521\" alt=\"_MG_9245\" src=\"https:\/\/www.itakaescolapios.org\/wp-content\/uploads\/2015\/04\/MG_9245-300x200.jpg\" width=\"300\" height=\"200\" srcset=\"https:\/\/www.itakaescolapios.org\/wp-content\/uploads\/2015\/04\/MG_9245-300x200.jpg 300w, https:\/\/www.itakaescolapios.org\/wp-content\/uploads\/2015\/04\/MG_9245-1024x682.jpg 1024w, https:\/\/www.itakaescolapios.org\/wp-content\/uploads\/2015\/04\/MG_9245-250x166.jpg 250w, https:\/\/www.itakaescolapios.org\/wp-content\/uploads\/2015\/04\/MG_9245.jpg 2000w\" sizes=\"(max-width: 300px) 100vw, 300px\" \/><\/a><\/p>\n","protected":false},"excerpt":{"rendered":"<p>Finalmente, ayer s\u00e1bado, 25 de abril, nos reunimos 200 personas, entre adultos y peques, en el Colegio Calasanz-Escolapios (Pamplona-Iru\u00f1a), para celebrar juntos el 10\u00ba aniversario de Itaka-Escolapios en Navarra.\u00a0\u00a0\u00a0\u00a0\u00a0\u00a0\u00a0\u00a0\u00a0\u00a0\u00a0 \u00a0 [&hellip;]<\/p>\n","protected":false},"author":29,"featured_media":12516,"comment_status":"closed","ping_status":"closed","sticky":false,"template":"","format":"standard","meta":{"_et_pb_use_builder":"","_et_pb_old_content":"","_et_gb_content_width":"","footnotes":""},"categories":[20],"tags":[],"class_list":["post-12511","post","type-post","status-publish","format-standard","has-post-thumbnail","hentry","category-pamplona-iruna"],"yoast_head":"<!-- This site is optimized with the Yoast SEO plugin v27.4 - https:\/\/yoast.com\/product\/yoast-seo-wordpress\/ -->\n<title>Un gran d\u00eda de fiesta para Itaka-Escolapios Navarra. Zorionak guztioi! - Itaka-Escolapios<\/title>\n<meta name=\"robots\" content=\"index, follow, max-snippet:-1, max-image-preview:large, max-video-preview:-1\" \/>\n<link rel=\"canonical\" href=\"https:\/\/www.itakaescolapios.org\/es\/2015\/04\/un-gran-dia-de-fiesta-para-itaka-escolapios-navarra-zorionak-guztioi\/\" \/>\n<meta property=\"og:locale\" content=\"es_ES\" \/>\n<meta property=\"og:type\" content=\"article\" \/>\n<meta property=\"og:title\" content=\"Un gran d\u00eda de fiesta para Itaka-Escolapios Navarra. Zorionak guztioi! - Itaka-Escolapios\" \/>\n<meta property=\"og:description\" content=\"Finalmente, ayer s\u00e1bado, 25 de abril, nos reunimos 200 personas, entre adultos y peques, en el Colegio Calasanz-Escolapios (Pamplona-Iru\u00f1a), para celebrar juntos el 10\u00ba aniversario de Itaka-Escolapios en Navarra.\u00a0\u00a0\u00a0\u00a0\u00a0\u00a0\u00a0\u00a0\u00a0\u00a0\u00a0 \u00a0 [&hellip;]\" \/>\n<meta property=\"og:url\" content=\"https:\/\/www.itakaescolapios.org\/es\/2015\/04\/un-gran-dia-de-fiesta-para-itaka-escolapios-navarra-zorionak-guztioi\/\" \/>\n<meta property=\"og:site_name\" content=\"Itaka-Escolapios\" \/>\n<meta property=\"article:published_time\" content=\"2015-04-26T12:14:21+00:00\" \/>\n<meta property=\"article:modified_time\" content=\"2023-11-28T11:38:42+00:00\" \/>\n<meta property=\"og:image\" content=\"https:\/\/www.itakaescolapios.org\/wp-content\/uploads\/2015\/04\/MG_9241.jpg\" \/>\n\t<meta property=\"og:image:width\" content=\"2000\" \/>\n\t<meta property=\"og:image:height\" content=\"1333\" \/>\n\t<meta property=\"og:image:type\" content=\"image\/jpeg\" \/>\n<meta name=\"author\" content=\"pamplona01\" \/>\n<meta name=\"twitter:card\" content=\"summary_large_image\" \/>\n<meta name=\"twitter:label1\" content=\"Escrito por\" \/>\n\t<meta name=\"twitter:data1\" content=\"pamplona01\" \/>\n\t<meta name=\"twitter:label2\" content=\"Tiempo de lectura\" \/>\n\t<meta name=\"twitter:data2\" content=\"2 minutos\" \/>\n<script type=\"application\/ld+json\" class=\"yoast-schema-graph\">{\"@context\":\"https:\\\/\\\/schema.org\",\"@graph\":[{\"@type\":\"Article\",\"@id\":\"https:\\\/\\\/www.itakaescolapios.org\\\/es\\\/2015\\\/04\\\/un-gran-dia-de-fiesta-para-itaka-escolapios-navarra-zorionak-guztioi\\\/#article\",\"isPartOf\":{\"@id\":\"https:\\\/\\\/www.itakaescolapios.org\\\/es\\\/2015\\\/04\\\/un-gran-dia-de-fiesta-para-itaka-escolapios-navarra-zorionak-guztioi\\\/\"},\"author\":{\"name\":\"pamplona01\",\"@id\":\"https:\\\/\\\/www.itakaescolapios.org\\\/es\\\/#\\\/schema\\\/person\\\/a44de70f9a43a90c3e0f59aaaffd61f3\"},\"headline\":\"Un gran d\u00eda de fiesta para Itaka-Escolapios Navarra. Zorionak guztioi!\",\"datePublished\":\"2015-04-26T12:14:21+00:00\",\"dateModified\":\"2023-11-28T11:38:42+00:00\",\"mainEntityOfPage\":{\"@id\":\"https:\\\/\\\/www.itakaescolapios.org\\\/es\\\/2015\\\/04\\\/un-gran-dia-de-fiesta-para-itaka-escolapios-navarra-zorionak-guztioi\\\/\"},\"wordCount\":508,\"publisher\":{\"@id\":\"https:\\\/\\\/www.itakaescolapios.org\\\/es\\\/#organization\"},\"image\":{\"@id\":\"https:\\\/\\\/www.itakaescolapios.org\\\/es\\\/2015\\\/04\\\/un-gran-dia-de-fiesta-para-itaka-escolapios-navarra-zorionak-guztioi\\\/#primaryimage\"},\"thumbnailUrl\":\"https:\\\/\\\/www.itakaescolapios.org\\\/wp-content\\\/uploads\\\/2015\\\/04\\\/MG_9241.jpg\",\"articleSection\":[\"Pamplona-Iru\u00f1a\"],\"inLanguage\":\"es\"},{\"@type\":\"WebPage\",\"@id\":\"https:\\\/\\\/www.itakaescolapios.org\\\/es\\\/2015\\\/04\\\/un-gran-dia-de-fiesta-para-itaka-escolapios-navarra-zorionak-guztioi\\\/\",\"url\":\"https:\\\/\\\/www.itakaescolapios.org\\\/es\\\/2015\\\/04\\\/un-gran-dia-de-fiesta-para-itaka-escolapios-navarra-zorionak-guztioi\\\/\",\"name\":\"Un gran d\u00eda de fiesta para Itaka-Escolapios Navarra. Zorionak guztioi! - Itaka-Escolapios\",\"isPartOf\":{\"@id\":\"https:\\\/\\\/www.itakaescolapios.org\\\/es\\\/#website\"},\"primaryImageOfPage\":{\"@id\":\"https:\\\/\\\/www.itakaescolapios.org\\\/es\\\/2015\\\/04\\\/un-gran-dia-de-fiesta-para-itaka-escolapios-navarra-zorionak-guztioi\\\/#primaryimage\"},\"image\":{\"@id\":\"https:\\\/\\\/www.itakaescolapios.org\\\/es\\\/2015\\\/04\\\/un-gran-dia-de-fiesta-para-itaka-escolapios-navarra-zorionak-guztioi\\\/#primaryimage\"},\"thumbnailUrl\":\"https:\\\/\\\/www.itakaescolapios.org\\\/wp-content\\\/uploads\\\/2015\\\/04\\\/MG_9241.jpg\",\"datePublished\":\"2015-04-26T12:14:21+00:00\",\"dateModified\":\"2023-11-28T11:38:42+00:00\",\"breadcrumb\":{\"@id\":\"https:\\\/\\\/www.itakaescolapios.org\\\/es\\\/2015\\\/04\\\/un-gran-dia-de-fiesta-para-itaka-escolapios-navarra-zorionak-guztioi\\\/#breadcrumb\"},\"inLanguage\":\"es\",\"potentialAction\":[{\"@type\":\"ReadAction\",\"target\":[\"https:\\\/\\\/www.itakaescolapios.org\\\/es\\\/2015\\\/04\\\/un-gran-dia-de-fiesta-para-itaka-escolapios-navarra-zorionak-guztioi\\\/\"]}]},{\"@type\":\"ImageObject\",\"inLanguage\":\"es\",\"@id\":\"https:\\\/\\\/www.itakaescolapios.org\\\/es\\\/2015\\\/04\\\/un-gran-dia-de-fiesta-para-itaka-escolapios-navarra-zorionak-guztioi\\\/#primaryimage\",\"url\":\"https:\\\/\\\/www.itakaescolapios.org\\\/wp-content\\\/uploads\\\/2015\\\/04\\\/MG_9241.jpg\",\"contentUrl\":\"https:\\\/\\\/www.itakaescolapios.org\\\/wp-content\\\/uploads\\\/2015\\\/04\\\/MG_9241.jpg\",\"width\":2000,\"height\":1333},{\"@type\":\"BreadcrumbList\",\"@id\":\"https:\\\/\\\/www.itakaescolapios.org\\\/es\\\/2015\\\/04\\\/un-gran-dia-de-fiesta-para-itaka-escolapios-navarra-zorionak-guztioi\\\/#breadcrumb\",\"itemListElement\":[{\"@type\":\"ListItem\",\"position\":1,\"name\":\"Portada\",\"item\":\"https:\\\/\\\/www.itakaescolapios.org\\\/es\\\/\"},{\"@type\":\"ListItem\",\"position\":2,\"name\":\"Un gran d\u00eda de fiesta para Itaka-Escolapios Navarra. Zorionak guztioi!\"}]},{\"@type\":\"WebSite\",\"@id\":\"https:\\\/\\\/www.itakaescolapios.org\\\/es\\\/#website\",\"url\":\"https:\\\/\\\/www.itakaescolapios.org\\\/es\\\/\",\"name\":\"Itaka-Escolapios\",\"description\":\"Red de Itaka-Escolapios\",\"publisher\":{\"@id\":\"https:\\\/\\\/www.itakaescolapios.org\\\/es\\\/#organization\"},\"potentialAction\":[{\"@type\":\"SearchAction\",\"target\":{\"@type\":\"EntryPoint\",\"urlTemplate\":\"https:\\\/\\\/www.itakaescolapios.org\\\/es\\\/?s={search_term_string}\"},\"query-input\":{\"@type\":\"PropertyValueSpecification\",\"valueRequired\":true,\"valueName\":\"search_term_string\"}}],\"inLanguage\":\"es\"},{\"@type\":\"Organization\",\"@id\":\"https:\\\/\\\/www.itakaescolapios.org\\\/es\\\/#organization\",\"name\":\"Fundaci\u00f3 Itaka-Escolapios\",\"url\":\"https:\\\/\\\/www.itakaescolapios.org\\\/es\\\/\",\"logo\":{\"@type\":\"ImageObject\",\"inLanguage\":\"es\",\"@id\":\"https:\\\/\\\/www.itakaescolapios.org\\\/es\\\/#\\\/schema\\\/logo\\\/image\\\/\",\"url\":\"https:\\\/\\\/www.itakaescolapios.org\\\/wp-content\\\/uploads\\\/2024\\\/04\\\/Logo-itakaescolapios-peque.png\",\"contentUrl\":\"https:\\\/\\\/www.itakaescolapios.org\\\/wp-content\\\/uploads\\\/2024\\\/04\\\/Logo-itakaescolapios-peque.png\",\"width\":500,\"height\":199,\"caption\":\"Fundaci\u00f3 Itaka-Escolapios\"},\"image\":{\"@id\":\"https:\\\/\\\/www.itakaescolapios.org\\\/es\\\/#\\\/schema\\\/logo\\\/image\\\/\"}},{\"@type\":\"Person\",\"@id\":\"https:\\\/\\\/www.itakaescolapios.org\\\/es\\\/#\\\/schema\\\/person\\\/a44de70f9a43a90c3e0f59aaaffd61f3\",\"name\":\"pamplona01\",\"url\":\"https:\\\/\\\/www.itakaescolapios.org\\\/es\\\/author\\\/pamplona01\\\/\"}]}<\/script>\n<!-- \/ Yoast SEO plugin. -->","yoast_head_json":{"title":"Un gran d\u00eda de fiesta para Itaka-Escolapios Navarra. Zorionak guztioi! - Itaka-Escolapios","robots":{"index":"index","follow":"follow","max-snippet":"max-snippet:-1","max-image-preview":"max-image-preview:large","max-video-preview":"max-video-preview:-1"},"canonical":"https:\/\/www.itakaescolapios.org\/es\/2015\/04\/un-gran-dia-de-fiesta-para-itaka-escolapios-navarra-zorionak-guztioi\/","og_locale":"es_ES","og_type":"article","og_title":"Un gran d\u00eda de fiesta para Itaka-Escolapios Navarra. Zorionak guztioi! - Itaka-Escolapios","og_description":"Finalmente, ayer s\u00e1bado, 25 de abril, nos reunimos 200 personas, entre adultos y peques, en el Colegio Calasanz-Escolapios (Pamplona-Iru\u00f1a), para celebrar juntos el 10\u00ba aniversario de Itaka-Escolapios en Navarra.\u00a0\u00a0\u00a0\u00a0\u00a0\u00a0\u00a0\u00a0\u00a0\u00a0\u00a0 \u00a0 [&hellip;]","og_url":"https:\/\/www.itakaescolapios.org\/es\/2015\/04\/un-gran-dia-de-fiesta-para-itaka-escolapios-navarra-zorionak-guztioi\/","og_site_name":"Itaka-Escolapios","article_published_time":"2015-04-26T12:14:21+00:00","article_modified_time":"2023-11-28T11:38:42+00:00","og_image":[{"width":2000,"height":1333,"url":"https:\/\/www.itakaescolapios.org\/wp-content\/uploads\/2015\/04\/MG_9241.jpg","type":"image\/jpeg"}],"author":"pamplona01","twitter_card":"summary_large_image","twitter_misc":{"Escrito por":"pamplona01","Tiempo de lectura":"2 minutos"},"schema":{"@context":"https:\/\/schema.org","@graph":[{"@type":"Article","@id":"https:\/\/www.itakaescolapios.org\/es\/2015\/04\/un-gran-dia-de-fiesta-para-itaka-escolapios-navarra-zorionak-guztioi\/#article","isPartOf":{"@id":"https:\/\/www.itakaescolapios.org\/es\/2015\/04\/un-gran-dia-de-fiesta-para-itaka-escolapios-navarra-zorionak-guztioi\/"},"author":{"name":"pamplona01","@id":"https:\/\/www.itakaescolapios.org\/es\/#\/schema\/person\/a44de70f9a43a90c3e0f59aaaffd61f3"},"headline":"Un gran d\u00eda de fiesta para Itaka-Escolapios Navarra. Zorionak guztioi!","datePublished":"2015-04-26T12:14:21+00:00","dateModified":"2023-11-28T11:38:42+00:00","mainEntityOfPage":{"@id":"https:\/\/www.itakaescolapios.org\/es\/2015\/04\/un-gran-dia-de-fiesta-para-itaka-escolapios-navarra-zorionak-guztioi\/"},"wordCount":508,"publisher":{"@id":"https:\/\/www.itakaescolapios.org\/es\/#organization"},"image":{"@id":"https:\/\/www.itakaescolapios.org\/es\/2015\/04\/un-gran-dia-de-fiesta-para-itaka-escolapios-navarra-zorionak-guztioi\/#primaryimage"},"thumbnailUrl":"https:\/\/www.itakaescolapios.org\/wp-content\/uploads\/2015\/04\/MG_9241.jpg","articleSection":["Pamplona-Iru\u00f1a"],"inLanguage":"es"},{"@type":"WebPage","@id":"https:\/\/www.itakaescolapios.org\/es\/2015\/04\/un-gran-dia-de-fiesta-para-itaka-escolapios-navarra-zorionak-guztioi\/","url":"https:\/\/www.itakaescolapios.org\/es\/2015\/04\/un-gran-dia-de-fiesta-para-itaka-escolapios-navarra-zorionak-guztioi\/","name":"Un gran d\u00eda de fiesta para Itaka-Escolapios Navarra. Zorionak guztioi! - Itaka-Escolapios","isPartOf":{"@id":"https:\/\/www.itakaescolapios.org\/es\/#website"},"primaryImageOfPage":{"@id":"https:\/\/www.itakaescolapios.org\/es\/2015\/04\/un-gran-dia-de-fiesta-para-itaka-escolapios-navarra-zorionak-guztioi\/#primaryimage"},"image":{"@id":"https:\/\/www.itakaescolapios.org\/es\/2015\/04\/un-gran-dia-de-fiesta-para-itaka-escolapios-navarra-zorionak-guztioi\/#primaryimage"},"thumbnailUrl":"https:\/\/www.itakaescolapios.org\/wp-content\/uploads\/2015\/04\/MG_9241.jpg","datePublished":"2015-04-26T12:14:21+00:00","dateModified":"2023-11-28T11:38:42+00:00","breadcrumb":{"@id":"https:\/\/www.itakaescolapios.org\/es\/2015\/04\/un-gran-dia-de-fiesta-para-itaka-escolapios-navarra-zorionak-guztioi\/#breadcrumb"},"inLanguage":"es","potentialAction":[{"@type":"ReadAction","target":["https:\/\/www.itakaescolapios.org\/es\/2015\/04\/un-gran-dia-de-fiesta-para-itaka-escolapios-navarra-zorionak-guztioi\/"]}]},{"@type":"ImageObject","inLanguage":"es","@id":"https:\/\/www.itakaescolapios.org\/es\/2015\/04\/un-gran-dia-de-fiesta-para-itaka-escolapios-navarra-zorionak-guztioi\/#primaryimage","url":"https:\/\/www.itakaescolapios.org\/wp-content\/uploads\/2015\/04\/MG_9241.jpg","contentUrl":"https:\/\/www.itakaescolapios.org\/wp-content\/uploads\/2015\/04\/MG_9241.jpg","width":2000,"height":1333},{"@type":"BreadcrumbList","@id":"https:\/\/www.itakaescolapios.org\/es\/2015\/04\/un-gran-dia-de-fiesta-para-itaka-escolapios-navarra-zorionak-guztioi\/#breadcrumb","itemListElement":[{"@type":"ListItem","position":1,"name":"Portada","item":"https:\/\/www.itakaescolapios.org\/es\/"},{"@type":"ListItem","position":2,"name":"Un gran d\u00eda de fiesta para Itaka-Escolapios Navarra. Zorionak guztioi!"}]},{"@type":"WebSite","@id":"https:\/\/www.itakaescolapios.org\/es\/#website","url":"https:\/\/www.itakaescolapios.org\/es\/","name":"Itaka-Escolapios","description":"Red de Itaka-Escolapios","publisher":{"@id":"https:\/\/www.itakaescolapios.org\/es\/#organization"},"potentialAction":[{"@type":"SearchAction","target":{"@type":"EntryPoint","urlTemplate":"https:\/\/www.itakaescolapios.org\/es\/?s={search_term_string}"},"query-input":{"@type":"PropertyValueSpecification","valueRequired":true,"valueName":"search_term_string"}}],"inLanguage":"es"},{"@type":"Organization","@id":"https:\/\/www.itakaescolapios.org\/es\/#organization","name":"Fundaci\u00f3 Itaka-Escolapios","url":"https:\/\/www.itakaescolapios.org\/es\/","logo":{"@type":"ImageObject","inLanguage":"es","@id":"https:\/\/www.itakaescolapios.org\/es\/#\/schema\/logo\/image\/","url":"https:\/\/www.itakaescolapios.org\/wp-content\/uploads\/2024\/04\/Logo-itakaescolapios-peque.png","contentUrl":"https:\/\/www.itakaescolapios.org\/wp-content\/uploads\/2024\/04\/Logo-itakaescolapios-peque.png","width":500,"height":199,"caption":"Fundaci\u00f3 Itaka-Escolapios"},"image":{"@id":"https:\/\/www.itakaescolapios.org\/es\/#\/schema\/logo\/image\/"}},{"@type":"Person","@id":"https:\/\/www.itakaescolapios.org\/es\/#\/schema\/person\/a44de70f9a43a90c3e0f59aaaffd61f3","name":"pamplona01","url":"https:\/\/www.itakaescolapios.org\/es\/author\/pamplona01\/"}]}},"_links":{"self":[{"href":"https:\/\/www.itakaescolapios.org\/es\/wp-json\/wp\/v2\/posts\/12511","targetHints":{"allow":["GET"]}}],"collection":[{"href":"https:\/\/www.itakaescolapios.org\/es\/wp-json\/wp\/v2\/posts"}],"about":[{"href":"https:\/\/www.itakaescolapios.org\/es\/wp-json\/wp\/v2\/types\/post"}],"author":[{"embeddable":true,"href":"https:\/\/www.itakaescolapios.org\/es\/wp-json\/wp\/v2\/users\/29"}],"replies":[{"embeddable":true,"href":"https:\/\/www.itakaescolapios.org\/es\/wp-json\/wp\/v2\/comments?post=12511"}],"version-history":[{"count":4,"href":"https:\/\/www.itakaescolapios.org\/es\/wp-json\/wp\/v2\/posts\/12511\/revisions"}],"predecessor-version":[{"id":12534,"href":"https:\/\/www.itakaescolapios.org\/es\/wp-json\/wp\/v2\/posts\/12511\/revisions\/12534"}],"wp:featuredmedia":[{"embeddable":true,"href":"https:\/\/www.itakaescolapios.org\/es\/wp-json\/wp\/v2\/media\/12516"}],"wp:attachment":[{"href":"https:\/\/www.itakaescolapios.org\/es\/wp-json\/wp\/v2\/media?parent=12511"}],"wp:term":[{"taxonomy":"category","embeddable":true,"href":"https:\/\/www.itakaescolapios.org\/es\/wp-json\/wp\/v2\/categories?post=12511"},{"taxonomy":"post_tag","embeddable":true,"href":"https:\/\/www.itakaescolapios.org\/es\/wp-json\/wp\/v2\/tags?post=12511"}],"curies":[{"name":"wp","href":"https:\/\/api.w.org\/{rel}","templated":true}]}}