{"id":14082,"date":"2015-11-25T10:39:11","date_gmt":"2015-11-25T09:39:11","guid":{"rendered":"https:\/\/www.itakaescolapios.org\/?p=14082"},"modified":"2023-11-28T12:38:33","modified_gmt":"2023-11-28T11:38:33","slug":"primer-encuentro-formativo-del-curso-en-valencia","status":"publish","type":"post","link":"https:\/\/www.itakaescolapios.org\/es\/2015\/11\/primer-encuentro-formativo-del-curso-en-valencia\/","title":{"rendered":"PRIMER ENCUENTRO FORMATIVO DEL CURSO EN VALENCIA"},"content":{"rendered":"<p style=\"text-align: justify\">El pasado fin de semana, 35 voluntarios se dieron cita en N\u00e1quera para tener el Primer Encuentro Formativo de Itaka- Escolapios de este curso. El s\u00e1bado por la ma\u00f1ana las formaciones se centraron en la importancia de la educaci\u00f3n en valores o c\u00f3mo ser figuras de respeto en su acci\u00f3n, mientras que los voluntarios m\u00e1s experimentados pudieron reflexionar personalmente sobre su misi\u00f3n voluntaria y el compromiso adquirido.<\/p>\n<p style=\"text-align: justify\">Por la tarde los asistentes al encuentro profundizaron sobre el entorno social y cultural del ni\u00f1o, gracias a la experiencia de otras personas voluntarias que participaron con su experiencia. Para acabar, el domingo,\u00a0 con los Objetivos del Milenio llegando a su fin y el planteamiento de los nuevos Objetivos del Desarrollo Sostenible, los voluntarios pudieron reflexionar a nivel m\u00e1s global sobre las desigualdades y el largo camino que queda por delante para erradicarlas. Todo esto sin descuidar el carisma escolapio, gracias a una formaci\u00f3n sobre el Voluntariado y el Reino de Dios de la mano del padre Camilo.<\/p>\n<p style=\"text-align: justify\">Ha sido un fin de semana intenso que tambi\u00e9n ha brindado la oportunidad de conocernos, compartir experiencias y convivir. Gracias a todos los que lo hab\u00e9is hecho posible. Pod\u00e9is ver todas las fotos de este encuentro formativo en nuestro <a href=\"https:\/\/www.facebook.com\/media\/set\/?set=a.1022357907854230.1073741860.367218580034836&amp;type=3\">Facebook<\/a>.<\/p>\n<p style=\"text-align: justify\">\u00a1Nos vemos en el siguiente encuentro!<\/p>\n<p style=\"text-align: justify\">p<\/p>\n","protected":false},"excerpt":{"rendered":"<p>El pasado fin de semana, 35 voluntarios se dieron cita en N\u00e1quera para tener el Primer Encuentro Formativo de Itaka- Escolapios de este curso. El s\u00e1bado por la ma\u00f1ana las [&hellip;]<\/p>\n","protected":false},"author":39,"featured_media":14083,"comment_status":"closed","ping_status":"closed","sticky":false,"template":"","format":"standard","meta":{"_et_pb_use_builder":"","_et_pb_old_content":"","_et_gb_content_width":"","footnotes":""},"categories":[12],"tags":[186,72,187,142],"class_list":["post-14082","post","type-post","status-publish","format-standard","has-post-thumbnail","hentry","category-valencia","tag-encuentro-fomativo","tag-formacion","tag-proyecto-ves","tag-voluntariado"],"yoast_head":"<!-- This site is optimized with the Yoast SEO plugin v27.4 - https:\/\/yoast.com\/product\/yoast-seo-wordpress\/ -->\n<title>PRIMER ENCUENTRO FORMATIVO DEL CURSO EN VALENCIA - Itaka-Escolapios<\/title>\n<meta name=\"robots\" content=\"index, follow, max-snippet:-1, max-image-preview:large, max-video-preview:-1\" \/>\n<link rel=\"canonical\" href=\"https:\/\/www.itakaescolapios.org\/es\/2015\/11\/primer-encuentro-formativo-del-curso-en-valencia\/\" \/>\n<meta property=\"og:locale\" content=\"es_ES\" \/>\n<meta property=\"og:type\" content=\"article\" \/>\n<meta property=\"og:title\" content=\"PRIMER ENCUENTRO FORMATIVO DEL CURSO EN VALENCIA - Itaka-Escolapios\" \/>\n<meta property=\"og:description\" content=\"El pasado fin de semana, 35 voluntarios se dieron cita en N\u00e1quera para tener el Primer Encuentro Formativo de Itaka- Escolapios de este curso. El s\u00e1bado por la ma\u00f1ana las [&hellip;]\" \/>\n<meta property=\"og:url\" content=\"https:\/\/www.itakaescolapios.org\/es\/2015\/11\/primer-encuentro-formativo-del-curso-en-valencia\/\" \/>\n<meta property=\"og:site_name\" content=\"Itaka-Escolapios\" \/>\n<meta property=\"article:published_time\" content=\"2015-11-25T09:39:11+00:00\" \/>\n<meta property=\"article:modified_time\" content=\"2023-11-28T11:38:33+00:00\" \/>\n<meta property=\"og:image\" content=\"https:\/\/www.itakaescolapios.org\/wp-content\/uploads\/2015\/11\/ENCUENTRO-FORMATIVO-VOLUNTARIOS-11.jpg\" \/>\n\t<meta property=\"og:image:width\" content=\"843\" \/>\n\t<meta property=\"og:image:height\" content=\"1500\" \/>\n\t<meta property=\"og:image:type\" content=\"image\/jpeg\" \/>\n<meta name=\"author\" content=\"valencia01\" \/>\n<meta name=\"twitter:card\" content=\"summary_large_image\" \/>\n<meta name=\"twitter:label1\" content=\"Escrito por\" \/>\n\t<meta name=\"twitter:data1\" content=\"valencia01\" \/>\n\t<meta name=\"twitter:label2\" content=\"Tiempo de lectura\" \/>\n\t<meta name=\"twitter:data2\" content=\"1 minuto\" \/>\n<script type=\"application\/ld+json\" class=\"yoast-schema-graph\">{\"@context\":\"https:\\\/\\\/schema.org\",\"@graph\":[{\"@type\":\"Article\",\"@id\":\"https:\\\/\\\/www.itakaescolapios.org\\\/es\\\/2015\\\/11\\\/primer-encuentro-formativo-del-curso-en-valencia\\\/#article\",\"isPartOf\":{\"@id\":\"https:\\\/\\\/www.itakaescolapios.org\\\/es\\\/2015\\\/11\\\/primer-encuentro-formativo-del-curso-en-valencia\\\/\"},\"author\":{\"name\":\"valencia01\",\"@id\":\"https:\\\/\\\/www.itakaescolapios.org\\\/es\\\/#\\\/schema\\\/person\\\/c232ccaa2b3f2e98db93c1f8dfca96ff\"},\"headline\":\"PRIMER ENCUENTRO FORMATIVO DEL CURSO EN VALENCIA\",\"datePublished\":\"2015-11-25T09:39:11+00:00\",\"dateModified\":\"2023-11-28T11:38:33+00:00\",\"mainEntityOfPage\":{\"@id\":\"https:\\\/\\\/www.itakaescolapios.org\\\/es\\\/2015\\\/11\\\/primer-encuentro-formativo-del-curso-en-valencia\\\/\"},\"wordCount\":232,\"publisher\":{\"@id\":\"https:\\\/\\\/www.itakaescolapios.org\\\/es\\\/#organization\"},\"image\":{\"@id\":\"https:\\\/\\\/www.itakaescolapios.org\\\/es\\\/2015\\\/11\\\/primer-encuentro-formativo-del-curso-en-valencia\\\/#primaryimage\"},\"thumbnailUrl\":\"https:\\\/\\\/www.itakaescolapios.org\\\/wp-content\\\/uploads\\\/2015\\\/11\\\/ENCUENTRO-FORMATIVO-VOLUNTARIOS-11.jpg\",\"keywords\":[\"Encuentro Fomativo\",\"formaci\u00f3n\",\"Proyecto VES\",\"voluntariado\"],\"articleSection\":[\"Valencia\"],\"inLanguage\":\"es\"},{\"@type\":\"WebPage\",\"@id\":\"https:\\\/\\\/www.itakaescolapios.org\\\/es\\\/2015\\\/11\\\/primer-encuentro-formativo-del-curso-en-valencia\\\/\",\"url\":\"https:\\\/\\\/www.itakaescolapios.org\\\/es\\\/2015\\\/11\\\/primer-encuentro-formativo-del-curso-en-valencia\\\/\",\"name\":\"PRIMER ENCUENTRO FORMATIVO DEL CURSO EN VALENCIA - Itaka-Escolapios\",\"isPartOf\":{\"@id\":\"https:\\\/\\\/www.itakaescolapios.org\\\/es\\\/#website\"},\"primaryImageOfPage\":{\"@id\":\"https:\\\/\\\/www.itakaescolapios.org\\\/es\\\/2015\\\/11\\\/primer-encuentro-formativo-del-curso-en-valencia\\\/#primaryimage\"},\"image\":{\"@id\":\"https:\\\/\\\/www.itakaescolapios.org\\\/es\\\/2015\\\/11\\\/primer-encuentro-formativo-del-curso-en-valencia\\\/#primaryimage\"},\"thumbnailUrl\":\"https:\\\/\\\/www.itakaescolapios.org\\\/wp-content\\\/uploads\\\/2015\\\/11\\\/ENCUENTRO-FORMATIVO-VOLUNTARIOS-11.jpg\",\"datePublished\":\"2015-11-25T09:39:11+00:00\",\"dateModified\":\"2023-11-28T11:38:33+00:00\",\"breadcrumb\":{\"@id\":\"https:\\\/\\\/www.itakaescolapios.org\\\/es\\\/2015\\\/11\\\/primer-encuentro-formativo-del-curso-en-valencia\\\/#breadcrumb\"},\"inLanguage\":\"es\",\"potentialAction\":[{\"@type\":\"ReadAction\",\"target\":[\"https:\\\/\\\/www.itakaescolapios.org\\\/es\\\/2015\\\/11\\\/primer-encuentro-formativo-del-curso-en-valencia\\\/\"]}]},{\"@type\":\"ImageObject\",\"inLanguage\":\"es\",\"@id\":\"https:\\\/\\\/www.itakaescolapios.org\\\/es\\\/2015\\\/11\\\/primer-encuentro-formativo-del-curso-en-valencia\\\/#primaryimage\",\"url\":\"https:\\\/\\\/www.itakaescolapios.org\\\/wp-content\\\/uploads\\\/2015\\\/11\\\/ENCUENTRO-FORMATIVO-VOLUNTARIOS-11.jpg\",\"contentUrl\":\"https:\\\/\\\/www.itakaescolapios.org\\\/wp-content\\\/uploads\\\/2015\\\/11\\\/ENCUENTRO-FORMATIVO-VOLUNTARIOS-11.jpg\",\"width\":843,\"height\":1500},{\"@type\":\"BreadcrumbList\",\"@id\":\"https:\\\/\\\/www.itakaescolapios.org\\\/es\\\/2015\\\/11\\\/primer-encuentro-formativo-del-curso-en-valencia\\\/#breadcrumb\",\"itemListElement\":[{\"@type\":\"ListItem\",\"position\":1,\"name\":\"Portada\",\"item\":\"https:\\\/\\\/www.itakaescolapios.org\\\/es\\\/\"},{\"@type\":\"ListItem\",\"position\":2,\"name\":\"PRIMER ENCUENTRO FORMATIVO DEL CURSO EN VALENCIA\"}]},{\"@type\":\"WebSite\",\"@id\":\"https:\\\/\\\/www.itakaescolapios.org\\\/es\\\/#website\",\"url\":\"https:\\\/\\\/www.itakaescolapios.org\\\/es\\\/\",\"name\":\"Itaka-Escolapios\",\"description\":\"Red de Itaka-Escolapios\",\"publisher\":{\"@id\":\"https:\\\/\\\/www.itakaescolapios.org\\\/es\\\/#organization\"},\"potentialAction\":[{\"@type\":\"SearchAction\",\"target\":{\"@type\":\"EntryPoint\",\"urlTemplate\":\"https:\\\/\\\/www.itakaescolapios.org\\\/es\\\/?s={search_term_string}\"},\"query-input\":{\"@type\":\"PropertyValueSpecification\",\"valueRequired\":true,\"valueName\":\"search_term_string\"}}],\"inLanguage\":\"es\"},{\"@type\":\"Organization\",\"@id\":\"https:\\\/\\\/www.itakaescolapios.org\\\/es\\\/#organization\",\"name\":\"Fundaci\u00f3 Itaka-Escolapios\",\"url\":\"https:\\\/\\\/www.itakaescolapios.org\\\/es\\\/\",\"logo\":{\"@type\":\"ImageObject\",\"inLanguage\":\"es\",\"@id\":\"https:\\\/\\\/www.itakaescolapios.org\\\/es\\\/#\\\/schema\\\/logo\\\/image\\\/\",\"url\":\"https:\\\/\\\/www.itakaescolapios.org\\\/wp-content\\\/uploads\\\/2024\\\/04\\\/Logo-itakaescolapios-peque.png\",\"contentUrl\":\"https:\\\/\\\/www.itakaescolapios.org\\\/wp-content\\\/uploads\\\/2024\\\/04\\\/Logo-itakaescolapios-peque.png\",\"width\":500,\"height\":199,\"caption\":\"Fundaci\u00f3 Itaka-Escolapios\"},\"image\":{\"@id\":\"https:\\\/\\\/www.itakaescolapios.org\\\/es\\\/#\\\/schema\\\/logo\\\/image\\\/\"}},{\"@type\":\"Person\",\"@id\":\"https:\\\/\\\/www.itakaescolapios.org\\\/es\\\/#\\\/schema\\\/person\\\/c232ccaa2b3f2e98db93c1f8dfca96ff\",\"name\":\"valencia01\",\"url\":\"https:\\\/\\\/www.itakaescolapios.org\\\/es\\\/author\\\/valencia01\\\/\"}]}<\/script>\n<!-- \/ Yoast SEO plugin. -->","yoast_head_json":{"title":"PRIMER ENCUENTRO FORMATIVO DEL CURSO EN VALENCIA - Itaka-Escolapios","robots":{"index":"index","follow":"follow","max-snippet":"max-snippet:-1","max-image-preview":"max-image-preview:large","max-video-preview":"max-video-preview:-1"},"canonical":"https:\/\/www.itakaescolapios.org\/es\/2015\/11\/primer-encuentro-formativo-del-curso-en-valencia\/","og_locale":"es_ES","og_type":"article","og_title":"PRIMER ENCUENTRO FORMATIVO DEL CURSO EN VALENCIA - Itaka-Escolapios","og_description":"El pasado fin de semana, 35 voluntarios se dieron cita en N\u00e1quera para tener el Primer Encuentro Formativo de Itaka- Escolapios de este curso. El s\u00e1bado por la ma\u00f1ana las [&hellip;]","og_url":"https:\/\/www.itakaescolapios.org\/es\/2015\/11\/primer-encuentro-formativo-del-curso-en-valencia\/","og_site_name":"Itaka-Escolapios","article_published_time":"2015-11-25T09:39:11+00:00","article_modified_time":"2023-11-28T11:38:33+00:00","og_image":[{"width":843,"height":1500,"url":"https:\/\/www.itakaescolapios.org\/wp-content\/uploads\/2015\/11\/ENCUENTRO-FORMATIVO-VOLUNTARIOS-11.jpg","type":"image\/jpeg"}],"author":"valencia01","twitter_card":"summary_large_image","twitter_misc":{"Escrito por":"valencia01","Tiempo de lectura":"1 minuto"},"schema":{"@context":"https:\/\/schema.org","@graph":[{"@type":"Article","@id":"https:\/\/www.itakaescolapios.org\/es\/2015\/11\/primer-encuentro-formativo-del-curso-en-valencia\/#article","isPartOf":{"@id":"https:\/\/www.itakaescolapios.org\/es\/2015\/11\/primer-encuentro-formativo-del-curso-en-valencia\/"},"author":{"name":"valencia01","@id":"https:\/\/www.itakaescolapios.org\/es\/#\/schema\/person\/c232ccaa2b3f2e98db93c1f8dfca96ff"},"headline":"PRIMER ENCUENTRO FORMATIVO DEL CURSO EN VALENCIA","datePublished":"2015-11-25T09:39:11+00:00","dateModified":"2023-11-28T11:38:33+00:00","mainEntityOfPage":{"@id":"https:\/\/www.itakaescolapios.org\/es\/2015\/11\/primer-encuentro-formativo-del-curso-en-valencia\/"},"wordCount":232,"publisher":{"@id":"https:\/\/www.itakaescolapios.org\/es\/#organization"},"image":{"@id":"https:\/\/www.itakaescolapios.org\/es\/2015\/11\/primer-encuentro-formativo-del-curso-en-valencia\/#primaryimage"},"thumbnailUrl":"https:\/\/www.itakaescolapios.org\/wp-content\/uploads\/2015\/11\/ENCUENTRO-FORMATIVO-VOLUNTARIOS-11.jpg","keywords":["Encuentro Fomativo","formaci\u00f3n","Proyecto VES","voluntariado"],"articleSection":["Valencia"],"inLanguage":"es"},{"@type":"WebPage","@id":"https:\/\/www.itakaescolapios.org\/es\/2015\/11\/primer-encuentro-formativo-del-curso-en-valencia\/","url":"https:\/\/www.itakaescolapios.org\/es\/2015\/11\/primer-encuentro-formativo-del-curso-en-valencia\/","name":"PRIMER ENCUENTRO FORMATIVO DEL CURSO EN VALENCIA - Itaka-Escolapios","isPartOf":{"@id":"https:\/\/www.itakaescolapios.org\/es\/#website"},"primaryImageOfPage":{"@id":"https:\/\/www.itakaescolapios.org\/es\/2015\/11\/primer-encuentro-formativo-del-curso-en-valencia\/#primaryimage"},"image":{"@id":"https:\/\/www.itakaescolapios.org\/es\/2015\/11\/primer-encuentro-formativo-del-curso-en-valencia\/#primaryimage"},"thumbnailUrl":"https:\/\/www.itakaescolapios.org\/wp-content\/uploads\/2015\/11\/ENCUENTRO-FORMATIVO-VOLUNTARIOS-11.jpg","datePublished":"2015-11-25T09:39:11+00:00","dateModified":"2023-11-28T11:38:33+00:00","breadcrumb":{"@id":"https:\/\/www.itakaescolapios.org\/es\/2015\/11\/primer-encuentro-formativo-del-curso-en-valencia\/#breadcrumb"},"inLanguage":"es","potentialAction":[{"@type":"ReadAction","target":["https:\/\/www.itakaescolapios.org\/es\/2015\/11\/primer-encuentro-formativo-del-curso-en-valencia\/"]}]},{"@type":"ImageObject","inLanguage":"es","@id":"https:\/\/www.itakaescolapios.org\/es\/2015\/11\/primer-encuentro-formativo-del-curso-en-valencia\/#primaryimage","url":"https:\/\/www.itakaescolapios.org\/wp-content\/uploads\/2015\/11\/ENCUENTRO-FORMATIVO-VOLUNTARIOS-11.jpg","contentUrl":"https:\/\/www.itakaescolapios.org\/wp-content\/uploads\/2015\/11\/ENCUENTRO-FORMATIVO-VOLUNTARIOS-11.jpg","width":843,"height":1500},{"@type":"BreadcrumbList","@id":"https:\/\/www.itakaescolapios.org\/es\/2015\/11\/primer-encuentro-formativo-del-curso-en-valencia\/#breadcrumb","itemListElement":[{"@type":"ListItem","position":1,"name":"Portada","item":"https:\/\/www.itakaescolapios.org\/es\/"},{"@type":"ListItem","position":2,"name":"PRIMER ENCUENTRO FORMATIVO DEL CURSO EN VALENCIA"}]},{"@type":"WebSite","@id":"https:\/\/www.itakaescolapios.org\/es\/#website","url":"https:\/\/www.itakaescolapios.org\/es\/","name":"Itaka-Escolapios","description":"Red de Itaka-Escolapios","publisher":{"@id":"https:\/\/www.itakaescolapios.org\/es\/#organization"},"potentialAction":[{"@type":"SearchAction","target":{"@type":"EntryPoint","urlTemplate":"https:\/\/www.itakaescolapios.org\/es\/?s={search_term_string}"},"query-input":{"@type":"PropertyValueSpecification","valueRequired":true,"valueName":"search_term_string"}}],"inLanguage":"es"},{"@type":"Organization","@id":"https:\/\/www.itakaescolapios.org\/es\/#organization","name":"Fundaci\u00f3 Itaka-Escolapios","url":"https:\/\/www.itakaescolapios.org\/es\/","logo":{"@type":"ImageObject","inLanguage":"es","@id":"https:\/\/www.itakaescolapios.org\/es\/#\/schema\/logo\/image\/","url":"https:\/\/www.itakaescolapios.org\/wp-content\/uploads\/2024\/04\/Logo-itakaescolapios-peque.png","contentUrl":"https:\/\/www.itakaescolapios.org\/wp-content\/uploads\/2024\/04\/Logo-itakaescolapios-peque.png","width":500,"height":199,"caption":"Fundaci\u00f3 Itaka-Escolapios"},"image":{"@id":"https:\/\/www.itakaescolapios.org\/es\/#\/schema\/logo\/image\/"}},{"@type":"Person","@id":"https:\/\/www.itakaescolapios.org\/es\/#\/schema\/person\/c232ccaa2b3f2e98db93c1f8dfca96ff","name":"valencia01","url":"https:\/\/www.itakaescolapios.org\/es\/author\/valencia01\/"}]}},"_links":{"self":[{"href":"https:\/\/www.itakaescolapios.org\/es\/wp-json\/wp\/v2\/posts\/14082","targetHints":{"allow":["GET"]}}],"collection":[{"href":"https:\/\/www.itakaescolapios.org\/es\/wp-json\/wp\/v2\/posts"}],"about":[{"href":"https:\/\/www.itakaescolapios.org\/es\/wp-json\/wp\/v2\/types\/post"}],"author":[{"embeddable":true,"href":"https:\/\/www.itakaescolapios.org\/es\/wp-json\/wp\/v2\/users\/39"}],"replies":[{"embeddable":true,"href":"https:\/\/www.itakaescolapios.org\/es\/wp-json\/wp\/v2\/comments?post=14082"}],"version-history":[{"count":3,"href":"https:\/\/www.itakaescolapios.org\/es\/wp-json\/wp\/v2\/posts\/14082\/revisions"}],"predecessor-version":[{"id":48523,"href":"https:\/\/www.itakaescolapios.org\/es\/wp-json\/wp\/v2\/posts\/14082\/revisions\/48523"}],"wp:featuredmedia":[{"embeddable":true,"href":"https:\/\/www.itakaescolapios.org\/es\/wp-json\/wp\/v2\/media\/14083"}],"wp:attachment":[{"href":"https:\/\/www.itakaescolapios.org\/es\/wp-json\/wp\/v2\/media?parent=14082"}],"wp:term":[{"taxonomy":"category","embeddable":true,"href":"https:\/\/www.itakaescolapios.org\/es\/wp-json\/wp\/v2\/categories?post=14082"},{"taxonomy":"post_tag","embeddable":true,"href":"https:\/\/www.itakaescolapios.org\/es\/wp-json\/wp\/v2\/tags?post=14082"}],"curies":[{"name":"wp","href":"https:\/\/api.w.org\/{rel}","templated":true}]}}