{"id":14192,"date":"2015-12-01T16:14:25","date_gmt":"2015-12-01T15:14:25","guid":{"rendered":"https:\/\/www.itakaescolapios.org\/?p=14192"},"modified":"2023-11-28T12:38:32","modified_gmt":"2023-11-28T11:38:32","slug":"3a-asamblea-del-movimiento-calasanz-de-bolivia","status":"publish","type":"post","link":"https:\/\/www.itakaescolapios.org\/es\/2015\/12\/3a-asamblea-del-movimiento-calasanz-de-bolivia\/","title":{"rendered":"3\u00aa ASAMBLEA DEL MOVIMIENTO CALASANZ DE BOLIVIA."},"content":{"rendered":"<p>Del 27 al 29 de noviembre hemos celebrado la 3\u00aa ASAMBLEA DEL MOVIMIENTO CALASANZ DE BOLIVIA. Hubo momentos en que nos juntamos 30 educadores de Cochabamba, Anzaldo y Cocapata. Se present\u00f3 una propuesta muy sugerente sobre las ETAPAS, S\u00cdMBOLOS Y MARCO SIMB\u00d3LICO del Movimiento Calasanz para Bolivia. Manteniendo las l\u00edneas esenciales del Movimiento, no se quiere copiar lo que se hace en otras partes, sino que se quieren incorporar elementos de la cultura boliviana. La Asamblea tuvo todos los elementos de estos eventos: oraci\u00f3n, estudio, reflexi\u00f3n, compartir l\u00fadico. Hemos fijado ya las fechas de las tres pr\u00f3ximas Asambleas.<\/p>\n","protected":false},"excerpt":{"rendered":"<p>Del 27 al 29 de noviembre hemos celebrado la 3\u00aa ASAMBLEA DEL MOVIMIENTO CALASANZ DE BOLIVIA. Hubo momentos en que nos juntamos 30 educadores de Cochabamba, Anzaldo y Cocapata. Se [&hellip;]<\/p>\n","protected":false},"author":7,"featured_media":14195,"comment_status":"closed","ping_status":"closed","sticky":false,"template":"","format":"standard","meta":{"_et_pb_use_builder":"","_et_pb_old_content":"","_et_gb_content_width":"","footnotes":""},"categories":[15],"tags":[],"class_list":["post-14192","post","type-post","status-publish","format-standard","has-post-thumbnail","hentry","category-bolivia"],"yoast_head":"<!-- This site is optimized with the Yoast SEO plugin v27.4 - https:\/\/yoast.com\/product\/yoast-seo-wordpress\/ -->\n<title>3\u00aa ASAMBLEA DEL MOVIMIENTO CALASANZ DE BOLIVIA. - Itaka-Escolapios<\/title>\n<meta name=\"robots\" content=\"index, follow, max-snippet:-1, max-image-preview:large, max-video-preview:-1\" \/>\n<link rel=\"canonical\" href=\"https:\/\/www.itakaescolapios.org\/es\/2015\/12\/3a-asamblea-del-movimiento-calasanz-de-bolivia\/\" \/>\n<meta property=\"og:locale\" content=\"es_ES\" \/>\n<meta property=\"og:type\" content=\"article\" \/>\n<meta property=\"og:title\" content=\"3\u00aa ASAMBLEA DEL MOVIMIENTO CALASANZ DE BOLIVIA. - Itaka-Escolapios\" \/>\n<meta property=\"og:description\" content=\"Del 27 al 29 de noviembre hemos celebrado la 3\u00aa ASAMBLEA DEL MOVIMIENTO CALASANZ DE BOLIVIA. Hubo momentos en que nos juntamos 30 educadores de Cochabamba, Anzaldo y Cocapata. Se [&hellip;]\" \/>\n<meta property=\"og:url\" content=\"https:\/\/www.itakaescolapios.org\/es\/2015\/12\/3a-asamblea-del-movimiento-calasanz-de-bolivia\/\" \/>\n<meta property=\"og:site_name\" content=\"Itaka-Escolapios\" \/>\n<meta property=\"article:published_time\" content=\"2015-12-01T15:14:25+00:00\" \/>\n<meta property=\"article:modified_time\" content=\"2023-11-28T11:38:32+00:00\" \/>\n<meta property=\"og:image\" content=\"https:\/\/www.itakaescolapios.org\/wp-content\/uploads\/2015\/12\/DSC_1821.jpg\" \/>\n\t<meta property=\"og:image:width\" content=\"2000\" \/>\n\t<meta property=\"og:image:height\" content=\"1125\" \/>\n\t<meta property=\"og:image:type\" content=\"image\/jpeg\" \/>\n<meta name=\"author\" content=\"bolivia01\" \/>\n<meta name=\"twitter:card\" content=\"summary_large_image\" \/>\n<meta name=\"twitter:label1\" content=\"Escrito por\" \/>\n\t<meta name=\"twitter:data1\" content=\"bolivia01\" \/>\n\t<meta name=\"twitter:label2\" content=\"Tiempo de lectura\" \/>\n\t<meta name=\"twitter:data2\" content=\"1 minuto\" \/>\n<script type=\"application\/ld+json\" class=\"yoast-schema-graph\">{\"@context\":\"https:\\\/\\\/schema.org\",\"@graph\":[{\"@type\":\"Article\",\"@id\":\"https:\\\/\\\/www.itakaescolapios.org\\\/es\\\/2015\\\/12\\\/3a-asamblea-del-movimiento-calasanz-de-bolivia\\\/#article\",\"isPartOf\":{\"@id\":\"https:\\\/\\\/www.itakaescolapios.org\\\/es\\\/2015\\\/12\\\/3a-asamblea-del-movimiento-calasanz-de-bolivia\\\/\"},\"author\":{\"name\":\"bolivia01\",\"@id\":\"https:\\\/\\\/www.itakaescolapios.org\\\/es\\\/#\\\/schema\\\/person\\\/141b7734ef7c6eadcc0fefeb0614c94a\"},\"headline\":\"3\u00aa ASAMBLEA DEL MOVIMIENTO CALASANZ DE BOLIVIA.\",\"datePublished\":\"2015-12-01T15:14:25+00:00\",\"dateModified\":\"2023-11-28T11:38:32+00:00\",\"mainEntityOfPage\":{\"@id\":\"https:\\\/\\\/www.itakaescolapios.org\\\/es\\\/2015\\\/12\\\/3a-asamblea-del-movimiento-calasanz-de-bolivia\\\/\"},\"wordCount\":107,\"publisher\":{\"@id\":\"https:\\\/\\\/www.itakaescolapios.org\\\/es\\\/#organization\"},\"image\":{\"@id\":\"https:\\\/\\\/www.itakaescolapios.org\\\/es\\\/2015\\\/12\\\/3a-asamblea-del-movimiento-calasanz-de-bolivia\\\/#primaryimage\"},\"thumbnailUrl\":\"https:\\\/\\\/www.itakaescolapios.org\\\/wp-content\\\/uploads\\\/2015\\\/12\\\/DSC_1821.jpg\",\"articleSection\":[\"Bolivia\"],\"inLanguage\":\"es\"},{\"@type\":\"WebPage\",\"@id\":\"https:\\\/\\\/www.itakaescolapios.org\\\/es\\\/2015\\\/12\\\/3a-asamblea-del-movimiento-calasanz-de-bolivia\\\/\",\"url\":\"https:\\\/\\\/www.itakaescolapios.org\\\/es\\\/2015\\\/12\\\/3a-asamblea-del-movimiento-calasanz-de-bolivia\\\/\",\"name\":\"3\u00aa ASAMBLEA DEL MOVIMIENTO CALASANZ DE BOLIVIA. - Itaka-Escolapios\",\"isPartOf\":{\"@id\":\"https:\\\/\\\/www.itakaescolapios.org\\\/es\\\/#website\"},\"primaryImageOfPage\":{\"@id\":\"https:\\\/\\\/www.itakaescolapios.org\\\/es\\\/2015\\\/12\\\/3a-asamblea-del-movimiento-calasanz-de-bolivia\\\/#primaryimage\"},\"image\":{\"@id\":\"https:\\\/\\\/www.itakaescolapios.org\\\/es\\\/2015\\\/12\\\/3a-asamblea-del-movimiento-calasanz-de-bolivia\\\/#primaryimage\"},\"thumbnailUrl\":\"https:\\\/\\\/www.itakaescolapios.org\\\/wp-content\\\/uploads\\\/2015\\\/12\\\/DSC_1821.jpg\",\"datePublished\":\"2015-12-01T15:14:25+00:00\",\"dateModified\":\"2023-11-28T11:38:32+00:00\",\"breadcrumb\":{\"@id\":\"https:\\\/\\\/www.itakaescolapios.org\\\/es\\\/2015\\\/12\\\/3a-asamblea-del-movimiento-calasanz-de-bolivia\\\/#breadcrumb\"},\"inLanguage\":\"es\",\"potentialAction\":[{\"@type\":\"ReadAction\",\"target\":[\"https:\\\/\\\/www.itakaescolapios.org\\\/es\\\/2015\\\/12\\\/3a-asamblea-del-movimiento-calasanz-de-bolivia\\\/\"]}]},{\"@type\":\"ImageObject\",\"inLanguage\":\"es\",\"@id\":\"https:\\\/\\\/www.itakaescolapios.org\\\/es\\\/2015\\\/12\\\/3a-asamblea-del-movimiento-calasanz-de-bolivia\\\/#primaryimage\",\"url\":\"https:\\\/\\\/www.itakaescolapios.org\\\/wp-content\\\/uploads\\\/2015\\\/12\\\/DSC_1821.jpg\",\"contentUrl\":\"https:\\\/\\\/www.itakaescolapios.org\\\/wp-content\\\/uploads\\\/2015\\\/12\\\/DSC_1821.jpg\",\"width\":2000,\"height\":1125},{\"@type\":\"BreadcrumbList\",\"@id\":\"https:\\\/\\\/www.itakaescolapios.org\\\/es\\\/2015\\\/12\\\/3a-asamblea-del-movimiento-calasanz-de-bolivia\\\/#breadcrumb\",\"itemListElement\":[{\"@type\":\"ListItem\",\"position\":1,\"name\":\"Portada\",\"item\":\"https:\\\/\\\/www.itakaescolapios.org\\\/es\\\/\"},{\"@type\":\"ListItem\",\"position\":2,\"name\":\"3\u00aa ASAMBLEA DEL MOVIMIENTO CALASANZ DE BOLIVIA.\"}]},{\"@type\":\"WebSite\",\"@id\":\"https:\\\/\\\/www.itakaescolapios.org\\\/es\\\/#website\",\"url\":\"https:\\\/\\\/www.itakaescolapios.org\\\/es\\\/\",\"name\":\"Itaka-Escolapios\",\"description\":\"Red de Itaka-Escolapios\",\"publisher\":{\"@id\":\"https:\\\/\\\/www.itakaescolapios.org\\\/es\\\/#organization\"},\"potentialAction\":[{\"@type\":\"SearchAction\",\"target\":{\"@type\":\"EntryPoint\",\"urlTemplate\":\"https:\\\/\\\/www.itakaescolapios.org\\\/es\\\/?s={search_term_string}\"},\"query-input\":{\"@type\":\"PropertyValueSpecification\",\"valueRequired\":true,\"valueName\":\"search_term_string\"}}],\"inLanguage\":\"es\"},{\"@type\":\"Organization\",\"@id\":\"https:\\\/\\\/www.itakaescolapios.org\\\/es\\\/#organization\",\"name\":\"Fundaci\u00f3 Itaka-Escolapios\",\"url\":\"https:\\\/\\\/www.itakaescolapios.org\\\/es\\\/\",\"logo\":{\"@type\":\"ImageObject\",\"inLanguage\":\"es\",\"@id\":\"https:\\\/\\\/www.itakaescolapios.org\\\/es\\\/#\\\/schema\\\/logo\\\/image\\\/\",\"url\":\"https:\\\/\\\/www.itakaescolapios.org\\\/wp-content\\\/uploads\\\/2024\\\/04\\\/Logo-itakaescolapios-peque.png\",\"contentUrl\":\"https:\\\/\\\/www.itakaescolapios.org\\\/wp-content\\\/uploads\\\/2024\\\/04\\\/Logo-itakaescolapios-peque.png\",\"width\":500,\"height\":199,\"caption\":\"Fundaci\u00f3 Itaka-Escolapios\"},\"image\":{\"@id\":\"https:\\\/\\\/www.itakaescolapios.org\\\/es\\\/#\\\/schema\\\/logo\\\/image\\\/\"}},{\"@type\":\"Person\",\"@id\":\"https:\\\/\\\/www.itakaescolapios.org\\\/es\\\/#\\\/schema\\\/person\\\/141b7734ef7c6eadcc0fefeb0614c94a\",\"name\":\"bolivia01\",\"url\":\"https:\\\/\\\/www.itakaescolapios.org\\\/es\\\/author\\\/bolivia01\\\/\"}]}<\/script>\n<!-- \/ Yoast SEO plugin. -->","yoast_head_json":{"title":"3\u00aa ASAMBLEA DEL MOVIMIENTO CALASANZ DE BOLIVIA. - Itaka-Escolapios","robots":{"index":"index","follow":"follow","max-snippet":"max-snippet:-1","max-image-preview":"max-image-preview:large","max-video-preview":"max-video-preview:-1"},"canonical":"https:\/\/www.itakaescolapios.org\/es\/2015\/12\/3a-asamblea-del-movimiento-calasanz-de-bolivia\/","og_locale":"es_ES","og_type":"article","og_title":"3\u00aa ASAMBLEA DEL MOVIMIENTO CALASANZ DE BOLIVIA. - Itaka-Escolapios","og_description":"Del 27 al 29 de noviembre hemos celebrado la 3\u00aa ASAMBLEA DEL MOVIMIENTO CALASANZ DE BOLIVIA. Hubo momentos en que nos juntamos 30 educadores de Cochabamba, Anzaldo y Cocapata. Se [&hellip;]","og_url":"https:\/\/www.itakaescolapios.org\/es\/2015\/12\/3a-asamblea-del-movimiento-calasanz-de-bolivia\/","og_site_name":"Itaka-Escolapios","article_published_time":"2015-12-01T15:14:25+00:00","article_modified_time":"2023-11-28T11:38:32+00:00","og_image":[{"width":2000,"height":1125,"url":"https:\/\/www.itakaescolapios.org\/wp-content\/uploads\/2015\/12\/DSC_1821.jpg","type":"image\/jpeg"}],"author":"bolivia01","twitter_card":"summary_large_image","twitter_misc":{"Escrito por":"bolivia01","Tiempo de lectura":"1 minuto"},"schema":{"@context":"https:\/\/schema.org","@graph":[{"@type":"Article","@id":"https:\/\/www.itakaescolapios.org\/es\/2015\/12\/3a-asamblea-del-movimiento-calasanz-de-bolivia\/#article","isPartOf":{"@id":"https:\/\/www.itakaescolapios.org\/es\/2015\/12\/3a-asamblea-del-movimiento-calasanz-de-bolivia\/"},"author":{"name":"bolivia01","@id":"https:\/\/www.itakaescolapios.org\/es\/#\/schema\/person\/141b7734ef7c6eadcc0fefeb0614c94a"},"headline":"3\u00aa ASAMBLEA DEL MOVIMIENTO CALASANZ DE BOLIVIA.","datePublished":"2015-12-01T15:14:25+00:00","dateModified":"2023-11-28T11:38:32+00:00","mainEntityOfPage":{"@id":"https:\/\/www.itakaescolapios.org\/es\/2015\/12\/3a-asamblea-del-movimiento-calasanz-de-bolivia\/"},"wordCount":107,"publisher":{"@id":"https:\/\/www.itakaescolapios.org\/es\/#organization"},"image":{"@id":"https:\/\/www.itakaescolapios.org\/es\/2015\/12\/3a-asamblea-del-movimiento-calasanz-de-bolivia\/#primaryimage"},"thumbnailUrl":"https:\/\/www.itakaescolapios.org\/wp-content\/uploads\/2015\/12\/DSC_1821.jpg","articleSection":["Bolivia"],"inLanguage":"es"},{"@type":"WebPage","@id":"https:\/\/www.itakaescolapios.org\/es\/2015\/12\/3a-asamblea-del-movimiento-calasanz-de-bolivia\/","url":"https:\/\/www.itakaescolapios.org\/es\/2015\/12\/3a-asamblea-del-movimiento-calasanz-de-bolivia\/","name":"3\u00aa ASAMBLEA DEL MOVIMIENTO CALASANZ DE BOLIVIA. - Itaka-Escolapios","isPartOf":{"@id":"https:\/\/www.itakaescolapios.org\/es\/#website"},"primaryImageOfPage":{"@id":"https:\/\/www.itakaescolapios.org\/es\/2015\/12\/3a-asamblea-del-movimiento-calasanz-de-bolivia\/#primaryimage"},"image":{"@id":"https:\/\/www.itakaescolapios.org\/es\/2015\/12\/3a-asamblea-del-movimiento-calasanz-de-bolivia\/#primaryimage"},"thumbnailUrl":"https:\/\/www.itakaescolapios.org\/wp-content\/uploads\/2015\/12\/DSC_1821.jpg","datePublished":"2015-12-01T15:14:25+00:00","dateModified":"2023-11-28T11:38:32+00:00","breadcrumb":{"@id":"https:\/\/www.itakaescolapios.org\/es\/2015\/12\/3a-asamblea-del-movimiento-calasanz-de-bolivia\/#breadcrumb"},"inLanguage":"es","potentialAction":[{"@type":"ReadAction","target":["https:\/\/www.itakaescolapios.org\/es\/2015\/12\/3a-asamblea-del-movimiento-calasanz-de-bolivia\/"]}]},{"@type":"ImageObject","inLanguage":"es","@id":"https:\/\/www.itakaescolapios.org\/es\/2015\/12\/3a-asamblea-del-movimiento-calasanz-de-bolivia\/#primaryimage","url":"https:\/\/www.itakaescolapios.org\/wp-content\/uploads\/2015\/12\/DSC_1821.jpg","contentUrl":"https:\/\/www.itakaescolapios.org\/wp-content\/uploads\/2015\/12\/DSC_1821.jpg","width":2000,"height":1125},{"@type":"BreadcrumbList","@id":"https:\/\/www.itakaescolapios.org\/es\/2015\/12\/3a-asamblea-del-movimiento-calasanz-de-bolivia\/#breadcrumb","itemListElement":[{"@type":"ListItem","position":1,"name":"Portada","item":"https:\/\/www.itakaescolapios.org\/es\/"},{"@type":"ListItem","position":2,"name":"3\u00aa ASAMBLEA DEL MOVIMIENTO CALASANZ DE BOLIVIA."}]},{"@type":"WebSite","@id":"https:\/\/www.itakaescolapios.org\/es\/#website","url":"https:\/\/www.itakaescolapios.org\/es\/","name":"Itaka-Escolapios","description":"Red de Itaka-Escolapios","publisher":{"@id":"https:\/\/www.itakaescolapios.org\/es\/#organization"},"potentialAction":[{"@type":"SearchAction","target":{"@type":"EntryPoint","urlTemplate":"https:\/\/www.itakaescolapios.org\/es\/?s={search_term_string}"},"query-input":{"@type":"PropertyValueSpecification","valueRequired":true,"valueName":"search_term_string"}}],"inLanguage":"es"},{"@type":"Organization","@id":"https:\/\/www.itakaescolapios.org\/es\/#organization","name":"Fundaci\u00f3 Itaka-Escolapios","url":"https:\/\/www.itakaescolapios.org\/es\/","logo":{"@type":"ImageObject","inLanguage":"es","@id":"https:\/\/www.itakaescolapios.org\/es\/#\/schema\/logo\/image\/","url":"https:\/\/www.itakaescolapios.org\/wp-content\/uploads\/2024\/04\/Logo-itakaescolapios-peque.png","contentUrl":"https:\/\/www.itakaescolapios.org\/wp-content\/uploads\/2024\/04\/Logo-itakaescolapios-peque.png","width":500,"height":199,"caption":"Fundaci\u00f3 Itaka-Escolapios"},"image":{"@id":"https:\/\/www.itakaescolapios.org\/es\/#\/schema\/logo\/image\/"}},{"@type":"Person","@id":"https:\/\/www.itakaescolapios.org\/es\/#\/schema\/person\/141b7734ef7c6eadcc0fefeb0614c94a","name":"bolivia01","url":"https:\/\/www.itakaescolapios.org\/es\/author\/bolivia01\/"}]}},"_links":{"self":[{"href":"https:\/\/www.itakaescolapios.org\/es\/wp-json\/wp\/v2\/posts\/14192","targetHints":{"allow":["GET"]}}],"collection":[{"href":"https:\/\/www.itakaescolapios.org\/es\/wp-json\/wp\/v2\/posts"}],"about":[{"href":"https:\/\/www.itakaescolapios.org\/es\/wp-json\/wp\/v2\/types\/post"}],"author":[{"embeddable":true,"href":"https:\/\/www.itakaescolapios.org\/es\/wp-json\/wp\/v2\/users\/7"}],"replies":[{"embeddable":true,"href":"https:\/\/www.itakaescolapios.org\/es\/wp-json\/wp\/v2\/comments?post=14192"}],"version-history":[{"count":3,"href":"https:\/\/www.itakaescolapios.org\/es\/wp-json\/wp\/v2\/posts\/14192\/revisions"}],"predecessor-version":[{"id":48501,"href":"https:\/\/www.itakaescolapios.org\/es\/wp-json\/wp\/v2\/posts\/14192\/revisions\/48501"}],"wp:featuredmedia":[{"embeddable":true,"href":"https:\/\/www.itakaescolapios.org\/es\/wp-json\/wp\/v2\/media\/14195"}],"wp:attachment":[{"href":"https:\/\/www.itakaescolapios.org\/es\/wp-json\/wp\/v2\/media?parent=14192"}],"wp:term":[{"taxonomy":"category","embeddable":true,"href":"https:\/\/www.itakaescolapios.org\/es\/wp-json\/wp\/v2\/categories?post=14192"},{"taxonomy":"post_tag","embeddable":true,"href":"https:\/\/www.itakaescolapios.org\/es\/wp-json\/wp\/v2\/tags?post=14192"}],"curies":[{"name":"wp","href":"https:\/\/api.w.org\/{rel}","templated":true}]}}