{"id":14512,"date":"2016-02-01T23:53:36","date_gmt":"2016-02-01T22:53:36","guid":{"rendered":"https:\/\/www.itakaescolapios.org\/?p=14512"},"modified":"2023-11-28T12:38:30","modified_gmt":"2023-11-28T11:38:30","slug":"inicio-de-actividades-escolares-2016","status":"publish","type":"post","link":"https:\/\/www.itakaescolapios.org\/es\/2016\/02\/inicio-de-actividades-escolares-2016\/","title":{"rendered":"INICIO DE ACTIVIDADES ESCOLARES 2016"},"content":{"rendered":"<p>Hoy 01 de febrero de 2016, en Bolivia hemos iniciado oficialmente las actividades escolares. Por tal motivo los colegios de Anzaldo, Cocapata, y San Rafael de Cochabamba, Santiva\u00f1ez, Morocomarca, estuvieron recibiendo a los chicos\/as en sus aulas. Mucha alegr\u00eda, en algunos casos ni\u00f1os que no quer\u00edan entrar al curso de prekinder (inicial), ni que los padres los dejen, pero lo bueno es que ya comenzamos de nuevo esta nueva aventura 2016<\/p>\n<p>Despu\u00e9s de dos semanas de inscripciones, de unos d\u00edas de formaci\u00f3n de educadores, tambi\u00e9n los internados vuelven a alegrarse con la llegada de los chicos y chicas y empezar de nuevo\u00a0un nuevo a\u00f1o, un nuevo curso, quiz\u00e1s nuevas amistadas.<\/p>\n<p>BIENVENIDOS DE NUEVO \u00a0NI\u00d1OS, NI\u00d1AS Y J\u00d3VENES<\/p>\n<p>&nbsp;<\/p>\n","protected":false},"excerpt":{"rendered":"<p>Hoy 01 de febrero de 2016, en Bolivia hemos iniciado oficialmente las actividades escolares. Por tal motivo los colegios de Anzaldo, Cocapata, y San Rafael de Cochabamba, Santiva\u00f1ez, Morocomarca, estuvieron [&hellip;]<\/p>\n","protected":false},"author":7,"featured_media":14513,"comment_status":"closed","ping_status":"closed","sticky":false,"template":"","format":"standard","meta":{"_et_pb_use_builder":"","_et_pb_old_content":"","_et_gb_content_width":"","footnotes":""},"categories":[15],"tags":[],"class_list":["post-14512","post","type-post","status-publish","format-standard","has-post-thumbnail","hentry","category-bolivia"],"yoast_head":"<!-- This site is optimized with the Yoast SEO plugin v27.4 - https:\/\/yoast.com\/product\/yoast-seo-wordpress\/ -->\n<title>INICIO DE ACTIVIDADES ESCOLARES 2016 - Itaka-Escolapios<\/title>\n<meta name=\"robots\" content=\"index, follow, max-snippet:-1, max-image-preview:large, max-video-preview:-1\" \/>\n<link rel=\"canonical\" href=\"https:\/\/www.itakaescolapios.org\/es\/2016\/02\/inicio-de-actividades-escolares-2016\/\" \/>\n<meta property=\"og:locale\" content=\"es_ES\" \/>\n<meta property=\"og:type\" content=\"article\" \/>\n<meta property=\"og:title\" content=\"INICIO DE ACTIVIDADES ESCOLARES 2016 - Itaka-Escolapios\" \/>\n<meta property=\"og:description\" content=\"Hoy 01 de febrero de 2016, en Bolivia hemos iniciado oficialmente las actividades escolares. Por tal motivo los colegios de Anzaldo, Cocapata, y San Rafael de Cochabamba, Santiva\u00f1ez, Morocomarca, estuvieron [&hellip;]\" \/>\n<meta property=\"og:url\" content=\"https:\/\/www.itakaescolapios.org\/es\/2016\/02\/inicio-de-actividades-escolares-2016\/\" \/>\n<meta property=\"og:site_name\" content=\"Itaka-Escolapios\" \/>\n<meta property=\"article:published_time\" content=\"2016-02-01T22:53:36+00:00\" \/>\n<meta property=\"article:modified_time\" content=\"2023-11-28T11:38:30+00:00\" \/>\n<meta property=\"og:image\" content=\"https:\/\/www.itakaescolapios.org\/wp-content\/uploads\/2016\/02\/DSC_0117.jpg\" \/>\n\t<meta property=\"og:image:width\" content=\"2000\" \/>\n\t<meta property=\"og:image:height\" content=\"1124\" \/>\n\t<meta property=\"og:image:type\" content=\"image\/jpeg\" \/>\n<meta name=\"author\" content=\"bolivia01\" \/>\n<meta name=\"twitter:card\" content=\"summary_large_image\" \/>\n<meta name=\"twitter:label1\" content=\"Escrito por\" \/>\n\t<meta name=\"twitter:data1\" content=\"bolivia01\" \/>\n\t<meta name=\"twitter:label2\" content=\"Tiempo de lectura\" \/>\n\t<meta name=\"twitter:data2\" content=\"1 minuto\" \/>\n<script type=\"application\/ld+json\" class=\"yoast-schema-graph\">{\"@context\":\"https:\\\/\\\/schema.org\",\"@graph\":[{\"@type\":\"Article\",\"@id\":\"https:\\\/\\\/www.itakaescolapios.org\\\/es\\\/2016\\\/02\\\/inicio-de-actividades-escolares-2016\\\/#article\",\"isPartOf\":{\"@id\":\"https:\\\/\\\/www.itakaescolapios.org\\\/es\\\/2016\\\/02\\\/inicio-de-actividades-escolares-2016\\\/\"},\"author\":{\"name\":\"bolivia01\",\"@id\":\"https:\\\/\\\/www.itakaescolapios.org\\\/es\\\/#\\\/schema\\\/person\\\/141b7734ef7c6eadcc0fefeb0614c94a\"},\"headline\":\"INICIO DE ACTIVIDADES ESCOLARES 2016\",\"datePublished\":\"2016-02-01T22:53:36+00:00\",\"dateModified\":\"2023-11-28T11:38:30+00:00\",\"mainEntityOfPage\":{\"@id\":\"https:\\\/\\\/www.itakaescolapios.org\\\/es\\\/2016\\\/02\\\/inicio-de-actividades-escolares-2016\\\/\"},\"wordCount\":134,\"publisher\":{\"@id\":\"https:\\\/\\\/www.itakaescolapios.org\\\/es\\\/#organization\"},\"image\":{\"@id\":\"https:\\\/\\\/www.itakaescolapios.org\\\/es\\\/2016\\\/02\\\/inicio-de-actividades-escolares-2016\\\/#primaryimage\"},\"thumbnailUrl\":\"https:\\\/\\\/www.itakaescolapios.org\\\/wp-content\\\/uploads\\\/2016\\\/02\\\/DSC_0117.jpg\",\"articleSection\":[\"Bolivia\"],\"inLanguage\":\"es\"},{\"@type\":\"WebPage\",\"@id\":\"https:\\\/\\\/www.itakaescolapios.org\\\/es\\\/2016\\\/02\\\/inicio-de-actividades-escolares-2016\\\/\",\"url\":\"https:\\\/\\\/www.itakaescolapios.org\\\/es\\\/2016\\\/02\\\/inicio-de-actividades-escolares-2016\\\/\",\"name\":\"INICIO DE ACTIVIDADES ESCOLARES 2016 - Itaka-Escolapios\",\"isPartOf\":{\"@id\":\"https:\\\/\\\/www.itakaescolapios.org\\\/es\\\/#website\"},\"primaryImageOfPage\":{\"@id\":\"https:\\\/\\\/www.itakaescolapios.org\\\/es\\\/2016\\\/02\\\/inicio-de-actividades-escolares-2016\\\/#primaryimage\"},\"image\":{\"@id\":\"https:\\\/\\\/www.itakaescolapios.org\\\/es\\\/2016\\\/02\\\/inicio-de-actividades-escolares-2016\\\/#primaryimage\"},\"thumbnailUrl\":\"https:\\\/\\\/www.itakaescolapios.org\\\/wp-content\\\/uploads\\\/2016\\\/02\\\/DSC_0117.jpg\",\"datePublished\":\"2016-02-01T22:53:36+00:00\",\"dateModified\":\"2023-11-28T11:38:30+00:00\",\"breadcrumb\":{\"@id\":\"https:\\\/\\\/www.itakaescolapios.org\\\/es\\\/2016\\\/02\\\/inicio-de-actividades-escolares-2016\\\/#breadcrumb\"},\"inLanguage\":\"es\",\"potentialAction\":[{\"@type\":\"ReadAction\",\"target\":[\"https:\\\/\\\/www.itakaescolapios.org\\\/es\\\/2016\\\/02\\\/inicio-de-actividades-escolares-2016\\\/\"]}]},{\"@type\":\"ImageObject\",\"inLanguage\":\"es\",\"@id\":\"https:\\\/\\\/www.itakaescolapios.org\\\/es\\\/2016\\\/02\\\/inicio-de-actividades-escolares-2016\\\/#primaryimage\",\"url\":\"https:\\\/\\\/www.itakaescolapios.org\\\/wp-content\\\/uploads\\\/2016\\\/02\\\/DSC_0117.jpg\",\"contentUrl\":\"https:\\\/\\\/www.itakaescolapios.org\\\/wp-content\\\/uploads\\\/2016\\\/02\\\/DSC_0117.jpg\",\"width\":2000,\"height\":1124,\"caption\":\"Ni\u00f1os camino al Colegio de Cocapata\"},{\"@type\":\"BreadcrumbList\",\"@id\":\"https:\\\/\\\/www.itakaescolapios.org\\\/es\\\/2016\\\/02\\\/inicio-de-actividades-escolares-2016\\\/#breadcrumb\",\"itemListElement\":[{\"@type\":\"ListItem\",\"position\":1,\"name\":\"Portada\",\"item\":\"https:\\\/\\\/www.itakaescolapios.org\\\/es\\\/\"},{\"@type\":\"ListItem\",\"position\":2,\"name\":\"INICIO DE ACTIVIDADES ESCOLARES 2016\"}]},{\"@type\":\"WebSite\",\"@id\":\"https:\\\/\\\/www.itakaescolapios.org\\\/es\\\/#website\",\"url\":\"https:\\\/\\\/www.itakaescolapios.org\\\/es\\\/\",\"name\":\"Itaka-Escolapios\",\"description\":\"Red de Itaka-Escolapios\",\"publisher\":{\"@id\":\"https:\\\/\\\/www.itakaescolapios.org\\\/es\\\/#organization\"},\"potentialAction\":[{\"@type\":\"SearchAction\",\"target\":{\"@type\":\"EntryPoint\",\"urlTemplate\":\"https:\\\/\\\/www.itakaescolapios.org\\\/es\\\/?s={search_term_string}\"},\"query-input\":{\"@type\":\"PropertyValueSpecification\",\"valueRequired\":true,\"valueName\":\"search_term_string\"}}],\"inLanguage\":\"es\"},{\"@type\":\"Organization\",\"@id\":\"https:\\\/\\\/www.itakaescolapios.org\\\/es\\\/#organization\",\"name\":\"Fundaci\u00f3 Itaka-Escolapios\",\"url\":\"https:\\\/\\\/www.itakaescolapios.org\\\/es\\\/\",\"logo\":{\"@type\":\"ImageObject\",\"inLanguage\":\"es\",\"@id\":\"https:\\\/\\\/www.itakaescolapios.org\\\/es\\\/#\\\/schema\\\/logo\\\/image\\\/\",\"url\":\"https:\\\/\\\/www.itakaescolapios.org\\\/wp-content\\\/uploads\\\/2024\\\/04\\\/Logo-itakaescolapios-peque.png\",\"contentUrl\":\"https:\\\/\\\/www.itakaescolapios.org\\\/wp-content\\\/uploads\\\/2024\\\/04\\\/Logo-itakaescolapios-peque.png\",\"width\":500,\"height\":199,\"caption\":\"Fundaci\u00f3 Itaka-Escolapios\"},\"image\":{\"@id\":\"https:\\\/\\\/www.itakaescolapios.org\\\/es\\\/#\\\/schema\\\/logo\\\/image\\\/\"}},{\"@type\":\"Person\",\"@id\":\"https:\\\/\\\/www.itakaescolapios.org\\\/es\\\/#\\\/schema\\\/person\\\/141b7734ef7c6eadcc0fefeb0614c94a\",\"name\":\"bolivia01\",\"url\":\"https:\\\/\\\/www.itakaescolapios.org\\\/es\\\/author\\\/bolivia01\\\/\"}]}<\/script>\n<!-- \/ Yoast SEO plugin. -->","yoast_head_json":{"title":"INICIO DE ACTIVIDADES ESCOLARES 2016 - Itaka-Escolapios","robots":{"index":"index","follow":"follow","max-snippet":"max-snippet:-1","max-image-preview":"max-image-preview:large","max-video-preview":"max-video-preview:-1"},"canonical":"https:\/\/www.itakaescolapios.org\/es\/2016\/02\/inicio-de-actividades-escolares-2016\/","og_locale":"es_ES","og_type":"article","og_title":"INICIO DE ACTIVIDADES ESCOLARES 2016 - Itaka-Escolapios","og_description":"Hoy 01 de febrero de 2016, en Bolivia hemos iniciado oficialmente las actividades escolares. Por tal motivo los colegios de Anzaldo, Cocapata, y San Rafael de Cochabamba, Santiva\u00f1ez, Morocomarca, estuvieron [&hellip;]","og_url":"https:\/\/www.itakaescolapios.org\/es\/2016\/02\/inicio-de-actividades-escolares-2016\/","og_site_name":"Itaka-Escolapios","article_published_time":"2016-02-01T22:53:36+00:00","article_modified_time":"2023-11-28T11:38:30+00:00","og_image":[{"width":2000,"height":1124,"url":"https:\/\/www.itakaescolapios.org\/wp-content\/uploads\/2016\/02\/DSC_0117.jpg","type":"image\/jpeg"}],"author":"bolivia01","twitter_card":"summary_large_image","twitter_misc":{"Escrito por":"bolivia01","Tiempo de lectura":"1 minuto"},"schema":{"@context":"https:\/\/schema.org","@graph":[{"@type":"Article","@id":"https:\/\/www.itakaescolapios.org\/es\/2016\/02\/inicio-de-actividades-escolares-2016\/#article","isPartOf":{"@id":"https:\/\/www.itakaescolapios.org\/es\/2016\/02\/inicio-de-actividades-escolares-2016\/"},"author":{"name":"bolivia01","@id":"https:\/\/www.itakaescolapios.org\/es\/#\/schema\/person\/141b7734ef7c6eadcc0fefeb0614c94a"},"headline":"INICIO DE ACTIVIDADES ESCOLARES 2016","datePublished":"2016-02-01T22:53:36+00:00","dateModified":"2023-11-28T11:38:30+00:00","mainEntityOfPage":{"@id":"https:\/\/www.itakaescolapios.org\/es\/2016\/02\/inicio-de-actividades-escolares-2016\/"},"wordCount":134,"publisher":{"@id":"https:\/\/www.itakaescolapios.org\/es\/#organization"},"image":{"@id":"https:\/\/www.itakaescolapios.org\/es\/2016\/02\/inicio-de-actividades-escolares-2016\/#primaryimage"},"thumbnailUrl":"https:\/\/www.itakaescolapios.org\/wp-content\/uploads\/2016\/02\/DSC_0117.jpg","articleSection":["Bolivia"],"inLanguage":"es"},{"@type":"WebPage","@id":"https:\/\/www.itakaescolapios.org\/es\/2016\/02\/inicio-de-actividades-escolares-2016\/","url":"https:\/\/www.itakaescolapios.org\/es\/2016\/02\/inicio-de-actividades-escolares-2016\/","name":"INICIO DE ACTIVIDADES ESCOLARES 2016 - Itaka-Escolapios","isPartOf":{"@id":"https:\/\/www.itakaescolapios.org\/es\/#website"},"primaryImageOfPage":{"@id":"https:\/\/www.itakaescolapios.org\/es\/2016\/02\/inicio-de-actividades-escolares-2016\/#primaryimage"},"image":{"@id":"https:\/\/www.itakaescolapios.org\/es\/2016\/02\/inicio-de-actividades-escolares-2016\/#primaryimage"},"thumbnailUrl":"https:\/\/www.itakaescolapios.org\/wp-content\/uploads\/2016\/02\/DSC_0117.jpg","datePublished":"2016-02-01T22:53:36+00:00","dateModified":"2023-11-28T11:38:30+00:00","breadcrumb":{"@id":"https:\/\/www.itakaescolapios.org\/es\/2016\/02\/inicio-de-actividades-escolares-2016\/#breadcrumb"},"inLanguage":"es","potentialAction":[{"@type":"ReadAction","target":["https:\/\/www.itakaescolapios.org\/es\/2016\/02\/inicio-de-actividades-escolares-2016\/"]}]},{"@type":"ImageObject","inLanguage":"es","@id":"https:\/\/www.itakaescolapios.org\/es\/2016\/02\/inicio-de-actividades-escolares-2016\/#primaryimage","url":"https:\/\/www.itakaescolapios.org\/wp-content\/uploads\/2016\/02\/DSC_0117.jpg","contentUrl":"https:\/\/www.itakaescolapios.org\/wp-content\/uploads\/2016\/02\/DSC_0117.jpg","width":2000,"height":1124,"caption":"Ni\u00f1os camino al Colegio de Cocapata"},{"@type":"BreadcrumbList","@id":"https:\/\/www.itakaescolapios.org\/es\/2016\/02\/inicio-de-actividades-escolares-2016\/#breadcrumb","itemListElement":[{"@type":"ListItem","position":1,"name":"Portada","item":"https:\/\/www.itakaescolapios.org\/es\/"},{"@type":"ListItem","position":2,"name":"INICIO DE ACTIVIDADES ESCOLARES 2016"}]},{"@type":"WebSite","@id":"https:\/\/www.itakaescolapios.org\/es\/#website","url":"https:\/\/www.itakaescolapios.org\/es\/","name":"Itaka-Escolapios","description":"Red de Itaka-Escolapios","publisher":{"@id":"https:\/\/www.itakaescolapios.org\/es\/#organization"},"potentialAction":[{"@type":"SearchAction","target":{"@type":"EntryPoint","urlTemplate":"https:\/\/www.itakaescolapios.org\/es\/?s={search_term_string}"},"query-input":{"@type":"PropertyValueSpecification","valueRequired":true,"valueName":"search_term_string"}}],"inLanguage":"es"},{"@type":"Organization","@id":"https:\/\/www.itakaescolapios.org\/es\/#organization","name":"Fundaci\u00f3 Itaka-Escolapios","url":"https:\/\/www.itakaescolapios.org\/es\/","logo":{"@type":"ImageObject","inLanguage":"es","@id":"https:\/\/www.itakaescolapios.org\/es\/#\/schema\/logo\/image\/","url":"https:\/\/www.itakaescolapios.org\/wp-content\/uploads\/2024\/04\/Logo-itakaescolapios-peque.png","contentUrl":"https:\/\/www.itakaescolapios.org\/wp-content\/uploads\/2024\/04\/Logo-itakaescolapios-peque.png","width":500,"height":199,"caption":"Fundaci\u00f3 Itaka-Escolapios"},"image":{"@id":"https:\/\/www.itakaescolapios.org\/es\/#\/schema\/logo\/image\/"}},{"@type":"Person","@id":"https:\/\/www.itakaescolapios.org\/es\/#\/schema\/person\/141b7734ef7c6eadcc0fefeb0614c94a","name":"bolivia01","url":"https:\/\/www.itakaescolapios.org\/es\/author\/bolivia01\/"}]}},"_links":{"self":[{"href":"https:\/\/www.itakaescolapios.org\/es\/wp-json\/wp\/v2\/posts\/14512","targetHints":{"allow":["GET"]}}],"collection":[{"href":"https:\/\/www.itakaescolapios.org\/es\/wp-json\/wp\/v2\/posts"}],"about":[{"href":"https:\/\/www.itakaescolapios.org\/es\/wp-json\/wp\/v2\/types\/post"}],"author":[{"embeddable":true,"href":"https:\/\/www.itakaescolapios.org\/es\/wp-json\/wp\/v2\/users\/7"}],"replies":[{"embeddable":true,"href":"https:\/\/www.itakaescolapios.org\/es\/wp-json\/wp\/v2\/comments?post=14512"}],"version-history":[{"count":5,"href":"https:\/\/www.itakaescolapios.org\/es\/wp-json\/wp\/v2\/posts\/14512\/revisions"}],"predecessor-version":[{"id":48431,"href":"https:\/\/www.itakaescolapios.org\/es\/wp-json\/wp\/v2\/posts\/14512\/revisions\/48431"}],"wp:featuredmedia":[{"embeddable":true,"href":"https:\/\/www.itakaescolapios.org\/es\/wp-json\/wp\/v2\/media\/14513"}],"wp:attachment":[{"href":"https:\/\/www.itakaescolapios.org\/es\/wp-json\/wp\/v2\/media?parent=14512"}],"wp:term":[{"taxonomy":"category","embeddable":true,"href":"https:\/\/www.itakaescolapios.org\/es\/wp-json\/wp\/v2\/categories?post=14512"},{"taxonomy":"post_tag","embeddable":true,"href":"https:\/\/www.itakaescolapios.org\/es\/wp-json\/wp\/v2\/tags?post=14512"}],"curies":[{"name":"wp","href":"https:\/\/api.w.org\/{rel}","templated":true}]}}