{"id":14558,"date":"2016-02-09T12:19:50","date_gmt":"2016-02-09T11:19:50","guid":{"rendered":"https:\/\/www.itakaescolapios.org\/?p=14558"},"modified":"2023-11-28T12:38:29","modified_gmt":"2023-11-28T11:38:29","slug":"magia-para-todos-por-una-buena-causa","status":"publish","type":"post","link":"https:\/\/www.itakaescolapios.org\/es\/2016\/02\/magia-para-todos-por-una-buena-causa\/","title":{"rendered":"MAGIA PARA TODOS POR UNA BUENA CAUSA"},"content":{"rendered":"<p style=\"text-align: justify\"><span style=\"line-height: 1.5em\">La cuarta edici\u00f3n de MAGIA EN FAMILIA se celebr\u00f3 el pasado s\u00e1bado 6 de febrero, en el sal\u00f3n de actos del colegio San Jos\u00e9 de Calasanz de Valencia con, una vez m\u00e1s, gran \u00e9xito en la convocatoria. M\u00e1s de 600 personas disfrutaron del espect\u00e1culo \u201cEl castillo m\u00e1gico\u201d en las dos sesiones amenizadas por el Mago Kiki, Selu XL, el mago Vaza y el mago Julius.<\/span><\/p>\n<p style=\"text-align: justify\">Una visita por las dependencias del castillo llev\u00f3 a todos los asistentes a los mejores trucos de magia y sorpresas, mientras pasaban por el jard\u00edn, las cocinas, la biblioteca o la tienda de souvenirs. M\u00e1s de uno se qued\u00f3 embobado mientras ve\u00eda las actuaciones incre\u00edbles de los magos que colaboraron desinteresadamente en este d\u00eda de magia familiar. Una forma muy divertida de pasar el d\u00eda rodeado de amigos disfrutando de la magia con \u201cEl castillo m\u00e1gico\u201d.<\/p>\n<p style=\"text-align: justify\">M\u00e1s de 3.000 euros fueron recaudados entre las dos sesiones, matinal y vespertina, del espect\u00e1culo, que ser\u00e1n destinados \u00edntegramente al proyecto escolapio de construcci\u00f3n de un internado en Atamb\u00faa (Indonesia), donde se dirigen este a\u00f1o todos los esfuerzos de la campa\u00f1a de solidaridad de los colegios de la provincia de Betania.<\/p>\n<p style=\"text-align: justify\">Adem\u00e1s, los asistentes pudieron fotografiarse con los personajes de la campa\u00f1a, la Tripulaci\u00f3n Itaka- Escolapios que, encabezada por su capit\u00e1n, San Jos\u00e9 de Calasanz, presid\u00edan el hall del sal\u00f3n de actos.<\/p>\n<p style=\"text-align: justify\">S\u00f3lo nos queda agradecer la colaboraci\u00f3n de todos, tanto de los magos Kiki, Selu XL, Vaza y Julius, como del p\u00fablico que pas\u00f3 un divertido rato con ellos, y de los voluntarios que participaron en la decoraci\u00f3n y que todo estuviese perfecto para este d\u00eda.<\/p>\n<p style=\"text-align: justify\">Pod\u00e9is ver todas las fotos de este d\u00eda en nuestro <a href=\"https:\/\/www.facebook.com\/media\/set\/?set=a.1063638770392810.1073741863.367218580034836&amp;type=3\" target=\"_blank\" rel=\"noopener\">Facebook<\/a>!<\/p>\n","protected":false},"excerpt":{"rendered":"<p>La cuarta edici\u00f3n de MAGIA EN FAMILIA se celebr\u00f3 el pasado s\u00e1bado 6 de febrero, en el sal\u00f3n de actos del colegio San Jos\u00e9 de Calasanz de Valencia con, una [&hellip;]<\/p>\n","protected":false},"author":39,"featured_media":14559,"comment_status":"closed","ping_status":"closed","sticky":false,"template":"","format":"standard","meta":{"_et_pb_use_builder":"","_et_pb_old_content":"","_et_gb_content_width":"","footnotes":""},"categories":[12],"tags":[195,192,194,193,152],"class_list":["post-14558","post","type-post","status-publish","format-standard","has-post-thumbnail","hentry","category-valencia","tag-al-encuentro","tag-atambua","tag-campana-solidaridad","tag-internado","tag-magia-en-familia"],"yoast_head":"<!-- This site is optimized with the Yoast SEO plugin v27.4 - https:\/\/yoast.com\/product\/yoast-seo-wordpress\/ -->\n<title>MAGIA PARA TODOS POR UNA BUENA CAUSA - Itaka-Escolapios<\/title>\n<meta name=\"robots\" content=\"index, follow, max-snippet:-1, max-image-preview:large, max-video-preview:-1\" \/>\n<link rel=\"canonical\" href=\"https:\/\/www.itakaescolapios.org\/es\/2016\/02\/magia-para-todos-por-una-buena-causa\/\" \/>\n<meta property=\"og:locale\" content=\"es_ES\" \/>\n<meta property=\"og:type\" content=\"article\" \/>\n<meta property=\"og:title\" content=\"MAGIA PARA TODOS POR UNA BUENA CAUSA - Itaka-Escolapios\" \/>\n<meta property=\"og:description\" content=\"La cuarta edici\u00f3n de MAGIA EN FAMILIA se celebr\u00f3 el pasado s\u00e1bado 6 de febrero, en el sal\u00f3n de actos del colegio San Jos\u00e9 de Calasanz de Valencia con, una [&hellip;]\" \/>\n<meta property=\"og:url\" content=\"https:\/\/www.itakaescolapios.org\/es\/2016\/02\/magia-para-todos-por-una-buena-causa\/\" \/>\n<meta property=\"og:site_name\" content=\"Itaka-Escolapios\" \/>\n<meta property=\"article:published_time\" content=\"2016-02-09T11:19:50+00:00\" \/>\n<meta property=\"article:modified_time\" content=\"2023-11-28T11:38:29+00:00\" \/>\n<meta property=\"og:image\" content=\"https:\/\/www.itakaescolapios.org\/wp-content\/uploads\/2016\/02\/P1060490.jpg\" \/>\n\t<meta property=\"og:image:width\" content=\"2000\" \/>\n\t<meta property=\"og:image:height\" content=\"1500\" \/>\n\t<meta property=\"og:image:type\" content=\"image\/jpeg\" \/>\n<meta name=\"author\" content=\"valencia01\" \/>\n<meta name=\"twitter:card\" content=\"summary_large_image\" \/>\n<meta name=\"twitter:label1\" content=\"Escrito por\" \/>\n\t<meta name=\"twitter:data1\" content=\"valencia01\" \/>\n\t<meta name=\"twitter:label2\" content=\"Tiempo de lectura\" \/>\n\t<meta name=\"twitter:data2\" content=\"2 minutos\" \/>\n<script type=\"application\/ld+json\" class=\"yoast-schema-graph\">{\"@context\":\"https:\\\/\\\/schema.org\",\"@graph\":[{\"@type\":\"Article\",\"@id\":\"https:\\\/\\\/www.itakaescolapios.org\\\/es\\\/2016\\\/02\\\/magia-para-todos-por-una-buena-causa\\\/#article\",\"isPartOf\":{\"@id\":\"https:\\\/\\\/www.itakaescolapios.org\\\/es\\\/2016\\\/02\\\/magia-para-todos-por-una-buena-causa\\\/\"},\"author\":{\"name\":\"valencia01\",\"@id\":\"https:\\\/\\\/www.itakaescolapios.org\\\/es\\\/#\\\/schema\\\/person\\\/c232ccaa2b3f2e98db93c1f8dfca96ff\"},\"headline\":\"MAGIA PARA TODOS POR UNA BUENA CAUSA\",\"datePublished\":\"2016-02-09T11:19:50+00:00\",\"dateModified\":\"2023-11-28T11:38:29+00:00\",\"mainEntityOfPage\":{\"@id\":\"https:\\\/\\\/www.itakaescolapios.org\\\/es\\\/2016\\\/02\\\/magia-para-todos-por-una-buena-causa\\\/\"},\"wordCount\":317,\"publisher\":{\"@id\":\"https:\\\/\\\/www.itakaescolapios.org\\\/es\\\/#organization\"},\"image\":{\"@id\":\"https:\\\/\\\/www.itakaescolapios.org\\\/es\\\/2016\\\/02\\\/magia-para-todos-por-una-buena-causa\\\/#primaryimage\"},\"thumbnailUrl\":\"https:\\\/\\\/www.itakaescolapios.org\\\/wp-content\\\/uploads\\\/2016\\\/02\\\/P1060490.jpg\",\"keywords\":[\"Al Encuentro\",\"Atamb\u00faa\",\"campa\u00f1a solidaridad\",\"internado\",\"Magia en Familia\"],\"articleSection\":[\"Valencia\"],\"inLanguage\":\"es\"},{\"@type\":\"WebPage\",\"@id\":\"https:\\\/\\\/www.itakaescolapios.org\\\/es\\\/2016\\\/02\\\/magia-para-todos-por-una-buena-causa\\\/\",\"url\":\"https:\\\/\\\/www.itakaescolapios.org\\\/es\\\/2016\\\/02\\\/magia-para-todos-por-una-buena-causa\\\/\",\"name\":\"MAGIA PARA TODOS POR UNA BUENA CAUSA - Itaka-Escolapios\",\"isPartOf\":{\"@id\":\"https:\\\/\\\/www.itakaescolapios.org\\\/es\\\/#website\"},\"primaryImageOfPage\":{\"@id\":\"https:\\\/\\\/www.itakaescolapios.org\\\/es\\\/2016\\\/02\\\/magia-para-todos-por-una-buena-causa\\\/#primaryimage\"},\"image\":{\"@id\":\"https:\\\/\\\/www.itakaescolapios.org\\\/es\\\/2016\\\/02\\\/magia-para-todos-por-una-buena-causa\\\/#primaryimage\"},\"thumbnailUrl\":\"https:\\\/\\\/www.itakaescolapios.org\\\/wp-content\\\/uploads\\\/2016\\\/02\\\/P1060490.jpg\",\"datePublished\":\"2016-02-09T11:19:50+00:00\",\"dateModified\":\"2023-11-28T11:38:29+00:00\",\"breadcrumb\":{\"@id\":\"https:\\\/\\\/www.itakaescolapios.org\\\/es\\\/2016\\\/02\\\/magia-para-todos-por-una-buena-causa\\\/#breadcrumb\"},\"inLanguage\":\"es\",\"potentialAction\":[{\"@type\":\"ReadAction\",\"target\":[\"https:\\\/\\\/www.itakaescolapios.org\\\/es\\\/2016\\\/02\\\/magia-para-todos-por-una-buena-causa\\\/\"]}]},{\"@type\":\"ImageObject\",\"inLanguage\":\"es\",\"@id\":\"https:\\\/\\\/www.itakaescolapios.org\\\/es\\\/2016\\\/02\\\/magia-para-todos-por-una-buena-causa\\\/#primaryimage\",\"url\":\"https:\\\/\\\/www.itakaescolapios.org\\\/wp-content\\\/uploads\\\/2016\\\/02\\\/P1060490.jpg\",\"contentUrl\":\"https:\\\/\\\/www.itakaescolapios.org\\\/wp-content\\\/uploads\\\/2016\\\/02\\\/P1060490.jpg\",\"width\":2000,\"height\":1500},{\"@type\":\"BreadcrumbList\",\"@id\":\"https:\\\/\\\/www.itakaescolapios.org\\\/es\\\/2016\\\/02\\\/magia-para-todos-por-una-buena-causa\\\/#breadcrumb\",\"itemListElement\":[{\"@type\":\"ListItem\",\"position\":1,\"name\":\"Portada\",\"item\":\"https:\\\/\\\/www.itakaescolapios.org\\\/es\\\/\"},{\"@type\":\"ListItem\",\"position\":2,\"name\":\"MAGIA PARA TODOS POR UNA BUENA CAUSA\"}]},{\"@type\":\"WebSite\",\"@id\":\"https:\\\/\\\/www.itakaescolapios.org\\\/es\\\/#website\",\"url\":\"https:\\\/\\\/www.itakaescolapios.org\\\/es\\\/\",\"name\":\"Itaka-Escolapios\",\"description\":\"Red de Itaka-Escolapios\",\"publisher\":{\"@id\":\"https:\\\/\\\/www.itakaescolapios.org\\\/es\\\/#organization\"},\"potentialAction\":[{\"@type\":\"SearchAction\",\"target\":{\"@type\":\"EntryPoint\",\"urlTemplate\":\"https:\\\/\\\/www.itakaescolapios.org\\\/es\\\/?s={search_term_string}\"},\"query-input\":{\"@type\":\"PropertyValueSpecification\",\"valueRequired\":true,\"valueName\":\"search_term_string\"}}],\"inLanguage\":\"es\"},{\"@type\":\"Organization\",\"@id\":\"https:\\\/\\\/www.itakaescolapios.org\\\/es\\\/#organization\",\"name\":\"Fundaci\u00f3 Itaka-Escolapios\",\"url\":\"https:\\\/\\\/www.itakaescolapios.org\\\/es\\\/\",\"logo\":{\"@type\":\"ImageObject\",\"inLanguage\":\"es\",\"@id\":\"https:\\\/\\\/www.itakaescolapios.org\\\/es\\\/#\\\/schema\\\/logo\\\/image\\\/\",\"url\":\"https:\\\/\\\/www.itakaescolapios.org\\\/wp-content\\\/uploads\\\/2024\\\/04\\\/Logo-itakaescolapios-peque.png\",\"contentUrl\":\"https:\\\/\\\/www.itakaescolapios.org\\\/wp-content\\\/uploads\\\/2024\\\/04\\\/Logo-itakaescolapios-peque.png\",\"width\":500,\"height\":199,\"caption\":\"Fundaci\u00f3 Itaka-Escolapios\"},\"image\":{\"@id\":\"https:\\\/\\\/www.itakaescolapios.org\\\/es\\\/#\\\/schema\\\/logo\\\/image\\\/\"}},{\"@type\":\"Person\",\"@id\":\"https:\\\/\\\/www.itakaescolapios.org\\\/es\\\/#\\\/schema\\\/person\\\/c232ccaa2b3f2e98db93c1f8dfca96ff\",\"name\":\"valencia01\",\"url\":\"https:\\\/\\\/www.itakaescolapios.org\\\/es\\\/author\\\/valencia01\\\/\"}]}<\/script>\n<!-- \/ Yoast SEO plugin. -->","yoast_head_json":{"title":"MAGIA PARA TODOS POR UNA BUENA CAUSA - Itaka-Escolapios","robots":{"index":"index","follow":"follow","max-snippet":"max-snippet:-1","max-image-preview":"max-image-preview:large","max-video-preview":"max-video-preview:-1"},"canonical":"https:\/\/www.itakaescolapios.org\/es\/2016\/02\/magia-para-todos-por-una-buena-causa\/","og_locale":"es_ES","og_type":"article","og_title":"MAGIA PARA TODOS POR UNA BUENA CAUSA - Itaka-Escolapios","og_description":"La cuarta edici\u00f3n de MAGIA EN FAMILIA se celebr\u00f3 el pasado s\u00e1bado 6 de febrero, en el sal\u00f3n de actos del colegio San Jos\u00e9 de Calasanz de Valencia con, una [&hellip;]","og_url":"https:\/\/www.itakaescolapios.org\/es\/2016\/02\/magia-para-todos-por-una-buena-causa\/","og_site_name":"Itaka-Escolapios","article_published_time":"2016-02-09T11:19:50+00:00","article_modified_time":"2023-11-28T11:38:29+00:00","og_image":[{"width":2000,"height":1500,"url":"https:\/\/www.itakaescolapios.org\/wp-content\/uploads\/2016\/02\/P1060490.jpg","type":"image\/jpeg"}],"author":"valencia01","twitter_card":"summary_large_image","twitter_misc":{"Escrito por":"valencia01","Tiempo de lectura":"2 minutos"},"schema":{"@context":"https:\/\/schema.org","@graph":[{"@type":"Article","@id":"https:\/\/www.itakaescolapios.org\/es\/2016\/02\/magia-para-todos-por-una-buena-causa\/#article","isPartOf":{"@id":"https:\/\/www.itakaescolapios.org\/es\/2016\/02\/magia-para-todos-por-una-buena-causa\/"},"author":{"name":"valencia01","@id":"https:\/\/www.itakaescolapios.org\/es\/#\/schema\/person\/c232ccaa2b3f2e98db93c1f8dfca96ff"},"headline":"MAGIA PARA TODOS POR UNA BUENA CAUSA","datePublished":"2016-02-09T11:19:50+00:00","dateModified":"2023-11-28T11:38:29+00:00","mainEntityOfPage":{"@id":"https:\/\/www.itakaescolapios.org\/es\/2016\/02\/magia-para-todos-por-una-buena-causa\/"},"wordCount":317,"publisher":{"@id":"https:\/\/www.itakaescolapios.org\/es\/#organization"},"image":{"@id":"https:\/\/www.itakaescolapios.org\/es\/2016\/02\/magia-para-todos-por-una-buena-causa\/#primaryimage"},"thumbnailUrl":"https:\/\/www.itakaescolapios.org\/wp-content\/uploads\/2016\/02\/P1060490.jpg","keywords":["Al Encuentro","Atamb\u00faa","campa\u00f1a solidaridad","internado","Magia en Familia"],"articleSection":["Valencia"],"inLanguage":"es"},{"@type":"WebPage","@id":"https:\/\/www.itakaescolapios.org\/es\/2016\/02\/magia-para-todos-por-una-buena-causa\/","url":"https:\/\/www.itakaescolapios.org\/es\/2016\/02\/magia-para-todos-por-una-buena-causa\/","name":"MAGIA PARA TODOS POR UNA BUENA CAUSA - Itaka-Escolapios","isPartOf":{"@id":"https:\/\/www.itakaescolapios.org\/es\/#website"},"primaryImageOfPage":{"@id":"https:\/\/www.itakaescolapios.org\/es\/2016\/02\/magia-para-todos-por-una-buena-causa\/#primaryimage"},"image":{"@id":"https:\/\/www.itakaescolapios.org\/es\/2016\/02\/magia-para-todos-por-una-buena-causa\/#primaryimage"},"thumbnailUrl":"https:\/\/www.itakaescolapios.org\/wp-content\/uploads\/2016\/02\/P1060490.jpg","datePublished":"2016-02-09T11:19:50+00:00","dateModified":"2023-11-28T11:38:29+00:00","breadcrumb":{"@id":"https:\/\/www.itakaescolapios.org\/es\/2016\/02\/magia-para-todos-por-una-buena-causa\/#breadcrumb"},"inLanguage":"es","potentialAction":[{"@type":"ReadAction","target":["https:\/\/www.itakaescolapios.org\/es\/2016\/02\/magia-para-todos-por-una-buena-causa\/"]}]},{"@type":"ImageObject","inLanguage":"es","@id":"https:\/\/www.itakaescolapios.org\/es\/2016\/02\/magia-para-todos-por-una-buena-causa\/#primaryimage","url":"https:\/\/www.itakaescolapios.org\/wp-content\/uploads\/2016\/02\/P1060490.jpg","contentUrl":"https:\/\/www.itakaescolapios.org\/wp-content\/uploads\/2016\/02\/P1060490.jpg","width":2000,"height":1500},{"@type":"BreadcrumbList","@id":"https:\/\/www.itakaescolapios.org\/es\/2016\/02\/magia-para-todos-por-una-buena-causa\/#breadcrumb","itemListElement":[{"@type":"ListItem","position":1,"name":"Portada","item":"https:\/\/www.itakaescolapios.org\/es\/"},{"@type":"ListItem","position":2,"name":"MAGIA PARA TODOS POR UNA BUENA CAUSA"}]},{"@type":"WebSite","@id":"https:\/\/www.itakaescolapios.org\/es\/#website","url":"https:\/\/www.itakaescolapios.org\/es\/","name":"Itaka-Escolapios","description":"Red de Itaka-Escolapios","publisher":{"@id":"https:\/\/www.itakaescolapios.org\/es\/#organization"},"potentialAction":[{"@type":"SearchAction","target":{"@type":"EntryPoint","urlTemplate":"https:\/\/www.itakaescolapios.org\/es\/?s={search_term_string}"},"query-input":{"@type":"PropertyValueSpecification","valueRequired":true,"valueName":"search_term_string"}}],"inLanguage":"es"},{"@type":"Organization","@id":"https:\/\/www.itakaescolapios.org\/es\/#organization","name":"Fundaci\u00f3 Itaka-Escolapios","url":"https:\/\/www.itakaescolapios.org\/es\/","logo":{"@type":"ImageObject","inLanguage":"es","@id":"https:\/\/www.itakaescolapios.org\/es\/#\/schema\/logo\/image\/","url":"https:\/\/www.itakaescolapios.org\/wp-content\/uploads\/2024\/04\/Logo-itakaescolapios-peque.png","contentUrl":"https:\/\/www.itakaescolapios.org\/wp-content\/uploads\/2024\/04\/Logo-itakaescolapios-peque.png","width":500,"height":199,"caption":"Fundaci\u00f3 Itaka-Escolapios"},"image":{"@id":"https:\/\/www.itakaescolapios.org\/es\/#\/schema\/logo\/image\/"}},{"@type":"Person","@id":"https:\/\/www.itakaescolapios.org\/es\/#\/schema\/person\/c232ccaa2b3f2e98db93c1f8dfca96ff","name":"valencia01","url":"https:\/\/www.itakaescolapios.org\/es\/author\/valencia01\/"}]}},"_links":{"self":[{"href":"https:\/\/www.itakaescolapios.org\/es\/wp-json\/wp\/v2\/posts\/14558","targetHints":{"allow":["GET"]}}],"collection":[{"href":"https:\/\/www.itakaescolapios.org\/es\/wp-json\/wp\/v2\/posts"}],"about":[{"href":"https:\/\/www.itakaescolapios.org\/es\/wp-json\/wp\/v2\/types\/post"}],"author":[{"embeddable":true,"href":"https:\/\/www.itakaescolapios.org\/es\/wp-json\/wp\/v2\/users\/39"}],"replies":[{"embeddable":true,"href":"https:\/\/www.itakaescolapios.org\/es\/wp-json\/wp\/v2\/comments?post=14558"}],"version-history":[{"count":5,"href":"https:\/\/www.itakaescolapios.org\/es\/wp-json\/wp\/v2\/posts\/14558\/revisions"}],"predecessor-version":[{"id":48417,"href":"https:\/\/www.itakaescolapios.org\/es\/wp-json\/wp\/v2\/posts\/14558\/revisions\/48417"}],"wp:featuredmedia":[{"embeddable":true,"href":"https:\/\/www.itakaescolapios.org\/es\/wp-json\/wp\/v2\/media\/14559"}],"wp:attachment":[{"href":"https:\/\/www.itakaescolapios.org\/es\/wp-json\/wp\/v2\/media?parent=14558"}],"wp:term":[{"taxonomy":"category","embeddable":true,"href":"https:\/\/www.itakaescolapios.org\/es\/wp-json\/wp\/v2\/categories?post=14558"},{"taxonomy":"post_tag","embeddable":true,"href":"https:\/\/www.itakaescolapios.org\/es\/wp-json\/wp\/v2\/tags?post=14558"}],"curies":[{"name":"wp","href":"https:\/\/api.w.org\/{rel}","templated":true}]}}