{"id":15575,"date":"2016-04-24T14:12:35","date_gmt":"2016-04-24T13:12:35","guid":{"rendered":"https:\/\/www.itakaescolapios.org\/?p=15575"},"modified":"2023-11-28T12:38:26","modified_gmt":"2023-11-28T11:38:26","slug":"al-encuentro-del-voluntario-escolapio","status":"publish","type":"post","link":"https:\/\/www.itakaescolapios.org\/es\/2016\/04\/al-encuentro-del-voluntario-escolapio\/","title":{"rendered":"Al encuentro del voluntario escolapio"},"content":{"rendered":"<p style=\"text-align: justify\">El pasado s\u00e1bado 16 de abril celebramos un encuentro de los voluntarios y voluntarias da la sede de Itaka-Escolapios de Pamplona-Iru\u00f1a. Un d\u00eda intenso en el que, tras compartir una reflexi\u00f3n que sirvi\u00f3 para hacernos un \u201cchequeo\u201d de los principales rasgos que aspiramos a tener como voluntarios\/as escolapios\/as, disfrutamos de un taller en peque\u00f1os grupos que nos permiti\u00f3 conocernos m\u00e1s y so\u00f1ar con nuevos retos desde la perspectiva del voluntariado.<\/p>\n<p style=\"text-align: justify\">Una puesta en com\u00fan del trabajo en grupo, la convocatoria a participar de la VIII Marcha Solidaria de Tafalla y de la XIX Caminhada en Pamplona, una foto de grupo y un lunch compartido cerraron el encuentro.<\/p>\n<p style=\"text-align: justify\">Un encuentro que nos recarga las pilas y nos anima a continuar con nuestra labor con fuerza e ilusi\u00f3n renovadas.<\/p>\n<p><a href=\"https:\/\/www.itakaescolapios.org\/wp-content\/uploads\/2016\/04\/MG_4954.jpg\"><br \/>\n<img decoding=\"async\" class=\"alignleft size-medium wp-image-15576\" alt=\"_MG_4954\" src=\"https:\/\/www.itakaescolapios.org\/wp-content\/uploads\/2016\/04\/MG_4954-300x200.jpg\" width=\"300\" height=\"200\" srcset=\"https:\/\/www.itakaescolapios.org\/wp-content\/uploads\/2016\/04\/MG_4954-300x200.jpg 300w, https:\/\/www.itakaescolapios.org\/wp-content\/uploads\/2016\/04\/MG_4954-1024x682.jpg 1024w, https:\/\/www.itakaescolapios.org\/wp-content\/uploads\/2016\/04\/MG_4954-250x166.jpg 250w, https:\/\/www.itakaescolapios.org\/wp-content\/uploads\/2016\/04\/MG_4954.jpg 2000w\" sizes=\"(max-width: 300px) 100vw, 300px\" \/><\/a> <a href=\"https:\/\/www.itakaescolapios.org\/wp-content\/uploads\/2016\/04\/MG_4961.jpg\"><img decoding=\"async\" class=\"alignleft size-medium wp-image-15578\" alt=\"_MG_4961\" src=\"https:\/\/www.itakaescolapios.org\/wp-content\/uploads\/2016\/04\/MG_4961-300x200.jpg\" width=\"300\" height=\"200\" srcset=\"https:\/\/www.itakaescolapios.org\/wp-content\/uploads\/2016\/04\/MG_4961-300x200.jpg 300w, https:\/\/www.itakaescolapios.org\/wp-content\/uploads\/2016\/04\/MG_4961-1024x682.jpg 1024w, https:\/\/www.itakaescolapios.org\/wp-content\/uploads\/2016\/04\/MG_4961-250x166.jpg 250w, https:\/\/www.itakaescolapios.org\/wp-content\/uploads\/2016\/04\/MG_4961.jpg 2000w\" sizes=\"(max-width: 300px) 100vw, 300px\" \/><\/a><a href=\"https:\/\/www.itakaescolapios.org\/wp-content\/uploads\/2016\/04\/MG_4972.jpg\"><img decoding=\"async\" class=\"alignleft size-medium wp-image-15582\" alt=\"_MG_4972\" src=\"https:\/\/www.itakaescolapios.org\/wp-content\/uploads\/2016\/04\/MG_4972-300x200.jpg\" width=\"300\" height=\"200\" srcset=\"https:\/\/www.itakaescolapios.org\/wp-content\/uploads\/2016\/04\/MG_4972-300x200.jpg 300w, https:\/\/www.itakaescolapios.org\/wp-content\/uploads\/2016\/04\/MG_4972-1024x682.jpg 1024w, https:\/\/www.itakaescolapios.org\/wp-content\/uploads\/2016\/04\/MG_4972-250x166.jpg 250w, https:\/\/www.itakaescolapios.org\/wp-content\/uploads\/2016\/04\/MG_4972.jpg 2000w\" sizes=\"(max-width: 300px) 100vw, 300px\" \/><\/a><\/p>\n<p><a href=\"https:\/\/www.itakaescolapios.org\/wp-content\/uploads\/2016\/04\/MG_4996.jpg\"><img decoding=\"async\" class=\"alignleft size-medium wp-image-15580\" alt=\"_MG_4996\" src=\"https:\/\/www.itakaescolapios.org\/wp-content\/uploads\/2016\/04\/MG_4996-200x300.jpg\" width=\"200\" height=\"300\" srcset=\"https:\/\/www.itakaescolapios.org\/wp-content\/uploads\/2016\/04\/MG_4996-200x300.jpg 200w, https:\/\/www.itakaescolapios.org\/wp-content\/uploads\/2016\/04\/MG_4996-682x1024.jpg 682w, https:\/\/www.itakaescolapios.org\/wp-content\/uploads\/2016\/04\/MG_4996-250x375.jpg 250w, https:\/\/www.itakaescolapios.org\/wp-content\/uploads\/2016\/04\/MG_4996.jpg 1000w\" sizes=\"(max-width: 200px) 100vw, 200px\" \/><\/a><img decoding=\"async\" class=\"alignleft size-medium wp-image-15581\" alt=\"_MG_5040\" src=\"https:\/\/www.itakaescolapios.org\/wp-content\/uploads\/2016\/04\/MG_5040-300x200.jpg\" width=\"300\" height=\"200\" srcset=\"https:\/\/www.itakaescolapios.org\/wp-content\/uploads\/2016\/04\/MG_5040-300x200.jpg 300w, https:\/\/www.itakaescolapios.org\/wp-content\/uploads\/2016\/04\/MG_5040-1024x682.jpg 1024w, https:\/\/www.itakaescolapios.org\/wp-content\/uploads\/2016\/04\/MG_5040-250x166.jpg 250w, https:\/\/www.itakaescolapios.org\/wp-content\/uploads\/2016\/04\/MG_5040.jpg 2000w\" sizes=\"(max-width: 300px) 100vw, 300px\" \/><\/p>\n<p><span style=\"color: #0000ee\"><br \/>\n<\/span><\/p>\n","protected":false},"excerpt":{"rendered":"<p>El pasado s\u00e1bado 16 de abril celebramos un encuentro de los voluntarios y voluntarias da la sede de Itaka-Escolapios de Pamplona-Iru\u00f1a. Un d\u00eda intenso en el que, tras compartir una [&hellip;]<\/p>\n","protected":false},"author":29,"featured_media":15577,"comment_status":"closed","ping_status":"closed","sticky":false,"template":"","format":"standard","meta":{"_et_pb_use_builder":"","_et_pb_old_content":"","_et_gb_content_width":"","footnotes":""},"categories":[20],"tags":[71,59,155,58,154],"class_list":["post-15575","post","type-post","status-publish","format-standard","has-post-thumbnail","hentry","category-pamplona-iruna","tag-ikaskide","tag-navarra","tag-pamplona-iruna-2","tag-tafalla-2","tag-voluntarios"],"yoast_head":"<!-- This site is optimized with the Yoast SEO plugin v27.4 - https:\/\/yoast.com\/product\/yoast-seo-wordpress\/ -->\n<title>Al encuentro del voluntario escolapio - Itaka-Escolapios<\/title>\n<meta name=\"robots\" content=\"index, follow, max-snippet:-1, max-image-preview:large, max-video-preview:-1\" \/>\n<link rel=\"canonical\" href=\"https:\/\/www.itakaescolapios.org\/es\/2016\/04\/al-encuentro-del-voluntario-escolapio\/\" \/>\n<meta property=\"og:locale\" content=\"es_ES\" \/>\n<meta property=\"og:type\" content=\"article\" \/>\n<meta property=\"og:title\" content=\"Al encuentro del voluntario escolapio - Itaka-Escolapios\" \/>\n<meta property=\"og:description\" content=\"El pasado s\u00e1bado 16 de abril celebramos un encuentro de los voluntarios y voluntarias da la sede de Itaka-Escolapios de Pamplona-Iru\u00f1a. Un d\u00eda intenso en el que, tras compartir una [&hellip;]\" \/>\n<meta property=\"og:url\" content=\"https:\/\/www.itakaescolapios.org\/es\/2016\/04\/al-encuentro-del-voluntario-escolapio\/\" \/>\n<meta property=\"og:site_name\" content=\"Itaka-Escolapios\" \/>\n<meta property=\"article:published_time\" content=\"2016-04-24T13:12:35+00:00\" \/>\n<meta property=\"article:modified_time\" content=\"2023-11-28T11:38:26+00:00\" \/>\n<meta property=\"og:image\" content=\"https:\/\/www.itakaescolapios.org\/wp-content\/uploads\/2016\/04\/MG_4999.jpg\" \/>\n\t<meta property=\"og:image:width\" content=\"2000\" \/>\n\t<meta property=\"og:image:height\" content=\"1333\" \/>\n\t<meta property=\"og:image:type\" content=\"image\/jpeg\" \/>\n<meta name=\"author\" content=\"pamplona01\" \/>\n<meta name=\"twitter:card\" content=\"summary_large_image\" \/>\n<meta name=\"twitter:label1\" content=\"Escrito por\" \/>\n\t<meta name=\"twitter:data1\" content=\"pamplona01\" \/>\n\t<meta name=\"twitter:label2\" content=\"Tiempo de lectura\" \/>\n\t<meta name=\"twitter:data2\" content=\"1 minuto\" \/>\n<script type=\"application\/ld+json\" class=\"yoast-schema-graph\">{\"@context\":\"https:\\\/\\\/schema.org\",\"@graph\":[{\"@type\":\"Article\",\"@id\":\"https:\\\/\\\/www.itakaescolapios.org\\\/es\\\/2016\\\/04\\\/al-encuentro-del-voluntario-escolapio\\\/#article\",\"isPartOf\":{\"@id\":\"https:\\\/\\\/www.itakaescolapios.org\\\/es\\\/2016\\\/04\\\/al-encuentro-del-voluntario-escolapio\\\/\"},\"author\":{\"name\":\"pamplona01\",\"@id\":\"https:\\\/\\\/www.itakaescolapios.org\\\/es\\\/#\\\/schema\\\/person\\\/a44de70f9a43a90c3e0f59aaaffd61f3\"},\"headline\":\"Al encuentro del voluntario escolapio\",\"datePublished\":\"2016-04-24T13:12:35+00:00\",\"dateModified\":\"2023-11-28T11:38:26+00:00\",\"mainEntityOfPage\":{\"@id\":\"https:\\\/\\\/www.itakaescolapios.org\\\/es\\\/2016\\\/04\\\/al-encuentro-del-voluntario-escolapio\\\/\"},\"wordCount\":142,\"publisher\":{\"@id\":\"https:\\\/\\\/www.itakaescolapios.org\\\/es\\\/#organization\"},\"image\":{\"@id\":\"https:\\\/\\\/www.itakaescolapios.org\\\/es\\\/2016\\\/04\\\/al-encuentro-del-voluntario-escolapio\\\/#primaryimage\"},\"thumbnailUrl\":\"https:\\\/\\\/www.itakaescolapios.org\\\/wp-content\\\/uploads\\\/2016\\\/04\\\/MG_4999.jpg\",\"keywords\":[\"ikaskide\",\"navarra\",\"pamplona-iru\u00f1a\",\"tafalla\",\"voluntarios\"],\"articleSection\":[\"Pamplona-Iru\u00f1a\"],\"inLanguage\":\"es\"},{\"@type\":\"WebPage\",\"@id\":\"https:\\\/\\\/www.itakaescolapios.org\\\/es\\\/2016\\\/04\\\/al-encuentro-del-voluntario-escolapio\\\/\",\"url\":\"https:\\\/\\\/www.itakaescolapios.org\\\/es\\\/2016\\\/04\\\/al-encuentro-del-voluntario-escolapio\\\/\",\"name\":\"Al encuentro del voluntario escolapio - Itaka-Escolapios\",\"isPartOf\":{\"@id\":\"https:\\\/\\\/www.itakaescolapios.org\\\/es\\\/#website\"},\"primaryImageOfPage\":{\"@id\":\"https:\\\/\\\/www.itakaescolapios.org\\\/es\\\/2016\\\/04\\\/al-encuentro-del-voluntario-escolapio\\\/#primaryimage\"},\"image\":{\"@id\":\"https:\\\/\\\/www.itakaescolapios.org\\\/es\\\/2016\\\/04\\\/al-encuentro-del-voluntario-escolapio\\\/#primaryimage\"},\"thumbnailUrl\":\"https:\\\/\\\/www.itakaescolapios.org\\\/wp-content\\\/uploads\\\/2016\\\/04\\\/MG_4999.jpg\",\"datePublished\":\"2016-04-24T13:12:35+00:00\",\"dateModified\":\"2023-11-28T11:38:26+00:00\",\"breadcrumb\":{\"@id\":\"https:\\\/\\\/www.itakaescolapios.org\\\/es\\\/2016\\\/04\\\/al-encuentro-del-voluntario-escolapio\\\/#breadcrumb\"},\"inLanguage\":\"es\",\"potentialAction\":[{\"@type\":\"ReadAction\",\"target\":[\"https:\\\/\\\/www.itakaescolapios.org\\\/es\\\/2016\\\/04\\\/al-encuentro-del-voluntario-escolapio\\\/\"]}]},{\"@type\":\"ImageObject\",\"inLanguage\":\"es\",\"@id\":\"https:\\\/\\\/www.itakaescolapios.org\\\/es\\\/2016\\\/04\\\/al-encuentro-del-voluntario-escolapio\\\/#primaryimage\",\"url\":\"https:\\\/\\\/www.itakaescolapios.org\\\/wp-content\\\/uploads\\\/2016\\\/04\\\/MG_4999.jpg\",\"contentUrl\":\"https:\\\/\\\/www.itakaescolapios.org\\\/wp-content\\\/uploads\\\/2016\\\/04\\\/MG_4999.jpg\",\"width\":2000,\"height\":1333},{\"@type\":\"BreadcrumbList\",\"@id\":\"https:\\\/\\\/www.itakaescolapios.org\\\/es\\\/2016\\\/04\\\/al-encuentro-del-voluntario-escolapio\\\/#breadcrumb\",\"itemListElement\":[{\"@type\":\"ListItem\",\"position\":1,\"name\":\"Portada\",\"item\":\"https:\\\/\\\/www.itakaescolapios.org\\\/es\\\/\"},{\"@type\":\"ListItem\",\"position\":2,\"name\":\"Al encuentro del voluntario escolapio\"}]},{\"@type\":\"WebSite\",\"@id\":\"https:\\\/\\\/www.itakaescolapios.org\\\/es\\\/#website\",\"url\":\"https:\\\/\\\/www.itakaescolapios.org\\\/es\\\/\",\"name\":\"Itaka-Escolapios\",\"description\":\"Red de Itaka-Escolapios\",\"publisher\":{\"@id\":\"https:\\\/\\\/www.itakaescolapios.org\\\/es\\\/#organization\"},\"potentialAction\":[{\"@type\":\"SearchAction\",\"target\":{\"@type\":\"EntryPoint\",\"urlTemplate\":\"https:\\\/\\\/www.itakaescolapios.org\\\/es\\\/?s={search_term_string}\"},\"query-input\":{\"@type\":\"PropertyValueSpecification\",\"valueRequired\":true,\"valueName\":\"search_term_string\"}}],\"inLanguage\":\"es\"},{\"@type\":\"Organization\",\"@id\":\"https:\\\/\\\/www.itakaescolapios.org\\\/es\\\/#organization\",\"name\":\"Fundaci\u00f3 Itaka-Escolapios\",\"url\":\"https:\\\/\\\/www.itakaescolapios.org\\\/es\\\/\",\"logo\":{\"@type\":\"ImageObject\",\"inLanguage\":\"es\",\"@id\":\"https:\\\/\\\/www.itakaescolapios.org\\\/es\\\/#\\\/schema\\\/logo\\\/image\\\/\",\"url\":\"https:\\\/\\\/www.itakaescolapios.org\\\/wp-content\\\/uploads\\\/2024\\\/04\\\/Logo-itakaescolapios-peque.png\",\"contentUrl\":\"https:\\\/\\\/www.itakaescolapios.org\\\/wp-content\\\/uploads\\\/2024\\\/04\\\/Logo-itakaescolapios-peque.png\",\"width\":500,\"height\":199,\"caption\":\"Fundaci\u00f3 Itaka-Escolapios\"},\"image\":{\"@id\":\"https:\\\/\\\/www.itakaescolapios.org\\\/es\\\/#\\\/schema\\\/logo\\\/image\\\/\"}},{\"@type\":\"Person\",\"@id\":\"https:\\\/\\\/www.itakaescolapios.org\\\/es\\\/#\\\/schema\\\/person\\\/a44de70f9a43a90c3e0f59aaaffd61f3\",\"name\":\"pamplona01\",\"url\":\"https:\\\/\\\/www.itakaescolapios.org\\\/es\\\/author\\\/pamplona01\\\/\"}]}<\/script>\n<!-- \/ Yoast SEO plugin. -->","yoast_head_json":{"title":"Al encuentro del voluntario escolapio - Itaka-Escolapios","robots":{"index":"index","follow":"follow","max-snippet":"max-snippet:-1","max-image-preview":"max-image-preview:large","max-video-preview":"max-video-preview:-1"},"canonical":"https:\/\/www.itakaescolapios.org\/es\/2016\/04\/al-encuentro-del-voluntario-escolapio\/","og_locale":"es_ES","og_type":"article","og_title":"Al encuentro del voluntario escolapio - Itaka-Escolapios","og_description":"El pasado s\u00e1bado 16 de abril celebramos un encuentro de los voluntarios y voluntarias da la sede de Itaka-Escolapios de Pamplona-Iru\u00f1a. Un d\u00eda intenso en el que, tras compartir una [&hellip;]","og_url":"https:\/\/www.itakaescolapios.org\/es\/2016\/04\/al-encuentro-del-voluntario-escolapio\/","og_site_name":"Itaka-Escolapios","article_published_time":"2016-04-24T13:12:35+00:00","article_modified_time":"2023-11-28T11:38:26+00:00","og_image":[{"width":2000,"height":1333,"url":"https:\/\/www.itakaescolapios.org\/wp-content\/uploads\/2016\/04\/MG_4999.jpg","type":"image\/jpeg"}],"author":"pamplona01","twitter_card":"summary_large_image","twitter_misc":{"Escrito por":"pamplona01","Tiempo de lectura":"1 minuto"},"schema":{"@context":"https:\/\/schema.org","@graph":[{"@type":"Article","@id":"https:\/\/www.itakaescolapios.org\/es\/2016\/04\/al-encuentro-del-voluntario-escolapio\/#article","isPartOf":{"@id":"https:\/\/www.itakaescolapios.org\/es\/2016\/04\/al-encuentro-del-voluntario-escolapio\/"},"author":{"name":"pamplona01","@id":"https:\/\/www.itakaescolapios.org\/es\/#\/schema\/person\/a44de70f9a43a90c3e0f59aaaffd61f3"},"headline":"Al encuentro del voluntario escolapio","datePublished":"2016-04-24T13:12:35+00:00","dateModified":"2023-11-28T11:38:26+00:00","mainEntityOfPage":{"@id":"https:\/\/www.itakaescolapios.org\/es\/2016\/04\/al-encuentro-del-voluntario-escolapio\/"},"wordCount":142,"publisher":{"@id":"https:\/\/www.itakaescolapios.org\/es\/#organization"},"image":{"@id":"https:\/\/www.itakaescolapios.org\/es\/2016\/04\/al-encuentro-del-voluntario-escolapio\/#primaryimage"},"thumbnailUrl":"https:\/\/www.itakaescolapios.org\/wp-content\/uploads\/2016\/04\/MG_4999.jpg","keywords":["ikaskide","navarra","pamplona-iru\u00f1a","tafalla","voluntarios"],"articleSection":["Pamplona-Iru\u00f1a"],"inLanguage":"es"},{"@type":"WebPage","@id":"https:\/\/www.itakaescolapios.org\/es\/2016\/04\/al-encuentro-del-voluntario-escolapio\/","url":"https:\/\/www.itakaescolapios.org\/es\/2016\/04\/al-encuentro-del-voluntario-escolapio\/","name":"Al encuentro del voluntario escolapio - Itaka-Escolapios","isPartOf":{"@id":"https:\/\/www.itakaescolapios.org\/es\/#website"},"primaryImageOfPage":{"@id":"https:\/\/www.itakaescolapios.org\/es\/2016\/04\/al-encuentro-del-voluntario-escolapio\/#primaryimage"},"image":{"@id":"https:\/\/www.itakaescolapios.org\/es\/2016\/04\/al-encuentro-del-voluntario-escolapio\/#primaryimage"},"thumbnailUrl":"https:\/\/www.itakaescolapios.org\/wp-content\/uploads\/2016\/04\/MG_4999.jpg","datePublished":"2016-04-24T13:12:35+00:00","dateModified":"2023-11-28T11:38:26+00:00","breadcrumb":{"@id":"https:\/\/www.itakaescolapios.org\/es\/2016\/04\/al-encuentro-del-voluntario-escolapio\/#breadcrumb"},"inLanguage":"es","potentialAction":[{"@type":"ReadAction","target":["https:\/\/www.itakaescolapios.org\/es\/2016\/04\/al-encuentro-del-voluntario-escolapio\/"]}]},{"@type":"ImageObject","inLanguage":"es","@id":"https:\/\/www.itakaescolapios.org\/es\/2016\/04\/al-encuentro-del-voluntario-escolapio\/#primaryimage","url":"https:\/\/www.itakaescolapios.org\/wp-content\/uploads\/2016\/04\/MG_4999.jpg","contentUrl":"https:\/\/www.itakaescolapios.org\/wp-content\/uploads\/2016\/04\/MG_4999.jpg","width":2000,"height":1333},{"@type":"BreadcrumbList","@id":"https:\/\/www.itakaescolapios.org\/es\/2016\/04\/al-encuentro-del-voluntario-escolapio\/#breadcrumb","itemListElement":[{"@type":"ListItem","position":1,"name":"Portada","item":"https:\/\/www.itakaescolapios.org\/es\/"},{"@type":"ListItem","position":2,"name":"Al encuentro del voluntario escolapio"}]},{"@type":"WebSite","@id":"https:\/\/www.itakaescolapios.org\/es\/#website","url":"https:\/\/www.itakaescolapios.org\/es\/","name":"Itaka-Escolapios","description":"Red de Itaka-Escolapios","publisher":{"@id":"https:\/\/www.itakaescolapios.org\/es\/#organization"},"potentialAction":[{"@type":"SearchAction","target":{"@type":"EntryPoint","urlTemplate":"https:\/\/www.itakaescolapios.org\/es\/?s={search_term_string}"},"query-input":{"@type":"PropertyValueSpecification","valueRequired":true,"valueName":"search_term_string"}}],"inLanguage":"es"},{"@type":"Organization","@id":"https:\/\/www.itakaescolapios.org\/es\/#organization","name":"Fundaci\u00f3 Itaka-Escolapios","url":"https:\/\/www.itakaescolapios.org\/es\/","logo":{"@type":"ImageObject","inLanguage":"es","@id":"https:\/\/www.itakaescolapios.org\/es\/#\/schema\/logo\/image\/","url":"https:\/\/www.itakaescolapios.org\/wp-content\/uploads\/2024\/04\/Logo-itakaescolapios-peque.png","contentUrl":"https:\/\/www.itakaescolapios.org\/wp-content\/uploads\/2024\/04\/Logo-itakaescolapios-peque.png","width":500,"height":199,"caption":"Fundaci\u00f3 Itaka-Escolapios"},"image":{"@id":"https:\/\/www.itakaescolapios.org\/es\/#\/schema\/logo\/image\/"}},{"@type":"Person","@id":"https:\/\/www.itakaescolapios.org\/es\/#\/schema\/person\/a44de70f9a43a90c3e0f59aaaffd61f3","name":"pamplona01","url":"https:\/\/www.itakaescolapios.org\/es\/author\/pamplona01\/"}]}},"_links":{"self":[{"href":"https:\/\/www.itakaescolapios.org\/es\/wp-json\/wp\/v2\/posts\/15575","targetHints":{"allow":["GET"]}}],"collection":[{"href":"https:\/\/www.itakaescolapios.org\/es\/wp-json\/wp\/v2\/posts"}],"about":[{"href":"https:\/\/www.itakaescolapios.org\/es\/wp-json\/wp\/v2\/types\/post"}],"author":[{"embeddable":true,"href":"https:\/\/www.itakaescolapios.org\/es\/wp-json\/wp\/v2\/users\/29"}],"replies":[{"embeddable":true,"href":"https:\/\/www.itakaescolapios.org\/es\/wp-json\/wp\/v2\/comments?post=15575"}],"version-history":[{"count":9,"href":"https:\/\/www.itakaescolapios.org\/es\/wp-json\/wp\/v2\/posts\/15575\/revisions"}],"predecessor-version":[{"id":48331,"href":"https:\/\/www.itakaescolapios.org\/es\/wp-json\/wp\/v2\/posts\/15575\/revisions\/48331"}],"wp:featuredmedia":[{"embeddable":true,"href":"https:\/\/www.itakaescolapios.org\/es\/wp-json\/wp\/v2\/media\/15577"}],"wp:attachment":[{"href":"https:\/\/www.itakaescolapios.org\/es\/wp-json\/wp\/v2\/media?parent=15575"}],"wp:term":[{"taxonomy":"category","embeddable":true,"href":"https:\/\/www.itakaescolapios.org\/es\/wp-json\/wp\/v2\/categories?post=15575"},{"taxonomy":"post_tag","embeddable":true,"href":"https:\/\/www.itakaescolapios.org\/es\/wp-json\/wp\/v2\/tags?post=15575"}],"curies":[{"name":"wp","href":"https:\/\/api.w.org\/{rel}","templated":true}]}}