{"id":15939,"date":"2016-07-05T16:04:42","date_gmt":"2016-07-05T15:04:42","guid":{"rendered":"https:\/\/www.itakaescolapios.org\/?p=15939"},"modified":"2023-11-28T12:38:24","modified_gmt":"2023-11-28T11:38:24","slug":"reunion-del-patronato-3","status":"publish","type":"post","link":"https:\/\/www.itakaescolapios.org\/es\/2016\/07\/reunion-del-patronato-3\/","title":{"rendered":"Reuni\u00f3n del Patronato"},"content":{"rendered":"<p>El d\u00eda 4 de julio\u00a0ha tenido lugar una nueva reuni\u00f3n ordinaria de nuestro Patronato, celebrada\u00a0en Bilbao.\u00a0En esta ocasi\u00f3n, adem\u00e1s de repasar las novedades en la red Itaka-Escolapios en los \u00faltimos meses, se han aprobado los\u00a0presupuestos y plan de actuaci\u00f3n\u00a0para 2016-17 y se han tratado otros\u00a0temas relevantes para la entidad, como los criterios de\u00a0funcionamiento con nuestros profesionales y la internacionalizaci\u00f3n de los equipos de la red.<\/p>\n<p>Cabe destacar tambi\u00e9n que en esta reuni\u00f3n se\u00a0cont\u00f3 adem\u00e1s con la presencia de F\u00e9licien Mouendji, coordinador en \u00c1frica\u00a0Central, quien transmiti\u00f3 al Patronato de primera mano\u00a0el momento presente\u00a0y los retos de Itaka-Escolapios en esta parte del mundo.<\/p>\n","protected":false},"excerpt":{"rendered":"<p>El d\u00eda 4 de julio\u00a0ha tenido lugar una nueva reuni\u00f3n ordinaria de nuestro Patronato, celebrada\u00a0en Bilbao.\u00a0En esta ocasi\u00f3n, adem\u00e1s de repasar las novedades en la red Itaka-Escolapios en los \u00faltimos [&hellip;]<\/p>\n","protected":false},"author":46,"featured_media":15942,"comment_status":"closed","ping_status":"closed","sticky":false,"template":"","format":"standard","meta":{"_et_pb_use_builder":"","_et_pb_old_content":"","_et_gb_content_width":"","footnotes":""},"categories":[30],"tags":[],"class_list":["post-15939","post","type-post","status-publish","format-standard","has-post-thumbnail","hentry","category-itaka-escolapios"],"yoast_head":"<!-- This site is optimized with the Yoast SEO plugin v27.4 - https:\/\/yoast.com\/product\/yoast-seo-wordpress\/ -->\n<title>Reuni\u00f3n del Patronato - Itaka-Escolapios<\/title>\n<meta name=\"robots\" content=\"index, follow, max-snippet:-1, max-image-preview:large, max-video-preview:-1\" \/>\n<link rel=\"canonical\" href=\"https:\/\/www.itakaescolapios.org\/es\/2016\/07\/reunion-del-patronato-3\/\" \/>\n<meta property=\"og:locale\" content=\"es_ES\" \/>\n<meta property=\"og:type\" content=\"article\" \/>\n<meta property=\"og:title\" content=\"Reuni\u00f3n del Patronato - Itaka-Escolapios\" \/>\n<meta property=\"og:description\" content=\"El d\u00eda 4 de julio\u00a0ha tenido lugar una nueva reuni\u00f3n ordinaria de nuestro Patronato, celebrada\u00a0en Bilbao.\u00a0En esta ocasi\u00f3n, adem\u00e1s de repasar las novedades en la red Itaka-Escolapios en los \u00faltimos [&hellip;]\" \/>\n<meta property=\"og:url\" content=\"https:\/\/www.itakaescolapios.org\/es\/2016\/07\/reunion-del-patronato-3\/\" \/>\n<meta property=\"og:site_name\" content=\"Itaka-Escolapios\" \/>\n<meta property=\"article:published_time\" content=\"2016-07-05T15:04:42+00:00\" \/>\n<meta property=\"article:modified_time\" content=\"2023-11-28T11:38:24+00:00\" \/>\n<meta property=\"og:image\" content=\"https:\/\/www.itakaescolapios.org\/wp-content\/uploads\/2016\/07\/WP_20160704_19_00_36_Pro.jpg\" \/>\n\t<meta property=\"og:image:width\" content=\"2000\" \/>\n\t<meta property=\"og:image:height\" content=\"1127\" \/>\n\t<meta property=\"og:image:type\" content=\"image\/jpeg\" \/>\n<meta name=\"author\" content=\"itakaescolapios\" \/>\n<meta name=\"twitter:card\" content=\"summary_large_image\" \/>\n<meta name=\"twitter:label1\" content=\"Escrito por\" \/>\n\t<meta name=\"twitter:data1\" content=\"itakaescolapios\" \/>\n\t<meta name=\"twitter:label2\" content=\"Tiempo de lectura\" \/>\n\t<meta name=\"twitter:data2\" content=\"1 minuto\" \/>\n<script type=\"application\/ld+json\" class=\"yoast-schema-graph\">{\"@context\":\"https:\\\/\\\/schema.org\",\"@graph\":[{\"@type\":\"Article\",\"@id\":\"https:\\\/\\\/www.itakaescolapios.org\\\/es\\\/2016\\\/07\\\/reunion-del-patronato-3\\\/#article\",\"isPartOf\":{\"@id\":\"https:\\\/\\\/www.itakaescolapios.org\\\/es\\\/2016\\\/07\\\/reunion-del-patronato-3\\\/\"},\"author\":{\"name\":\"itakaescolapios\",\"@id\":\"https:\\\/\\\/www.itakaescolapios.org\\\/es\\\/#\\\/schema\\\/person\\\/768ce0f19db5c2c2b6361e77e15db2db\"},\"headline\":\"Reuni\u00f3n del Patronato\",\"datePublished\":\"2016-07-05T15:04:42+00:00\",\"dateModified\":\"2023-11-28T11:38:24+00:00\",\"mainEntityOfPage\":{\"@id\":\"https:\\\/\\\/www.itakaescolapios.org\\\/es\\\/2016\\\/07\\\/reunion-del-patronato-3\\\/\"},\"wordCount\":125,\"publisher\":{\"@id\":\"https:\\\/\\\/www.itakaescolapios.org\\\/es\\\/#organization\"},\"image\":{\"@id\":\"https:\\\/\\\/www.itakaescolapios.org\\\/es\\\/2016\\\/07\\\/reunion-del-patronato-3\\\/#primaryimage\"},\"thumbnailUrl\":\"https:\\\/\\\/www.itakaescolapios.org\\\/wp-content\\\/uploads\\\/2016\\\/07\\\/WP_20160704_19_00_36_Pro.jpg\",\"articleSection\":[\"Itaka Escolapios\"],\"inLanguage\":\"es\"},{\"@type\":\"WebPage\",\"@id\":\"https:\\\/\\\/www.itakaescolapios.org\\\/es\\\/2016\\\/07\\\/reunion-del-patronato-3\\\/\",\"url\":\"https:\\\/\\\/www.itakaescolapios.org\\\/es\\\/2016\\\/07\\\/reunion-del-patronato-3\\\/\",\"name\":\"Reuni\u00f3n del Patronato - Itaka-Escolapios\",\"isPartOf\":{\"@id\":\"https:\\\/\\\/www.itakaescolapios.org\\\/es\\\/#website\"},\"primaryImageOfPage\":{\"@id\":\"https:\\\/\\\/www.itakaescolapios.org\\\/es\\\/2016\\\/07\\\/reunion-del-patronato-3\\\/#primaryimage\"},\"image\":{\"@id\":\"https:\\\/\\\/www.itakaescolapios.org\\\/es\\\/2016\\\/07\\\/reunion-del-patronato-3\\\/#primaryimage\"},\"thumbnailUrl\":\"https:\\\/\\\/www.itakaescolapios.org\\\/wp-content\\\/uploads\\\/2016\\\/07\\\/WP_20160704_19_00_36_Pro.jpg\",\"datePublished\":\"2016-07-05T15:04:42+00:00\",\"dateModified\":\"2023-11-28T11:38:24+00:00\",\"breadcrumb\":{\"@id\":\"https:\\\/\\\/www.itakaescolapios.org\\\/es\\\/2016\\\/07\\\/reunion-del-patronato-3\\\/#breadcrumb\"},\"inLanguage\":\"es\",\"potentialAction\":[{\"@type\":\"ReadAction\",\"target\":[\"https:\\\/\\\/www.itakaescolapios.org\\\/es\\\/2016\\\/07\\\/reunion-del-patronato-3\\\/\"]}]},{\"@type\":\"ImageObject\",\"inLanguage\":\"es\",\"@id\":\"https:\\\/\\\/www.itakaescolapios.org\\\/es\\\/2016\\\/07\\\/reunion-del-patronato-3\\\/#primaryimage\",\"url\":\"https:\\\/\\\/www.itakaescolapios.org\\\/wp-content\\\/uploads\\\/2016\\\/07\\\/WP_20160704_19_00_36_Pro.jpg\",\"contentUrl\":\"https:\\\/\\\/www.itakaescolapios.org\\\/wp-content\\\/uploads\\\/2016\\\/07\\\/WP_20160704_19_00_36_Pro.jpg\",\"width\":2000,\"height\":1127},{\"@type\":\"BreadcrumbList\",\"@id\":\"https:\\\/\\\/www.itakaescolapios.org\\\/es\\\/2016\\\/07\\\/reunion-del-patronato-3\\\/#breadcrumb\",\"itemListElement\":[{\"@type\":\"ListItem\",\"position\":1,\"name\":\"Portada\",\"item\":\"https:\\\/\\\/www.itakaescolapios.org\\\/es\\\/\"},{\"@type\":\"ListItem\",\"position\":2,\"name\":\"Reuni\u00f3n del Patronato\"}]},{\"@type\":\"WebSite\",\"@id\":\"https:\\\/\\\/www.itakaescolapios.org\\\/es\\\/#website\",\"url\":\"https:\\\/\\\/www.itakaescolapios.org\\\/es\\\/\",\"name\":\"Itaka-Escolapios\",\"description\":\"Red de Itaka-Escolapios\",\"publisher\":{\"@id\":\"https:\\\/\\\/www.itakaescolapios.org\\\/es\\\/#organization\"},\"potentialAction\":[{\"@type\":\"SearchAction\",\"target\":{\"@type\":\"EntryPoint\",\"urlTemplate\":\"https:\\\/\\\/www.itakaescolapios.org\\\/es\\\/?s={search_term_string}\"},\"query-input\":{\"@type\":\"PropertyValueSpecification\",\"valueRequired\":true,\"valueName\":\"search_term_string\"}}],\"inLanguage\":\"es\"},{\"@type\":\"Organization\",\"@id\":\"https:\\\/\\\/www.itakaescolapios.org\\\/es\\\/#organization\",\"name\":\"Fundaci\u00f3 Itaka-Escolapios\",\"url\":\"https:\\\/\\\/www.itakaescolapios.org\\\/es\\\/\",\"logo\":{\"@type\":\"ImageObject\",\"inLanguage\":\"es\",\"@id\":\"https:\\\/\\\/www.itakaescolapios.org\\\/es\\\/#\\\/schema\\\/logo\\\/image\\\/\",\"url\":\"https:\\\/\\\/www.itakaescolapios.org\\\/wp-content\\\/uploads\\\/2024\\\/04\\\/Logo-itakaescolapios-peque.png\",\"contentUrl\":\"https:\\\/\\\/www.itakaescolapios.org\\\/wp-content\\\/uploads\\\/2024\\\/04\\\/Logo-itakaescolapios-peque.png\",\"width\":500,\"height\":199,\"caption\":\"Fundaci\u00f3 Itaka-Escolapios\"},\"image\":{\"@id\":\"https:\\\/\\\/www.itakaescolapios.org\\\/es\\\/#\\\/schema\\\/logo\\\/image\\\/\"}},{\"@type\":\"Person\",\"@id\":\"https:\\\/\\\/www.itakaescolapios.org\\\/es\\\/#\\\/schema\\\/person\\\/768ce0f19db5c2c2b6361e77e15db2db\",\"name\":\"itakaescolapios\",\"url\":\"https:\\\/\\\/www.itakaescolapios.org\\\/es\\\/author\\\/itakaescolapios\\\/\"}]}<\/script>\n<!-- \/ Yoast SEO plugin. -->","yoast_head_json":{"title":"Reuni\u00f3n del Patronato - Itaka-Escolapios","robots":{"index":"index","follow":"follow","max-snippet":"max-snippet:-1","max-image-preview":"max-image-preview:large","max-video-preview":"max-video-preview:-1"},"canonical":"https:\/\/www.itakaescolapios.org\/es\/2016\/07\/reunion-del-patronato-3\/","og_locale":"es_ES","og_type":"article","og_title":"Reuni\u00f3n del Patronato - Itaka-Escolapios","og_description":"El d\u00eda 4 de julio\u00a0ha tenido lugar una nueva reuni\u00f3n ordinaria de nuestro Patronato, celebrada\u00a0en Bilbao.\u00a0En esta ocasi\u00f3n, adem\u00e1s de repasar las novedades en la red Itaka-Escolapios en los \u00faltimos [&hellip;]","og_url":"https:\/\/www.itakaescolapios.org\/es\/2016\/07\/reunion-del-patronato-3\/","og_site_name":"Itaka-Escolapios","article_published_time":"2016-07-05T15:04:42+00:00","article_modified_time":"2023-11-28T11:38:24+00:00","og_image":[{"width":2000,"height":1127,"url":"https:\/\/www.itakaescolapios.org\/wp-content\/uploads\/2016\/07\/WP_20160704_19_00_36_Pro.jpg","type":"image\/jpeg"}],"author":"itakaescolapios","twitter_card":"summary_large_image","twitter_misc":{"Escrito por":"itakaescolapios","Tiempo de lectura":"1 minuto"},"schema":{"@context":"https:\/\/schema.org","@graph":[{"@type":"Article","@id":"https:\/\/www.itakaescolapios.org\/es\/2016\/07\/reunion-del-patronato-3\/#article","isPartOf":{"@id":"https:\/\/www.itakaescolapios.org\/es\/2016\/07\/reunion-del-patronato-3\/"},"author":{"name":"itakaescolapios","@id":"https:\/\/www.itakaescolapios.org\/es\/#\/schema\/person\/768ce0f19db5c2c2b6361e77e15db2db"},"headline":"Reuni\u00f3n del Patronato","datePublished":"2016-07-05T15:04:42+00:00","dateModified":"2023-11-28T11:38:24+00:00","mainEntityOfPage":{"@id":"https:\/\/www.itakaescolapios.org\/es\/2016\/07\/reunion-del-patronato-3\/"},"wordCount":125,"publisher":{"@id":"https:\/\/www.itakaescolapios.org\/es\/#organization"},"image":{"@id":"https:\/\/www.itakaescolapios.org\/es\/2016\/07\/reunion-del-patronato-3\/#primaryimage"},"thumbnailUrl":"https:\/\/www.itakaescolapios.org\/wp-content\/uploads\/2016\/07\/WP_20160704_19_00_36_Pro.jpg","articleSection":["Itaka Escolapios"],"inLanguage":"es"},{"@type":"WebPage","@id":"https:\/\/www.itakaescolapios.org\/es\/2016\/07\/reunion-del-patronato-3\/","url":"https:\/\/www.itakaescolapios.org\/es\/2016\/07\/reunion-del-patronato-3\/","name":"Reuni\u00f3n del Patronato - Itaka-Escolapios","isPartOf":{"@id":"https:\/\/www.itakaescolapios.org\/es\/#website"},"primaryImageOfPage":{"@id":"https:\/\/www.itakaescolapios.org\/es\/2016\/07\/reunion-del-patronato-3\/#primaryimage"},"image":{"@id":"https:\/\/www.itakaescolapios.org\/es\/2016\/07\/reunion-del-patronato-3\/#primaryimage"},"thumbnailUrl":"https:\/\/www.itakaescolapios.org\/wp-content\/uploads\/2016\/07\/WP_20160704_19_00_36_Pro.jpg","datePublished":"2016-07-05T15:04:42+00:00","dateModified":"2023-11-28T11:38:24+00:00","breadcrumb":{"@id":"https:\/\/www.itakaescolapios.org\/es\/2016\/07\/reunion-del-patronato-3\/#breadcrumb"},"inLanguage":"es","potentialAction":[{"@type":"ReadAction","target":["https:\/\/www.itakaescolapios.org\/es\/2016\/07\/reunion-del-patronato-3\/"]}]},{"@type":"ImageObject","inLanguage":"es","@id":"https:\/\/www.itakaescolapios.org\/es\/2016\/07\/reunion-del-patronato-3\/#primaryimage","url":"https:\/\/www.itakaescolapios.org\/wp-content\/uploads\/2016\/07\/WP_20160704_19_00_36_Pro.jpg","contentUrl":"https:\/\/www.itakaescolapios.org\/wp-content\/uploads\/2016\/07\/WP_20160704_19_00_36_Pro.jpg","width":2000,"height":1127},{"@type":"BreadcrumbList","@id":"https:\/\/www.itakaescolapios.org\/es\/2016\/07\/reunion-del-patronato-3\/#breadcrumb","itemListElement":[{"@type":"ListItem","position":1,"name":"Portada","item":"https:\/\/www.itakaescolapios.org\/es\/"},{"@type":"ListItem","position":2,"name":"Reuni\u00f3n del Patronato"}]},{"@type":"WebSite","@id":"https:\/\/www.itakaescolapios.org\/es\/#website","url":"https:\/\/www.itakaescolapios.org\/es\/","name":"Itaka-Escolapios","description":"Red de Itaka-Escolapios","publisher":{"@id":"https:\/\/www.itakaescolapios.org\/es\/#organization"},"potentialAction":[{"@type":"SearchAction","target":{"@type":"EntryPoint","urlTemplate":"https:\/\/www.itakaescolapios.org\/es\/?s={search_term_string}"},"query-input":{"@type":"PropertyValueSpecification","valueRequired":true,"valueName":"search_term_string"}}],"inLanguage":"es"},{"@type":"Organization","@id":"https:\/\/www.itakaescolapios.org\/es\/#organization","name":"Fundaci\u00f3 Itaka-Escolapios","url":"https:\/\/www.itakaescolapios.org\/es\/","logo":{"@type":"ImageObject","inLanguage":"es","@id":"https:\/\/www.itakaescolapios.org\/es\/#\/schema\/logo\/image\/","url":"https:\/\/www.itakaescolapios.org\/wp-content\/uploads\/2024\/04\/Logo-itakaescolapios-peque.png","contentUrl":"https:\/\/www.itakaescolapios.org\/wp-content\/uploads\/2024\/04\/Logo-itakaescolapios-peque.png","width":500,"height":199,"caption":"Fundaci\u00f3 Itaka-Escolapios"},"image":{"@id":"https:\/\/www.itakaescolapios.org\/es\/#\/schema\/logo\/image\/"}},{"@type":"Person","@id":"https:\/\/www.itakaescolapios.org\/es\/#\/schema\/person\/768ce0f19db5c2c2b6361e77e15db2db","name":"itakaescolapios","url":"https:\/\/www.itakaescolapios.org\/es\/author\/itakaescolapios\/"}]}},"_links":{"self":[{"href":"https:\/\/www.itakaescolapios.org\/es\/wp-json\/wp\/v2\/posts\/15939","targetHints":{"allow":["GET"]}}],"collection":[{"href":"https:\/\/www.itakaescolapios.org\/es\/wp-json\/wp\/v2\/posts"}],"about":[{"href":"https:\/\/www.itakaescolapios.org\/es\/wp-json\/wp\/v2\/types\/post"}],"author":[{"embeddable":true,"href":"https:\/\/www.itakaescolapios.org\/es\/wp-json\/wp\/v2\/users\/46"}],"replies":[{"embeddable":true,"href":"https:\/\/www.itakaescolapios.org\/es\/wp-json\/wp\/v2\/comments?post=15939"}],"version-history":[{"count":4,"href":"https:\/\/www.itakaescolapios.org\/es\/wp-json\/wp\/v2\/posts\/15939\/revisions"}],"predecessor-version":[{"id":48272,"href":"https:\/\/www.itakaescolapios.org\/es\/wp-json\/wp\/v2\/posts\/15939\/revisions\/48272"}],"wp:featuredmedia":[{"embeddable":true,"href":"https:\/\/www.itakaescolapios.org\/es\/wp-json\/wp\/v2\/media\/15942"}],"wp:attachment":[{"href":"https:\/\/www.itakaescolapios.org\/es\/wp-json\/wp\/v2\/media?parent=15939"}],"wp:term":[{"taxonomy":"category","embeddable":true,"href":"https:\/\/www.itakaescolapios.org\/es\/wp-json\/wp\/v2\/categories?post=15939"},{"taxonomy":"post_tag","embeddable":true,"href":"https:\/\/www.itakaescolapios.org\/es\/wp-json\/wp\/v2\/tags?post=15939"}],"curies":[{"name":"wp","href":"https:\/\/api.w.org\/{rel}","templated":true}]}}