{"id":16688,"date":"2016-10-12T00:00:15","date_gmt":"2016-10-11T23:00:15","guid":{"rendered":"https:\/\/www.itakaescolapios.org\/?p=16688"},"modified":"2023-11-28T12:38:20","modified_gmt":"2023-11-28T11:38:20","slug":"premio-culturama-para-el-proyecto-comunitario-voces-propias-en-el-que-participa-amaltea","status":"publish","type":"post","link":"https:\/\/www.itakaescolapios.org\/es\/2016\/10\/premio-culturama-para-el-proyecto-comunitario-voces-propias-en-el-que-participa-amaltea\/","title":{"rendered":"PREMIO CULTURAMA PARA EL PROYECTO COMUNITARIO \u201cVOCES PROPIAS\u201d EN EL QUE PARTICIPA AMALTEA"},"content":{"rendered":"<p style=\"text-align: justify\">\u00a1Estamos de enhorabuena! La asociaci\u00f3n Amaltea, que recientemente se ha incorporado a Itaka- Escolapios, ha conseguido un \u00e1ccesit en el Premio Culturama de Innovaci\u00f3n Social y Juventud, participando en el proyecto \u00abVoces propias\u00bb de La Cosecha Producci\u00f3n Audiovisual.<\/p>\n<p style=\"text-align: justify\">En esta cuarta edici\u00f3n de los Premios Culturama, y entre las 23 propuestas recibidas, el jurado ha seleccionado \u201cVoces propias\u201d, un taller de v\u00eddeo participativo vinculado a Amaltea y a los j\u00f3venes que en ella participan, y que promueve un uso democr\u00e1tico de las tecnolog\u00edas de la comunicaci\u00f3n audiovisual.<\/p>\n<p style=\"text-align: justify\">La idea del taller era dar autonom\u00eda y convertir en protagonistas a los chavales de Amaltea, haciendo visibles los problemas del barrio Velluters de Valencia y tratando temas como g\u00e9nero, memoria, ecolog\u00eda, derechos, sexualidad o educaci\u00f3n.<\/p>\n<p style=\"text-align: justify\">\u00a1Enhorabuena a todos los que hab\u00e9is colaborado en este proyecto!<\/p>\n<p style=\"text-align: justify\"><a href=\"https:\/\/www.itakaescolapios.org\/wp-content\/uploads\/2016\/10\/Asociaci\u00f3n-La-Cosecha-proyceto-Voces-propias.jpg\"><img decoding=\"async\" class=\"size-medium wp-image-16690 alignleft\" alt=\"asociacion-la-cosecha-proyceto-voces-propias\" src=\"https:\/\/www.itakaescolapios.org\/wp-content\/uploads\/2016\/10\/Asociaci\u00f3n-La-Cosecha-proyceto-Voces-propias-300x174.jpg\" width=\"300\" height=\"174\" srcset=\"https:\/\/www.itakaescolapios.org\/wp-content\/uploads\/2016\/10\/Asociaci\u00f3n-La-Cosecha-proyceto-Voces-propias-300x174.jpg 300w, https:\/\/www.itakaescolapios.org\/wp-content\/uploads\/2016\/10\/Asociaci\u00f3n-La-Cosecha-proyceto-Voces-propias-250x145.jpg 250w, https:\/\/www.itakaescolapios.org\/wp-content\/uploads\/2016\/10\/Asociaci\u00f3n-La-Cosecha-proyceto-Voces-propias.jpg 959w\" sizes=\"(max-width: 300px) 100vw, 300px\" \/><\/a><\/p>\n","protected":false},"excerpt":{"rendered":"<p>\u00a1Estamos de enhorabuena! La asociaci\u00f3n Amaltea, que recientemente se ha incorporado a Itaka- Escolapios, ha conseguido un \u00e1ccesit en el Premio Culturama de Innovaci\u00f3n Social y Juventud, participando en el [&hellip;]<\/p>\n","protected":false},"author":39,"featured_media":16689,"comment_status":"closed","ping_status":"closed","sticky":false,"template":"","format":"standard","meta":{"_et_pb_use_builder":"","_et_pb_old_content":"","_et_gb_content_width":"","footnotes":""},"categories":[12],"tags":[232,234,235,233,236],"class_list":["post-16688","post","type-post","status-publish","format-standard","has-post-thumbnail","hentry","category-valencia","tag-amaltea","tag-innovacion-social-y-juventud","tag-la-cosecha","tag-premio-culturama","tag-taller-de-video"],"yoast_head":"<!-- This site is optimized with the Yoast SEO plugin v27.4 - https:\/\/yoast.com\/product\/yoast-seo-wordpress\/ -->\n<title>PREMIO CULTURAMA PARA EL PROYECTO COMUNITARIO \u201cVOCES PROPIAS\u201d EN EL QUE PARTICIPA AMALTEA - Itaka-Escolapios<\/title>\n<meta name=\"robots\" content=\"index, follow, max-snippet:-1, max-image-preview:large, max-video-preview:-1\" \/>\n<link rel=\"canonical\" href=\"https:\/\/www.itakaescolapios.org\/es\/2016\/10\/premio-culturama-para-el-proyecto-comunitario-voces-propias-en-el-que-participa-amaltea\/\" \/>\n<meta property=\"og:locale\" content=\"es_ES\" \/>\n<meta property=\"og:type\" content=\"article\" \/>\n<meta property=\"og:title\" content=\"PREMIO CULTURAMA PARA EL PROYECTO COMUNITARIO \u201cVOCES PROPIAS\u201d EN EL QUE PARTICIPA AMALTEA - Itaka-Escolapios\" \/>\n<meta property=\"og:description\" content=\"\u00a1Estamos de enhorabuena! La asociaci\u00f3n Amaltea, que recientemente se ha incorporado a Itaka- Escolapios, ha conseguido un \u00e1ccesit en el Premio Culturama de Innovaci\u00f3n Social y Juventud, participando en el [&hellip;]\" \/>\n<meta property=\"og:url\" content=\"https:\/\/www.itakaescolapios.org\/es\/2016\/10\/premio-culturama-para-el-proyecto-comunitario-voces-propias-en-el-que-participa-amaltea\/\" \/>\n<meta property=\"og:site_name\" content=\"Itaka-Escolapios\" \/>\n<meta property=\"article:published_time\" content=\"2016-10-11T23:00:15+00:00\" \/>\n<meta property=\"article:modified_time\" content=\"2023-11-28T11:38:20+00:00\" \/>\n<meta property=\"og:image\" content=\"https:\/\/www.itakaescolapios.org\/wp-content\/uploads\/2016\/10\/amaltea.jpg\" \/>\n\t<meta property=\"og:image:width\" content=\"1068\" \/>\n\t<meta property=\"og:image:height\" content=\"712\" \/>\n\t<meta property=\"og:image:type\" content=\"image\/jpeg\" \/>\n<meta name=\"author\" content=\"valencia01\" \/>\n<meta name=\"twitter:card\" content=\"summary_large_image\" \/>\n<meta name=\"twitter:label1\" content=\"Escrito por\" \/>\n\t<meta name=\"twitter:data1\" content=\"valencia01\" \/>\n\t<meta name=\"twitter:label2\" content=\"Tiempo de lectura\" \/>\n\t<meta name=\"twitter:data2\" content=\"1 minuto\" \/>\n<script type=\"application\/ld+json\" class=\"yoast-schema-graph\">{\"@context\":\"https:\\\/\\\/schema.org\",\"@graph\":[{\"@type\":\"Article\",\"@id\":\"https:\\\/\\\/www.itakaescolapios.org\\\/es\\\/2016\\\/10\\\/premio-culturama-para-el-proyecto-comunitario-voces-propias-en-el-que-participa-amaltea\\\/#article\",\"isPartOf\":{\"@id\":\"https:\\\/\\\/www.itakaescolapios.org\\\/es\\\/2016\\\/10\\\/premio-culturama-para-el-proyecto-comunitario-voces-propias-en-el-que-participa-amaltea\\\/\"},\"author\":{\"name\":\"valencia01\",\"@id\":\"https:\\\/\\\/www.itakaescolapios.org\\\/es\\\/#\\\/schema\\\/person\\\/c232ccaa2b3f2e98db93c1f8dfca96ff\"},\"headline\":\"PREMIO CULTURAMA PARA EL PROYECTO COMUNITARIO \u201cVOCES PROPIAS\u201d EN EL QUE PARTICIPA AMALTEA\",\"datePublished\":\"2016-10-11T23:00:15+00:00\",\"dateModified\":\"2023-11-28T11:38:20+00:00\",\"mainEntityOfPage\":{\"@id\":\"https:\\\/\\\/www.itakaescolapios.org\\\/es\\\/2016\\\/10\\\/premio-culturama-para-el-proyecto-comunitario-voces-propias-en-el-que-participa-amaltea\\\/\"},\"wordCount\":159,\"publisher\":{\"@id\":\"https:\\\/\\\/www.itakaescolapios.org\\\/es\\\/#organization\"},\"image\":{\"@id\":\"https:\\\/\\\/www.itakaescolapios.org\\\/es\\\/2016\\\/10\\\/premio-culturama-para-el-proyecto-comunitario-voces-propias-en-el-que-participa-amaltea\\\/#primaryimage\"},\"thumbnailUrl\":\"https:\\\/\\\/www.itakaescolapios.org\\\/wp-content\\\/uploads\\\/2016\\\/10\\\/amaltea.jpg\",\"keywords\":[\"Amaltea\",\"Innovaci\u00f3n Social y Juventud\",\"La Cosecha\",\"Premio Culturama\",\"taller de v\u00eddeo\"],\"articleSection\":[\"Valencia\"],\"inLanguage\":\"es\"},{\"@type\":\"WebPage\",\"@id\":\"https:\\\/\\\/www.itakaescolapios.org\\\/es\\\/2016\\\/10\\\/premio-culturama-para-el-proyecto-comunitario-voces-propias-en-el-que-participa-amaltea\\\/\",\"url\":\"https:\\\/\\\/www.itakaescolapios.org\\\/es\\\/2016\\\/10\\\/premio-culturama-para-el-proyecto-comunitario-voces-propias-en-el-que-participa-amaltea\\\/\",\"name\":\"PREMIO CULTURAMA PARA EL PROYECTO COMUNITARIO \u201cVOCES PROPIAS\u201d EN EL QUE PARTICIPA AMALTEA - Itaka-Escolapios\",\"isPartOf\":{\"@id\":\"https:\\\/\\\/www.itakaescolapios.org\\\/es\\\/#website\"},\"primaryImageOfPage\":{\"@id\":\"https:\\\/\\\/www.itakaescolapios.org\\\/es\\\/2016\\\/10\\\/premio-culturama-para-el-proyecto-comunitario-voces-propias-en-el-que-participa-amaltea\\\/#primaryimage\"},\"image\":{\"@id\":\"https:\\\/\\\/www.itakaescolapios.org\\\/es\\\/2016\\\/10\\\/premio-culturama-para-el-proyecto-comunitario-voces-propias-en-el-que-participa-amaltea\\\/#primaryimage\"},\"thumbnailUrl\":\"https:\\\/\\\/www.itakaescolapios.org\\\/wp-content\\\/uploads\\\/2016\\\/10\\\/amaltea.jpg\",\"datePublished\":\"2016-10-11T23:00:15+00:00\",\"dateModified\":\"2023-11-28T11:38:20+00:00\",\"breadcrumb\":{\"@id\":\"https:\\\/\\\/www.itakaescolapios.org\\\/es\\\/2016\\\/10\\\/premio-culturama-para-el-proyecto-comunitario-voces-propias-en-el-que-participa-amaltea\\\/#breadcrumb\"},\"inLanguage\":\"es\",\"potentialAction\":[{\"@type\":\"ReadAction\",\"target\":[\"https:\\\/\\\/www.itakaescolapios.org\\\/es\\\/2016\\\/10\\\/premio-culturama-para-el-proyecto-comunitario-voces-propias-en-el-que-participa-amaltea\\\/\"]}]},{\"@type\":\"ImageObject\",\"inLanguage\":\"es\",\"@id\":\"https:\\\/\\\/www.itakaescolapios.org\\\/es\\\/2016\\\/10\\\/premio-culturama-para-el-proyecto-comunitario-voces-propias-en-el-que-participa-amaltea\\\/#primaryimage\",\"url\":\"https:\\\/\\\/www.itakaescolapios.org\\\/wp-content\\\/uploads\\\/2016\\\/10\\\/amaltea.jpg\",\"contentUrl\":\"https:\\\/\\\/www.itakaescolapios.org\\\/wp-content\\\/uploads\\\/2016\\\/10\\\/amaltea.jpg\",\"width\":1068,\"height\":712},{\"@type\":\"BreadcrumbList\",\"@id\":\"https:\\\/\\\/www.itakaescolapios.org\\\/es\\\/2016\\\/10\\\/premio-culturama-para-el-proyecto-comunitario-voces-propias-en-el-que-participa-amaltea\\\/#breadcrumb\",\"itemListElement\":[{\"@type\":\"ListItem\",\"position\":1,\"name\":\"Portada\",\"item\":\"https:\\\/\\\/www.itakaescolapios.org\\\/es\\\/\"},{\"@type\":\"ListItem\",\"position\":2,\"name\":\"PREMIO CULTURAMA PARA EL PROYECTO COMUNITARIO \u201cVOCES PROPIAS\u201d EN EL QUE PARTICIPA AMALTEA\"}]},{\"@type\":\"WebSite\",\"@id\":\"https:\\\/\\\/www.itakaescolapios.org\\\/es\\\/#website\",\"url\":\"https:\\\/\\\/www.itakaescolapios.org\\\/es\\\/\",\"name\":\"Itaka-Escolapios\",\"description\":\"Red de Itaka-Escolapios\",\"publisher\":{\"@id\":\"https:\\\/\\\/www.itakaescolapios.org\\\/es\\\/#organization\"},\"potentialAction\":[{\"@type\":\"SearchAction\",\"target\":{\"@type\":\"EntryPoint\",\"urlTemplate\":\"https:\\\/\\\/www.itakaescolapios.org\\\/es\\\/?s={search_term_string}\"},\"query-input\":{\"@type\":\"PropertyValueSpecification\",\"valueRequired\":true,\"valueName\":\"search_term_string\"}}],\"inLanguage\":\"es\"},{\"@type\":\"Organization\",\"@id\":\"https:\\\/\\\/www.itakaescolapios.org\\\/es\\\/#organization\",\"name\":\"Fundaci\u00f3 Itaka-Escolapios\",\"url\":\"https:\\\/\\\/www.itakaescolapios.org\\\/es\\\/\",\"logo\":{\"@type\":\"ImageObject\",\"inLanguage\":\"es\",\"@id\":\"https:\\\/\\\/www.itakaescolapios.org\\\/es\\\/#\\\/schema\\\/logo\\\/image\\\/\",\"url\":\"https:\\\/\\\/www.itakaescolapios.org\\\/wp-content\\\/uploads\\\/2024\\\/04\\\/Logo-itakaescolapios-peque.png\",\"contentUrl\":\"https:\\\/\\\/www.itakaescolapios.org\\\/wp-content\\\/uploads\\\/2024\\\/04\\\/Logo-itakaescolapios-peque.png\",\"width\":500,\"height\":199,\"caption\":\"Fundaci\u00f3 Itaka-Escolapios\"},\"image\":{\"@id\":\"https:\\\/\\\/www.itakaescolapios.org\\\/es\\\/#\\\/schema\\\/logo\\\/image\\\/\"}},{\"@type\":\"Person\",\"@id\":\"https:\\\/\\\/www.itakaescolapios.org\\\/es\\\/#\\\/schema\\\/person\\\/c232ccaa2b3f2e98db93c1f8dfca96ff\",\"name\":\"valencia01\",\"url\":\"https:\\\/\\\/www.itakaescolapios.org\\\/es\\\/author\\\/valencia01\\\/\"}]}<\/script>\n<!-- \/ Yoast SEO plugin. -->","yoast_head_json":{"title":"PREMIO CULTURAMA PARA EL PROYECTO COMUNITARIO \u201cVOCES PROPIAS\u201d EN EL QUE PARTICIPA AMALTEA - Itaka-Escolapios","robots":{"index":"index","follow":"follow","max-snippet":"max-snippet:-1","max-image-preview":"max-image-preview:large","max-video-preview":"max-video-preview:-1"},"canonical":"https:\/\/www.itakaescolapios.org\/es\/2016\/10\/premio-culturama-para-el-proyecto-comunitario-voces-propias-en-el-que-participa-amaltea\/","og_locale":"es_ES","og_type":"article","og_title":"PREMIO CULTURAMA PARA EL PROYECTO COMUNITARIO \u201cVOCES PROPIAS\u201d EN EL QUE PARTICIPA AMALTEA - Itaka-Escolapios","og_description":"\u00a1Estamos de enhorabuena! La asociaci\u00f3n Amaltea, que recientemente se ha incorporado a Itaka- Escolapios, ha conseguido un \u00e1ccesit en el Premio Culturama de Innovaci\u00f3n Social y Juventud, participando en el [&hellip;]","og_url":"https:\/\/www.itakaescolapios.org\/es\/2016\/10\/premio-culturama-para-el-proyecto-comunitario-voces-propias-en-el-que-participa-amaltea\/","og_site_name":"Itaka-Escolapios","article_published_time":"2016-10-11T23:00:15+00:00","article_modified_time":"2023-11-28T11:38:20+00:00","og_image":[{"width":1068,"height":712,"url":"https:\/\/www.itakaescolapios.org\/wp-content\/uploads\/2016\/10\/amaltea.jpg","type":"image\/jpeg"}],"author":"valencia01","twitter_card":"summary_large_image","twitter_misc":{"Escrito por":"valencia01","Tiempo de lectura":"1 minuto"},"schema":{"@context":"https:\/\/schema.org","@graph":[{"@type":"Article","@id":"https:\/\/www.itakaescolapios.org\/es\/2016\/10\/premio-culturama-para-el-proyecto-comunitario-voces-propias-en-el-que-participa-amaltea\/#article","isPartOf":{"@id":"https:\/\/www.itakaescolapios.org\/es\/2016\/10\/premio-culturama-para-el-proyecto-comunitario-voces-propias-en-el-que-participa-amaltea\/"},"author":{"name":"valencia01","@id":"https:\/\/www.itakaescolapios.org\/es\/#\/schema\/person\/c232ccaa2b3f2e98db93c1f8dfca96ff"},"headline":"PREMIO CULTURAMA PARA EL PROYECTO COMUNITARIO \u201cVOCES PROPIAS\u201d EN EL QUE PARTICIPA AMALTEA","datePublished":"2016-10-11T23:00:15+00:00","dateModified":"2023-11-28T11:38:20+00:00","mainEntityOfPage":{"@id":"https:\/\/www.itakaescolapios.org\/es\/2016\/10\/premio-culturama-para-el-proyecto-comunitario-voces-propias-en-el-que-participa-amaltea\/"},"wordCount":159,"publisher":{"@id":"https:\/\/www.itakaescolapios.org\/es\/#organization"},"image":{"@id":"https:\/\/www.itakaescolapios.org\/es\/2016\/10\/premio-culturama-para-el-proyecto-comunitario-voces-propias-en-el-que-participa-amaltea\/#primaryimage"},"thumbnailUrl":"https:\/\/www.itakaescolapios.org\/wp-content\/uploads\/2016\/10\/amaltea.jpg","keywords":["Amaltea","Innovaci\u00f3n Social y Juventud","La Cosecha","Premio Culturama","taller de v\u00eddeo"],"articleSection":["Valencia"],"inLanguage":"es"},{"@type":"WebPage","@id":"https:\/\/www.itakaescolapios.org\/es\/2016\/10\/premio-culturama-para-el-proyecto-comunitario-voces-propias-en-el-que-participa-amaltea\/","url":"https:\/\/www.itakaescolapios.org\/es\/2016\/10\/premio-culturama-para-el-proyecto-comunitario-voces-propias-en-el-que-participa-amaltea\/","name":"PREMIO CULTURAMA PARA EL PROYECTO COMUNITARIO \u201cVOCES PROPIAS\u201d EN EL QUE PARTICIPA AMALTEA - Itaka-Escolapios","isPartOf":{"@id":"https:\/\/www.itakaescolapios.org\/es\/#website"},"primaryImageOfPage":{"@id":"https:\/\/www.itakaescolapios.org\/es\/2016\/10\/premio-culturama-para-el-proyecto-comunitario-voces-propias-en-el-que-participa-amaltea\/#primaryimage"},"image":{"@id":"https:\/\/www.itakaescolapios.org\/es\/2016\/10\/premio-culturama-para-el-proyecto-comunitario-voces-propias-en-el-que-participa-amaltea\/#primaryimage"},"thumbnailUrl":"https:\/\/www.itakaescolapios.org\/wp-content\/uploads\/2016\/10\/amaltea.jpg","datePublished":"2016-10-11T23:00:15+00:00","dateModified":"2023-11-28T11:38:20+00:00","breadcrumb":{"@id":"https:\/\/www.itakaescolapios.org\/es\/2016\/10\/premio-culturama-para-el-proyecto-comunitario-voces-propias-en-el-que-participa-amaltea\/#breadcrumb"},"inLanguage":"es","potentialAction":[{"@type":"ReadAction","target":["https:\/\/www.itakaescolapios.org\/es\/2016\/10\/premio-culturama-para-el-proyecto-comunitario-voces-propias-en-el-que-participa-amaltea\/"]}]},{"@type":"ImageObject","inLanguage":"es","@id":"https:\/\/www.itakaescolapios.org\/es\/2016\/10\/premio-culturama-para-el-proyecto-comunitario-voces-propias-en-el-que-participa-amaltea\/#primaryimage","url":"https:\/\/www.itakaescolapios.org\/wp-content\/uploads\/2016\/10\/amaltea.jpg","contentUrl":"https:\/\/www.itakaescolapios.org\/wp-content\/uploads\/2016\/10\/amaltea.jpg","width":1068,"height":712},{"@type":"BreadcrumbList","@id":"https:\/\/www.itakaescolapios.org\/es\/2016\/10\/premio-culturama-para-el-proyecto-comunitario-voces-propias-en-el-que-participa-amaltea\/#breadcrumb","itemListElement":[{"@type":"ListItem","position":1,"name":"Portada","item":"https:\/\/www.itakaescolapios.org\/es\/"},{"@type":"ListItem","position":2,"name":"PREMIO CULTURAMA PARA EL PROYECTO COMUNITARIO \u201cVOCES PROPIAS\u201d EN EL QUE PARTICIPA AMALTEA"}]},{"@type":"WebSite","@id":"https:\/\/www.itakaescolapios.org\/es\/#website","url":"https:\/\/www.itakaescolapios.org\/es\/","name":"Itaka-Escolapios","description":"Red de Itaka-Escolapios","publisher":{"@id":"https:\/\/www.itakaescolapios.org\/es\/#organization"},"potentialAction":[{"@type":"SearchAction","target":{"@type":"EntryPoint","urlTemplate":"https:\/\/www.itakaescolapios.org\/es\/?s={search_term_string}"},"query-input":{"@type":"PropertyValueSpecification","valueRequired":true,"valueName":"search_term_string"}}],"inLanguage":"es"},{"@type":"Organization","@id":"https:\/\/www.itakaescolapios.org\/es\/#organization","name":"Fundaci\u00f3 Itaka-Escolapios","url":"https:\/\/www.itakaescolapios.org\/es\/","logo":{"@type":"ImageObject","inLanguage":"es","@id":"https:\/\/www.itakaescolapios.org\/es\/#\/schema\/logo\/image\/","url":"https:\/\/www.itakaescolapios.org\/wp-content\/uploads\/2024\/04\/Logo-itakaescolapios-peque.png","contentUrl":"https:\/\/www.itakaescolapios.org\/wp-content\/uploads\/2024\/04\/Logo-itakaescolapios-peque.png","width":500,"height":199,"caption":"Fundaci\u00f3 Itaka-Escolapios"},"image":{"@id":"https:\/\/www.itakaescolapios.org\/es\/#\/schema\/logo\/image\/"}},{"@type":"Person","@id":"https:\/\/www.itakaescolapios.org\/es\/#\/schema\/person\/c232ccaa2b3f2e98db93c1f8dfca96ff","name":"valencia01","url":"https:\/\/www.itakaescolapios.org\/es\/author\/valencia01\/"}]}},"_links":{"self":[{"href":"https:\/\/www.itakaescolapios.org\/es\/wp-json\/wp\/v2\/posts\/16688","targetHints":{"allow":["GET"]}}],"collection":[{"href":"https:\/\/www.itakaescolapios.org\/es\/wp-json\/wp\/v2\/posts"}],"about":[{"href":"https:\/\/www.itakaescolapios.org\/es\/wp-json\/wp\/v2\/types\/post"}],"author":[{"embeddable":true,"href":"https:\/\/www.itakaescolapios.org\/es\/wp-json\/wp\/v2\/users\/39"}],"replies":[{"embeddable":true,"href":"https:\/\/www.itakaescolapios.org\/es\/wp-json\/wp\/v2\/comments?post=16688"}],"version-history":[{"count":4,"href":"https:\/\/www.itakaescolapios.org\/es\/wp-json\/wp\/v2\/posts\/16688\/revisions"}],"predecessor-version":[{"id":48176,"href":"https:\/\/www.itakaescolapios.org\/es\/wp-json\/wp\/v2\/posts\/16688\/revisions\/48176"}],"wp:featuredmedia":[{"embeddable":true,"href":"https:\/\/www.itakaescolapios.org\/es\/wp-json\/wp\/v2\/media\/16689"}],"wp:attachment":[{"href":"https:\/\/www.itakaescolapios.org\/es\/wp-json\/wp\/v2\/media?parent=16688"}],"wp:term":[{"taxonomy":"category","embeddable":true,"href":"https:\/\/www.itakaescolapios.org\/es\/wp-json\/wp\/v2\/categories?post=16688"},{"taxonomy":"post_tag","embeddable":true,"href":"https:\/\/www.itakaescolapios.org\/es\/wp-json\/wp\/v2\/tags?post=16688"}],"curies":[{"name":"wp","href":"https:\/\/api.w.org\/{rel}","templated":true}]}}