{"id":18236,"date":"2017-02-22T10:38:29","date_gmt":"2017-02-22T09:38:29","guid":{"rendered":"https:\/\/www.itakaescolapios.org\/?p=18236"},"modified":"2023-11-28T12:38:11","modified_gmt":"2023-11-28T11:38:11","slug":"segundo-encuentro-formativo-en-valencia","status":"publish","type":"post","link":"https:\/\/www.itakaescolapios.org\/es\/2017\/02\/segundo-encuentro-formativo-en-valencia\/","title":{"rendered":"SEGUNDO ENCUENTRO FORMATIVO EN VALENCIA"},"content":{"rendered":"<p style=\"text-align: justify\">El fin de semana del 11 y 12 de febrero tuvo lugar el Segundo Encuentro Formativo del VES del curso en Valencia, que en esta ocasi\u00f3n se realiz\u00f3 en Godella. En este encuentro participaron alrededor de 20 j\u00f3venes que forman parte de la Fundaci\u00f3n Itaka- Escolapios, colaborando en diferentes proyectos.<\/p>\n<p style=\"text-align: justify\">El s\u00e1bado por la ma\u00f1ana comenzamos el encuentro con una oraci\u00f3n y una animada ronda de presentaciones. Tras esta empezamos con una formaci\u00f3n conjunta de la mano de Ana Todol\u00ed sobre las dificultades en el aprendizaje, una formaci\u00f3n muy interesante e interactiva. Tras el descanso, hubo dos formaciones simult\u00e1neas. Los voluntarios de primer ciclo sobre el agente sensibilizador con Luc\u00eda Carri\u00f3n; los voluntarios de segundo ciclo hablaron sobre la desigualdad con Mar\u00eda Bendicho. La tarde del s\u00e1bado estuvo enteramente dedicada a un tema estrella, el bullying, con Maite Sanfeliu Serra . La sesi\u00f3n se dividi\u00f3 en una primera parte m\u00e1s te\u00f3rica y en una segunda mucho m\u00e1s pr\u00e1ctica.<\/p>\n<p style=\"text-align: justify\">El domingo hubo dos formaciones por la ma\u00f1ana antes de la celebraci\u00f3n de la Eucarist\u00eda. La primera, conducida por Salva Ca\u00f1am\u00e1s, y dedicada a comercio justo y consumo responsable, en la que pudimos conocer crueles verdades sobre el consumo y la producci\u00f3n, y c\u00f3mo poder cambiar esto. La segunda sobre la Escuela P\u00eda y el Jubileo Calasancio, a cargo del escolapio Jos\u00e9 Luis Zan\u00f3n, que despu\u00e9s presidi\u00f3 la Eucarist\u00eda. Antes de finalizar el encuentro tuvo lugar la sesi\u00f3n de evaluaci\u00f3n y nuevas propuestas.<\/p>\n<p style=\"text-align: justify\">Y \u00a0todo esto en un ambiente de alegr\u00eda, diversi\u00f3n y ganas de aprender m\u00e1s que hacen de estos encuentros una experiencia muy positiva y agradable.<\/p>\n<p style=\"text-align: justify\">Pod\u00e9is ver todas las fotos de este encuentro formativo en nuestro <a href=\"https:\/\/www.facebook.com\/pg\/ItakaBetania\/photos\/?tab=album&amp;album_id=1366917350064949\">Facebook<\/a>.<\/p>\n","protected":false},"excerpt":{"rendered":"<p>El fin de semana del 11 y 12 de febrero tuvo lugar el Segundo Encuentro Formativo del VES del curso en Valencia, que en esta ocasi\u00f3n se realiz\u00f3 en Godella. [&hellip;]<\/p>\n","protected":false},"author":39,"featured_media":18237,"comment_status":"closed","ping_status":"closed","sticky":false,"template":"","format":"standard","meta":{"_et_pb_use_builder":"","_et_pb_old_content":"","_et_gb_content_width":"","footnotes":""},"categories":[12],"tags":[246,98,72,187,214],"class_list":["post-18236","post","type-post","status-publish","format-standard","has-post-thumbnail","hentry","category-valencia","tag-bullying","tag-comercio-justo","tag-formacion","tag-proyecto-ves","tag-sensibilizacion"],"yoast_head":"<!-- This site is optimized with the Yoast SEO plugin v27.4 - https:\/\/yoast.com\/product\/yoast-seo-wordpress\/ -->\n<title>SEGUNDO ENCUENTRO FORMATIVO EN VALENCIA - Itaka-Escolapios<\/title>\n<meta name=\"robots\" content=\"index, follow, max-snippet:-1, max-image-preview:large, max-video-preview:-1\" \/>\n<link rel=\"canonical\" href=\"https:\/\/www.itakaescolapios.org\/es\/2017\/02\/segundo-encuentro-formativo-en-valencia\/\" \/>\n<meta property=\"og:locale\" content=\"es_ES\" \/>\n<meta property=\"og:type\" content=\"article\" \/>\n<meta property=\"og:title\" content=\"SEGUNDO ENCUENTRO FORMATIVO EN VALENCIA - Itaka-Escolapios\" \/>\n<meta property=\"og:description\" content=\"El fin de semana del 11 y 12 de febrero tuvo lugar el Segundo Encuentro Formativo del VES del curso en Valencia, que en esta ocasi\u00f3n se realiz\u00f3 en Godella. [&hellip;]\" \/>\n<meta property=\"og:url\" content=\"https:\/\/www.itakaescolapios.org\/es\/2017\/02\/segundo-encuentro-formativo-en-valencia\/\" \/>\n<meta property=\"og:site_name\" content=\"Itaka-Escolapios\" \/>\n<meta property=\"article:published_time\" content=\"2017-02-22T09:38:29+00:00\" \/>\n<meta property=\"article:modified_time\" content=\"2023-11-28T11:38:11+00:00\" \/>\n<meta property=\"og:image\" content=\"https:\/\/www.itakaescolapios.org\/wp-content\/uploads\/2017\/02\/IMG-20170212-WA0053.jpg\" \/>\n\t<meta property=\"og:image:width\" content=\"1500\" \/>\n\t<meta property=\"og:image:height\" content=\"1500\" \/>\n\t<meta property=\"og:image:type\" content=\"image\/jpeg\" \/>\n<meta name=\"author\" content=\"valencia01\" \/>\n<meta name=\"twitter:card\" content=\"summary_large_image\" \/>\n<meta name=\"twitter:label1\" content=\"Escrito por\" \/>\n\t<meta name=\"twitter:data1\" content=\"valencia01\" \/>\n\t<meta name=\"twitter:label2\" content=\"Tiempo de lectura\" \/>\n\t<meta name=\"twitter:data2\" content=\"2 minutos\" \/>\n<script type=\"application\/ld+json\" class=\"yoast-schema-graph\">{\"@context\":\"https:\\\/\\\/schema.org\",\"@graph\":[{\"@type\":\"Article\",\"@id\":\"https:\\\/\\\/www.itakaescolapios.org\\\/es\\\/2017\\\/02\\\/segundo-encuentro-formativo-en-valencia\\\/#article\",\"isPartOf\":{\"@id\":\"https:\\\/\\\/www.itakaescolapios.org\\\/es\\\/2017\\\/02\\\/segundo-encuentro-formativo-en-valencia\\\/\"},\"author\":{\"name\":\"valencia01\",\"@id\":\"https:\\\/\\\/www.itakaescolapios.org\\\/es\\\/#\\\/schema\\\/person\\\/c232ccaa2b3f2e98db93c1f8dfca96ff\"},\"headline\":\"SEGUNDO ENCUENTRO FORMATIVO EN VALENCIA\",\"datePublished\":\"2017-02-22T09:38:29+00:00\",\"dateModified\":\"2023-11-28T11:38:11+00:00\",\"mainEntityOfPage\":{\"@id\":\"https:\\\/\\\/www.itakaescolapios.org\\\/es\\\/2017\\\/02\\\/segundo-encuentro-formativo-en-valencia\\\/\"},\"wordCount\":314,\"publisher\":{\"@id\":\"https:\\\/\\\/www.itakaescolapios.org\\\/es\\\/#organization\"},\"image\":{\"@id\":\"https:\\\/\\\/www.itakaescolapios.org\\\/es\\\/2017\\\/02\\\/segundo-encuentro-formativo-en-valencia\\\/#primaryimage\"},\"thumbnailUrl\":\"https:\\\/\\\/www.itakaescolapios.org\\\/wp-content\\\/uploads\\\/2017\\\/02\\\/IMG-20170212-WA0053.jpg\",\"keywords\":[\"Bullying\",\"comercio justo\",\"formaci\u00f3n\",\"Proyecto VES\",\"Sensibilizaci\u00f3n\"],\"articleSection\":[\"Valencia\"],\"inLanguage\":\"es\"},{\"@type\":\"WebPage\",\"@id\":\"https:\\\/\\\/www.itakaescolapios.org\\\/es\\\/2017\\\/02\\\/segundo-encuentro-formativo-en-valencia\\\/\",\"url\":\"https:\\\/\\\/www.itakaescolapios.org\\\/es\\\/2017\\\/02\\\/segundo-encuentro-formativo-en-valencia\\\/\",\"name\":\"SEGUNDO ENCUENTRO FORMATIVO EN VALENCIA - Itaka-Escolapios\",\"isPartOf\":{\"@id\":\"https:\\\/\\\/www.itakaescolapios.org\\\/es\\\/#website\"},\"primaryImageOfPage\":{\"@id\":\"https:\\\/\\\/www.itakaescolapios.org\\\/es\\\/2017\\\/02\\\/segundo-encuentro-formativo-en-valencia\\\/#primaryimage\"},\"image\":{\"@id\":\"https:\\\/\\\/www.itakaescolapios.org\\\/es\\\/2017\\\/02\\\/segundo-encuentro-formativo-en-valencia\\\/#primaryimage\"},\"thumbnailUrl\":\"https:\\\/\\\/www.itakaescolapios.org\\\/wp-content\\\/uploads\\\/2017\\\/02\\\/IMG-20170212-WA0053.jpg\",\"datePublished\":\"2017-02-22T09:38:29+00:00\",\"dateModified\":\"2023-11-28T11:38:11+00:00\",\"breadcrumb\":{\"@id\":\"https:\\\/\\\/www.itakaescolapios.org\\\/es\\\/2017\\\/02\\\/segundo-encuentro-formativo-en-valencia\\\/#breadcrumb\"},\"inLanguage\":\"es\",\"potentialAction\":[{\"@type\":\"ReadAction\",\"target\":[\"https:\\\/\\\/www.itakaescolapios.org\\\/es\\\/2017\\\/02\\\/segundo-encuentro-formativo-en-valencia\\\/\"]}]},{\"@type\":\"ImageObject\",\"inLanguage\":\"es\",\"@id\":\"https:\\\/\\\/www.itakaescolapios.org\\\/es\\\/2017\\\/02\\\/segundo-encuentro-formativo-en-valencia\\\/#primaryimage\",\"url\":\"https:\\\/\\\/www.itakaescolapios.org\\\/wp-content\\\/uploads\\\/2017\\\/02\\\/IMG-20170212-WA0053.jpg\",\"contentUrl\":\"https:\\\/\\\/www.itakaescolapios.org\\\/wp-content\\\/uploads\\\/2017\\\/02\\\/IMG-20170212-WA0053.jpg\",\"width\":1500,\"height\":1500},{\"@type\":\"BreadcrumbList\",\"@id\":\"https:\\\/\\\/www.itakaescolapios.org\\\/es\\\/2017\\\/02\\\/segundo-encuentro-formativo-en-valencia\\\/#breadcrumb\",\"itemListElement\":[{\"@type\":\"ListItem\",\"position\":1,\"name\":\"Portada\",\"item\":\"https:\\\/\\\/www.itakaescolapios.org\\\/es\\\/\"},{\"@type\":\"ListItem\",\"position\":2,\"name\":\"SEGUNDO ENCUENTRO FORMATIVO EN VALENCIA\"}]},{\"@type\":\"WebSite\",\"@id\":\"https:\\\/\\\/www.itakaescolapios.org\\\/es\\\/#website\",\"url\":\"https:\\\/\\\/www.itakaescolapios.org\\\/es\\\/\",\"name\":\"Itaka-Escolapios\",\"description\":\"Red de Itaka-Escolapios\",\"publisher\":{\"@id\":\"https:\\\/\\\/www.itakaescolapios.org\\\/es\\\/#organization\"},\"potentialAction\":[{\"@type\":\"SearchAction\",\"target\":{\"@type\":\"EntryPoint\",\"urlTemplate\":\"https:\\\/\\\/www.itakaescolapios.org\\\/es\\\/?s={search_term_string}\"},\"query-input\":{\"@type\":\"PropertyValueSpecification\",\"valueRequired\":true,\"valueName\":\"search_term_string\"}}],\"inLanguage\":\"es\"},{\"@type\":\"Organization\",\"@id\":\"https:\\\/\\\/www.itakaescolapios.org\\\/es\\\/#organization\",\"name\":\"Fundaci\u00f3 Itaka-Escolapios\",\"url\":\"https:\\\/\\\/www.itakaescolapios.org\\\/es\\\/\",\"logo\":{\"@type\":\"ImageObject\",\"inLanguage\":\"es\",\"@id\":\"https:\\\/\\\/www.itakaescolapios.org\\\/es\\\/#\\\/schema\\\/logo\\\/image\\\/\",\"url\":\"https:\\\/\\\/www.itakaescolapios.org\\\/wp-content\\\/uploads\\\/2024\\\/04\\\/Logo-itakaescolapios-peque.png\",\"contentUrl\":\"https:\\\/\\\/www.itakaescolapios.org\\\/wp-content\\\/uploads\\\/2024\\\/04\\\/Logo-itakaescolapios-peque.png\",\"width\":500,\"height\":199,\"caption\":\"Fundaci\u00f3 Itaka-Escolapios\"},\"image\":{\"@id\":\"https:\\\/\\\/www.itakaescolapios.org\\\/es\\\/#\\\/schema\\\/logo\\\/image\\\/\"}},{\"@type\":\"Person\",\"@id\":\"https:\\\/\\\/www.itakaescolapios.org\\\/es\\\/#\\\/schema\\\/person\\\/c232ccaa2b3f2e98db93c1f8dfca96ff\",\"name\":\"valencia01\",\"url\":\"https:\\\/\\\/www.itakaescolapios.org\\\/es\\\/author\\\/valencia01\\\/\"}]}<\/script>\n<!-- \/ Yoast SEO plugin. -->","yoast_head_json":{"title":"SEGUNDO ENCUENTRO FORMATIVO EN VALENCIA - Itaka-Escolapios","robots":{"index":"index","follow":"follow","max-snippet":"max-snippet:-1","max-image-preview":"max-image-preview:large","max-video-preview":"max-video-preview:-1"},"canonical":"https:\/\/www.itakaescolapios.org\/es\/2017\/02\/segundo-encuentro-formativo-en-valencia\/","og_locale":"es_ES","og_type":"article","og_title":"SEGUNDO ENCUENTRO FORMATIVO EN VALENCIA - Itaka-Escolapios","og_description":"El fin de semana del 11 y 12 de febrero tuvo lugar el Segundo Encuentro Formativo del VES del curso en Valencia, que en esta ocasi\u00f3n se realiz\u00f3 en Godella. [&hellip;]","og_url":"https:\/\/www.itakaescolapios.org\/es\/2017\/02\/segundo-encuentro-formativo-en-valencia\/","og_site_name":"Itaka-Escolapios","article_published_time":"2017-02-22T09:38:29+00:00","article_modified_time":"2023-11-28T11:38:11+00:00","og_image":[{"width":1500,"height":1500,"url":"https:\/\/www.itakaescolapios.org\/wp-content\/uploads\/2017\/02\/IMG-20170212-WA0053.jpg","type":"image\/jpeg"}],"author":"valencia01","twitter_card":"summary_large_image","twitter_misc":{"Escrito por":"valencia01","Tiempo de lectura":"2 minutos"},"schema":{"@context":"https:\/\/schema.org","@graph":[{"@type":"Article","@id":"https:\/\/www.itakaescolapios.org\/es\/2017\/02\/segundo-encuentro-formativo-en-valencia\/#article","isPartOf":{"@id":"https:\/\/www.itakaescolapios.org\/es\/2017\/02\/segundo-encuentro-formativo-en-valencia\/"},"author":{"name":"valencia01","@id":"https:\/\/www.itakaescolapios.org\/es\/#\/schema\/person\/c232ccaa2b3f2e98db93c1f8dfca96ff"},"headline":"SEGUNDO ENCUENTRO FORMATIVO EN VALENCIA","datePublished":"2017-02-22T09:38:29+00:00","dateModified":"2023-11-28T11:38:11+00:00","mainEntityOfPage":{"@id":"https:\/\/www.itakaescolapios.org\/es\/2017\/02\/segundo-encuentro-formativo-en-valencia\/"},"wordCount":314,"publisher":{"@id":"https:\/\/www.itakaescolapios.org\/es\/#organization"},"image":{"@id":"https:\/\/www.itakaescolapios.org\/es\/2017\/02\/segundo-encuentro-formativo-en-valencia\/#primaryimage"},"thumbnailUrl":"https:\/\/www.itakaescolapios.org\/wp-content\/uploads\/2017\/02\/IMG-20170212-WA0053.jpg","keywords":["Bullying","comercio justo","formaci\u00f3n","Proyecto VES","Sensibilizaci\u00f3n"],"articleSection":["Valencia"],"inLanguage":"es"},{"@type":"WebPage","@id":"https:\/\/www.itakaescolapios.org\/es\/2017\/02\/segundo-encuentro-formativo-en-valencia\/","url":"https:\/\/www.itakaescolapios.org\/es\/2017\/02\/segundo-encuentro-formativo-en-valencia\/","name":"SEGUNDO ENCUENTRO FORMATIVO EN VALENCIA - Itaka-Escolapios","isPartOf":{"@id":"https:\/\/www.itakaescolapios.org\/es\/#website"},"primaryImageOfPage":{"@id":"https:\/\/www.itakaescolapios.org\/es\/2017\/02\/segundo-encuentro-formativo-en-valencia\/#primaryimage"},"image":{"@id":"https:\/\/www.itakaescolapios.org\/es\/2017\/02\/segundo-encuentro-formativo-en-valencia\/#primaryimage"},"thumbnailUrl":"https:\/\/www.itakaescolapios.org\/wp-content\/uploads\/2017\/02\/IMG-20170212-WA0053.jpg","datePublished":"2017-02-22T09:38:29+00:00","dateModified":"2023-11-28T11:38:11+00:00","breadcrumb":{"@id":"https:\/\/www.itakaescolapios.org\/es\/2017\/02\/segundo-encuentro-formativo-en-valencia\/#breadcrumb"},"inLanguage":"es","potentialAction":[{"@type":"ReadAction","target":["https:\/\/www.itakaescolapios.org\/es\/2017\/02\/segundo-encuentro-formativo-en-valencia\/"]}]},{"@type":"ImageObject","inLanguage":"es","@id":"https:\/\/www.itakaescolapios.org\/es\/2017\/02\/segundo-encuentro-formativo-en-valencia\/#primaryimage","url":"https:\/\/www.itakaescolapios.org\/wp-content\/uploads\/2017\/02\/IMG-20170212-WA0053.jpg","contentUrl":"https:\/\/www.itakaescolapios.org\/wp-content\/uploads\/2017\/02\/IMG-20170212-WA0053.jpg","width":1500,"height":1500},{"@type":"BreadcrumbList","@id":"https:\/\/www.itakaescolapios.org\/es\/2017\/02\/segundo-encuentro-formativo-en-valencia\/#breadcrumb","itemListElement":[{"@type":"ListItem","position":1,"name":"Portada","item":"https:\/\/www.itakaescolapios.org\/es\/"},{"@type":"ListItem","position":2,"name":"SEGUNDO ENCUENTRO FORMATIVO EN VALENCIA"}]},{"@type":"WebSite","@id":"https:\/\/www.itakaescolapios.org\/es\/#website","url":"https:\/\/www.itakaescolapios.org\/es\/","name":"Itaka-Escolapios","description":"Red de Itaka-Escolapios","publisher":{"@id":"https:\/\/www.itakaescolapios.org\/es\/#organization"},"potentialAction":[{"@type":"SearchAction","target":{"@type":"EntryPoint","urlTemplate":"https:\/\/www.itakaescolapios.org\/es\/?s={search_term_string}"},"query-input":{"@type":"PropertyValueSpecification","valueRequired":true,"valueName":"search_term_string"}}],"inLanguage":"es"},{"@type":"Organization","@id":"https:\/\/www.itakaescolapios.org\/es\/#organization","name":"Fundaci\u00f3 Itaka-Escolapios","url":"https:\/\/www.itakaescolapios.org\/es\/","logo":{"@type":"ImageObject","inLanguage":"es","@id":"https:\/\/www.itakaescolapios.org\/es\/#\/schema\/logo\/image\/","url":"https:\/\/www.itakaescolapios.org\/wp-content\/uploads\/2024\/04\/Logo-itakaescolapios-peque.png","contentUrl":"https:\/\/www.itakaescolapios.org\/wp-content\/uploads\/2024\/04\/Logo-itakaescolapios-peque.png","width":500,"height":199,"caption":"Fundaci\u00f3 Itaka-Escolapios"},"image":{"@id":"https:\/\/www.itakaescolapios.org\/es\/#\/schema\/logo\/image\/"}},{"@type":"Person","@id":"https:\/\/www.itakaescolapios.org\/es\/#\/schema\/person\/c232ccaa2b3f2e98db93c1f8dfca96ff","name":"valencia01","url":"https:\/\/www.itakaescolapios.org\/es\/author\/valencia01\/"}]}},"_links":{"self":[{"href":"https:\/\/www.itakaescolapios.org\/es\/wp-json\/wp\/v2\/posts\/18236","targetHints":{"allow":["GET"]}}],"collection":[{"href":"https:\/\/www.itakaescolapios.org\/es\/wp-json\/wp\/v2\/posts"}],"about":[{"href":"https:\/\/www.itakaescolapios.org\/es\/wp-json\/wp\/v2\/types\/post"}],"author":[{"embeddable":true,"href":"https:\/\/www.itakaescolapios.org\/es\/wp-json\/wp\/v2\/users\/39"}],"replies":[{"embeddable":true,"href":"https:\/\/www.itakaescolapios.org\/es\/wp-json\/wp\/v2\/comments?post=18236"}],"version-history":[{"count":6,"href":"https:\/\/www.itakaescolapios.org\/es\/wp-json\/wp\/v2\/posts\/18236\/revisions"}],"predecessor-version":[{"id":47919,"href":"https:\/\/www.itakaescolapios.org\/es\/wp-json\/wp\/v2\/posts\/18236\/revisions\/47919"}],"wp:featuredmedia":[{"embeddable":true,"href":"https:\/\/www.itakaescolapios.org\/es\/wp-json\/wp\/v2\/media\/18237"}],"wp:attachment":[{"href":"https:\/\/www.itakaescolapios.org\/es\/wp-json\/wp\/v2\/media?parent=18236"}],"wp:term":[{"taxonomy":"category","embeddable":true,"href":"https:\/\/www.itakaescolapios.org\/es\/wp-json\/wp\/v2\/categories?post=18236"},{"taxonomy":"post_tag","embeddable":true,"href":"https:\/\/www.itakaescolapios.org\/es\/wp-json\/wp\/v2\/tags?post=18236"}],"curies":[{"name":"wp","href":"https:\/\/api.w.org\/{rel}","templated":true}]}}