{"id":19415,"date":"2017-06-12T11:59:50","date_gmt":"2017-06-12T10:59:50","guid":{"rendered":"https:\/\/www.itakaescolapios.org\/?p=19415"},"modified":"2023-11-28T12:38:01","modified_gmt":"2023-11-28T11:38:01","slug":"gran-fiesta-final-en-el-trastevere-de-valencia","status":"publish","type":"post","link":"https:\/\/www.itakaescolapios.org\/es\/2017\/06\/gran-fiesta-final-en-el-trastevere-de-valencia\/","title":{"rendered":"\u00a1GRAN FIESTA FINAL EN EL TRAST\u00c9VERE DE VALENCIA!"},"content":{"rendered":"<p style=\"text-align: justify\">\u00a1Hemos finalizado el curso del proyecto Trast\u00e9vere con una gran fiesta!<br \/>\nTanto en el colegio de Escuelas P\u00edas Malvarrosa como en el Real Colegio de las Escuelas P\u00edas, ni\u00f1os, ni\u00f1as, familias y voluntario\/as, participamos de una tarde de juegos de punter\u00eda, talleres de cocina, manualidades, adivinanzas, m\u00fasica, expresi\u00f3n corporal y una deliciosa merienda.<br \/>\nComo colof\u00f3n del a\u00f1o, los voluntarios repartieron cartas de agradecimiento y reconocimiento a cada ni\u00f1o y ni\u00f1a que ha participado del proyecto, por su esfuerzo, sus ganas de aprender, de ser mejores y por sus sonrisas.<br \/>\nEn julio, del 10 al 21, continuaremos con nuestro campamento urbano para seguir aprendiendo y disfrutando de las vacaciones de verano.<br \/>\nOs esperamos!!<\/p>\n\n\t\t<style type=\"text\/css\">\n\t\t\t#gallery-1 {\n\t\t\t\tmargin: auto;\n\t\t\t}\n\t\t\t#gallery-1 .gallery-item {\n\t\t\t\tfloat: left;\n\t\t\t\tmargin-top: 10px;\n\t\t\t\ttext-align: center;\n\t\t\t\twidth: 25%;\n\t\t\t}\n\t\t\t#gallery-1 img {\n\t\t\t\tborder: 2px solid #cfcfcf;\n\t\t\t}\n\t\t\t#gallery-1 .gallery-caption {\n\t\t\t\tmargin-left: 0;\n\t\t\t}\n\t\t\t\/* see gallery_shortcode() in wp-includes\/media.php *\/\n\t\t<\/style>\n\t\t<div id='gallery-1' class='gallery galleryid-19415 gallery-columns-4 gallery-size-thumbnail'><dl class='gallery-item'>\n\t\t\t<dt class='gallery-icon portrait'>\n\t\t\t\t<a href='https:\/\/www.itakaescolapios.org\/wp-content\/uploads\/2017\/06\/WhatsApp-Image-2017-06-12-at-12.55.57.jpeg'><img decoding=\"async\" width=\"90\" height=\"90\" src=\"https:\/\/www.itakaescolapios.org\/wp-content\/uploads\/2017\/06\/WhatsApp-Image-2017-06-12-at-12.55.57-90x90.jpeg\" class=\"attachment-thumbnail size-thumbnail\" alt=\"\" \/><\/a>\n\t\t\t<\/dt><\/dl><dl class='gallery-item'>\n\t\t\t<dt class='gallery-icon landscape'>\n\t\t\t\t<a href='https:\/\/www.itakaescolapios.org\/wp-content\/uploads\/2017\/06\/20170529_173630.jpg'><img decoding=\"async\" width=\"90\" height=\"90\" src=\"https:\/\/www.itakaescolapios.org\/wp-content\/uploads\/2017\/06\/20170529_173630-90x90.jpg\" class=\"attachment-thumbnail size-thumbnail\" alt=\"\" \/><\/a>\n\t\t\t<\/dt><\/dl><dl class='gallery-item'>\n\t\t\t<dt class='gallery-icon landscape'>\n\t\t\t\t<a href='https:\/\/www.itakaescolapios.org\/wp-content\/uploads\/2017\/06\/IMG-20170209-WA0003.jpg'><img decoding=\"async\" width=\"90\" height=\"90\" src=\"https:\/\/www.itakaescolapios.org\/wp-content\/uploads\/2017\/06\/IMG-20170209-WA0003-90x90.jpg\" class=\"attachment-thumbnail size-thumbnail\" alt=\"\" \/><\/a>\n\t\t\t<\/dt><\/dl><dl class='gallery-item'>\n\t\t\t<dt class='gallery-icon landscape'>\n\t\t\t\t<a href='https:\/\/www.itakaescolapios.org\/wp-content\/uploads\/2017\/06\/WhatsApp-Image-2017-05-12-at-12.43.28-1.jpeg'><img decoding=\"async\" width=\"90\" height=\"90\" src=\"https:\/\/www.itakaescolapios.org\/wp-content\/uploads\/2017\/06\/WhatsApp-Image-2017-05-12-at-12.43.28-1-90x90.jpeg\" class=\"attachment-thumbnail size-thumbnail\" alt=\"\" \/><\/a>\n\t\t\t<\/dt><\/dl><br style=\"clear: both\" \/>\n\t\t<\/div>\n\n<p style=\"text-align: justify\">\n","protected":false},"excerpt":{"rendered":"<p>\u00a1Hemos finalizado el curso del proyecto Trast\u00e9vere con una gran fiesta! Tanto en el colegio de Escuelas P\u00edas Malvarrosa como en el Real Colegio de las Escuelas P\u00edas, ni\u00f1os, ni\u00f1as, [&hellip;]<\/p>\n","protected":false},"author":39,"featured_media":19422,"comment_status":"closed","ping_status":"closed","sticky":false,"template":"","format":"standard","meta":{"_et_pb_use_builder":"","_et_pb_old_content":"","_et_gb_content_width":"","footnotes":""},"categories":[12],"tags":[264,263,171,411],"class_list":["post-19415","post","type-post","status-publish","format-standard","has-post-thumbnail","hentry","category-valencia","tag-campamento-urbano","tag-final-de-curso","tag-proyecto-trastevere","tag-valencia"],"yoast_head":"<!-- This site is optimized with the Yoast SEO plugin v27.4 - https:\/\/yoast.com\/product\/yoast-seo-wordpress\/ -->\n<title>\u00a1GRAN FIESTA FINAL EN EL TRAST\u00c9VERE DE VALENCIA! - Itaka-Escolapios<\/title>\n<meta name=\"robots\" content=\"index, follow, max-snippet:-1, max-image-preview:large, max-video-preview:-1\" \/>\n<link rel=\"canonical\" href=\"https:\/\/www.itakaescolapios.org\/es\/2017\/06\/gran-fiesta-final-en-el-trastevere-de-valencia\/\" \/>\n<meta property=\"og:locale\" content=\"es_ES\" \/>\n<meta property=\"og:type\" content=\"article\" \/>\n<meta property=\"og:title\" content=\"\u00a1GRAN FIESTA FINAL EN EL TRAST\u00c9VERE DE VALENCIA! - Itaka-Escolapios\" \/>\n<meta property=\"og:description\" content=\"\u00a1Hemos finalizado el curso del proyecto Trast\u00e9vere con una gran fiesta! Tanto en el colegio de Escuelas P\u00edas Malvarrosa como en el Real Colegio de las Escuelas P\u00edas, ni\u00f1os, ni\u00f1as, [&hellip;]\" \/>\n<meta property=\"og:url\" content=\"https:\/\/www.itakaescolapios.org\/es\/2017\/06\/gran-fiesta-final-en-el-trastevere-de-valencia\/\" \/>\n<meta property=\"og:site_name\" content=\"Itaka-Escolapios\" \/>\n<meta property=\"article:published_time\" content=\"2017-06-12T10:59:50+00:00\" \/>\n<meta property=\"article:modified_time\" content=\"2023-11-28T11:38:01+00:00\" \/>\n<meta property=\"og:image\" content=\"https:\/\/www.itakaescolapios.org\/wp-content\/uploads\/2017\/06\/20170529_173630.jpg\" \/>\n\t<meta property=\"og:image:width\" content=\"2000\" \/>\n\t<meta property=\"og:image:height\" content=\"1125\" \/>\n\t<meta property=\"og:image:type\" content=\"image\/jpeg\" \/>\n<meta name=\"author\" content=\"valencia01\" \/>\n<meta name=\"twitter:card\" content=\"summary_large_image\" \/>\n<meta name=\"twitter:label1\" content=\"Escrito por\" \/>\n\t<meta name=\"twitter:data1\" content=\"valencia01\" \/>\n\t<meta name=\"twitter:label2\" content=\"Tiempo de lectura\" \/>\n\t<meta name=\"twitter:data2\" content=\"1 minuto\" \/>\n<script type=\"application\/ld+json\" class=\"yoast-schema-graph\">{\"@context\":\"https:\\\/\\\/schema.org\",\"@graph\":[{\"@type\":\"Article\",\"@id\":\"https:\\\/\\\/www.itakaescolapios.org\\\/es\\\/2017\\\/06\\\/gran-fiesta-final-en-el-trastevere-de-valencia\\\/#article\",\"isPartOf\":{\"@id\":\"https:\\\/\\\/www.itakaescolapios.org\\\/es\\\/2017\\\/06\\\/gran-fiesta-final-en-el-trastevere-de-valencia\\\/\"},\"author\":{\"name\":\"valencia01\",\"@id\":\"https:\\\/\\\/www.itakaescolapios.org\\\/es\\\/#\\\/schema\\\/person\\\/c232ccaa2b3f2e98db93c1f8dfca96ff\"},\"headline\":\"\u00a1GRAN FIESTA FINAL EN EL TRAST\u00c9VERE DE VALENCIA!\",\"datePublished\":\"2017-06-12T10:59:50+00:00\",\"dateModified\":\"2023-11-28T11:38:01+00:00\",\"mainEntityOfPage\":{\"@id\":\"https:\\\/\\\/www.itakaescolapios.org\\\/es\\\/2017\\\/06\\\/gran-fiesta-final-en-el-trastevere-de-valencia\\\/\"},\"wordCount\":137,\"publisher\":{\"@id\":\"https:\\\/\\\/www.itakaescolapios.org\\\/es\\\/#organization\"},\"image\":{\"@id\":\"https:\\\/\\\/www.itakaescolapios.org\\\/es\\\/2017\\\/06\\\/gran-fiesta-final-en-el-trastevere-de-valencia\\\/#primaryimage\"},\"thumbnailUrl\":\"https:\\\/\\\/www.itakaescolapios.org\\\/wp-content\\\/uploads\\\/2017\\\/06\\\/20170529_173630.jpg\",\"keywords\":[\"campamento urbano\",\"final de curso\",\"Proyecto Trast\u00e9vere\",\"Valencia\"],\"articleSection\":[\"Valencia\"],\"inLanguage\":\"es\"},{\"@type\":\"WebPage\",\"@id\":\"https:\\\/\\\/www.itakaescolapios.org\\\/es\\\/2017\\\/06\\\/gran-fiesta-final-en-el-trastevere-de-valencia\\\/\",\"url\":\"https:\\\/\\\/www.itakaescolapios.org\\\/es\\\/2017\\\/06\\\/gran-fiesta-final-en-el-trastevere-de-valencia\\\/\",\"name\":\"\u00a1GRAN FIESTA FINAL EN EL TRAST\u00c9VERE DE VALENCIA! - Itaka-Escolapios\",\"isPartOf\":{\"@id\":\"https:\\\/\\\/www.itakaescolapios.org\\\/es\\\/#website\"},\"primaryImageOfPage\":{\"@id\":\"https:\\\/\\\/www.itakaescolapios.org\\\/es\\\/2017\\\/06\\\/gran-fiesta-final-en-el-trastevere-de-valencia\\\/#primaryimage\"},\"image\":{\"@id\":\"https:\\\/\\\/www.itakaescolapios.org\\\/es\\\/2017\\\/06\\\/gran-fiesta-final-en-el-trastevere-de-valencia\\\/#primaryimage\"},\"thumbnailUrl\":\"https:\\\/\\\/www.itakaescolapios.org\\\/wp-content\\\/uploads\\\/2017\\\/06\\\/20170529_173630.jpg\",\"datePublished\":\"2017-06-12T10:59:50+00:00\",\"dateModified\":\"2023-11-28T11:38:01+00:00\",\"breadcrumb\":{\"@id\":\"https:\\\/\\\/www.itakaescolapios.org\\\/es\\\/2017\\\/06\\\/gran-fiesta-final-en-el-trastevere-de-valencia\\\/#breadcrumb\"},\"inLanguage\":\"es\",\"potentialAction\":[{\"@type\":\"ReadAction\",\"target\":[\"https:\\\/\\\/www.itakaescolapios.org\\\/es\\\/2017\\\/06\\\/gran-fiesta-final-en-el-trastevere-de-valencia\\\/\"]}]},{\"@type\":\"ImageObject\",\"inLanguage\":\"es\",\"@id\":\"https:\\\/\\\/www.itakaescolapios.org\\\/es\\\/2017\\\/06\\\/gran-fiesta-final-en-el-trastevere-de-valencia\\\/#primaryimage\",\"url\":\"https:\\\/\\\/www.itakaescolapios.org\\\/wp-content\\\/uploads\\\/2017\\\/06\\\/20170529_173630.jpg\",\"contentUrl\":\"https:\\\/\\\/www.itakaescolapios.org\\\/wp-content\\\/uploads\\\/2017\\\/06\\\/20170529_173630.jpg\",\"width\":2000,\"height\":1125},{\"@type\":\"BreadcrumbList\",\"@id\":\"https:\\\/\\\/www.itakaescolapios.org\\\/es\\\/2017\\\/06\\\/gran-fiesta-final-en-el-trastevere-de-valencia\\\/#breadcrumb\",\"itemListElement\":[{\"@type\":\"ListItem\",\"position\":1,\"name\":\"Portada\",\"item\":\"https:\\\/\\\/www.itakaescolapios.org\\\/es\\\/\"},{\"@type\":\"ListItem\",\"position\":2,\"name\":\"\u00a1GRAN FIESTA FINAL EN EL TRAST\u00c9VERE DE VALENCIA!\"}]},{\"@type\":\"WebSite\",\"@id\":\"https:\\\/\\\/www.itakaescolapios.org\\\/es\\\/#website\",\"url\":\"https:\\\/\\\/www.itakaescolapios.org\\\/es\\\/\",\"name\":\"Itaka-Escolapios\",\"description\":\"Red de Itaka-Escolapios\",\"publisher\":{\"@id\":\"https:\\\/\\\/www.itakaescolapios.org\\\/es\\\/#organization\"},\"potentialAction\":[{\"@type\":\"SearchAction\",\"target\":{\"@type\":\"EntryPoint\",\"urlTemplate\":\"https:\\\/\\\/www.itakaescolapios.org\\\/es\\\/?s={search_term_string}\"},\"query-input\":{\"@type\":\"PropertyValueSpecification\",\"valueRequired\":true,\"valueName\":\"search_term_string\"}}],\"inLanguage\":\"es\"},{\"@type\":\"Organization\",\"@id\":\"https:\\\/\\\/www.itakaescolapios.org\\\/es\\\/#organization\",\"name\":\"Fundaci\u00f3 Itaka-Escolapios\",\"url\":\"https:\\\/\\\/www.itakaescolapios.org\\\/es\\\/\",\"logo\":{\"@type\":\"ImageObject\",\"inLanguage\":\"es\",\"@id\":\"https:\\\/\\\/www.itakaescolapios.org\\\/es\\\/#\\\/schema\\\/logo\\\/image\\\/\",\"url\":\"https:\\\/\\\/www.itakaescolapios.org\\\/wp-content\\\/uploads\\\/2024\\\/04\\\/Logo-itakaescolapios-peque.png\",\"contentUrl\":\"https:\\\/\\\/www.itakaescolapios.org\\\/wp-content\\\/uploads\\\/2024\\\/04\\\/Logo-itakaescolapios-peque.png\",\"width\":500,\"height\":199,\"caption\":\"Fundaci\u00f3 Itaka-Escolapios\"},\"image\":{\"@id\":\"https:\\\/\\\/www.itakaescolapios.org\\\/es\\\/#\\\/schema\\\/logo\\\/image\\\/\"}},{\"@type\":\"Person\",\"@id\":\"https:\\\/\\\/www.itakaescolapios.org\\\/es\\\/#\\\/schema\\\/person\\\/c232ccaa2b3f2e98db93c1f8dfca96ff\",\"name\":\"valencia01\",\"url\":\"https:\\\/\\\/www.itakaescolapios.org\\\/es\\\/author\\\/valencia01\\\/\"}]}<\/script>\n<!-- \/ Yoast SEO plugin. -->","yoast_head_json":{"title":"\u00a1GRAN FIESTA FINAL EN EL TRAST\u00c9VERE DE VALENCIA! - Itaka-Escolapios","robots":{"index":"index","follow":"follow","max-snippet":"max-snippet:-1","max-image-preview":"max-image-preview:large","max-video-preview":"max-video-preview:-1"},"canonical":"https:\/\/www.itakaescolapios.org\/es\/2017\/06\/gran-fiesta-final-en-el-trastevere-de-valencia\/","og_locale":"es_ES","og_type":"article","og_title":"\u00a1GRAN FIESTA FINAL EN EL TRAST\u00c9VERE DE VALENCIA! - Itaka-Escolapios","og_description":"\u00a1Hemos finalizado el curso del proyecto Trast\u00e9vere con una gran fiesta! Tanto en el colegio de Escuelas P\u00edas Malvarrosa como en el Real Colegio de las Escuelas P\u00edas, ni\u00f1os, ni\u00f1as, [&hellip;]","og_url":"https:\/\/www.itakaescolapios.org\/es\/2017\/06\/gran-fiesta-final-en-el-trastevere-de-valencia\/","og_site_name":"Itaka-Escolapios","article_published_time":"2017-06-12T10:59:50+00:00","article_modified_time":"2023-11-28T11:38:01+00:00","og_image":[{"width":2000,"height":1125,"url":"https:\/\/www.itakaescolapios.org\/wp-content\/uploads\/2017\/06\/20170529_173630.jpg","type":"image\/jpeg"}],"author":"valencia01","twitter_card":"summary_large_image","twitter_misc":{"Escrito por":"valencia01","Tiempo de lectura":"1 minuto"},"schema":{"@context":"https:\/\/schema.org","@graph":[{"@type":"Article","@id":"https:\/\/www.itakaescolapios.org\/es\/2017\/06\/gran-fiesta-final-en-el-trastevere-de-valencia\/#article","isPartOf":{"@id":"https:\/\/www.itakaescolapios.org\/es\/2017\/06\/gran-fiesta-final-en-el-trastevere-de-valencia\/"},"author":{"name":"valencia01","@id":"https:\/\/www.itakaescolapios.org\/es\/#\/schema\/person\/c232ccaa2b3f2e98db93c1f8dfca96ff"},"headline":"\u00a1GRAN FIESTA FINAL EN EL TRAST\u00c9VERE DE VALENCIA!","datePublished":"2017-06-12T10:59:50+00:00","dateModified":"2023-11-28T11:38:01+00:00","mainEntityOfPage":{"@id":"https:\/\/www.itakaescolapios.org\/es\/2017\/06\/gran-fiesta-final-en-el-trastevere-de-valencia\/"},"wordCount":137,"publisher":{"@id":"https:\/\/www.itakaescolapios.org\/es\/#organization"},"image":{"@id":"https:\/\/www.itakaescolapios.org\/es\/2017\/06\/gran-fiesta-final-en-el-trastevere-de-valencia\/#primaryimage"},"thumbnailUrl":"https:\/\/www.itakaescolapios.org\/wp-content\/uploads\/2017\/06\/20170529_173630.jpg","keywords":["campamento urbano","final de curso","Proyecto Trast\u00e9vere","Valencia"],"articleSection":["Valencia"],"inLanguage":"es"},{"@type":"WebPage","@id":"https:\/\/www.itakaescolapios.org\/es\/2017\/06\/gran-fiesta-final-en-el-trastevere-de-valencia\/","url":"https:\/\/www.itakaescolapios.org\/es\/2017\/06\/gran-fiesta-final-en-el-trastevere-de-valencia\/","name":"\u00a1GRAN FIESTA FINAL EN EL TRAST\u00c9VERE DE VALENCIA! - Itaka-Escolapios","isPartOf":{"@id":"https:\/\/www.itakaescolapios.org\/es\/#website"},"primaryImageOfPage":{"@id":"https:\/\/www.itakaescolapios.org\/es\/2017\/06\/gran-fiesta-final-en-el-trastevere-de-valencia\/#primaryimage"},"image":{"@id":"https:\/\/www.itakaescolapios.org\/es\/2017\/06\/gran-fiesta-final-en-el-trastevere-de-valencia\/#primaryimage"},"thumbnailUrl":"https:\/\/www.itakaescolapios.org\/wp-content\/uploads\/2017\/06\/20170529_173630.jpg","datePublished":"2017-06-12T10:59:50+00:00","dateModified":"2023-11-28T11:38:01+00:00","breadcrumb":{"@id":"https:\/\/www.itakaescolapios.org\/es\/2017\/06\/gran-fiesta-final-en-el-trastevere-de-valencia\/#breadcrumb"},"inLanguage":"es","potentialAction":[{"@type":"ReadAction","target":["https:\/\/www.itakaescolapios.org\/es\/2017\/06\/gran-fiesta-final-en-el-trastevere-de-valencia\/"]}]},{"@type":"ImageObject","inLanguage":"es","@id":"https:\/\/www.itakaescolapios.org\/es\/2017\/06\/gran-fiesta-final-en-el-trastevere-de-valencia\/#primaryimage","url":"https:\/\/www.itakaescolapios.org\/wp-content\/uploads\/2017\/06\/20170529_173630.jpg","contentUrl":"https:\/\/www.itakaescolapios.org\/wp-content\/uploads\/2017\/06\/20170529_173630.jpg","width":2000,"height":1125},{"@type":"BreadcrumbList","@id":"https:\/\/www.itakaescolapios.org\/es\/2017\/06\/gran-fiesta-final-en-el-trastevere-de-valencia\/#breadcrumb","itemListElement":[{"@type":"ListItem","position":1,"name":"Portada","item":"https:\/\/www.itakaescolapios.org\/es\/"},{"@type":"ListItem","position":2,"name":"\u00a1GRAN FIESTA FINAL EN EL TRAST\u00c9VERE DE VALENCIA!"}]},{"@type":"WebSite","@id":"https:\/\/www.itakaescolapios.org\/es\/#website","url":"https:\/\/www.itakaescolapios.org\/es\/","name":"Itaka-Escolapios","description":"Red de Itaka-Escolapios","publisher":{"@id":"https:\/\/www.itakaescolapios.org\/es\/#organization"},"potentialAction":[{"@type":"SearchAction","target":{"@type":"EntryPoint","urlTemplate":"https:\/\/www.itakaescolapios.org\/es\/?s={search_term_string}"},"query-input":{"@type":"PropertyValueSpecification","valueRequired":true,"valueName":"search_term_string"}}],"inLanguage":"es"},{"@type":"Organization","@id":"https:\/\/www.itakaescolapios.org\/es\/#organization","name":"Fundaci\u00f3 Itaka-Escolapios","url":"https:\/\/www.itakaescolapios.org\/es\/","logo":{"@type":"ImageObject","inLanguage":"es","@id":"https:\/\/www.itakaescolapios.org\/es\/#\/schema\/logo\/image\/","url":"https:\/\/www.itakaescolapios.org\/wp-content\/uploads\/2024\/04\/Logo-itakaescolapios-peque.png","contentUrl":"https:\/\/www.itakaescolapios.org\/wp-content\/uploads\/2024\/04\/Logo-itakaescolapios-peque.png","width":500,"height":199,"caption":"Fundaci\u00f3 Itaka-Escolapios"},"image":{"@id":"https:\/\/www.itakaescolapios.org\/es\/#\/schema\/logo\/image\/"}},{"@type":"Person","@id":"https:\/\/www.itakaescolapios.org\/es\/#\/schema\/person\/c232ccaa2b3f2e98db93c1f8dfca96ff","name":"valencia01","url":"https:\/\/www.itakaescolapios.org\/es\/author\/valencia01\/"}]}},"_links":{"self":[{"href":"https:\/\/www.itakaescolapios.org\/es\/wp-json\/wp\/v2\/posts\/19415","targetHints":{"allow":["GET"]}}],"collection":[{"href":"https:\/\/www.itakaescolapios.org\/es\/wp-json\/wp\/v2\/posts"}],"about":[{"href":"https:\/\/www.itakaescolapios.org\/es\/wp-json\/wp\/v2\/types\/post"}],"author":[{"embeddable":true,"href":"https:\/\/www.itakaescolapios.org\/es\/wp-json\/wp\/v2\/users\/39"}],"replies":[{"embeddable":true,"href":"https:\/\/www.itakaescolapios.org\/es\/wp-json\/wp\/v2\/comments?post=19415"}],"version-history":[{"count":3,"href":"https:\/\/www.itakaescolapios.org\/es\/wp-json\/wp\/v2\/posts\/19415\/revisions"}],"predecessor-version":[{"id":47646,"href":"https:\/\/www.itakaescolapios.org\/es\/wp-json\/wp\/v2\/posts\/19415\/revisions\/47646"}],"wp:featuredmedia":[{"embeddable":true,"href":"https:\/\/www.itakaescolapios.org\/es\/wp-json\/wp\/v2\/media\/19422"}],"wp:attachment":[{"href":"https:\/\/www.itakaescolapios.org\/es\/wp-json\/wp\/v2\/media?parent=19415"}],"wp:term":[{"taxonomy":"category","embeddable":true,"href":"https:\/\/www.itakaescolapios.org\/es\/wp-json\/wp\/v2\/categories?post=19415"},{"taxonomy":"post_tag","embeddable":true,"href":"https:\/\/www.itakaescolapios.org\/es\/wp-json\/wp\/v2\/tags?post=19415"}],"curies":[{"name":"wp","href":"https:\/\/api.w.org\/{rel}","templated":true}]}}