{"id":19479,"date":"2017-06-22T19:52:34","date_gmt":"2017-06-22T18:52:34","guid":{"rendered":"https:\/\/www.itakaescolapios.org\/?p=19479"},"modified":"2023-11-28T12:38:00","modified_gmt":"2023-11-28T11:38:00","slug":"portugues-acreditar-que-o-nosso-sonho-poder-se-realizar","status":"publish","type":"post","link":"https:\/\/www.itakaescolapios.org\/es\/2017\/06\/portugues-acreditar-que-o-nosso-sonho-poder-se-realizar\/","title":{"rendered":""},"content":{"rendered":"<p><!--:pt--><\/p>\n<p style=\"text-align: justify\">Na tarde do dia 20 de Junho de 2017, os adolescentes do projeto Jornada Ampliada receberam a visita da atleta de futsal do Filad\u00e9lfia, Carolina Martins Gomes, de 17 anos, que pratica o esporte desde os seus 06 anos de idade, sendo neste per\u00edodo tricampe\u00e3 mineira nas categorias sub 15 e 17, v\u00e1rias vezes artilheira das competi\u00e7\u00f5es e campe\u00e3 mundial escolar sub 18 em Porec na Cro\u00e1cia no ano de 2016<br \/>\nCarolina foi convidada para participar de uma roda de conversa com os adolescentes intitulada \u201cSonhar \u00e9 mostrar do que voc\u00ea \u00e9 capaz&#8230; E dizer ao mundo que voc\u00ea vai al\u00e9m&#8230;\u201d. Uma proposta educativa de atrav\u00e9s de exemplos de outros adolescentes e jovens, incentiv\u00e1-los a acreditar nos seus \u201csonhos\u201d e dar import\u00e2ncia \u00e0 educa\u00e7\u00e3o.<br \/>\nNa oportunidade, al\u00e9m de falar aos adolescentes da sua trajet\u00f3ria de vida, de como acredita e luta para realizar seu \u201csonho\u201d de ser jogadora de futsal, refor\u00e7ou que as medalhas, os pr\u00eamios, trof\u00e9us e as vit\u00f3rias s\u00f3 foram conquistados com muito esfor\u00e7o e dedica\u00e7\u00e3o aos estudos, pois uma das condi\u00e7\u00f5es impostas pelos pais e treinadores \u00e9 que os estudos estivessem em primeiro lugar. Destacou tamb\u00e9m que seu plano \u00e9 ir para fora do pa\u00eds estudar e jogar futsal e para tanto est\u00e1 fazendo um curso de ingl\u00eas.<br \/>\nAp\u00f3s a roda de conversa foram para a quadra onde brincaram juntos, meninos e meninas, de um jogo de futsal.<br \/>\nOs adolescentes expressaram o que aprenderam com ela nestas frases que destacamos:<br \/>\n\u201cAprendi que quando voc\u00ea quer realizar o seu sonho, nada \u00e9 imposs\u00edvel, basta voc\u00ea querer e acreditar\u201d (Jaqueline Meireles)<br \/>\n\u201cN\u00e3o basta simplesmente sonhar, \u00e9 preciso se esfor\u00e7ar para esse sonho se realizar\u201d (Geraldo Andrade)<br \/>\n\u201cQuando se quiser conquistar alguma coisa, basta lutar para conseguir\u201d (Victor Vit\u00f3rio)<br \/>\n\u201cAprendi que o nosso sonho se realiza com o nosso esfor\u00e7o e nosso querer\u201d (Keven Alexandre)<br \/>\n\u201cNunca devemos deistir dos nossos sonhos. Se desistir nunca ir\u00e1 conseguir vencer\u201d (Natasha Vieira)<br \/>\n\u201cAcreditar que o nosso sonho, poder se realizar\u201d (Kaio Campos)<\/p>\n<p><!--:--><\/p>\n","protected":false},"excerpt":{"rendered":"<p>Na tarde do dia 20 de Junho de 2017, os adolescentes do projeto Jornada Ampliada receberam a visita da atleta de futsal do Filad\u00e9lfia, Carolina Martins Gomes, de 17 anos, [&hellip;]<\/p>\n","protected":false},"author":11,"featured_media":19480,"comment_status":"closed","ping_status":"closed","sticky":false,"template":"","format":"standard","meta":{"_et_pb_use_builder":"","_et_pb_old_content":"","_et_gb_content_width":"","footnotes":""},"categories":[16],"tags":[],"class_list":["post-19479","post","type-post","status-publish","format-standard","has-post-thumbnail","hentry","category-governador-valadares"],"yoast_head":"<!-- This site is optimized with the Yoast SEO plugin v27.4 - https:\/\/yoast.com\/product\/yoast-seo-wordpress\/ -->\n<title>- Itaka-Escolapios<\/title>\n<meta name=\"robots\" content=\"index, follow, max-snippet:-1, max-image-preview:large, max-video-preview:-1\" \/>\n<link rel=\"canonical\" href=\"https:\/\/www.itakaescolapios.org\/es\/2017\/06\/portugues-acreditar-que-o-nosso-sonho-poder-se-realizar\/\" \/>\n<meta property=\"og:locale\" content=\"es_ES\" \/>\n<meta property=\"og:type\" content=\"article\" \/>\n<meta property=\"og:title\" content=\"- Itaka-Escolapios\" \/>\n<meta property=\"og:description\" content=\"Na tarde do dia 20 de Junho de 2017, os adolescentes do projeto Jornada Ampliada receberam a visita da atleta de futsal do Filad\u00e9lfia, Carolina Martins Gomes, de 17 anos, [&hellip;]\" \/>\n<meta property=\"og:url\" content=\"https:\/\/www.itakaescolapios.org\/es\/2017\/06\/portugues-acreditar-que-o-nosso-sonho-poder-se-realizar\/\" \/>\n<meta property=\"og:site_name\" content=\"Itaka-Escolapios\" \/>\n<meta property=\"article:published_time\" content=\"2017-06-22T18:52:34+00:00\" \/>\n<meta property=\"article:modified_time\" content=\"2023-11-28T11:38:00+00:00\" \/>\n<meta property=\"og:image\" content=\"https:\/\/www.itakaescolapios.org\/wp-content\/uploads\/2017\/06\/IMG_8783.jpg\" \/>\n\t<meta property=\"og:image:width\" content=\"2000\" \/>\n\t<meta property=\"og:image:height\" content=\"1500\" \/>\n\t<meta property=\"og:image:type\" content=\"image\/jpeg\" \/>\n<meta name=\"author\" content=\"brasil03\" \/>\n<meta name=\"twitter:card\" content=\"summary_large_image\" \/>\n<meta name=\"twitter:label1\" content=\"Escrito por\" \/>\n\t<meta name=\"twitter:data1\" content=\"brasil03\" \/>\n\t<meta name=\"twitter:label2\" content=\"Tiempo de lectura\" \/>\n\t<meta name=\"twitter:data2\" content=\"2 minutos\" \/>\n<script type=\"application\/ld+json\" class=\"yoast-schema-graph\">{\"@context\":\"https:\\\/\\\/schema.org\",\"@graph\":[{\"@type\":\"Article\",\"@id\":\"https:\\\/\\\/www.itakaescolapios.org\\\/es\\\/2017\\\/06\\\/portugues-acreditar-que-o-nosso-sonho-poder-se-realizar\\\/#article\",\"isPartOf\":{\"@id\":\"https:\\\/\\\/www.itakaescolapios.org\\\/es\\\/2017\\\/06\\\/portugues-acreditar-que-o-nosso-sonho-poder-se-realizar\\\/\"},\"author\":{\"name\":\"brasil03\",\"@id\":\"https:\\\/\\\/www.itakaescolapios.org\\\/es\\\/#\\\/schema\\\/person\\\/9c761c62049293fc36e6c91e429de3d5\"},\"headline\":\"Sin t\u00edtulo\",\"datePublished\":\"2017-06-22T18:52:34+00:00\",\"dateModified\":\"2023-11-28T11:38:00+00:00\",\"mainEntityOfPage\":{\"@id\":\"https:\\\/\\\/www.itakaescolapios.org\\\/es\\\/2017\\\/06\\\/portugues-acreditar-que-o-nosso-sonho-poder-se-realizar\\\/\"},\"wordCount\":342,\"publisher\":{\"@id\":\"https:\\\/\\\/www.itakaescolapios.org\\\/es\\\/#organization\"},\"image\":{\"@id\":\"https:\\\/\\\/www.itakaescolapios.org\\\/es\\\/2017\\\/06\\\/portugues-acreditar-que-o-nosso-sonho-poder-se-realizar\\\/#primaryimage\"},\"thumbnailUrl\":\"https:\\\/\\\/www.itakaescolapios.org\\\/wp-content\\\/uploads\\\/2017\\\/06\\\/IMG_8783.jpg\",\"articleSection\":[\"Governador Valadares\"],\"inLanguage\":\"es\"},{\"@type\":\"WebPage\",\"@id\":\"https:\\\/\\\/www.itakaescolapios.org\\\/es\\\/2017\\\/06\\\/portugues-acreditar-que-o-nosso-sonho-poder-se-realizar\\\/\",\"url\":\"https:\\\/\\\/www.itakaescolapios.org\\\/es\\\/2017\\\/06\\\/portugues-acreditar-que-o-nosso-sonho-poder-se-realizar\\\/\",\"name\":\"- Itaka-Escolapios\",\"isPartOf\":{\"@id\":\"https:\\\/\\\/www.itakaescolapios.org\\\/es\\\/#website\"},\"primaryImageOfPage\":{\"@id\":\"https:\\\/\\\/www.itakaescolapios.org\\\/es\\\/2017\\\/06\\\/portugues-acreditar-que-o-nosso-sonho-poder-se-realizar\\\/#primaryimage\"},\"image\":{\"@id\":\"https:\\\/\\\/www.itakaescolapios.org\\\/es\\\/2017\\\/06\\\/portugues-acreditar-que-o-nosso-sonho-poder-se-realizar\\\/#primaryimage\"},\"thumbnailUrl\":\"https:\\\/\\\/www.itakaescolapios.org\\\/wp-content\\\/uploads\\\/2017\\\/06\\\/IMG_8783.jpg\",\"datePublished\":\"2017-06-22T18:52:34+00:00\",\"dateModified\":\"2023-11-28T11:38:00+00:00\",\"inLanguage\":\"es\",\"potentialAction\":[{\"@type\":\"ReadAction\",\"target\":[\"https:\\\/\\\/www.itakaescolapios.org\\\/es\\\/2017\\\/06\\\/portugues-acreditar-que-o-nosso-sonho-poder-se-realizar\\\/\"]}]},{\"@type\":\"ImageObject\",\"inLanguage\":\"es\",\"@id\":\"https:\\\/\\\/www.itakaescolapios.org\\\/es\\\/2017\\\/06\\\/portugues-acreditar-que-o-nosso-sonho-poder-se-realizar\\\/#primaryimage\",\"url\":\"https:\\\/\\\/www.itakaescolapios.org\\\/wp-content\\\/uploads\\\/2017\\\/06\\\/IMG_8783.jpg\",\"contentUrl\":\"https:\\\/\\\/www.itakaescolapios.org\\\/wp-content\\\/uploads\\\/2017\\\/06\\\/IMG_8783.jpg\",\"width\":2000,\"height\":1500},{\"@type\":\"WebSite\",\"@id\":\"https:\\\/\\\/www.itakaescolapios.org\\\/es\\\/#website\",\"url\":\"https:\\\/\\\/www.itakaescolapios.org\\\/es\\\/\",\"name\":\"Itaka-Escolapios\",\"description\":\"Red de Itaka-Escolapios\",\"publisher\":{\"@id\":\"https:\\\/\\\/www.itakaescolapios.org\\\/es\\\/#organization\"},\"potentialAction\":[{\"@type\":\"SearchAction\",\"target\":{\"@type\":\"EntryPoint\",\"urlTemplate\":\"https:\\\/\\\/www.itakaescolapios.org\\\/es\\\/?s={search_term_string}\"},\"query-input\":{\"@type\":\"PropertyValueSpecification\",\"valueRequired\":true,\"valueName\":\"search_term_string\"}}],\"inLanguage\":\"es\"},{\"@type\":\"Organization\",\"@id\":\"https:\\\/\\\/www.itakaescolapios.org\\\/es\\\/#organization\",\"name\":\"Fundaci\u00f3 Itaka-Escolapios\",\"url\":\"https:\\\/\\\/www.itakaescolapios.org\\\/es\\\/\",\"logo\":{\"@type\":\"ImageObject\",\"inLanguage\":\"es\",\"@id\":\"https:\\\/\\\/www.itakaescolapios.org\\\/es\\\/#\\\/schema\\\/logo\\\/image\\\/\",\"url\":\"https:\\\/\\\/www.itakaescolapios.org\\\/wp-content\\\/uploads\\\/2024\\\/04\\\/Logo-itakaescolapios-peque.png\",\"contentUrl\":\"https:\\\/\\\/www.itakaescolapios.org\\\/wp-content\\\/uploads\\\/2024\\\/04\\\/Logo-itakaescolapios-peque.png\",\"width\":500,\"height\":199,\"caption\":\"Fundaci\u00f3 Itaka-Escolapios\"},\"image\":{\"@id\":\"https:\\\/\\\/www.itakaescolapios.org\\\/es\\\/#\\\/schema\\\/logo\\\/image\\\/\"}},{\"@type\":\"Person\",\"@id\":\"https:\\\/\\\/www.itakaescolapios.org\\\/es\\\/#\\\/schema\\\/person\\\/9c761c62049293fc36e6c91e429de3d5\",\"name\":\"brasil03\",\"url\":\"https:\\\/\\\/www.itakaescolapios.org\\\/es\\\/author\\\/brasil03\\\/\"}]}<\/script>\n<!-- \/ Yoast SEO plugin. -->","yoast_head_json":{"title":"- Itaka-Escolapios","robots":{"index":"index","follow":"follow","max-snippet":"max-snippet:-1","max-image-preview":"max-image-preview:large","max-video-preview":"max-video-preview:-1"},"canonical":"https:\/\/www.itakaescolapios.org\/es\/2017\/06\/portugues-acreditar-que-o-nosso-sonho-poder-se-realizar\/","og_locale":"es_ES","og_type":"article","og_title":"- Itaka-Escolapios","og_description":"Na tarde do dia 20 de Junho de 2017, os adolescentes do projeto Jornada Ampliada receberam a visita da atleta de futsal do Filad\u00e9lfia, Carolina Martins Gomes, de 17 anos, [&hellip;]","og_url":"https:\/\/www.itakaescolapios.org\/es\/2017\/06\/portugues-acreditar-que-o-nosso-sonho-poder-se-realizar\/","og_site_name":"Itaka-Escolapios","article_published_time":"2017-06-22T18:52:34+00:00","article_modified_time":"2023-11-28T11:38:00+00:00","og_image":[{"width":2000,"height":1500,"url":"https:\/\/www.itakaescolapios.org\/wp-content\/uploads\/2017\/06\/IMG_8783.jpg","type":"image\/jpeg"}],"author":"brasil03","twitter_card":"summary_large_image","twitter_misc":{"Escrito por":"brasil03","Tiempo de lectura":"2 minutos"},"schema":{"@context":"https:\/\/schema.org","@graph":[{"@type":"Article","@id":"https:\/\/www.itakaescolapios.org\/es\/2017\/06\/portugues-acreditar-que-o-nosso-sonho-poder-se-realizar\/#article","isPartOf":{"@id":"https:\/\/www.itakaescolapios.org\/es\/2017\/06\/portugues-acreditar-que-o-nosso-sonho-poder-se-realizar\/"},"author":{"name":"brasil03","@id":"https:\/\/www.itakaescolapios.org\/es\/#\/schema\/person\/9c761c62049293fc36e6c91e429de3d5"},"headline":"Sin t\u00edtulo","datePublished":"2017-06-22T18:52:34+00:00","dateModified":"2023-11-28T11:38:00+00:00","mainEntityOfPage":{"@id":"https:\/\/www.itakaescolapios.org\/es\/2017\/06\/portugues-acreditar-que-o-nosso-sonho-poder-se-realizar\/"},"wordCount":342,"publisher":{"@id":"https:\/\/www.itakaescolapios.org\/es\/#organization"},"image":{"@id":"https:\/\/www.itakaescolapios.org\/es\/2017\/06\/portugues-acreditar-que-o-nosso-sonho-poder-se-realizar\/#primaryimage"},"thumbnailUrl":"https:\/\/www.itakaescolapios.org\/wp-content\/uploads\/2017\/06\/IMG_8783.jpg","articleSection":["Governador Valadares"],"inLanguage":"es"},{"@type":"WebPage","@id":"https:\/\/www.itakaescolapios.org\/es\/2017\/06\/portugues-acreditar-que-o-nosso-sonho-poder-se-realizar\/","url":"https:\/\/www.itakaescolapios.org\/es\/2017\/06\/portugues-acreditar-que-o-nosso-sonho-poder-se-realizar\/","name":"- Itaka-Escolapios","isPartOf":{"@id":"https:\/\/www.itakaescolapios.org\/es\/#website"},"primaryImageOfPage":{"@id":"https:\/\/www.itakaescolapios.org\/es\/2017\/06\/portugues-acreditar-que-o-nosso-sonho-poder-se-realizar\/#primaryimage"},"image":{"@id":"https:\/\/www.itakaescolapios.org\/es\/2017\/06\/portugues-acreditar-que-o-nosso-sonho-poder-se-realizar\/#primaryimage"},"thumbnailUrl":"https:\/\/www.itakaescolapios.org\/wp-content\/uploads\/2017\/06\/IMG_8783.jpg","datePublished":"2017-06-22T18:52:34+00:00","dateModified":"2023-11-28T11:38:00+00:00","inLanguage":"es","potentialAction":[{"@type":"ReadAction","target":["https:\/\/www.itakaescolapios.org\/es\/2017\/06\/portugues-acreditar-que-o-nosso-sonho-poder-se-realizar\/"]}]},{"@type":"ImageObject","inLanguage":"es","@id":"https:\/\/www.itakaescolapios.org\/es\/2017\/06\/portugues-acreditar-que-o-nosso-sonho-poder-se-realizar\/#primaryimage","url":"https:\/\/www.itakaescolapios.org\/wp-content\/uploads\/2017\/06\/IMG_8783.jpg","contentUrl":"https:\/\/www.itakaescolapios.org\/wp-content\/uploads\/2017\/06\/IMG_8783.jpg","width":2000,"height":1500},{"@type":"WebSite","@id":"https:\/\/www.itakaescolapios.org\/es\/#website","url":"https:\/\/www.itakaescolapios.org\/es\/","name":"Itaka-Escolapios","description":"Red de Itaka-Escolapios","publisher":{"@id":"https:\/\/www.itakaescolapios.org\/es\/#organization"},"potentialAction":[{"@type":"SearchAction","target":{"@type":"EntryPoint","urlTemplate":"https:\/\/www.itakaescolapios.org\/es\/?s={search_term_string}"},"query-input":{"@type":"PropertyValueSpecification","valueRequired":true,"valueName":"search_term_string"}}],"inLanguage":"es"},{"@type":"Organization","@id":"https:\/\/www.itakaescolapios.org\/es\/#organization","name":"Fundaci\u00f3 Itaka-Escolapios","url":"https:\/\/www.itakaescolapios.org\/es\/","logo":{"@type":"ImageObject","inLanguage":"es","@id":"https:\/\/www.itakaescolapios.org\/es\/#\/schema\/logo\/image\/","url":"https:\/\/www.itakaescolapios.org\/wp-content\/uploads\/2024\/04\/Logo-itakaescolapios-peque.png","contentUrl":"https:\/\/www.itakaescolapios.org\/wp-content\/uploads\/2024\/04\/Logo-itakaescolapios-peque.png","width":500,"height":199,"caption":"Fundaci\u00f3 Itaka-Escolapios"},"image":{"@id":"https:\/\/www.itakaescolapios.org\/es\/#\/schema\/logo\/image\/"}},{"@type":"Person","@id":"https:\/\/www.itakaescolapios.org\/es\/#\/schema\/person\/9c761c62049293fc36e6c91e429de3d5","name":"brasil03","url":"https:\/\/www.itakaescolapios.org\/es\/author\/brasil03\/"}]}},"_links":{"self":[{"href":"https:\/\/www.itakaescolapios.org\/es\/wp-json\/wp\/v2\/posts\/19479","targetHints":{"allow":["GET"]}}],"collection":[{"href":"https:\/\/www.itakaescolapios.org\/es\/wp-json\/wp\/v2\/posts"}],"about":[{"href":"https:\/\/www.itakaescolapios.org\/es\/wp-json\/wp\/v2\/types\/post"}],"author":[{"embeddable":true,"href":"https:\/\/www.itakaescolapios.org\/es\/wp-json\/wp\/v2\/users\/11"}],"replies":[{"embeddable":true,"href":"https:\/\/www.itakaescolapios.org\/es\/wp-json\/wp\/v2\/comments?post=19479"}],"version-history":[{"count":4,"href":"https:\/\/www.itakaescolapios.org\/es\/wp-json\/wp\/v2\/posts\/19479\/revisions"}],"predecessor-version":[{"id":47631,"href":"https:\/\/www.itakaescolapios.org\/es\/wp-json\/wp\/v2\/posts\/19479\/revisions\/47631"}],"wp:featuredmedia":[{"embeddable":true,"href":"https:\/\/www.itakaescolapios.org\/es\/wp-json\/wp\/v2\/media\/19480"}],"wp:attachment":[{"href":"https:\/\/www.itakaescolapios.org\/es\/wp-json\/wp\/v2\/media?parent=19479"}],"wp:term":[{"taxonomy":"category","embeddable":true,"href":"https:\/\/www.itakaescolapios.org\/es\/wp-json\/wp\/v2\/categories?post=19479"},{"taxonomy":"post_tag","embeddable":true,"href":"https:\/\/www.itakaescolapios.org\/es\/wp-json\/wp\/v2\/tags?post=19479"}],"curies":[{"name":"wp","href":"https:\/\/api.w.org\/{rel}","templated":true}]}}