{"id":19707,"date":"2017-07-10T17:45:12","date_gmt":"2017-07-10T16:45:12","guid":{"rendered":"https:\/\/www.itakaescolapios.org\/?p=19707"},"modified":"2023-11-28T12:37:58","modified_gmt":"2023-11-28T11:37:58","slug":"portugues-encerramento-da-atividade-do-futsal-masculino","status":"publish","type":"post","link":"https:\/\/www.itakaescolapios.org\/es\/2017\/07\/portugues-encerramento-da-atividade-do-futsal-masculino\/","title":{"rendered":"CIERRE DE LA ACTIVIDAD FUTSAL MASCULINO"},"content":{"rendered":"<p>Ha acabado en este fin de semana el primer semestre de la actividad futsal masculino del Proyecto de Socializaci\u00f3n de Itaka &#8211; Governador Valadares con partidos mixtos de ni\u00f1os y adolescentes de las categor\u00edasa sub 7, 9, 11, 13 e 15. Este momento reuni\u00f3 a baneficiarios, sus familias, amigos, educadores voluntarios y contratados.<\/p>\n<p>Felicidades a todos, principalmente a los voluntarios por la organizaci\u00f3n y participaci\u00f3n. Fue una ma\u00f1ana de mucha alegr\u00eda y diversi\u00f3n, que construye v\u00ednculos entre todos.<\/p>\n<p>En esta competici\u00f3n no hubo perderdores ni ganadores: \u00a1ganamos todos!<\/p>\n<p>M\u00e1s fotos en<a href=\"https:\/\/www.facebook.com\/itaka.gv\">\u00a0https:\/\/www.facebook.com\/itaka.gv<\/a><\/p>\n","protected":false},"excerpt":{"rendered":"<p>Ha acabado en este fin de semana el primer semestre de la actividad futsal masculino del Proyecto de Socializaci\u00f3n de Itaka &#8211; Governador Valadares con partidos mixtos de ni\u00f1os y [&hellip;]<\/p>\n","protected":false},"author":11,"featured_media":19708,"comment_status":"closed","ping_status":"closed","sticky":false,"template":"","format":"standard","meta":{"_et_pb_use_builder":"","_et_pb_old_content":"","_et_gb_content_width":"","footnotes":""},"categories":[16],"tags":[],"class_list":["post-19707","post","type-post","status-publish","format-standard","has-post-thumbnail","hentry","category-governador-valadares"],"yoast_head":"<!-- This site is optimized with the Yoast SEO plugin v27.4 - https:\/\/yoast.com\/product\/yoast-seo-wordpress\/ -->\n<title>CIERRE DE LA ACTIVIDAD FUTSAL MASCULINO - Itaka-Escolapios<\/title>\n<meta name=\"robots\" content=\"index, follow, max-snippet:-1, max-image-preview:large, max-video-preview:-1\" \/>\n<link rel=\"canonical\" href=\"https:\/\/www.itakaescolapios.org\/es\/2017\/07\/portugues-encerramento-da-atividade-do-futsal-masculino\/\" \/>\n<meta property=\"og:locale\" content=\"es_ES\" \/>\n<meta property=\"og:type\" content=\"article\" \/>\n<meta property=\"og:title\" content=\"CIERRE DE LA ACTIVIDAD FUTSAL MASCULINO - Itaka-Escolapios\" \/>\n<meta property=\"og:description\" content=\"Ha acabado en este fin de semana el primer semestre de la actividad futsal masculino del Proyecto de Socializaci\u00f3n de Itaka &#8211; Governador Valadares con partidos mixtos de ni\u00f1os y [&hellip;]\" \/>\n<meta property=\"og:url\" content=\"https:\/\/www.itakaescolapios.org\/es\/2017\/07\/portugues-encerramento-da-atividade-do-futsal-masculino\/\" \/>\n<meta property=\"og:site_name\" content=\"Itaka-Escolapios\" \/>\n<meta property=\"article:published_time\" content=\"2017-07-10T16:45:12+00:00\" \/>\n<meta property=\"article:modified_time\" content=\"2023-11-28T11:37:58+00:00\" \/>\n<meta property=\"og:image\" content=\"https:\/\/www.itakaescolapios.org\/wp-content\/uploads\/2017\/07\/IMG_9249.jpg\" \/>\n\t<meta property=\"og:image:width\" content=\"2000\" \/>\n\t<meta property=\"og:image:height\" content=\"1335\" \/>\n\t<meta property=\"og:image:type\" content=\"image\/jpeg\" \/>\n<meta name=\"author\" content=\"brasil03\" \/>\n<meta name=\"twitter:card\" content=\"summary_large_image\" \/>\n<meta name=\"twitter:label1\" content=\"Escrito por\" \/>\n\t<meta name=\"twitter:data1\" content=\"brasil03\" \/>\n\t<meta name=\"twitter:label2\" content=\"Tiempo de lectura\" \/>\n\t<meta name=\"twitter:data2\" content=\"1 minuto\" \/>\n<script type=\"application\/ld+json\" class=\"yoast-schema-graph\">{\"@context\":\"https:\\\/\\\/schema.org\",\"@graph\":[{\"@type\":\"Article\",\"@id\":\"https:\\\/\\\/www.itakaescolapios.org\\\/es\\\/2017\\\/07\\\/portugues-encerramento-da-atividade-do-futsal-masculino\\\/#article\",\"isPartOf\":{\"@id\":\"https:\\\/\\\/www.itakaescolapios.org\\\/es\\\/2017\\\/07\\\/portugues-encerramento-da-atividade-do-futsal-masculino\\\/\"},\"author\":{\"name\":\"brasil03\",\"@id\":\"https:\\\/\\\/www.itakaescolapios.org\\\/es\\\/#\\\/schema\\\/person\\\/9c761c62049293fc36e6c91e429de3d5\"},\"headline\":\"CIERRE DE LA ACTIVIDAD FUTSAL MASCULINO\",\"datePublished\":\"2017-07-10T16:45:12+00:00\",\"dateModified\":\"2023-11-28T11:37:58+00:00\",\"mainEntityOfPage\":{\"@id\":\"https:\\\/\\\/www.itakaescolapios.org\\\/es\\\/2017\\\/07\\\/portugues-encerramento-da-atividade-do-futsal-masculino\\\/\"},\"wordCount\":109,\"publisher\":{\"@id\":\"https:\\\/\\\/www.itakaescolapios.org\\\/es\\\/#organization\"},\"image\":{\"@id\":\"https:\\\/\\\/www.itakaescolapios.org\\\/es\\\/2017\\\/07\\\/portugues-encerramento-da-atividade-do-futsal-masculino\\\/#primaryimage\"},\"thumbnailUrl\":\"https:\\\/\\\/www.itakaescolapios.org\\\/wp-content\\\/uploads\\\/2017\\\/07\\\/IMG_9249.jpg\",\"articleSection\":[\"Governador Valadares\"],\"inLanguage\":\"es\"},{\"@type\":\"WebPage\",\"@id\":\"https:\\\/\\\/www.itakaescolapios.org\\\/es\\\/2017\\\/07\\\/portugues-encerramento-da-atividade-do-futsal-masculino\\\/\",\"url\":\"https:\\\/\\\/www.itakaescolapios.org\\\/es\\\/2017\\\/07\\\/portugues-encerramento-da-atividade-do-futsal-masculino\\\/\",\"name\":\"CIERRE DE LA ACTIVIDAD FUTSAL MASCULINO - Itaka-Escolapios\",\"isPartOf\":{\"@id\":\"https:\\\/\\\/www.itakaescolapios.org\\\/es\\\/#website\"},\"primaryImageOfPage\":{\"@id\":\"https:\\\/\\\/www.itakaescolapios.org\\\/es\\\/2017\\\/07\\\/portugues-encerramento-da-atividade-do-futsal-masculino\\\/#primaryimage\"},\"image\":{\"@id\":\"https:\\\/\\\/www.itakaescolapios.org\\\/es\\\/2017\\\/07\\\/portugues-encerramento-da-atividade-do-futsal-masculino\\\/#primaryimage\"},\"thumbnailUrl\":\"https:\\\/\\\/www.itakaescolapios.org\\\/wp-content\\\/uploads\\\/2017\\\/07\\\/IMG_9249.jpg\",\"datePublished\":\"2017-07-10T16:45:12+00:00\",\"dateModified\":\"2023-11-28T11:37:58+00:00\",\"breadcrumb\":{\"@id\":\"https:\\\/\\\/www.itakaescolapios.org\\\/es\\\/2017\\\/07\\\/portugues-encerramento-da-atividade-do-futsal-masculino\\\/#breadcrumb\"},\"inLanguage\":\"es\",\"potentialAction\":[{\"@type\":\"ReadAction\",\"target\":[\"https:\\\/\\\/www.itakaescolapios.org\\\/es\\\/2017\\\/07\\\/portugues-encerramento-da-atividade-do-futsal-masculino\\\/\"]}]},{\"@type\":\"ImageObject\",\"inLanguage\":\"es\",\"@id\":\"https:\\\/\\\/www.itakaescolapios.org\\\/es\\\/2017\\\/07\\\/portugues-encerramento-da-atividade-do-futsal-masculino\\\/#primaryimage\",\"url\":\"https:\\\/\\\/www.itakaescolapios.org\\\/wp-content\\\/uploads\\\/2017\\\/07\\\/IMG_9249.jpg\",\"contentUrl\":\"https:\\\/\\\/www.itakaescolapios.org\\\/wp-content\\\/uploads\\\/2017\\\/07\\\/IMG_9249.jpg\",\"width\":2000,\"height\":1335},{\"@type\":\"BreadcrumbList\",\"@id\":\"https:\\\/\\\/www.itakaescolapios.org\\\/es\\\/2017\\\/07\\\/portugues-encerramento-da-atividade-do-futsal-masculino\\\/#breadcrumb\",\"itemListElement\":[{\"@type\":\"ListItem\",\"position\":1,\"name\":\"Portada\",\"item\":\"https:\\\/\\\/www.itakaescolapios.org\\\/es\\\/\"},{\"@type\":\"ListItem\",\"position\":2,\"name\":\"CIERRE DE LA ACTIVIDAD FUTSAL MASCULINO\"}]},{\"@type\":\"WebSite\",\"@id\":\"https:\\\/\\\/www.itakaescolapios.org\\\/es\\\/#website\",\"url\":\"https:\\\/\\\/www.itakaescolapios.org\\\/es\\\/\",\"name\":\"Itaka-Escolapios\",\"description\":\"Red de Itaka-Escolapios\",\"publisher\":{\"@id\":\"https:\\\/\\\/www.itakaescolapios.org\\\/es\\\/#organization\"},\"potentialAction\":[{\"@type\":\"SearchAction\",\"target\":{\"@type\":\"EntryPoint\",\"urlTemplate\":\"https:\\\/\\\/www.itakaescolapios.org\\\/es\\\/?s={search_term_string}\"},\"query-input\":{\"@type\":\"PropertyValueSpecification\",\"valueRequired\":true,\"valueName\":\"search_term_string\"}}],\"inLanguage\":\"es\"},{\"@type\":\"Organization\",\"@id\":\"https:\\\/\\\/www.itakaescolapios.org\\\/es\\\/#organization\",\"name\":\"Fundaci\u00f3 Itaka-Escolapios\",\"url\":\"https:\\\/\\\/www.itakaescolapios.org\\\/es\\\/\",\"logo\":{\"@type\":\"ImageObject\",\"inLanguage\":\"es\",\"@id\":\"https:\\\/\\\/www.itakaescolapios.org\\\/es\\\/#\\\/schema\\\/logo\\\/image\\\/\",\"url\":\"https:\\\/\\\/www.itakaescolapios.org\\\/wp-content\\\/uploads\\\/2024\\\/04\\\/Logo-itakaescolapios-peque.png\",\"contentUrl\":\"https:\\\/\\\/www.itakaescolapios.org\\\/wp-content\\\/uploads\\\/2024\\\/04\\\/Logo-itakaescolapios-peque.png\",\"width\":500,\"height\":199,\"caption\":\"Fundaci\u00f3 Itaka-Escolapios\"},\"image\":{\"@id\":\"https:\\\/\\\/www.itakaescolapios.org\\\/es\\\/#\\\/schema\\\/logo\\\/image\\\/\"}},{\"@type\":\"Person\",\"@id\":\"https:\\\/\\\/www.itakaescolapios.org\\\/es\\\/#\\\/schema\\\/person\\\/9c761c62049293fc36e6c91e429de3d5\",\"name\":\"brasil03\",\"url\":\"https:\\\/\\\/www.itakaescolapios.org\\\/es\\\/author\\\/brasil03\\\/\"}]}<\/script>\n<!-- \/ Yoast SEO plugin. -->","yoast_head_json":{"title":"CIERRE DE LA ACTIVIDAD FUTSAL MASCULINO - Itaka-Escolapios","robots":{"index":"index","follow":"follow","max-snippet":"max-snippet:-1","max-image-preview":"max-image-preview:large","max-video-preview":"max-video-preview:-1"},"canonical":"https:\/\/www.itakaescolapios.org\/es\/2017\/07\/portugues-encerramento-da-atividade-do-futsal-masculino\/","og_locale":"es_ES","og_type":"article","og_title":"CIERRE DE LA ACTIVIDAD FUTSAL MASCULINO - Itaka-Escolapios","og_description":"Ha acabado en este fin de semana el primer semestre de la actividad futsal masculino del Proyecto de Socializaci\u00f3n de Itaka &#8211; Governador Valadares con partidos mixtos de ni\u00f1os y [&hellip;]","og_url":"https:\/\/www.itakaescolapios.org\/es\/2017\/07\/portugues-encerramento-da-atividade-do-futsal-masculino\/","og_site_name":"Itaka-Escolapios","article_published_time":"2017-07-10T16:45:12+00:00","article_modified_time":"2023-11-28T11:37:58+00:00","og_image":[{"width":2000,"height":1335,"url":"https:\/\/www.itakaescolapios.org\/wp-content\/uploads\/2017\/07\/IMG_9249.jpg","type":"image\/jpeg"}],"author":"brasil03","twitter_card":"summary_large_image","twitter_misc":{"Escrito por":"brasil03","Tiempo de lectura":"1 minuto"},"schema":{"@context":"https:\/\/schema.org","@graph":[{"@type":"Article","@id":"https:\/\/www.itakaescolapios.org\/es\/2017\/07\/portugues-encerramento-da-atividade-do-futsal-masculino\/#article","isPartOf":{"@id":"https:\/\/www.itakaescolapios.org\/es\/2017\/07\/portugues-encerramento-da-atividade-do-futsal-masculino\/"},"author":{"name":"brasil03","@id":"https:\/\/www.itakaescolapios.org\/es\/#\/schema\/person\/9c761c62049293fc36e6c91e429de3d5"},"headline":"CIERRE DE LA ACTIVIDAD FUTSAL MASCULINO","datePublished":"2017-07-10T16:45:12+00:00","dateModified":"2023-11-28T11:37:58+00:00","mainEntityOfPage":{"@id":"https:\/\/www.itakaescolapios.org\/es\/2017\/07\/portugues-encerramento-da-atividade-do-futsal-masculino\/"},"wordCount":109,"publisher":{"@id":"https:\/\/www.itakaescolapios.org\/es\/#organization"},"image":{"@id":"https:\/\/www.itakaescolapios.org\/es\/2017\/07\/portugues-encerramento-da-atividade-do-futsal-masculino\/#primaryimage"},"thumbnailUrl":"https:\/\/www.itakaescolapios.org\/wp-content\/uploads\/2017\/07\/IMG_9249.jpg","articleSection":["Governador Valadares"],"inLanguage":"es"},{"@type":"WebPage","@id":"https:\/\/www.itakaescolapios.org\/es\/2017\/07\/portugues-encerramento-da-atividade-do-futsal-masculino\/","url":"https:\/\/www.itakaescolapios.org\/es\/2017\/07\/portugues-encerramento-da-atividade-do-futsal-masculino\/","name":"CIERRE DE LA ACTIVIDAD FUTSAL MASCULINO - Itaka-Escolapios","isPartOf":{"@id":"https:\/\/www.itakaescolapios.org\/es\/#website"},"primaryImageOfPage":{"@id":"https:\/\/www.itakaescolapios.org\/es\/2017\/07\/portugues-encerramento-da-atividade-do-futsal-masculino\/#primaryimage"},"image":{"@id":"https:\/\/www.itakaescolapios.org\/es\/2017\/07\/portugues-encerramento-da-atividade-do-futsal-masculino\/#primaryimage"},"thumbnailUrl":"https:\/\/www.itakaescolapios.org\/wp-content\/uploads\/2017\/07\/IMG_9249.jpg","datePublished":"2017-07-10T16:45:12+00:00","dateModified":"2023-11-28T11:37:58+00:00","breadcrumb":{"@id":"https:\/\/www.itakaescolapios.org\/es\/2017\/07\/portugues-encerramento-da-atividade-do-futsal-masculino\/#breadcrumb"},"inLanguage":"es","potentialAction":[{"@type":"ReadAction","target":["https:\/\/www.itakaescolapios.org\/es\/2017\/07\/portugues-encerramento-da-atividade-do-futsal-masculino\/"]}]},{"@type":"ImageObject","inLanguage":"es","@id":"https:\/\/www.itakaescolapios.org\/es\/2017\/07\/portugues-encerramento-da-atividade-do-futsal-masculino\/#primaryimage","url":"https:\/\/www.itakaescolapios.org\/wp-content\/uploads\/2017\/07\/IMG_9249.jpg","contentUrl":"https:\/\/www.itakaescolapios.org\/wp-content\/uploads\/2017\/07\/IMG_9249.jpg","width":2000,"height":1335},{"@type":"BreadcrumbList","@id":"https:\/\/www.itakaescolapios.org\/es\/2017\/07\/portugues-encerramento-da-atividade-do-futsal-masculino\/#breadcrumb","itemListElement":[{"@type":"ListItem","position":1,"name":"Portada","item":"https:\/\/www.itakaescolapios.org\/es\/"},{"@type":"ListItem","position":2,"name":"CIERRE DE LA ACTIVIDAD FUTSAL MASCULINO"}]},{"@type":"WebSite","@id":"https:\/\/www.itakaescolapios.org\/es\/#website","url":"https:\/\/www.itakaescolapios.org\/es\/","name":"Itaka-Escolapios","description":"Red de Itaka-Escolapios","publisher":{"@id":"https:\/\/www.itakaescolapios.org\/es\/#organization"},"potentialAction":[{"@type":"SearchAction","target":{"@type":"EntryPoint","urlTemplate":"https:\/\/www.itakaescolapios.org\/es\/?s={search_term_string}"},"query-input":{"@type":"PropertyValueSpecification","valueRequired":true,"valueName":"search_term_string"}}],"inLanguage":"es"},{"@type":"Organization","@id":"https:\/\/www.itakaescolapios.org\/es\/#organization","name":"Fundaci\u00f3 Itaka-Escolapios","url":"https:\/\/www.itakaescolapios.org\/es\/","logo":{"@type":"ImageObject","inLanguage":"es","@id":"https:\/\/www.itakaescolapios.org\/es\/#\/schema\/logo\/image\/","url":"https:\/\/www.itakaescolapios.org\/wp-content\/uploads\/2024\/04\/Logo-itakaescolapios-peque.png","contentUrl":"https:\/\/www.itakaescolapios.org\/wp-content\/uploads\/2024\/04\/Logo-itakaescolapios-peque.png","width":500,"height":199,"caption":"Fundaci\u00f3 Itaka-Escolapios"},"image":{"@id":"https:\/\/www.itakaescolapios.org\/es\/#\/schema\/logo\/image\/"}},{"@type":"Person","@id":"https:\/\/www.itakaescolapios.org\/es\/#\/schema\/person\/9c761c62049293fc36e6c91e429de3d5","name":"brasil03","url":"https:\/\/www.itakaescolapios.org\/es\/author\/brasil03\/"}]}},"_links":{"self":[{"href":"https:\/\/www.itakaescolapios.org\/es\/wp-json\/wp\/v2\/posts\/19707","targetHints":{"allow":["GET"]}}],"collection":[{"href":"https:\/\/www.itakaescolapios.org\/es\/wp-json\/wp\/v2\/posts"}],"about":[{"href":"https:\/\/www.itakaescolapios.org\/es\/wp-json\/wp\/v2\/types\/post"}],"author":[{"embeddable":true,"href":"https:\/\/www.itakaescolapios.org\/es\/wp-json\/wp\/v2\/users\/11"}],"replies":[{"embeddable":true,"href":"https:\/\/www.itakaescolapios.org\/es\/wp-json\/wp\/v2\/comments?post=19707"}],"version-history":[{"count":7,"href":"https:\/\/www.itakaescolapios.org\/es\/wp-json\/wp\/v2\/posts\/19707\/revisions"}],"predecessor-version":[{"id":47574,"href":"https:\/\/www.itakaescolapios.org\/es\/wp-json\/wp\/v2\/posts\/19707\/revisions\/47574"}],"wp:featuredmedia":[{"embeddable":true,"href":"https:\/\/www.itakaescolapios.org\/es\/wp-json\/wp\/v2\/media\/19708"}],"wp:attachment":[{"href":"https:\/\/www.itakaescolapios.org\/es\/wp-json\/wp\/v2\/media?parent=19707"}],"wp:term":[{"taxonomy":"category","embeddable":true,"href":"https:\/\/www.itakaescolapios.org\/es\/wp-json\/wp\/v2\/categories?post=19707"},{"taxonomy":"post_tag","embeddable":true,"href":"https:\/\/www.itakaescolapios.org\/es\/wp-json\/wp\/v2\/tags?post=19707"}],"curies":[{"name":"wp","href":"https:\/\/api.w.org\/{rel}","templated":true}]}}