{"id":20516,"date":"2017-10-17T10:00:41","date_gmt":"2017-10-17T09:00:41","guid":{"rendered":"https:\/\/www.itakaescolapios.org\/?p=20516"},"modified":"2023-11-28T12:37:49","modified_gmt":"2023-11-28T11:37:49","slug":"comienza-el-proyecto-mare-en-valencia","status":"publish","type":"post","link":"https:\/\/www.itakaescolapios.org\/es\/2017\/10\/comienza-el-proyecto-mare-en-valencia\/","title":{"rendered":"COMIENZA EL PROYECTO MARE EN VALENCIA"},"content":{"rendered":"<p style=\"text-align: justify\">El pasado lunes 16 de octubre dimos el pistoletazo de salida al Proyecto Mare en Valencia. Este nuevo proyecto socioeducativo tiene el objetivo de ser un complemento de la educaci\u00f3n formal escolar, reforzando las capacidades, actitudes y aptitudes de los y las menores para mejorar su rendimiento acad\u00e9mico y sus relaciones sociales, as\u00ed como ofrecer un ocio constructivo que favorezca su desarrollo integral.<\/p>\n<p style=\"text-align: justify\">Ofreceremos tres tardes a las semana (los lunes, martes y mi\u00e9rcoles) en las que ni\u00f1os y ni\u00f1as del colegio Escuelas P\u00edas Malvarrosa, y otros colegios del barrio de la Malvarrosa, tendr\u00e1n la posibilidad de aprender, compartir, disfrutar&#8230;participando del refuerzo educativo, tertulias literarias dial\u00f3gicas, taller de arte, actividades de ocio y tiempo libre, salidas&#8230;<\/p>\n<p style=\"text-align: justify\">Con mucha ilusi\u00f3n comenzamos este proyecto abriendo las puertas de nuestro colegio a la realidad del barrio, acogiendo a los preferidos de nuestro carisma Escolapio.<\/p>\n","protected":false},"excerpt":{"rendered":"<p>El pasado lunes 16 de octubre dimos el pistoletazo de salida al Proyecto Mare en Valencia. Este nuevo proyecto socioeducativo tiene el objetivo de ser un complemento de la educaci\u00f3n [&hellip;]<\/p>\n","protected":false},"author":39,"featured_media":20517,"comment_status":"closed","ping_status":"closed","sticky":false,"template":"","format":"standard","meta":{"_et_pb_use_builder":"","_et_pb_old_content":"","_et_gb_content_width":"","footnotes":""},"categories":[12],"tags":[280,257,281,277,278,279],"class_list":["post-20516","post","type-post","status-publish","format-standard","has-post-thumbnail","hentry","category-valencia","tag-educacion-no-formal","tag-malvarrosa","tag-menores","tag-proyecto-mare","tag-refuerzo-escolar","tag-socioeducativo"],"yoast_head":"<!-- This site is optimized with the Yoast SEO plugin v27.4 - https:\/\/yoast.com\/product\/yoast-seo-wordpress\/ -->\n<title>COMIENZA EL PROYECTO MARE EN VALENCIA - Itaka-Escolapios<\/title>\n<meta name=\"robots\" content=\"index, follow, max-snippet:-1, max-image-preview:large, max-video-preview:-1\" \/>\n<link rel=\"canonical\" href=\"https:\/\/www.itakaescolapios.org\/es\/2017\/10\/comienza-el-proyecto-mare-en-valencia\/\" \/>\n<meta property=\"og:locale\" content=\"es_ES\" \/>\n<meta property=\"og:type\" content=\"article\" \/>\n<meta property=\"og:title\" content=\"COMIENZA EL PROYECTO MARE EN VALENCIA - Itaka-Escolapios\" \/>\n<meta property=\"og:description\" content=\"El pasado lunes 16 de octubre dimos el pistoletazo de salida al Proyecto Mare en Valencia. Este nuevo proyecto socioeducativo tiene el objetivo de ser un complemento de la educaci\u00f3n [&hellip;]\" \/>\n<meta property=\"og:url\" content=\"https:\/\/www.itakaescolapios.org\/es\/2017\/10\/comienza-el-proyecto-mare-en-valencia\/\" \/>\n<meta property=\"og:site_name\" content=\"Itaka-Escolapios\" \/>\n<meta property=\"article:published_time\" content=\"2017-10-17T09:00:41+00:00\" \/>\n<meta property=\"article:modified_time\" content=\"2023-11-28T11:37:49+00:00\" \/>\n<meta property=\"og:image\" content=\"https:\/\/www.itakaescolapios.org\/wp-content\/uploads\/2017\/10\/WhatsApp-Image-2017-10-16-at-23.01.00.jpeg\" \/>\n\t<meta property=\"og:image:width\" content=\"1600\" \/>\n\t<meta property=\"og:image:height\" content=\"900\" \/>\n\t<meta property=\"og:image:type\" content=\"image\/jpeg\" \/>\n<meta name=\"author\" content=\"valencia01\" \/>\n<meta name=\"twitter:card\" content=\"summary_large_image\" \/>\n<meta name=\"twitter:label1\" content=\"Escrito por\" \/>\n\t<meta name=\"twitter:data1\" content=\"valencia01\" \/>\n\t<meta name=\"twitter:label2\" content=\"Tiempo de lectura\" \/>\n\t<meta name=\"twitter:data2\" content=\"1 minuto\" \/>\n<script type=\"application\/ld+json\" class=\"yoast-schema-graph\">{\"@context\":\"https:\\\/\\\/schema.org\",\"@graph\":[{\"@type\":\"Article\",\"@id\":\"https:\\\/\\\/www.itakaescolapios.org\\\/es\\\/2017\\\/10\\\/comienza-el-proyecto-mare-en-valencia\\\/#article\",\"isPartOf\":{\"@id\":\"https:\\\/\\\/www.itakaescolapios.org\\\/es\\\/2017\\\/10\\\/comienza-el-proyecto-mare-en-valencia\\\/\"},\"author\":{\"name\":\"valencia01\",\"@id\":\"https:\\\/\\\/www.itakaescolapios.org\\\/es\\\/#\\\/schema\\\/person\\\/c232ccaa2b3f2e98db93c1f8dfca96ff\"},\"headline\":\"COMIENZA EL PROYECTO MARE EN VALENCIA\",\"datePublished\":\"2017-10-17T09:00:41+00:00\",\"dateModified\":\"2023-11-28T11:37:49+00:00\",\"mainEntityOfPage\":{\"@id\":\"https:\\\/\\\/www.itakaescolapios.org\\\/es\\\/2017\\\/10\\\/comienza-el-proyecto-mare-en-valencia\\\/\"},\"wordCount\":156,\"publisher\":{\"@id\":\"https:\\\/\\\/www.itakaescolapios.org\\\/es\\\/#organization\"},\"image\":{\"@id\":\"https:\\\/\\\/www.itakaescolapios.org\\\/es\\\/2017\\\/10\\\/comienza-el-proyecto-mare-en-valencia\\\/#primaryimage\"},\"thumbnailUrl\":\"https:\\\/\\\/www.itakaescolapios.org\\\/wp-content\\\/uploads\\\/2017\\\/10\\\/WhatsApp-Image-2017-10-16-at-23.01.00.jpeg\",\"keywords\":[\"educaci\u00f3n no formal\",\"Malvarrosa\",\"menores\",\"Proyecto Mare\",\"refuerzo escolar\",\"socioeducativo\"],\"articleSection\":[\"Valencia\"],\"inLanguage\":\"es\"},{\"@type\":\"WebPage\",\"@id\":\"https:\\\/\\\/www.itakaescolapios.org\\\/es\\\/2017\\\/10\\\/comienza-el-proyecto-mare-en-valencia\\\/\",\"url\":\"https:\\\/\\\/www.itakaescolapios.org\\\/es\\\/2017\\\/10\\\/comienza-el-proyecto-mare-en-valencia\\\/\",\"name\":\"COMIENZA EL PROYECTO MARE EN VALENCIA - Itaka-Escolapios\",\"isPartOf\":{\"@id\":\"https:\\\/\\\/www.itakaescolapios.org\\\/es\\\/#website\"},\"primaryImageOfPage\":{\"@id\":\"https:\\\/\\\/www.itakaescolapios.org\\\/es\\\/2017\\\/10\\\/comienza-el-proyecto-mare-en-valencia\\\/#primaryimage\"},\"image\":{\"@id\":\"https:\\\/\\\/www.itakaescolapios.org\\\/es\\\/2017\\\/10\\\/comienza-el-proyecto-mare-en-valencia\\\/#primaryimage\"},\"thumbnailUrl\":\"https:\\\/\\\/www.itakaescolapios.org\\\/wp-content\\\/uploads\\\/2017\\\/10\\\/WhatsApp-Image-2017-10-16-at-23.01.00.jpeg\",\"datePublished\":\"2017-10-17T09:00:41+00:00\",\"dateModified\":\"2023-11-28T11:37:49+00:00\",\"breadcrumb\":{\"@id\":\"https:\\\/\\\/www.itakaescolapios.org\\\/es\\\/2017\\\/10\\\/comienza-el-proyecto-mare-en-valencia\\\/#breadcrumb\"},\"inLanguage\":\"es\",\"potentialAction\":[{\"@type\":\"ReadAction\",\"target\":[\"https:\\\/\\\/www.itakaescolapios.org\\\/es\\\/2017\\\/10\\\/comienza-el-proyecto-mare-en-valencia\\\/\"]}]},{\"@type\":\"ImageObject\",\"inLanguage\":\"es\",\"@id\":\"https:\\\/\\\/www.itakaescolapios.org\\\/es\\\/2017\\\/10\\\/comienza-el-proyecto-mare-en-valencia\\\/#primaryimage\",\"url\":\"https:\\\/\\\/www.itakaescolapios.org\\\/wp-content\\\/uploads\\\/2017\\\/10\\\/WhatsApp-Image-2017-10-16-at-23.01.00.jpeg\",\"contentUrl\":\"https:\\\/\\\/www.itakaescolapios.org\\\/wp-content\\\/uploads\\\/2017\\\/10\\\/WhatsApp-Image-2017-10-16-at-23.01.00.jpeg\",\"width\":1600,\"height\":900},{\"@type\":\"BreadcrumbList\",\"@id\":\"https:\\\/\\\/www.itakaescolapios.org\\\/es\\\/2017\\\/10\\\/comienza-el-proyecto-mare-en-valencia\\\/#breadcrumb\",\"itemListElement\":[{\"@type\":\"ListItem\",\"position\":1,\"name\":\"Portada\",\"item\":\"https:\\\/\\\/www.itakaescolapios.org\\\/es\\\/\"},{\"@type\":\"ListItem\",\"position\":2,\"name\":\"COMIENZA EL PROYECTO MARE EN VALENCIA\"}]},{\"@type\":\"WebSite\",\"@id\":\"https:\\\/\\\/www.itakaescolapios.org\\\/es\\\/#website\",\"url\":\"https:\\\/\\\/www.itakaescolapios.org\\\/es\\\/\",\"name\":\"Itaka-Escolapios\",\"description\":\"Red de Itaka-Escolapios\",\"publisher\":{\"@id\":\"https:\\\/\\\/www.itakaescolapios.org\\\/es\\\/#organization\"},\"potentialAction\":[{\"@type\":\"SearchAction\",\"target\":{\"@type\":\"EntryPoint\",\"urlTemplate\":\"https:\\\/\\\/www.itakaescolapios.org\\\/es\\\/?s={search_term_string}\"},\"query-input\":{\"@type\":\"PropertyValueSpecification\",\"valueRequired\":true,\"valueName\":\"search_term_string\"}}],\"inLanguage\":\"es\"},{\"@type\":\"Organization\",\"@id\":\"https:\\\/\\\/www.itakaescolapios.org\\\/es\\\/#organization\",\"name\":\"Fundaci\u00f3 Itaka-Escolapios\",\"url\":\"https:\\\/\\\/www.itakaescolapios.org\\\/es\\\/\",\"logo\":{\"@type\":\"ImageObject\",\"inLanguage\":\"es\",\"@id\":\"https:\\\/\\\/www.itakaescolapios.org\\\/es\\\/#\\\/schema\\\/logo\\\/image\\\/\",\"url\":\"https:\\\/\\\/www.itakaescolapios.org\\\/wp-content\\\/uploads\\\/2024\\\/04\\\/Logo-itakaescolapios-peque.png\",\"contentUrl\":\"https:\\\/\\\/www.itakaescolapios.org\\\/wp-content\\\/uploads\\\/2024\\\/04\\\/Logo-itakaescolapios-peque.png\",\"width\":500,\"height\":199,\"caption\":\"Fundaci\u00f3 Itaka-Escolapios\"},\"image\":{\"@id\":\"https:\\\/\\\/www.itakaescolapios.org\\\/es\\\/#\\\/schema\\\/logo\\\/image\\\/\"}},{\"@type\":\"Person\",\"@id\":\"https:\\\/\\\/www.itakaescolapios.org\\\/es\\\/#\\\/schema\\\/person\\\/c232ccaa2b3f2e98db93c1f8dfca96ff\",\"name\":\"valencia01\",\"url\":\"https:\\\/\\\/www.itakaescolapios.org\\\/es\\\/author\\\/valencia01\\\/\"}]}<\/script>\n<!-- \/ Yoast SEO plugin. -->","yoast_head_json":{"title":"COMIENZA EL PROYECTO MARE EN VALENCIA - Itaka-Escolapios","robots":{"index":"index","follow":"follow","max-snippet":"max-snippet:-1","max-image-preview":"max-image-preview:large","max-video-preview":"max-video-preview:-1"},"canonical":"https:\/\/www.itakaescolapios.org\/es\/2017\/10\/comienza-el-proyecto-mare-en-valencia\/","og_locale":"es_ES","og_type":"article","og_title":"COMIENZA EL PROYECTO MARE EN VALENCIA - Itaka-Escolapios","og_description":"El pasado lunes 16 de octubre dimos el pistoletazo de salida al Proyecto Mare en Valencia. Este nuevo proyecto socioeducativo tiene el objetivo de ser un complemento de la educaci\u00f3n [&hellip;]","og_url":"https:\/\/www.itakaescolapios.org\/es\/2017\/10\/comienza-el-proyecto-mare-en-valencia\/","og_site_name":"Itaka-Escolapios","article_published_time":"2017-10-17T09:00:41+00:00","article_modified_time":"2023-11-28T11:37:49+00:00","og_image":[{"width":1600,"height":900,"url":"https:\/\/www.itakaescolapios.org\/wp-content\/uploads\/2017\/10\/WhatsApp-Image-2017-10-16-at-23.01.00.jpeg","type":"image\/jpeg"}],"author":"valencia01","twitter_card":"summary_large_image","twitter_misc":{"Escrito por":"valencia01","Tiempo de lectura":"1 minuto"},"schema":{"@context":"https:\/\/schema.org","@graph":[{"@type":"Article","@id":"https:\/\/www.itakaescolapios.org\/es\/2017\/10\/comienza-el-proyecto-mare-en-valencia\/#article","isPartOf":{"@id":"https:\/\/www.itakaescolapios.org\/es\/2017\/10\/comienza-el-proyecto-mare-en-valencia\/"},"author":{"name":"valencia01","@id":"https:\/\/www.itakaescolapios.org\/es\/#\/schema\/person\/c232ccaa2b3f2e98db93c1f8dfca96ff"},"headline":"COMIENZA EL PROYECTO MARE EN VALENCIA","datePublished":"2017-10-17T09:00:41+00:00","dateModified":"2023-11-28T11:37:49+00:00","mainEntityOfPage":{"@id":"https:\/\/www.itakaescolapios.org\/es\/2017\/10\/comienza-el-proyecto-mare-en-valencia\/"},"wordCount":156,"publisher":{"@id":"https:\/\/www.itakaescolapios.org\/es\/#organization"},"image":{"@id":"https:\/\/www.itakaescolapios.org\/es\/2017\/10\/comienza-el-proyecto-mare-en-valencia\/#primaryimage"},"thumbnailUrl":"https:\/\/www.itakaescolapios.org\/wp-content\/uploads\/2017\/10\/WhatsApp-Image-2017-10-16-at-23.01.00.jpeg","keywords":["educaci\u00f3n no formal","Malvarrosa","menores","Proyecto Mare","refuerzo escolar","socioeducativo"],"articleSection":["Valencia"],"inLanguage":"es"},{"@type":"WebPage","@id":"https:\/\/www.itakaescolapios.org\/es\/2017\/10\/comienza-el-proyecto-mare-en-valencia\/","url":"https:\/\/www.itakaescolapios.org\/es\/2017\/10\/comienza-el-proyecto-mare-en-valencia\/","name":"COMIENZA EL PROYECTO MARE EN VALENCIA - Itaka-Escolapios","isPartOf":{"@id":"https:\/\/www.itakaescolapios.org\/es\/#website"},"primaryImageOfPage":{"@id":"https:\/\/www.itakaescolapios.org\/es\/2017\/10\/comienza-el-proyecto-mare-en-valencia\/#primaryimage"},"image":{"@id":"https:\/\/www.itakaescolapios.org\/es\/2017\/10\/comienza-el-proyecto-mare-en-valencia\/#primaryimage"},"thumbnailUrl":"https:\/\/www.itakaescolapios.org\/wp-content\/uploads\/2017\/10\/WhatsApp-Image-2017-10-16-at-23.01.00.jpeg","datePublished":"2017-10-17T09:00:41+00:00","dateModified":"2023-11-28T11:37:49+00:00","breadcrumb":{"@id":"https:\/\/www.itakaescolapios.org\/es\/2017\/10\/comienza-el-proyecto-mare-en-valencia\/#breadcrumb"},"inLanguage":"es","potentialAction":[{"@type":"ReadAction","target":["https:\/\/www.itakaescolapios.org\/es\/2017\/10\/comienza-el-proyecto-mare-en-valencia\/"]}]},{"@type":"ImageObject","inLanguage":"es","@id":"https:\/\/www.itakaescolapios.org\/es\/2017\/10\/comienza-el-proyecto-mare-en-valencia\/#primaryimage","url":"https:\/\/www.itakaescolapios.org\/wp-content\/uploads\/2017\/10\/WhatsApp-Image-2017-10-16-at-23.01.00.jpeg","contentUrl":"https:\/\/www.itakaescolapios.org\/wp-content\/uploads\/2017\/10\/WhatsApp-Image-2017-10-16-at-23.01.00.jpeg","width":1600,"height":900},{"@type":"BreadcrumbList","@id":"https:\/\/www.itakaescolapios.org\/es\/2017\/10\/comienza-el-proyecto-mare-en-valencia\/#breadcrumb","itemListElement":[{"@type":"ListItem","position":1,"name":"Portada","item":"https:\/\/www.itakaescolapios.org\/es\/"},{"@type":"ListItem","position":2,"name":"COMIENZA EL PROYECTO MARE EN VALENCIA"}]},{"@type":"WebSite","@id":"https:\/\/www.itakaescolapios.org\/es\/#website","url":"https:\/\/www.itakaescolapios.org\/es\/","name":"Itaka-Escolapios","description":"Red de Itaka-Escolapios","publisher":{"@id":"https:\/\/www.itakaescolapios.org\/es\/#organization"},"potentialAction":[{"@type":"SearchAction","target":{"@type":"EntryPoint","urlTemplate":"https:\/\/www.itakaescolapios.org\/es\/?s={search_term_string}"},"query-input":{"@type":"PropertyValueSpecification","valueRequired":true,"valueName":"search_term_string"}}],"inLanguage":"es"},{"@type":"Organization","@id":"https:\/\/www.itakaescolapios.org\/es\/#organization","name":"Fundaci\u00f3 Itaka-Escolapios","url":"https:\/\/www.itakaescolapios.org\/es\/","logo":{"@type":"ImageObject","inLanguage":"es","@id":"https:\/\/www.itakaescolapios.org\/es\/#\/schema\/logo\/image\/","url":"https:\/\/www.itakaescolapios.org\/wp-content\/uploads\/2024\/04\/Logo-itakaescolapios-peque.png","contentUrl":"https:\/\/www.itakaescolapios.org\/wp-content\/uploads\/2024\/04\/Logo-itakaescolapios-peque.png","width":500,"height":199,"caption":"Fundaci\u00f3 Itaka-Escolapios"},"image":{"@id":"https:\/\/www.itakaescolapios.org\/es\/#\/schema\/logo\/image\/"}},{"@type":"Person","@id":"https:\/\/www.itakaescolapios.org\/es\/#\/schema\/person\/c232ccaa2b3f2e98db93c1f8dfca96ff","name":"valencia01","url":"https:\/\/www.itakaescolapios.org\/es\/author\/valencia01\/"}]}},"_links":{"self":[{"href":"https:\/\/www.itakaescolapios.org\/es\/wp-json\/wp\/v2\/posts\/20516","targetHints":{"allow":["GET"]}}],"collection":[{"href":"https:\/\/www.itakaescolapios.org\/es\/wp-json\/wp\/v2\/posts"}],"about":[{"href":"https:\/\/www.itakaescolapios.org\/es\/wp-json\/wp\/v2\/types\/post"}],"author":[{"embeddable":true,"href":"https:\/\/www.itakaescolapios.org\/es\/wp-json\/wp\/v2\/users\/39"}],"replies":[{"embeddable":true,"href":"https:\/\/www.itakaescolapios.org\/es\/wp-json\/wp\/v2\/comments?post=20516"}],"version-history":[{"count":4,"href":"https:\/\/www.itakaescolapios.org\/es\/wp-json\/wp\/v2\/posts\/20516\/revisions"}],"predecessor-version":[{"id":47342,"href":"https:\/\/www.itakaescolapios.org\/es\/wp-json\/wp\/v2\/posts\/20516\/revisions\/47342"}],"wp:featuredmedia":[{"embeddable":true,"href":"https:\/\/www.itakaescolapios.org\/es\/wp-json\/wp\/v2\/media\/20517"}],"wp:attachment":[{"href":"https:\/\/www.itakaescolapios.org\/es\/wp-json\/wp\/v2\/media?parent=20516"}],"wp:term":[{"taxonomy":"category","embeddable":true,"href":"https:\/\/www.itakaescolapios.org\/es\/wp-json\/wp\/v2\/categories?post=20516"},{"taxonomy":"post_tag","embeddable":true,"href":"https:\/\/www.itakaescolapios.org\/es\/wp-json\/wp\/v2\/tags?post=20516"}],"curies":[{"name":"wp","href":"https:\/\/api.w.org\/{rel}","templated":true}]}}