{"id":21999,"date":"2018-02-07T12:28:17","date_gmt":"2018-02-07T11:28:17","guid":{"rendered":"https:\/\/www.itakaescolapios.org\/?p=21999"},"modified":"2023-11-28T12:37:38","modified_gmt":"2023-11-28T11:37:38","slug":"arte-y-educacion-emocional-en-el-proyecto-mare","status":"publish","type":"post","link":"https:\/\/www.itakaescolapios.org\/es\/2018\/02\/arte-y-educacion-emocional-en-el-proyecto-mare\/","title":{"rendered":"ARTE Y EDUCACI\u00d3N EMOCIONAL EN EL PROYECTO MARE"},"content":{"rendered":"<p style=\"text-align: justify\">El proyecto Mare de Valencia ofrece este curso una nueva propuesta para los ni\u00f1os y ni\u00f1as: Un taller de expresi\u00f3n art\u00edstica que se combina con educaci\u00f3n emocional, y que se realiza con los m\u00e1s peque\u00f1os del proyecto, de 1\u00ba y 2\u00ba de Primaria.<\/p>\n<p style=\"text-align: justify\">Creemos que es fundamental poder ofrecer todas las herramientas posibles para el conocimiento de uno mismo y el desarrollo integral de la persona. Por ello, trabajamos conjuntamente las emociones y la expresi\u00f3n art\u00edstica en su vertiente pl\u00e1stica, para que a trav\u00e9s de nuestra creatividad vayamos descubri\u00e9ndonos: Qu\u00e9 es lo que sentimos, qu\u00e9 nos pasa, c\u00f3mo somos\u2026<\/p>\n<p style=\"text-align: justify\">El arte es un veh\u00edculo de autonom\u00eda, creaci\u00f3n y conocimiento de s\u00ed mismo, que da la posibilidad a los ni\u00f1os y ni\u00f1as de manifestar aquellas sensaciones y emociones que dif\u00edcilmente podr\u00edan cultivar con otros lenguajes.<\/p>\n<p style=\"text-align: justify\">Estamos haciendo un mont\u00f3n de actividades diferentes dentro de este taller, desde hacer un bote de la calma, hasta mandalas, pasando por dados de las emociones, collages, acuarelas, arcilla, plastilina, estamos conociendo a Picasso y Miguel \u00c1ngel, expres\u00e1ndonos con la m\u00fasica, elaborando nuestro kit de detectives de las emociones\u2026 Arte y emociones siempre unidas, para que los m\u00e1s peque\u00f1os sepan una forma de expresarlas de la mejor manera posible.<\/p>\n<p style=\"text-align: justify\">\n\n\t\t<style type=\"text\/css\">\n\t\t\t#gallery-1 {\n\t\t\t\tmargin: auto;\n\t\t\t}\n\t\t\t#gallery-1 .gallery-item {\n\t\t\t\tfloat: left;\n\t\t\t\tmargin-top: 10px;\n\t\t\t\ttext-align: center;\n\t\t\t\twidth: 33%;\n\t\t\t}\n\t\t\t#gallery-1 img {\n\t\t\t\tborder: 2px solid #cfcfcf;\n\t\t\t}\n\t\t\t#gallery-1 .gallery-caption {\n\t\t\t\tmargin-left: 0;\n\t\t\t}\n\t\t\t\/* see gallery_shortcode() in wp-includes\/media.php *\/\n\t\t<\/style>\n\t\t<div id='gallery-1' class='gallery galleryid-21999 gallery-columns-3 gallery-size-thumbnail'><dl class='gallery-item'>\n\t\t\t<dt class='gallery-icon portrait'>\n\t\t\t\t<img decoding=\"async\" width=\"90\" height=\"90\" src=\"https:\/\/www.itakaescolapios.org\/wp-content\/uploads\/2018\/02\/WhatsApp-Image-2018-02-06-at-18.47.38-90x90.jpeg\" class=\"attachment-thumbnail size-thumbnail\" alt=\"\" \/>\n\t\t\t<\/dt><\/dl><dl class='gallery-item'>\n\t\t\t<dt class='gallery-icon landscape'>\n\t\t\t\t<img decoding=\"async\" width=\"90\" height=\"90\" src=\"https:\/\/www.itakaescolapios.org\/wp-content\/uploads\/2018\/02\/WhatsApp-Image-2018-01-30-at-20.17.05-1-90x90.jpeg\" class=\"attachment-thumbnail size-thumbnail\" alt=\"\" \/>\n\t\t\t<\/dt><\/dl><dl class='gallery-item'>\n\t\t\t<dt class='gallery-icon landscape'>\n\t\t\t\t<img decoding=\"async\" width=\"90\" height=\"90\" src=\"https:\/\/www.itakaescolapios.org\/wp-content\/uploads\/2018\/02\/WhatsApp-Image-2018-01-30-at-20.17.05-90x90.jpeg\" class=\"attachment-thumbnail size-thumbnail\" alt=\"\" \/>\n\t\t\t<\/dt><\/dl><br style=\"clear: both\" \/>\n\t\t<\/div>\n\n<p style=\"text-align: justify\">\n","protected":false},"excerpt":{"rendered":"<p>El proyecto Mare de Valencia ofrece este curso una nueva propuesta para los ni\u00f1os y ni\u00f1as: Un taller de expresi\u00f3n art\u00edstica que se combina con educaci\u00f3n emocional, y que se [&hellip;]<\/p>\n","protected":false},"author":39,"featured_media":22002,"comment_status":"closed","ping_status":"closed","sticky":false,"template":"","format":"standard","meta":{"_et_pb_use_builder":"","_et_pb_old_content":"","_et_gb_content_width":"","footnotes":""},"categories":[12],"tags":[305,306,304,302,277,411],"class_list":["post-21999","post","type-post","status-publish","format-standard","has-post-thumbnail","hentry","category-valencia","tag-educacio-emocional","tag-expresion-artistica","tag-malvarroa","tag-mare","tag-proyecto-mare","tag-valencia"],"yoast_head":"<!-- This site is optimized with the Yoast SEO plugin v27.4 - https:\/\/yoast.com\/product\/yoast-seo-wordpress\/ -->\n<title>ARTE Y EDUCACI\u00d3N EMOCIONAL EN EL PROYECTO MARE - Itaka-Escolapios<\/title>\n<meta name=\"robots\" content=\"index, follow, max-snippet:-1, max-image-preview:large, max-video-preview:-1\" \/>\n<link rel=\"canonical\" href=\"https:\/\/www.itakaescolapios.org\/es\/2018\/02\/arte-y-educacion-emocional-en-el-proyecto-mare\/\" \/>\n<meta property=\"og:locale\" content=\"es_ES\" \/>\n<meta property=\"og:type\" content=\"article\" \/>\n<meta property=\"og:title\" content=\"ARTE Y EDUCACI\u00d3N EMOCIONAL EN EL PROYECTO MARE - Itaka-Escolapios\" \/>\n<meta property=\"og:description\" content=\"El proyecto Mare de Valencia ofrece este curso una nueva propuesta para los ni\u00f1os y ni\u00f1as: Un taller de expresi\u00f3n art\u00edstica que se combina con educaci\u00f3n emocional, y que se [&hellip;]\" \/>\n<meta property=\"og:url\" content=\"https:\/\/www.itakaescolapios.org\/es\/2018\/02\/arte-y-educacion-emocional-en-el-proyecto-mare\/\" \/>\n<meta property=\"og:site_name\" content=\"Itaka-Escolapios\" \/>\n<meta property=\"article:published_time\" content=\"2018-02-07T11:28:17+00:00\" \/>\n<meta property=\"article:modified_time\" content=\"2023-11-28T11:37:38+00:00\" \/>\n<meta property=\"og:image\" content=\"https:\/\/www.itakaescolapios.org\/wp-content\/uploads\/2018\/02\/WhatsApp-Image-2018-02-06-at-18.47.38.jpeg\" \/>\n\t<meta property=\"og:image:width\" content=\"1125\" \/>\n\t<meta property=\"og:image:height\" content=\"1500\" \/>\n\t<meta property=\"og:image:type\" content=\"image\/jpeg\" \/>\n<meta name=\"author\" content=\"valencia01\" \/>\n<meta name=\"twitter:card\" content=\"summary_large_image\" \/>\n<meta name=\"twitter:label1\" content=\"Escrito por\" \/>\n\t<meta name=\"twitter:data1\" content=\"valencia01\" \/>\n\t<meta name=\"twitter:label2\" content=\"Tiempo de lectura\" \/>\n\t<meta name=\"twitter:data2\" content=\"1 minuto\" \/>\n<script type=\"application\/ld+json\" class=\"yoast-schema-graph\">{\"@context\":\"https:\\\/\\\/schema.org\",\"@graph\":[{\"@type\":\"Article\",\"@id\":\"https:\\\/\\\/www.itakaescolapios.org\\\/es\\\/2018\\\/02\\\/arte-y-educacion-emocional-en-el-proyecto-mare\\\/#article\",\"isPartOf\":{\"@id\":\"https:\\\/\\\/www.itakaescolapios.org\\\/es\\\/2018\\\/02\\\/arte-y-educacion-emocional-en-el-proyecto-mare\\\/\"},\"author\":{\"name\":\"valencia01\",\"@id\":\"https:\\\/\\\/www.itakaescolapios.org\\\/es\\\/#\\\/schema\\\/person\\\/c232ccaa2b3f2e98db93c1f8dfca96ff\"},\"headline\":\"ARTE Y EDUCACI\u00d3N EMOCIONAL EN EL PROYECTO MARE\",\"datePublished\":\"2018-02-07T11:28:17+00:00\",\"dateModified\":\"2023-11-28T11:37:38+00:00\",\"mainEntityOfPage\":{\"@id\":\"https:\\\/\\\/www.itakaescolapios.org\\\/es\\\/2018\\\/02\\\/arte-y-educacion-emocional-en-el-proyecto-mare\\\/\"},\"wordCount\":239,\"publisher\":{\"@id\":\"https:\\\/\\\/www.itakaescolapios.org\\\/es\\\/#organization\"},\"image\":{\"@id\":\"https:\\\/\\\/www.itakaescolapios.org\\\/es\\\/2018\\\/02\\\/arte-y-educacion-emocional-en-el-proyecto-mare\\\/#primaryimage\"},\"thumbnailUrl\":\"https:\\\/\\\/www.itakaescolapios.org\\\/wp-content\\\/uploads\\\/2018\\\/02\\\/WhatsApp-Image-2018-02-06-at-18.47.38.jpeg\",\"keywords\":[\"Educaci\u00f3 Emocional\",\"Expresi\u00f3n art\u00edstica\",\"Malvarroa\",\"Mare\",\"Proyecto Mare\",\"Valencia\"],\"articleSection\":[\"Valencia\"],\"inLanguage\":\"es\"},{\"@type\":\"WebPage\",\"@id\":\"https:\\\/\\\/www.itakaescolapios.org\\\/es\\\/2018\\\/02\\\/arte-y-educacion-emocional-en-el-proyecto-mare\\\/\",\"url\":\"https:\\\/\\\/www.itakaescolapios.org\\\/es\\\/2018\\\/02\\\/arte-y-educacion-emocional-en-el-proyecto-mare\\\/\",\"name\":\"ARTE Y EDUCACI\u00d3N EMOCIONAL EN EL PROYECTO MARE - Itaka-Escolapios\",\"isPartOf\":{\"@id\":\"https:\\\/\\\/www.itakaescolapios.org\\\/es\\\/#website\"},\"primaryImageOfPage\":{\"@id\":\"https:\\\/\\\/www.itakaescolapios.org\\\/es\\\/2018\\\/02\\\/arte-y-educacion-emocional-en-el-proyecto-mare\\\/#primaryimage\"},\"image\":{\"@id\":\"https:\\\/\\\/www.itakaescolapios.org\\\/es\\\/2018\\\/02\\\/arte-y-educacion-emocional-en-el-proyecto-mare\\\/#primaryimage\"},\"thumbnailUrl\":\"https:\\\/\\\/www.itakaescolapios.org\\\/wp-content\\\/uploads\\\/2018\\\/02\\\/WhatsApp-Image-2018-02-06-at-18.47.38.jpeg\",\"datePublished\":\"2018-02-07T11:28:17+00:00\",\"dateModified\":\"2023-11-28T11:37:38+00:00\",\"breadcrumb\":{\"@id\":\"https:\\\/\\\/www.itakaescolapios.org\\\/es\\\/2018\\\/02\\\/arte-y-educacion-emocional-en-el-proyecto-mare\\\/#breadcrumb\"},\"inLanguage\":\"es\",\"potentialAction\":[{\"@type\":\"ReadAction\",\"target\":[\"https:\\\/\\\/www.itakaescolapios.org\\\/es\\\/2018\\\/02\\\/arte-y-educacion-emocional-en-el-proyecto-mare\\\/\"]}]},{\"@type\":\"ImageObject\",\"inLanguage\":\"es\",\"@id\":\"https:\\\/\\\/www.itakaescolapios.org\\\/es\\\/2018\\\/02\\\/arte-y-educacion-emocional-en-el-proyecto-mare\\\/#primaryimage\",\"url\":\"https:\\\/\\\/www.itakaescolapios.org\\\/wp-content\\\/uploads\\\/2018\\\/02\\\/WhatsApp-Image-2018-02-06-at-18.47.38.jpeg\",\"contentUrl\":\"https:\\\/\\\/www.itakaescolapios.org\\\/wp-content\\\/uploads\\\/2018\\\/02\\\/WhatsApp-Image-2018-02-06-at-18.47.38.jpeg\",\"width\":1125,\"height\":1500},{\"@type\":\"BreadcrumbList\",\"@id\":\"https:\\\/\\\/www.itakaescolapios.org\\\/es\\\/2018\\\/02\\\/arte-y-educacion-emocional-en-el-proyecto-mare\\\/#breadcrumb\",\"itemListElement\":[{\"@type\":\"ListItem\",\"position\":1,\"name\":\"Portada\",\"item\":\"https:\\\/\\\/www.itakaescolapios.org\\\/es\\\/\"},{\"@type\":\"ListItem\",\"position\":2,\"name\":\"ARTE Y EDUCACI\u00d3N EMOCIONAL EN EL PROYECTO MARE\"}]},{\"@type\":\"WebSite\",\"@id\":\"https:\\\/\\\/www.itakaescolapios.org\\\/es\\\/#website\",\"url\":\"https:\\\/\\\/www.itakaescolapios.org\\\/es\\\/\",\"name\":\"Itaka-Escolapios\",\"description\":\"Red de Itaka-Escolapios\",\"publisher\":{\"@id\":\"https:\\\/\\\/www.itakaescolapios.org\\\/es\\\/#organization\"},\"potentialAction\":[{\"@type\":\"SearchAction\",\"target\":{\"@type\":\"EntryPoint\",\"urlTemplate\":\"https:\\\/\\\/www.itakaescolapios.org\\\/es\\\/?s={search_term_string}\"},\"query-input\":{\"@type\":\"PropertyValueSpecification\",\"valueRequired\":true,\"valueName\":\"search_term_string\"}}],\"inLanguage\":\"es\"},{\"@type\":\"Organization\",\"@id\":\"https:\\\/\\\/www.itakaescolapios.org\\\/es\\\/#organization\",\"name\":\"Fundaci\u00f3 Itaka-Escolapios\",\"url\":\"https:\\\/\\\/www.itakaescolapios.org\\\/es\\\/\",\"logo\":{\"@type\":\"ImageObject\",\"inLanguage\":\"es\",\"@id\":\"https:\\\/\\\/www.itakaescolapios.org\\\/es\\\/#\\\/schema\\\/logo\\\/image\\\/\",\"url\":\"https:\\\/\\\/www.itakaescolapios.org\\\/wp-content\\\/uploads\\\/2024\\\/04\\\/Logo-itakaescolapios-peque.png\",\"contentUrl\":\"https:\\\/\\\/www.itakaescolapios.org\\\/wp-content\\\/uploads\\\/2024\\\/04\\\/Logo-itakaescolapios-peque.png\",\"width\":500,\"height\":199,\"caption\":\"Fundaci\u00f3 Itaka-Escolapios\"},\"image\":{\"@id\":\"https:\\\/\\\/www.itakaescolapios.org\\\/es\\\/#\\\/schema\\\/logo\\\/image\\\/\"}},{\"@type\":\"Person\",\"@id\":\"https:\\\/\\\/www.itakaescolapios.org\\\/es\\\/#\\\/schema\\\/person\\\/c232ccaa2b3f2e98db93c1f8dfca96ff\",\"name\":\"valencia01\",\"url\":\"https:\\\/\\\/www.itakaescolapios.org\\\/es\\\/author\\\/valencia01\\\/\"}]}<\/script>\n<!-- \/ Yoast SEO plugin. -->","yoast_head_json":{"title":"ARTE Y EDUCACI\u00d3N EMOCIONAL EN EL PROYECTO MARE - Itaka-Escolapios","robots":{"index":"index","follow":"follow","max-snippet":"max-snippet:-1","max-image-preview":"max-image-preview:large","max-video-preview":"max-video-preview:-1"},"canonical":"https:\/\/www.itakaescolapios.org\/es\/2018\/02\/arte-y-educacion-emocional-en-el-proyecto-mare\/","og_locale":"es_ES","og_type":"article","og_title":"ARTE Y EDUCACI\u00d3N EMOCIONAL EN EL PROYECTO MARE - Itaka-Escolapios","og_description":"El proyecto Mare de Valencia ofrece este curso una nueva propuesta para los ni\u00f1os y ni\u00f1as: Un taller de expresi\u00f3n art\u00edstica que se combina con educaci\u00f3n emocional, y que se [&hellip;]","og_url":"https:\/\/www.itakaescolapios.org\/es\/2018\/02\/arte-y-educacion-emocional-en-el-proyecto-mare\/","og_site_name":"Itaka-Escolapios","article_published_time":"2018-02-07T11:28:17+00:00","article_modified_time":"2023-11-28T11:37:38+00:00","og_image":[{"width":1125,"height":1500,"url":"https:\/\/www.itakaescolapios.org\/wp-content\/uploads\/2018\/02\/WhatsApp-Image-2018-02-06-at-18.47.38.jpeg","type":"image\/jpeg"}],"author":"valencia01","twitter_card":"summary_large_image","twitter_misc":{"Escrito por":"valencia01","Tiempo de lectura":"1 minuto"},"schema":{"@context":"https:\/\/schema.org","@graph":[{"@type":"Article","@id":"https:\/\/www.itakaescolapios.org\/es\/2018\/02\/arte-y-educacion-emocional-en-el-proyecto-mare\/#article","isPartOf":{"@id":"https:\/\/www.itakaescolapios.org\/es\/2018\/02\/arte-y-educacion-emocional-en-el-proyecto-mare\/"},"author":{"name":"valencia01","@id":"https:\/\/www.itakaescolapios.org\/es\/#\/schema\/person\/c232ccaa2b3f2e98db93c1f8dfca96ff"},"headline":"ARTE Y EDUCACI\u00d3N EMOCIONAL EN EL PROYECTO MARE","datePublished":"2018-02-07T11:28:17+00:00","dateModified":"2023-11-28T11:37:38+00:00","mainEntityOfPage":{"@id":"https:\/\/www.itakaescolapios.org\/es\/2018\/02\/arte-y-educacion-emocional-en-el-proyecto-mare\/"},"wordCount":239,"publisher":{"@id":"https:\/\/www.itakaescolapios.org\/es\/#organization"},"image":{"@id":"https:\/\/www.itakaescolapios.org\/es\/2018\/02\/arte-y-educacion-emocional-en-el-proyecto-mare\/#primaryimage"},"thumbnailUrl":"https:\/\/www.itakaescolapios.org\/wp-content\/uploads\/2018\/02\/WhatsApp-Image-2018-02-06-at-18.47.38.jpeg","keywords":["Educaci\u00f3 Emocional","Expresi\u00f3n art\u00edstica","Malvarroa","Mare","Proyecto Mare","Valencia"],"articleSection":["Valencia"],"inLanguage":"es"},{"@type":"WebPage","@id":"https:\/\/www.itakaescolapios.org\/es\/2018\/02\/arte-y-educacion-emocional-en-el-proyecto-mare\/","url":"https:\/\/www.itakaescolapios.org\/es\/2018\/02\/arte-y-educacion-emocional-en-el-proyecto-mare\/","name":"ARTE Y EDUCACI\u00d3N EMOCIONAL EN EL PROYECTO MARE - Itaka-Escolapios","isPartOf":{"@id":"https:\/\/www.itakaescolapios.org\/es\/#website"},"primaryImageOfPage":{"@id":"https:\/\/www.itakaescolapios.org\/es\/2018\/02\/arte-y-educacion-emocional-en-el-proyecto-mare\/#primaryimage"},"image":{"@id":"https:\/\/www.itakaescolapios.org\/es\/2018\/02\/arte-y-educacion-emocional-en-el-proyecto-mare\/#primaryimage"},"thumbnailUrl":"https:\/\/www.itakaescolapios.org\/wp-content\/uploads\/2018\/02\/WhatsApp-Image-2018-02-06-at-18.47.38.jpeg","datePublished":"2018-02-07T11:28:17+00:00","dateModified":"2023-11-28T11:37:38+00:00","breadcrumb":{"@id":"https:\/\/www.itakaescolapios.org\/es\/2018\/02\/arte-y-educacion-emocional-en-el-proyecto-mare\/#breadcrumb"},"inLanguage":"es","potentialAction":[{"@type":"ReadAction","target":["https:\/\/www.itakaescolapios.org\/es\/2018\/02\/arte-y-educacion-emocional-en-el-proyecto-mare\/"]}]},{"@type":"ImageObject","inLanguage":"es","@id":"https:\/\/www.itakaescolapios.org\/es\/2018\/02\/arte-y-educacion-emocional-en-el-proyecto-mare\/#primaryimage","url":"https:\/\/www.itakaescolapios.org\/wp-content\/uploads\/2018\/02\/WhatsApp-Image-2018-02-06-at-18.47.38.jpeg","contentUrl":"https:\/\/www.itakaescolapios.org\/wp-content\/uploads\/2018\/02\/WhatsApp-Image-2018-02-06-at-18.47.38.jpeg","width":1125,"height":1500},{"@type":"BreadcrumbList","@id":"https:\/\/www.itakaescolapios.org\/es\/2018\/02\/arte-y-educacion-emocional-en-el-proyecto-mare\/#breadcrumb","itemListElement":[{"@type":"ListItem","position":1,"name":"Portada","item":"https:\/\/www.itakaescolapios.org\/es\/"},{"@type":"ListItem","position":2,"name":"ARTE Y EDUCACI\u00d3N EMOCIONAL EN EL PROYECTO MARE"}]},{"@type":"WebSite","@id":"https:\/\/www.itakaescolapios.org\/es\/#website","url":"https:\/\/www.itakaescolapios.org\/es\/","name":"Itaka-Escolapios","description":"Red de Itaka-Escolapios","publisher":{"@id":"https:\/\/www.itakaescolapios.org\/es\/#organization"},"potentialAction":[{"@type":"SearchAction","target":{"@type":"EntryPoint","urlTemplate":"https:\/\/www.itakaescolapios.org\/es\/?s={search_term_string}"},"query-input":{"@type":"PropertyValueSpecification","valueRequired":true,"valueName":"search_term_string"}}],"inLanguage":"es"},{"@type":"Organization","@id":"https:\/\/www.itakaescolapios.org\/es\/#organization","name":"Fundaci\u00f3 Itaka-Escolapios","url":"https:\/\/www.itakaescolapios.org\/es\/","logo":{"@type":"ImageObject","inLanguage":"es","@id":"https:\/\/www.itakaescolapios.org\/es\/#\/schema\/logo\/image\/","url":"https:\/\/www.itakaescolapios.org\/wp-content\/uploads\/2024\/04\/Logo-itakaescolapios-peque.png","contentUrl":"https:\/\/www.itakaescolapios.org\/wp-content\/uploads\/2024\/04\/Logo-itakaescolapios-peque.png","width":500,"height":199,"caption":"Fundaci\u00f3 Itaka-Escolapios"},"image":{"@id":"https:\/\/www.itakaescolapios.org\/es\/#\/schema\/logo\/image\/"}},{"@type":"Person","@id":"https:\/\/www.itakaescolapios.org\/es\/#\/schema\/person\/c232ccaa2b3f2e98db93c1f8dfca96ff","name":"valencia01","url":"https:\/\/www.itakaescolapios.org\/es\/author\/valencia01\/"}]}},"_links":{"self":[{"href":"https:\/\/www.itakaescolapios.org\/es\/wp-json\/wp\/v2\/posts\/21999","targetHints":{"allow":["GET"]}}],"collection":[{"href":"https:\/\/www.itakaescolapios.org\/es\/wp-json\/wp\/v2\/posts"}],"about":[{"href":"https:\/\/www.itakaescolapios.org\/es\/wp-json\/wp\/v2\/types\/post"}],"author":[{"embeddable":true,"href":"https:\/\/www.itakaescolapios.org\/es\/wp-json\/wp\/v2\/users\/39"}],"replies":[{"embeddable":true,"href":"https:\/\/www.itakaescolapios.org\/es\/wp-json\/wp\/v2\/comments?post=21999"}],"version-history":[{"count":5,"href":"https:\/\/www.itakaescolapios.org\/es\/wp-json\/wp\/v2\/posts\/21999\/revisions"}],"predecessor-version":[{"id":47033,"href":"https:\/\/www.itakaescolapios.org\/es\/wp-json\/wp\/v2\/posts\/21999\/revisions\/47033"}],"wp:featuredmedia":[{"embeddable":true,"href":"https:\/\/www.itakaescolapios.org\/es\/wp-json\/wp\/v2\/media\/22002"}],"wp:attachment":[{"href":"https:\/\/www.itakaescolapios.org\/es\/wp-json\/wp\/v2\/media?parent=21999"}],"wp:term":[{"taxonomy":"category","embeddable":true,"href":"https:\/\/www.itakaescolapios.org\/es\/wp-json\/wp\/v2\/categories?post=21999"},{"taxonomy":"post_tag","embeddable":true,"href":"https:\/\/www.itakaescolapios.org\/es\/wp-json\/wp\/v2\/tags?post=21999"}],"curies":[{"name":"wp","href":"https:\/\/api.w.org\/{rel}","templated":true}]}}