{"id":22860,"date":"2018-04-27T17:30:16","date_gmt":"2018-04-27T16:30:16","guid":{"rendered":"https:\/\/www.itakaescolapios.org\/?p=22860"},"modified":"2023-11-28T12:37:30","modified_gmt":"2023-11-28T11:37:30","slug":"portugues-apadrinhamento-afetivo","status":"publish","type":"post","link":"https:\/\/www.itakaescolapios.org\/es\/2018\/04\/portugues-apadrinhamento-afetivo\/","title":{"rendered":"APADRINAMIENTO AFECTIVO"},"content":{"rendered":"<p>La Obras Social Itaka &#8211; Escolapios promovi\u00f3 en este martes, 24 de abril, un taller para presentar el Programa de Casas Lar (Hogar) u aclarar el Proyecto Apadrinamiento Afectivo, que es una alternativa para que los ni\u00f1os y adolescentes tengan la oportunidad de vivir una din\u00e1mica familiar saludable, proporcionando momentos de diversi\u00f3n, de transmisi\u00f3n de valores y principios humanos con reglas y l\u00edmites de forma asertiva. Los ni\u00f1os que pueden ser apadrinados tienen cssi siempre m\u00e1s de diez a\u00f1os y, por ello, oportunidades remotas de adopci\u00f3n. Este momento cont\u00f3 con la presencia de los educadores de la Escuelas P. Jos\u00e9 Luis Tadeo, fortaleciendo as\u00ed el convenio de trabajo desarrollado.<\/p>\n","protected":false},"excerpt":{"rendered":"<p>La Obras Social Itaka &#8211; Escolapios promovi\u00f3 en este martes, 24 de abril, un taller para presentar el Programa de Casas Lar (Hogar) u aclarar el Proyecto Apadrinamiento Afectivo, que [&hellip;]<\/p>\n","protected":false},"author":11,"featured_media":22861,"comment_status":"closed","ping_status":"closed","sticky":false,"template":"","format":"standard","meta":{"_et_pb_use_builder":"","_et_pb_old_content":"","_et_gb_content_width":"","footnotes":""},"categories":[16],"tags":[],"class_list":["post-22860","post","type-post","status-publish","format-standard","has-post-thumbnail","hentry","category-governador-valadares"],"yoast_head":"<!-- This site is optimized with the Yoast SEO plugin v27.4 - https:\/\/yoast.com\/product\/yoast-seo-wordpress\/ -->\n<title>APADRINAMIENTO AFECTIVO - Itaka-Escolapios<\/title>\n<meta name=\"robots\" content=\"index, follow, max-snippet:-1, max-image-preview:large, max-video-preview:-1\" \/>\n<link rel=\"canonical\" href=\"https:\/\/www.itakaescolapios.org\/es\/2018\/04\/portugues-apadrinhamento-afetivo\/\" \/>\n<meta property=\"og:locale\" content=\"es_ES\" \/>\n<meta property=\"og:type\" content=\"article\" \/>\n<meta property=\"og:title\" content=\"APADRINAMIENTO AFECTIVO - Itaka-Escolapios\" \/>\n<meta property=\"og:description\" content=\"La Obras Social Itaka &#8211; Escolapios promovi\u00f3 en este martes, 24 de abril, un taller para presentar el Programa de Casas Lar (Hogar) u aclarar el Proyecto Apadrinamiento Afectivo, que [&hellip;]\" \/>\n<meta property=\"og:url\" content=\"https:\/\/www.itakaescolapios.org\/es\/2018\/04\/portugues-apadrinhamento-afetivo\/\" \/>\n<meta property=\"og:site_name\" content=\"Itaka-Escolapios\" \/>\n<meta property=\"article:published_time\" content=\"2018-04-27T16:30:16+00:00\" \/>\n<meta property=\"article:modified_time\" content=\"2023-11-28T11:37:30+00:00\" \/>\n<meta property=\"og:image\" content=\"https:\/\/www.itakaescolapios.org\/wp-content\/uploads\/2018\/04\/Imagem2.png\" \/>\n\t<meta property=\"og:image:width\" content=\"1510\" \/>\n\t<meta property=\"og:image:height\" content=\"1157\" \/>\n\t<meta property=\"og:image:type\" content=\"image\/png\" \/>\n<meta name=\"author\" content=\"brasil03\" \/>\n<meta name=\"twitter:card\" content=\"summary_large_image\" \/>\n<meta name=\"twitter:label1\" content=\"Escrito por\" \/>\n\t<meta name=\"twitter:data1\" content=\"brasil03\" \/>\n\t<meta name=\"twitter:label2\" content=\"Tiempo de lectura\" \/>\n\t<meta name=\"twitter:data2\" content=\"1 minuto\" \/>\n<script type=\"application\/ld+json\" class=\"yoast-schema-graph\">{\"@context\":\"https:\\\/\\\/schema.org\",\"@graph\":[{\"@type\":\"Article\",\"@id\":\"https:\\\/\\\/www.itakaescolapios.org\\\/es\\\/2018\\\/04\\\/portugues-apadrinhamento-afetivo\\\/#article\",\"isPartOf\":{\"@id\":\"https:\\\/\\\/www.itakaescolapios.org\\\/es\\\/2018\\\/04\\\/portugues-apadrinhamento-afetivo\\\/\"},\"author\":{\"name\":\"brasil03\",\"@id\":\"https:\\\/\\\/www.itakaescolapios.org\\\/es\\\/#\\\/schema\\\/person\\\/9c761c62049293fc36e6c91e429de3d5\"},\"headline\":\"APADRINAMIENTO AFECTIVO\",\"datePublished\":\"2018-04-27T16:30:16+00:00\",\"dateModified\":\"2023-11-28T11:37:30+00:00\",\"mainEntityOfPage\":{\"@id\":\"https:\\\/\\\/www.itakaescolapios.org\\\/es\\\/2018\\\/04\\\/portugues-apadrinhamento-afetivo\\\/\"},\"wordCount\":119,\"publisher\":{\"@id\":\"https:\\\/\\\/www.itakaescolapios.org\\\/es\\\/#organization\"},\"image\":{\"@id\":\"https:\\\/\\\/www.itakaescolapios.org\\\/es\\\/2018\\\/04\\\/portugues-apadrinhamento-afetivo\\\/#primaryimage\"},\"thumbnailUrl\":\"https:\\\/\\\/www.itakaescolapios.org\\\/wp-content\\\/uploads\\\/2018\\\/04\\\/Imagem2.png\",\"articleSection\":[\"Governador Valadares\"],\"inLanguage\":\"es\"},{\"@type\":\"WebPage\",\"@id\":\"https:\\\/\\\/www.itakaescolapios.org\\\/es\\\/2018\\\/04\\\/portugues-apadrinhamento-afetivo\\\/\",\"url\":\"https:\\\/\\\/www.itakaescolapios.org\\\/es\\\/2018\\\/04\\\/portugues-apadrinhamento-afetivo\\\/\",\"name\":\"APADRINAMIENTO AFECTIVO - Itaka-Escolapios\",\"isPartOf\":{\"@id\":\"https:\\\/\\\/www.itakaescolapios.org\\\/es\\\/#website\"},\"primaryImageOfPage\":{\"@id\":\"https:\\\/\\\/www.itakaescolapios.org\\\/es\\\/2018\\\/04\\\/portugues-apadrinhamento-afetivo\\\/#primaryimage\"},\"image\":{\"@id\":\"https:\\\/\\\/www.itakaescolapios.org\\\/es\\\/2018\\\/04\\\/portugues-apadrinhamento-afetivo\\\/#primaryimage\"},\"thumbnailUrl\":\"https:\\\/\\\/www.itakaescolapios.org\\\/wp-content\\\/uploads\\\/2018\\\/04\\\/Imagem2.png\",\"datePublished\":\"2018-04-27T16:30:16+00:00\",\"dateModified\":\"2023-11-28T11:37:30+00:00\",\"breadcrumb\":{\"@id\":\"https:\\\/\\\/www.itakaescolapios.org\\\/es\\\/2018\\\/04\\\/portugues-apadrinhamento-afetivo\\\/#breadcrumb\"},\"inLanguage\":\"es\",\"potentialAction\":[{\"@type\":\"ReadAction\",\"target\":[\"https:\\\/\\\/www.itakaescolapios.org\\\/es\\\/2018\\\/04\\\/portugues-apadrinhamento-afetivo\\\/\"]}]},{\"@type\":\"ImageObject\",\"inLanguage\":\"es\",\"@id\":\"https:\\\/\\\/www.itakaescolapios.org\\\/es\\\/2018\\\/04\\\/portugues-apadrinhamento-afetivo\\\/#primaryimage\",\"url\":\"https:\\\/\\\/www.itakaescolapios.org\\\/wp-content\\\/uploads\\\/2018\\\/04\\\/Imagem2.png\",\"contentUrl\":\"https:\\\/\\\/www.itakaescolapios.org\\\/wp-content\\\/uploads\\\/2018\\\/04\\\/Imagem2.png\",\"width\":1510,\"height\":1157},{\"@type\":\"BreadcrumbList\",\"@id\":\"https:\\\/\\\/www.itakaescolapios.org\\\/es\\\/2018\\\/04\\\/portugues-apadrinhamento-afetivo\\\/#breadcrumb\",\"itemListElement\":[{\"@type\":\"ListItem\",\"position\":1,\"name\":\"Portada\",\"item\":\"https:\\\/\\\/www.itakaescolapios.org\\\/es\\\/\"},{\"@type\":\"ListItem\",\"position\":2,\"name\":\"APADRINAMIENTO AFECTIVO\"}]},{\"@type\":\"WebSite\",\"@id\":\"https:\\\/\\\/www.itakaescolapios.org\\\/es\\\/#website\",\"url\":\"https:\\\/\\\/www.itakaescolapios.org\\\/es\\\/\",\"name\":\"Itaka-Escolapios\",\"description\":\"Red de Itaka-Escolapios\",\"publisher\":{\"@id\":\"https:\\\/\\\/www.itakaescolapios.org\\\/es\\\/#organization\"},\"potentialAction\":[{\"@type\":\"SearchAction\",\"target\":{\"@type\":\"EntryPoint\",\"urlTemplate\":\"https:\\\/\\\/www.itakaescolapios.org\\\/es\\\/?s={search_term_string}\"},\"query-input\":{\"@type\":\"PropertyValueSpecification\",\"valueRequired\":true,\"valueName\":\"search_term_string\"}}],\"inLanguage\":\"es\"},{\"@type\":\"Organization\",\"@id\":\"https:\\\/\\\/www.itakaescolapios.org\\\/es\\\/#organization\",\"name\":\"Fundaci\u00f3 Itaka-Escolapios\",\"url\":\"https:\\\/\\\/www.itakaescolapios.org\\\/es\\\/\",\"logo\":{\"@type\":\"ImageObject\",\"inLanguage\":\"es\",\"@id\":\"https:\\\/\\\/www.itakaescolapios.org\\\/es\\\/#\\\/schema\\\/logo\\\/image\\\/\",\"url\":\"https:\\\/\\\/www.itakaescolapios.org\\\/wp-content\\\/uploads\\\/2024\\\/04\\\/Logo-itakaescolapios-peque.png\",\"contentUrl\":\"https:\\\/\\\/www.itakaescolapios.org\\\/wp-content\\\/uploads\\\/2024\\\/04\\\/Logo-itakaescolapios-peque.png\",\"width\":500,\"height\":199,\"caption\":\"Fundaci\u00f3 Itaka-Escolapios\"},\"image\":{\"@id\":\"https:\\\/\\\/www.itakaescolapios.org\\\/es\\\/#\\\/schema\\\/logo\\\/image\\\/\"}},{\"@type\":\"Person\",\"@id\":\"https:\\\/\\\/www.itakaescolapios.org\\\/es\\\/#\\\/schema\\\/person\\\/9c761c62049293fc36e6c91e429de3d5\",\"name\":\"brasil03\",\"url\":\"https:\\\/\\\/www.itakaescolapios.org\\\/es\\\/author\\\/brasil03\\\/\"}]}<\/script>\n<!-- \/ Yoast SEO plugin. -->","yoast_head_json":{"title":"APADRINAMIENTO AFECTIVO - Itaka-Escolapios","robots":{"index":"index","follow":"follow","max-snippet":"max-snippet:-1","max-image-preview":"max-image-preview:large","max-video-preview":"max-video-preview:-1"},"canonical":"https:\/\/www.itakaescolapios.org\/es\/2018\/04\/portugues-apadrinhamento-afetivo\/","og_locale":"es_ES","og_type":"article","og_title":"APADRINAMIENTO AFECTIVO - Itaka-Escolapios","og_description":"La Obras Social Itaka &#8211; Escolapios promovi\u00f3 en este martes, 24 de abril, un taller para presentar el Programa de Casas Lar (Hogar) u aclarar el Proyecto Apadrinamiento Afectivo, que [&hellip;]","og_url":"https:\/\/www.itakaescolapios.org\/es\/2018\/04\/portugues-apadrinhamento-afetivo\/","og_site_name":"Itaka-Escolapios","article_published_time":"2018-04-27T16:30:16+00:00","article_modified_time":"2023-11-28T11:37:30+00:00","og_image":[{"width":1510,"height":1157,"url":"https:\/\/www.itakaescolapios.org\/wp-content\/uploads\/2018\/04\/Imagem2.png","type":"image\/png"}],"author":"brasil03","twitter_card":"summary_large_image","twitter_misc":{"Escrito por":"brasil03","Tiempo de lectura":"1 minuto"},"schema":{"@context":"https:\/\/schema.org","@graph":[{"@type":"Article","@id":"https:\/\/www.itakaescolapios.org\/es\/2018\/04\/portugues-apadrinhamento-afetivo\/#article","isPartOf":{"@id":"https:\/\/www.itakaescolapios.org\/es\/2018\/04\/portugues-apadrinhamento-afetivo\/"},"author":{"name":"brasil03","@id":"https:\/\/www.itakaescolapios.org\/es\/#\/schema\/person\/9c761c62049293fc36e6c91e429de3d5"},"headline":"APADRINAMIENTO AFECTIVO","datePublished":"2018-04-27T16:30:16+00:00","dateModified":"2023-11-28T11:37:30+00:00","mainEntityOfPage":{"@id":"https:\/\/www.itakaescolapios.org\/es\/2018\/04\/portugues-apadrinhamento-afetivo\/"},"wordCount":119,"publisher":{"@id":"https:\/\/www.itakaescolapios.org\/es\/#organization"},"image":{"@id":"https:\/\/www.itakaescolapios.org\/es\/2018\/04\/portugues-apadrinhamento-afetivo\/#primaryimage"},"thumbnailUrl":"https:\/\/www.itakaescolapios.org\/wp-content\/uploads\/2018\/04\/Imagem2.png","articleSection":["Governador Valadares"],"inLanguage":"es"},{"@type":"WebPage","@id":"https:\/\/www.itakaescolapios.org\/es\/2018\/04\/portugues-apadrinhamento-afetivo\/","url":"https:\/\/www.itakaescolapios.org\/es\/2018\/04\/portugues-apadrinhamento-afetivo\/","name":"APADRINAMIENTO AFECTIVO - Itaka-Escolapios","isPartOf":{"@id":"https:\/\/www.itakaescolapios.org\/es\/#website"},"primaryImageOfPage":{"@id":"https:\/\/www.itakaescolapios.org\/es\/2018\/04\/portugues-apadrinhamento-afetivo\/#primaryimage"},"image":{"@id":"https:\/\/www.itakaescolapios.org\/es\/2018\/04\/portugues-apadrinhamento-afetivo\/#primaryimage"},"thumbnailUrl":"https:\/\/www.itakaescolapios.org\/wp-content\/uploads\/2018\/04\/Imagem2.png","datePublished":"2018-04-27T16:30:16+00:00","dateModified":"2023-11-28T11:37:30+00:00","breadcrumb":{"@id":"https:\/\/www.itakaescolapios.org\/es\/2018\/04\/portugues-apadrinhamento-afetivo\/#breadcrumb"},"inLanguage":"es","potentialAction":[{"@type":"ReadAction","target":["https:\/\/www.itakaescolapios.org\/es\/2018\/04\/portugues-apadrinhamento-afetivo\/"]}]},{"@type":"ImageObject","inLanguage":"es","@id":"https:\/\/www.itakaescolapios.org\/es\/2018\/04\/portugues-apadrinhamento-afetivo\/#primaryimage","url":"https:\/\/www.itakaescolapios.org\/wp-content\/uploads\/2018\/04\/Imagem2.png","contentUrl":"https:\/\/www.itakaescolapios.org\/wp-content\/uploads\/2018\/04\/Imagem2.png","width":1510,"height":1157},{"@type":"BreadcrumbList","@id":"https:\/\/www.itakaescolapios.org\/es\/2018\/04\/portugues-apadrinhamento-afetivo\/#breadcrumb","itemListElement":[{"@type":"ListItem","position":1,"name":"Portada","item":"https:\/\/www.itakaescolapios.org\/es\/"},{"@type":"ListItem","position":2,"name":"APADRINAMIENTO AFECTIVO"}]},{"@type":"WebSite","@id":"https:\/\/www.itakaescolapios.org\/es\/#website","url":"https:\/\/www.itakaescolapios.org\/es\/","name":"Itaka-Escolapios","description":"Red de Itaka-Escolapios","publisher":{"@id":"https:\/\/www.itakaescolapios.org\/es\/#organization"},"potentialAction":[{"@type":"SearchAction","target":{"@type":"EntryPoint","urlTemplate":"https:\/\/www.itakaescolapios.org\/es\/?s={search_term_string}"},"query-input":{"@type":"PropertyValueSpecification","valueRequired":true,"valueName":"search_term_string"}}],"inLanguage":"es"},{"@type":"Organization","@id":"https:\/\/www.itakaescolapios.org\/es\/#organization","name":"Fundaci\u00f3 Itaka-Escolapios","url":"https:\/\/www.itakaescolapios.org\/es\/","logo":{"@type":"ImageObject","inLanguage":"es","@id":"https:\/\/www.itakaescolapios.org\/es\/#\/schema\/logo\/image\/","url":"https:\/\/www.itakaescolapios.org\/wp-content\/uploads\/2024\/04\/Logo-itakaescolapios-peque.png","contentUrl":"https:\/\/www.itakaescolapios.org\/wp-content\/uploads\/2024\/04\/Logo-itakaescolapios-peque.png","width":500,"height":199,"caption":"Fundaci\u00f3 Itaka-Escolapios"},"image":{"@id":"https:\/\/www.itakaescolapios.org\/es\/#\/schema\/logo\/image\/"}},{"@type":"Person","@id":"https:\/\/www.itakaescolapios.org\/es\/#\/schema\/person\/9c761c62049293fc36e6c91e429de3d5","name":"brasil03","url":"https:\/\/www.itakaescolapios.org\/es\/author\/brasil03\/"}]}},"_links":{"self":[{"href":"https:\/\/www.itakaescolapios.org\/es\/wp-json\/wp\/v2\/posts\/22860","targetHints":{"allow":["GET"]}}],"collection":[{"href":"https:\/\/www.itakaescolapios.org\/es\/wp-json\/wp\/v2\/posts"}],"about":[{"href":"https:\/\/www.itakaescolapios.org\/es\/wp-json\/wp\/v2\/types\/post"}],"author":[{"embeddable":true,"href":"https:\/\/www.itakaescolapios.org\/es\/wp-json\/wp\/v2\/users\/11"}],"replies":[{"embeddable":true,"href":"https:\/\/www.itakaescolapios.org\/es\/wp-json\/wp\/v2\/comments?post=22860"}],"version-history":[{"count":6,"href":"https:\/\/www.itakaescolapios.org\/es\/wp-json\/wp\/v2\/posts\/22860\/revisions"}],"predecessor-version":[{"id":46811,"href":"https:\/\/www.itakaescolapios.org\/es\/wp-json\/wp\/v2\/posts\/22860\/revisions\/46811"}],"wp:featuredmedia":[{"embeddable":true,"href":"https:\/\/www.itakaescolapios.org\/es\/wp-json\/wp\/v2\/media\/22861"}],"wp:attachment":[{"href":"https:\/\/www.itakaescolapios.org\/es\/wp-json\/wp\/v2\/media?parent=22860"}],"wp:term":[{"taxonomy":"category","embeddable":true,"href":"https:\/\/www.itakaescolapios.org\/es\/wp-json\/wp\/v2\/categories?post=22860"},{"taxonomy":"post_tag","embeddable":true,"href":"https:\/\/www.itakaescolapios.org\/es\/wp-json\/wp\/v2\/tags?post=22860"}],"curies":[{"name":"wp","href":"https:\/\/api.w.org\/{rel}","templated":true}]}}