{"id":23158,"date":"2018-05-04T10:33:35","date_gmt":"2018-05-04T09:33:35","guid":{"rendered":"https:\/\/www.itakaescolapios.org\/?p=23158"},"modified":"2023-11-28T12:37:28","modified_gmt":"2023-11-28T11:37:28","slug":"curso-de-promocion-del-voluntariado-en-valencia-2","status":"publish","type":"post","link":"https:\/\/www.itakaescolapios.org\/es\/2018\/05\/curso-de-promocion-del-voluntariado-en-valencia-2\/","title":{"rendered":"CURSO DE PROMOCI\u00d3N DEL VOLUNTARIADO EN VALENCIA"},"content":{"rendered":"<p style=\"text-align: justify\">En Valencia ya estamos con la mirada puesta en la experiencia de voluntariado de verano, el Campo de Trabajo 2018. Por eso, en las \u00faltimas semanas hemos celebrado dos sesiones del Curso de Promoci\u00f3n del Voluntariado con chavales de los colegios escolapios de la ciudad, que resume as\u00ed el coordinador del equipo de Formaci\u00f3n de la sede, Javi Manche\u00f1o:<\/p>\n<p style=\"text-align: justify\">\u00ab22 granitos de arena se reunieron los pasados 14 y 21 de Abril en los Cursos de Promoci\u00f3n al Voluntariado (CPV) en el colegio de las Escuelas P\u00edas Malvarrosa. Vinieron buscando respuestas y se encontraron con m\u00e1s preguntas. \u00bfQu\u00e9 es esto del voluntariado? \u00bfEl cuarto mundo? \u00bfExiste aqu\u00ed en Valencia? \u00bfPero c\u00f3mo puede ser? \u00bfEsto lo sabe la gente?<\/p>\n<p style=\"text-align: justify\">Pero sobre todo una pregunta cal\u00f3 hondo entre ellos: \u00bfQu\u00e9 podemos hacer?<\/p>\n<p style=\"text-align: justify\">Y es que el objetivo de estas sesiones es ver la realidad que se esconde detr\u00e1s de telediarios, sociedad, econom\u00eda, palabrer\u00eda, caras desconocidas, publicidad&#8230; y una vez vista \u00a1PAM! \u00a1HAY ALGO QUE SE PUEDE HACER Y HAY QUE DEC\u00cdRSELO A LA GENTE! El voluntariado nace en la mirada de estos granitos de arena como una respuesta casi natural, y tras 5 a\u00f1os haciendo las CPV me sigue sorprendiendo y alegrando de que as\u00ed sea. Tan f\u00e1cil, tan humano.\u00bb<\/p>\n\n\t\t<style type=\"text\/css\">\n\t\t\t#gallery-1 {\n\t\t\t\tmargin: auto;\n\t\t\t}\n\t\t\t#gallery-1 .gallery-item {\n\t\t\t\tfloat: left;\n\t\t\t\tmargin-top: 10px;\n\t\t\t\ttext-align: center;\n\t\t\t\twidth: 25%;\n\t\t\t}\n\t\t\t#gallery-1 img {\n\t\t\t\tborder: 2px solid #cfcfcf;\n\t\t\t}\n\t\t\t#gallery-1 .gallery-caption {\n\t\t\t\tmargin-left: 0;\n\t\t\t}\n\t\t\t\/* see gallery_shortcode() in wp-includes\/media.php *\/\n\t\t<\/style>\n\t\t<div id='gallery-1' class='gallery galleryid-23158 gallery-columns-4 gallery-size-thumbnail'><dl class='gallery-item'>\n\t\t\t<dt class='gallery-icon landscape'>\n\t\t\t\t<img decoding=\"async\" width=\"90\" height=\"90\" src=\"https:\/\/www.itakaescolapios.org\/wp-content\/uploads\/2018\/05\/IMG_20180414_130626-90x90.jpg\" class=\"attachment-thumbnail size-thumbnail\" alt=\"\" \/>\n\t\t\t<\/dt><\/dl><dl class='gallery-item'>\n\t\t\t<dt class='gallery-icon landscape'>\n\t\t\t\t<img decoding=\"async\" width=\"90\" height=\"90\" src=\"https:\/\/www.itakaescolapios.org\/wp-content\/uploads\/2018\/05\/IMG_20180414_130658-90x90.jpg\" class=\"attachment-thumbnail size-thumbnail\" alt=\"\" \/>\n\t\t\t<\/dt><\/dl><dl class='gallery-item'>\n\t\t\t<dt class='gallery-icon landscape'>\n\t\t\t\t<img decoding=\"async\" width=\"90\" height=\"90\" src=\"https:\/\/www.itakaescolapios.org\/wp-content\/uploads\/2018\/05\/IMG_20180421_101202-90x90.jpg\" class=\"attachment-thumbnail size-thumbnail\" alt=\"\" \/>\n\t\t\t<\/dt><\/dl><dl class='gallery-item'>\n\t\t\t<dt class='gallery-icon landscape'>\n\t\t\t\t<img decoding=\"async\" width=\"90\" height=\"90\" src=\"https:\/\/www.itakaescolapios.org\/wp-content\/uploads\/2018\/05\/IMG_20180421_101255-90x90.jpg\" class=\"attachment-thumbnail size-thumbnail\" alt=\"\" \/>\n\t\t\t<\/dt><\/dl><br style=\"clear: both\" \/><dl class='gallery-item'>\n\t\t\t<dt class='gallery-icon landscape'>\n\t\t\t\t<img decoding=\"async\" width=\"90\" height=\"90\" src=\"https:\/\/www.itakaescolapios.org\/wp-content\/uploads\/2018\/05\/IMG_20180421_102058-90x90.jpg\" class=\"attachment-thumbnail size-thumbnail\" alt=\"\" \/>\n\t\t\t<\/dt><\/dl><dl class='gallery-item'>\n\t\t\t<dt class='gallery-icon landscape'>\n\t\t\t\t<img decoding=\"async\" width=\"90\" height=\"90\" src=\"https:\/\/www.itakaescolapios.org\/wp-content\/uploads\/2018\/05\/IMG-20180421-WA0034-90x90.jpg\" class=\"attachment-thumbnail size-thumbnail\" alt=\"\" \/>\n\t\t\t<\/dt><\/dl><dl class='gallery-item'>\n\t\t\t<dt class='gallery-icon landscape'>\n\t\t\t\t<img decoding=\"async\" width=\"90\" height=\"90\" src=\"https:\/\/www.itakaescolapios.org\/wp-content\/uploads\/2018\/05\/IMG_20180421_112904-90x90.jpg\" class=\"attachment-thumbnail size-thumbnail\" alt=\"\" \/>\n\t\t\t<\/dt><\/dl>\n\t\t\t<br style='clear: both' \/>\n\t\t<\/div>\n\n","protected":false},"excerpt":{"rendered":"<p>En Valencia ya estamos con la mirada puesta en la experiencia de voluntariado de verano, el Campo de Trabajo 2018. Por eso, en las \u00faltimas semanas hemos celebrado dos sesiones [&hellip;]<\/p>\n","protected":false},"author":39,"featured_media":23161,"comment_status":"closed","ping_status":"closed","sticky":false,"template":"","format":"standard","meta":{"_et_pb_use_builder":"","_et_pb_old_content":"","_et_gb_content_width":"","footnotes":""},"categories":[12],"tags":[159,169,329,72,411,142,154],"class_list":["post-23158","post","type-post","status-publish","format-standard","has-post-thumbnail","hentry","category-valencia","tag-campo-de-trabajo","tag-cpv","tag-ct18","tag-formacion","tag-valencia","tag-voluntariado","tag-voluntarios"],"yoast_head":"<!-- This site is optimized with the Yoast SEO plugin v27.4 - https:\/\/yoast.com\/product\/yoast-seo-wordpress\/ -->\n<title>CURSO DE PROMOCI\u00d3N DEL VOLUNTARIADO EN VALENCIA - Itaka-Escolapios<\/title>\n<meta name=\"robots\" content=\"index, follow, max-snippet:-1, max-image-preview:large, max-video-preview:-1\" \/>\n<link rel=\"canonical\" href=\"https:\/\/www.itakaescolapios.org\/es\/2018\/05\/curso-de-promocion-del-voluntariado-en-valencia-2\/\" \/>\n<meta property=\"og:locale\" content=\"es_ES\" \/>\n<meta property=\"og:type\" content=\"article\" \/>\n<meta property=\"og:title\" content=\"CURSO DE PROMOCI\u00d3N DEL VOLUNTARIADO EN VALENCIA - Itaka-Escolapios\" \/>\n<meta property=\"og:description\" content=\"En Valencia ya estamos con la mirada puesta en la experiencia de voluntariado de verano, el Campo de Trabajo 2018. Por eso, en las \u00faltimas semanas hemos celebrado dos sesiones [&hellip;]\" \/>\n<meta property=\"og:url\" content=\"https:\/\/www.itakaescolapios.org\/es\/2018\/05\/curso-de-promocion-del-voluntariado-en-valencia-2\/\" \/>\n<meta property=\"og:site_name\" content=\"Itaka-Escolapios\" \/>\n<meta property=\"article:published_time\" content=\"2018-05-04T09:33:35+00:00\" \/>\n<meta property=\"article:modified_time\" content=\"2023-11-28T11:37:28+00:00\" \/>\n<meta property=\"og:image\" content=\"https:\/\/www.itakaescolapios.org\/wp-content\/uploads\/2018\/05\/IMG_20180414_131139.jpg\" \/>\n\t<meta property=\"og:image:width\" content=\"2000\" \/>\n\t<meta property=\"og:image:height\" content=\"1123\" \/>\n\t<meta property=\"og:image:type\" content=\"image\/jpeg\" \/>\n<meta name=\"author\" content=\"valencia01\" \/>\n<meta name=\"twitter:card\" content=\"summary_large_image\" \/>\n<meta name=\"twitter:label1\" content=\"Escrito por\" \/>\n\t<meta name=\"twitter:data1\" content=\"valencia01\" \/>\n\t<meta name=\"twitter:label2\" content=\"Tiempo de lectura\" \/>\n\t<meta name=\"twitter:data2\" content=\"1 minuto\" \/>\n<script type=\"application\/ld+json\" class=\"yoast-schema-graph\">{\"@context\":\"https:\\\/\\\/schema.org\",\"@graph\":[{\"@type\":\"Article\",\"@id\":\"https:\\\/\\\/www.itakaescolapios.org\\\/es\\\/2018\\\/05\\\/curso-de-promocion-del-voluntariado-en-valencia-2\\\/#article\",\"isPartOf\":{\"@id\":\"https:\\\/\\\/www.itakaescolapios.org\\\/es\\\/2018\\\/05\\\/curso-de-promocion-del-voluntariado-en-valencia-2\\\/\"},\"author\":{\"name\":\"valencia01\",\"@id\":\"https:\\\/\\\/www.itakaescolapios.org\\\/es\\\/#\\\/schema\\\/person\\\/c232ccaa2b3f2e98db93c1f8dfca96ff\"},\"headline\":\"CURSO DE PROMOCI\u00d3N DEL VOLUNTARIADO EN VALENCIA\",\"datePublished\":\"2018-05-04T09:33:35+00:00\",\"dateModified\":\"2023-11-28T11:37:28+00:00\",\"mainEntityOfPage\":{\"@id\":\"https:\\\/\\\/www.itakaescolapios.org\\\/es\\\/2018\\\/05\\\/curso-de-promocion-del-voluntariado-en-valencia-2\\\/\"},\"wordCount\":229,\"publisher\":{\"@id\":\"https:\\\/\\\/www.itakaescolapios.org\\\/es\\\/#organization\"},\"image\":{\"@id\":\"https:\\\/\\\/www.itakaescolapios.org\\\/es\\\/2018\\\/05\\\/curso-de-promocion-del-voluntariado-en-valencia-2\\\/#primaryimage\"},\"thumbnailUrl\":\"https:\\\/\\\/www.itakaescolapios.org\\\/wp-content\\\/uploads\\\/2018\\\/05\\\/IMG_20180414_131139.jpg\",\"keywords\":[\"Campo de Trabajo\",\"CPV\",\"CT18\",\"formaci\u00f3n\",\"Valencia\",\"voluntariado\",\"voluntarios\"],\"articleSection\":[\"Valencia\"],\"inLanguage\":\"es\"},{\"@type\":\"WebPage\",\"@id\":\"https:\\\/\\\/www.itakaescolapios.org\\\/es\\\/2018\\\/05\\\/curso-de-promocion-del-voluntariado-en-valencia-2\\\/\",\"url\":\"https:\\\/\\\/www.itakaescolapios.org\\\/es\\\/2018\\\/05\\\/curso-de-promocion-del-voluntariado-en-valencia-2\\\/\",\"name\":\"CURSO DE PROMOCI\u00d3N DEL VOLUNTARIADO EN VALENCIA - Itaka-Escolapios\",\"isPartOf\":{\"@id\":\"https:\\\/\\\/www.itakaescolapios.org\\\/es\\\/#website\"},\"primaryImageOfPage\":{\"@id\":\"https:\\\/\\\/www.itakaescolapios.org\\\/es\\\/2018\\\/05\\\/curso-de-promocion-del-voluntariado-en-valencia-2\\\/#primaryimage\"},\"image\":{\"@id\":\"https:\\\/\\\/www.itakaescolapios.org\\\/es\\\/2018\\\/05\\\/curso-de-promocion-del-voluntariado-en-valencia-2\\\/#primaryimage\"},\"thumbnailUrl\":\"https:\\\/\\\/www.itakaescolapios.org\\\/wp-content\\\/uploads\\\/2018\\\/05\\\/IMG_20180414_131139.jpg\",\"datePublished\":\"2018-05-04T09:33:35+00:00\",\"dateModified\":\"2023-11-28T11:37:28+00:00\",\"breadcrumb\":{\"@id\":\"https:\\\/\\\/www.itakaescolapios.org\\\/es\\\/2018\\\/05\\\/curso-de-promocion-del-voluntariado-en-valencia-2\\\/#breadcrumb\"},\"inLanguage\":\"es\",\"potentialAction\":[{\"@type\":\"ReadAction\",\"target\":[\"https:\\\/\\\/www.itakaescolapios.org\\\/es\\\/2018\\\/05\\\/curso-de-promocion-del-voluntariado-en-valencia-2\\\/\"]}]},{\"@type\":\"ImageObject\",\"inLanguage\":\"es\",\"@id\":\"https:\\\/\\\/www.itakaescolapios.org\\\/es\\\/2018\\\/05\\\/curso-de-promocion-del-voluntariado-en-valencia-2\\\/#primaryimage\",\"url\":\"https:\\\/\\\/www.itakaescolapios.org\\\/wp-content\\\/uploads\\\/2018\\\/05\\\/IMG_20180414_131139.jpg\",\"contentUrl\":\"https:\\\/\\\/www.itakaescolapios.org\\\/wp-content\\\/uploads\\\/2018\\\/05\\\/IMG_20180414_131139.jpg\",\"width\":2000,\"height\":1123},{\"@type\":\"BreadcrumbList\",\"@id\":\"https:\\\/\\\/www.itakaescolapios.org\\\/es\\\/2018\\\/05\\\/curso-de-promocion-del-voluntariado-en-valencia-2\\\/#breadcrumb\",\"itemListElement\":[{\"@type\":\"ListItem\",\"position\":1,\"name\":\"Portada\",\"item\":\"https:\\\/\\\/www.itakaescolapios.org\\\/es\\\/\"},{\"@type\":\"ListItem\",\"position\":2,\"name\":\"CURSO DE PROMOCI\u00d3N DEL VOLUNTARIADO EN VALENCIA\"}]},{\"@type\":\"WebSite\",\"@id\":\"https:\\\/\\\/www.itakaescolapios.org\\\/es\\\/#website\",\"url\":\"https:\\\/\\\/www.itakaescolapios.org\\\/es\\\/\",\"name\":\"Itaka-Escolapios\",\"description\":\"Red de Itaka-Escolapios\",\"publisher\":{\"@id\":\"https:\\\/\\\/www.itakaescolapios.org\\\/es\\\/#organization\"},\"potentialAction\":[{\"@type\":\"SearchAction\",\"target\":{\"@type\":\"EntryPoint\",\"urlTemplate\":\"https:\\\/\\\/www.itakaescolapios.org\\\/es\\\/?s={search_term_string}\"},\"query-input\":{\"@type\":\"PropertyValueSpecification\",\"valueRequired\":true,\"valueName\":\"search_term_string\"}}],\"inLanguage\":\"es\"},{\"@type\":\"Organization\",\"@id\":\"https:\\\/\\\/www.itakaescolapios.org\\\/es\\\/#organization\",\"name\":\"Fundaci\u00f3 Itaka-Escolapios\",\"url\":\"https:\\\/\\\/www.itakaescolapios.org\\\/es\\\/\",\"logo\":{\"@type\":\"ImageObject\",\"inLanguage\":\"es\",\"@id\":\"https:\\\/\\\/www.itakaescolapios.org\\\/es\\\/#\\\/schema\\\/logo\\\/image\\\/\",\"url\":\"https:\\\/\\\/www.itakaescolapios.org\\\/wp-content\\\/uploads\\\/2024\\\/04\\\/Logo-itakaescolapios-peque.png\",\"contentUrl\":\"https:\\\/\\\/www.itakaescolapios.org\\\/wp-content\\\/uploads\\\/2024\\\/04\\\/Logo-itakaescolapios-peque.png\",\"width\":500,\"height\":199,\"caption\":\"Fundaci\u00f3 Itaka-Escolapios\"},\"image\":{\"@id\":\"https:\\\/\\\/www.itakaescolapios.org\\\/es\\\/#\\\/schema\\\/logo\\\/image\\\/\"}},{\"@type\":\"Person\",\"@id\":\"https:\\\/\\\/www.itakaescolapios.org\\\/es\\\/#\\\/schema\\\/person\\\/c232ccaa2b3f2e98db93c1f8dfca96ff\",\"name\":\"valencia01\",\"url\":\"https:\\\/\\\/www.itakaescolapios.org\\\/es\\\/author\\\/valencia01\\\/\"}]}<\/script>\n<!-- \/ Yoast SEO plugin. -->","yoast_head_json":{"title":"CURSO DE PROMOCI\u00d3N DEL VOLUNTARIADO EN VALENCIA - Itaka-Escolapios","robots":{"index":"index","follow":"follow","max-snippet":"max-snippet:-1","max-image-preview":"max-image-preview:large","max-video-preview":"max-video-preview:-1"},"canonical":"https:\/\/www.itakaescolapios.org\/es\/2018\/05\/curso-de-promocion-del-voluntariado-en-valencia-2\/","og_locale":"es_ES","og_type":"article","og_title":"CURSO DE PROMOCI\u00d3N DEL VOLUNTARIADO EN VALENCIA - Itaka-Escolapios","og_description":"En Valencia ya estamos con la mirada puesta en la experiencia de voluntariado de verano, el Campo de Trabajo 2018. Por eso, en las \u00faltimas semanas hemos celebrado dos sesiones [&hellip;]","og_url":"https:\/\/www.itakaescolapios.org\/es\/2018\/05\/curso-de-promocion-del-voluntariado-en-valencia-2\/","og_site_name":"Itaka-Escolapios","article_published_time":"2018-05-04T09:33:35+00:00","article_modified_time":"2023-11-28T11:37:28+00:00","og_image":[{"width":2000,"height":1123,"url":"https:\/\/www.itakaescolapios.org\/wp-content\/uploads\/2018\/05\/IMG_20180414_131139.jpg","type":"image\/jpeg"}],"author":"valencia01","twitter_card":"summary_large_image","twitter_misc":{"Escrito por":"valencia01","Tiempo de lectura":"1 minuto"},"schema":{"@context":"https:\/\/schema.org","@graph":[{"@type":"Article","@id":"https:\/\/www.itakaescolapios.org\/es\/2018\/05\/curso-de-promocion-del-voluntariado-en-valencia-2\/#article","isPartOf":{"@id":"https:\/\/www.itakaescolapios.org\/es\/2018\/05\/curso-de-promocion-del-voluntariado-en-valencia-2\/"},"author":{"name":"valencia01","@id":"https:\/\/www.itakaescolapios.org\/es\/#\/schema\/person\/c232ccaa2b3f2e98db93c1f8dfca96ff"},"headline":"CURSO DE PROMOCI\u00d3N DEL VOLUNTARIADO EN VALENCIA","datePublished":"2018-05-04T09:33:35+00:00","dateModified":"2023-11-28T11:37:28+00:00","mainEntityOfPage":{"@id":"https:\/\/www.itakaescolapios.org\/es\/2018\/05\/curso-de-promocion-del-voluntariado-en-valencia-2\/"},"wordCount":229,"publisher":{"@id":"https:\/\/www.itakaescolapios.org\/es\/#organization"},"image":{"@id":"https:\/\/www.itakaescolapios.org\/es\/2018\/05\/curso-de-promocion-del-voluntariado-en-valencia-2\/#primaryimage"},"thumbnailUrl":"https:\/\/www.itakaescolapios.org\/wp-content\/uploads\/2018\/05\/IMG_20180414_131139.jpg","keywords":["Campo de Trabajo","CPV","CT18","formaci\u00f3n","Valencia","voluntariado","voluntarios"],"articleSection":["Valencia"],"inLanguage":"es"},{"@type":"WebPage","@id":"https:\/\/www.itakaescolapios.org\/es\/2018\/05\/curso-de-promocion-del-voluntariado-en-valencia-2\/","url":"https:\/\/www.itakaescolapios.org\/es\/2018\/05\/curso-de-promocion-del-voluntariado-en-valencia-2\/","name":"CURSO DE PROMOCI\u00d3N DEL VOLUNTARIADO EN VALENCIA - Itaka-Escolapios","isPartOf":{"@id":"https:\/\/www.itakaescolapios.org\/es\/#website"},"primaryImageOfPage":{"@id":"https:\/\/www.itakaescolapios.org\/es\/2018\/05\/curso-de-promocion-del-voluntariado-en-valencia-2\/#primaryimage"},"image":{"@id":"https:\/\/www.itakaescolapios.org\/es\/2018\/05\/curso-de-promocion-del-voluntariado-en-valencia-2\/#primaryimage"},"thumbnailUrl":"https:\/\/www.itakaescolapios.org\/wp-content\/uploads\/2018\/05\/IMG_20180414_131139.jpg","datePublished":"2018-05-04T09:33:35+00:00","dateModified":"2023-11-28T11:37:28+00:00","breadcrumb":{"@id":"https:\/\/www.itakaescolapios.org\/es\/2018\/05\/curso-de-promocion-del-voluntariado-en-valencia-2\/#breadcrumb"},"inLanguage":"es","potentialAction":[{"@type":"ReadAction","target":["https:\/\/www.itakaescolapios.org\/es\/2018\/05\/curso-de-promocion-del-voluntariado-en-valencia-2\/"]}]},{"@type":"ImageObject","inLanguage":"es","@id":"https:\/\/www.itakaescolapios.org\/es\/2018\/05\/curso-de-promocion-del-voluntariado-en-valencia-2\/#primaryimage","url":"https:\/\/www.itakaescolapios.org\/wp-content\/uploads\/2018\/05\/IMG_20180414_131139.jpg","contentUrl":"https:\/\/www.itakaescolapios.org\/wp-content\/uploads\/2018\/05\/IMG_20180414_131139.jpg","width":2000,"height":1123},{"@type":"BreadcrumbList","@id":"https:\/\/www.itakaescolapios.org\/es\/2018\/05\/curso-de-promocion-del-voluntariado-en-valencia-2\/#breadcrumb","itemListElement":[{"@type":"ListItem","position":1,"name":"Portada","item":"https:\/\/www.itakaescolapios.org\/es\/"},{"@type":"ListItem","position":2,"name":"CURSO DE PROMOCI\u00d3N DEL VOLUNTARIADO EN VALENCIA"}]},{"@type":"WebSite","@id":"https:\/\/www.itakaescolapios.org\/es\/#website","url":"https:\/\/www.itakaescolapios.org\/es\/","name":"Itaka-Escolapios","description":"Red de Itaka-Escolapios","publisher":{"@id":"https:\/\/www.itakaescolapios.org\/es\/#organization"},"potentialAction":[{"@type":"SearchAction","target":{"@type":"EntryPoint","urlTemplate":"https:\/\/www.itakaescolapios.org\/es\/?s={search_term_string}"},"query-input":{"@type":"PropertyValueSpecification","valueRequired":true,"valueName":"search_term_string"}}],"inLanguage":"es"},{"@type":"Organization","@id":"https:\/\/www.itakaescolapios.org\/es\/#organization","name":"Fundaci\u00f3 Itaka-Escolapios","url":"https:\/\/www.itakaescolapios.org\/es\/","logo":{"@type":"ImageObject","inLanguage":"es","@id":"https:\/\/www.itakaescolapios.org\/es\/#\/schema\/logo\/image\/","url":"https:\/\/www.itakaescolapios.org\/wp-content\/uploads\/2024\/04\/Logo-itakaescolapios-peque.png","contentUrl":"https:\/\/www.itakaescolapios.org\/wp-content\/uploads\/2024\/04\/Logo-itakaescolapios-peque.png","width":500,"height":199,"caption":"Fundaci\u00f3 Itaka-Escolapios"},"image":{"@id":"https:\/\/www.itakaescolapios.org\/es\/#\/schema\/logo\/image\/"}},{"@type":"Person","@id":"https:\/\/www.itakaescolapios.org\/es\/#\/schema\/person\/c232ccaa2b3f2e98db93c1f8dfca96ff","name":"valencia01","url":"https:\/\/www.itakaescolapios.org\/es\/author\/valencia01\/"}]}},"_links":{"self":[{"href":"https:\/\/www.itakaescolapios.org\/es\/wp-json\/wp\/v2\/posts\/23158","targetHints":{"allow":["GET"]}}],"collection":[{"href":"https:\/\/www.itakaescolapios.org\/es\/wp-json\/wp\/v2\/posts"}],"about":[{"href":"https:\/\/www.itakaescolapios.org\/es\/wp-json\/wp\/v2\/types\/post"}],"author":[{"embeddable":true,"href":"https:\/\/www.itakaescolapios.org\/es\/wp-json\/wp\/v2\/users\/39"}],"replies":[{"embeddable":true,"href":"https:\/\/www.itakaescolapios.org\/es\/wp-json\/wp\/v2\/comments?post=23158"}],"version-history":[{"count":4,"href":"https:\/\/www.itakaescolapios.org\/es\/wp-json\/wp\/v2\/posts\/23158\/revisions"}],"predecessor-version":[{"id":46764,"href":"https:\/\/www.itakaescolapios.org\/es\/wp-json\/wp\/v2\/posts\/23158\/revisions\/46764"}],"wp:featuredmedia":[{"embeddable":true,"href":"https:\/\/www.itakaescolapios.org\/es\/wp-json\/wp\/v2\/media\/23161"}],"wp:attachment":[{"href":"https:\/\/www.itakaescolapios.org\/es\/wp-json\/wp\/v2\/media?parent=23158"}],"wp:term":[{"taxonomy":"category","embeddable":true,"href":"https:\/\/www.itakaescolapios.org\/es\/wp-json\/wp\/v2\/categories?post=23158"},{"taxonomy":"post_tag","embeddable":true,"href":"https:\/\/www.itakaescolapios.org\/es\/wp-json\/wp\/v2\/tags?post=23158"}],"curies":[{"name":"wp","href":"https:\/\/api.w.org\/{rel}","templated":true}]}}