{"id":23800,"date":"2018-06-19T15:17:13","date_gmt":"2018-06-19T14:17:13","guid":{"rendered":"https:\/\/www.itakaescolapios.org\/?p=23800"},"modified":"2023-11-28T12:37:23","modified_gmt":"2023-11-28T11:37:23","slug":"portugues-encontro-anual-de-educadores-2018","status":"publish","type":"post","link":"https:\/\/www.itakaescolapios.org\/es\/2018\/06\/portugues-encontro-anual-de-educadores-2018\/","title":{"rendered":""},"content":{"rendered":"<p style=\"text-align: justify\">Aconteceu nos dias 15,16 e 17 de junho, no Recanto Calasanz o encontro anual de educadores Itaka Brasil, com a participa\u00e7\u00e3o das tr\u00eas presen\u00e7as: Belo Horizonte, Serra e Governador Valadares. Estiveram reunidos em torno de 60 pessoas entre colaboradores e volunt\u00e1rios.<\/p>\n<p style=\"text-align: justify\">O encontro foi marcado por diversas atividades como, momentos de espiritualidade, apresenta\u00e7\u00e3o dos trabalhos realizados nos centros sociais, din\u00e2micas, trabalhos em grupos e uma noite cultural preparada pela presen\u00e7a de Serra.<\/p>\n<p style=\"text-align: justify\">Queremos destacar ainda as palestras realizadas no decorrer destes dias. Pe. Arilson nos levou a refletir sobre o que \u00e9 a rede Itaka Escol\u00e1pios, em quais pa\u00edses ela se faz presente eas a\u00e7\u00f5es que desenvolve no mundo; apresentou, ainda, a campanha de sensibiliza\u00e7\u00e3o anual 2017\/2018 tendo como lema \u201cO tesouro de Senegal\u201d. Pela tarde, Pe. Arilson apresentou o itiner\u00e1rio capitular e como este est\u00e1 sendo preparado atrav\u00e9s de comiss\u00f5es o Cap\u00edtulo Provincial para o pr\u00f3ximo quatri\u00eanio. A fraterna Maria Izabel apresentou a Fraternidade Escol\u00e1pia e algumas considera\u00e7\u00f5es que foram discutidas no segundo conselho assessor da rede Itaka Escol\u00e1pios realizado no m\u00eas de maio em Madrid, na Espanha. E para encerrar, Pe. Jos\u00e9 Carlos nos conduziu a uma riqu\u00edssima reflex\u00e3o sobre a import\u00e2ncia de voluntariado nas obras sociais escol\u00e1pias.<\/p>\n<p style=\"text-align: justify\">Conclu\u00edmos o dia com a celebra\u00e7\u00e3o eucar\u00edstica presidida pelo coordenador de Itaka Brasil, Pe. Arilson, e co-presidida pelos Pes. Alex e Jos\u00e9 Carlos. No geral o encontro foi muito enriquecedor e todos os participantes avaliaram positivamente o novo formato, se dando durante o final de semana. <a title=\"Fotos Encontro de Educadores 2018\" href=\"https:\/\/www.facebook.com\/2016878628599301\/photos\/pcb.2203604486593380\/2203598586593970\/?type=3&amp;theater\" target=\"_blank\" rel=\"noopener\">Mais fotos.<\/a><\/p>\n","protected":false},"excerpt":{"rendered":"<p>Aconteceu nos dias 15,16 e 17 de junho, no Recanto Calasanz o encontro anual de educadores Itaka Brasil, com a participa\u00e7\u00e3o das tr\u00eas presen\u00e7as: Belo Horizonte, Serra e Governador Valadares. [&hellip;]<\/p>\n","protected":false},"author":11,"featured_media":23804,"comment_status":"closed","ping_status":"closed","sticky":false,"template":"","format":"standard","meta":{"_et_pb_use_builder":"","_et_pb_old_content":"","_et_gb_content_width":"","footnotes":""},"categories":[16],"tags":[],"class_list":["post-23800","post","type-post","status-publish","format-standard","has-post-thumbnail","hentry","category-governador-valadares"],"yoast_head":"<!-- This site is optimized with the Yoast SEO plugin v27.4 - https:\/\/yoast.com\/product\/yoast-seo-wordpress\/ -->\n<title>- Itaka-Escolapios<\/title>\n<meta name=\"robots\" content=\"index, follow, max-snippet:-1, max-image-preview:large, max-video-preview:-1\" \/>\n<link rel=\"canonical\" href=\"https:\/\/www.itakaescolapios.org\/es\/2018\/06\/portugues-encontro-anual-de-educadores-2018\/\" \/>\n<meta property=\"og:locale\" content=\"es_ES\" \/>\n<meta property=\"og:type\" content=\"article\" \/>\n<meta property=\"og:title\" content=\"- Itaka-Escolapios\" \/>\n<meta property=\"og:description\" content=\"Aconteceu nos dias 15,16 e 17 de junho, no Recanto Calasanz o encontro anual de educadores Itaka Brasil, com a participa\u00e7\u00e3o das tr\u00eas presen\u00e7as: Belo Horizonte, Serra e Governador Valadares. [&hellip;]\" \/>\n<meta property=\"og:url\" content=\"https:\/\/www.itakaescolapios.org\/es\/2018\/06\/portugues-encontro-anual-de-educadores-2018\/\" \/>\n<meta property=\"og:site_name\" content=\"Itaka-Escolapios\" \/>\n<meta property=\"article:published_time\" content=\"2018-06-19T14:17:13+00:00\" \/>\n<meta property=\"article:modified_time\" content=\"2023-11-28T11:37:23+00:00\" \/>\n<meta property=\"og:image\" content=\"https:\/\/www.itakaescolapios.org\/wp-content\/uploads\/2018\/06\/IMG_6325.jpg\" \/>\n\t<meta property=\"og:image:width\" content=\"2000\" \/>\n\t<meta property=\"og:image:height\" content=\"1500\" \/>\n\t<meta property=\"og:image:type\" content=\"image\/jpeg\" \/>\n<meta name=\"author\" content=\"brasil03\" \/>\n<meta name=\"twitter:card\" content=\"summary_large_image\" \/>\n<meta name=\"twitter:label1\" content=\"Escrito por\" \/>\n\t<meta name=\"twitter:data1\" content=\"brasil03\" \/>\n\t<meta name=\"twitter:label2\" content=\"Tiempo de lectura\" \/>\n\t<meta name=\"twitter:data2\" content=\"1 minuto\" \/>\n<script type=\"application\/ld+json\" class=\"yoast-schema-graph\">{\"@context\":\"https:\\\/\\\/schema.org\",\"@graph\":[{\"@type\":\"Article\",\"@id\":\"https:\\\/\\\/www.itakaescolapios.org\\\/es\\\/2018\\\/06\\\/portugues-encontro-anual-de-educadores-2018\\\/#article\",\"isPartOf\":{\"@id\":\"https:\\\/\\\/www.itakaescolapios.org\\\/es\\\/2018\\\/06\\\/portugues-encontro-anual-de-educadores-2018\\\/\"},\"author\":{\"name\":\"brasil03\",\"@id\":\"https:\\\/\\\/www.itakaescolapios.org\\\/es\\\/#\\\/schema\\\/person\\\/9c761c62049293fc36e6c91e429de3d5\"},\"headline\":\"Sin t\u00edtulo\",\"datePublished\":\"2018-06-19T14:17:13+00:00\",\"dateModified\":\"2023-11-28T11:37:23+00:00\",\"mainEntityOfPage\":{\"@id\":\"https:\\\/\\\/www.itakaescolapios.org\\\/es\\\/2018\\\/06\\\/portugues-encontro-anual-de-educadores-2018\\\/\"},\"wordCount\":271,\"publisher\":{\"@id\":\"https:\\\/\\\/www.itakaescolapios.org\\\/es\\\/#organization\"},\"image\":{\"@id\":\"https:\\\/\\\/www.itakaescolapios.org\\\/es\\\/2018\\\/06\\\/portugues-encontro-anual-de-educadores-2018\\\/#primaryimage\"},\"thumbnailUrl\":\"https:\\\/\\\/www.itakaescolapios.org\\\/wp-content\\\/uploads\\\/2018\\\/06\\\/IMG_6325.jpg\",\"articleSection\":[\"Governador Valadares\"],\"inLanguage\":\"es\"},{\"@type\":\"WebPage\",\"@id\":\"https:\\\/\\\/www.itakaescolapios.org\\\/es\\\/2018\\\/06\\\/portugues-encontro-anual-de-educadores-2018\\\/\",\"url\":\"https:\\\/\\\/www.itakaescolapios.org\\\/es\\\/2018\\\/06\\\/portugues-encontro-anual-de-educadores-2018\\\/\",\"name\":\"- Itaka-Escolapios\",\"isPartOf\":{\"@id\":\"https:\\\/\\\/www.itakaescolapios.org\\\/es\\\/#website\"},\"primaryImageOfPage\":{\"@id\":\"https:\\\/\\\/www.itakaescolapios.org\\\/es\\\/2018\\\/06\\\/portugues-encontro-anual-de-educadores-2018\\\/#primaryimage\"},\"image\":{\"@id\":\"https:\\\/\\\/www.itakaescolapios.org\\\/es\\\/2018\\\/06\\\/portugues-encontro-anual-de-educadores-2018\\\/#primaryimage\"},\"thumbnailUrl\":\"https:\\\/\\\/www.itakaescolapios.org\\\/wp-content\\\/uploads\\\/2018\\\/06\\\/IMG_6325.jpg\",\"datePublished\":\"2018-06-19T14:17:13+00:00\",\"dateModified\":\"2023-11-28T11:37:23+00:00\",\"inLanguage\":\"es\",\"potentialAction\":[{\"@type\":\"ReadAction\",\"target\":[\"https:\\\/\\\/www.itakaescolapios.org\\\/es\\\/2018\\\/06\\\/portugues-encontro-anual-de-educadores-2018\\\/\"]}]},{\"@type\":\"ImageObject\",\"inLanguage\":\"es\",\"@id\":\"https:\\\/\\\/www.itakaescolapios.org\\\/es\\\/2018\\\/06\\\/portugues-encontro-anual-de-educadores-2018\\\/#primaryimage\",\"url\":\"https:\\\/\\\/www.itakaescolapios.org\\\/wp-content\\\/uploads\\\/2018\\\/06\\\/IMG_6325.jpg\",\"contentUrl\":\"https:\\\/\\\/www.itakaescolapios.org\\\/wp-content\\\/uploads\\\/2018\\\/06\\\/IMG_6325.jpg\",\"width\":2000,\"height\":1500},{\"@type\":\"WebSite\",\"@id\":\"https:\\\/\\\/www.itakaescolapios.org\\\/es\\\/#website\",\"url\":\"https:\\\/\\\/www.itakaescolapios.org\\\/es\\\/\",\"name\":\"Itaka-Escolapios\",\"description\":\"Red de Itaka-Escolapios\",\"publisher\":{\"@id\":\"https:\\\/\\\/www.itakaescolapios.org\\\/es\\\/#organization\"},\"potentialAction\":[{\"@type\":\"SearchAction\",\"target\":{\"@type\":\"EntryPoint\",\"urlTemplate\":\"https:\\\/\\\/www.itakaescolapios.org\\\/es\\\/?s={search_term_string}\"},\"query-input\":{\"@type\":\"PropertyValueSpecification\",\"valueRequired\":true,\"valueName\":\"search_term_string\"}}],\"inLanguage\":\"es\"},{\"@type\":\"Organization\",\"@id\":\"https:\\\/\\\/www.itakaescolapios.org\\\/es\\\/#organization\",\"name\":\"Fundaci\u00f3 Itaka-Escolapios\",\"url\":\"https:\\\/\\\/www.itakaescolapios.org\\\/es\\\/\",\"logo\":{\"@type\":\"ImageObject\",\"inLanguage\":\"es\",\"@id\":\"https:\\\/\\\/www.itakaescolapios.org\\\/es\\\/#\\\/schema\\\/logo\\\/image\\\/\",\"url\":\"https:\\\/\\\/www.itakaescolapios.org\\\/wp-content\\\/uploads\\\/2024\\\/04\\\/Logo-itakaescolapios-peque.png\",\"contentUrl\":\"https:\\\/\\\/www.itakaescolapios.org\\\/wp-content\\\/uploads\\\/2024\\\/04\\\/Logo-itakaescolapios-peque.png\",\"width\":500,\"height\":199,\"caption\":\"Fundaci\u00f3 Itaka-Escolapios\"},\"image\":{\"@id\":\"https:\\\/\\\/www.itakaescolapios.org\\\/es\\\/#\\\/schema\\\/logo\\\/image\\\/\"}},{\"@type\":\"Person\",\"@id\":\"https:\\\/\\\/www.itakaescolapios.org\\\/es\\\/#\\\/schema\\\/person\\\/9c761c62049293fc36e6c91e429de3d5\",\"name\":\"brasil03\",\"url\":\"https:\\\/\\\/www.itakaescolapios.org\\\/es\\\/author\\\/brasil03\\\/\"}]}<\/script>\n<!-- \/ Yoast SEO plugin. -->","yoast_head_json":{"title":"- Itaka-Escolapios","robots":{"index":"index","follow":"follow","max-snippet":"max-snippet:-1","max-image-preview":"max-image-preview:large","max-video-preview":"max-video-preview:-1"},"canonical":"https:\/\/www.itakaescolapios.org\/es\/2018\/06\/portugues-encontro-anual-de-educadores-2018\/","og_locale":"es_ES","og_type":"article","og_title":"- Itaka-Escolapios","og_description":"Aconteceu nos dias 15,16 e 17 de junho, no Recanto Calasanz o encontro anual de educadores Itaka Brasil, com a participa\u00e7\u00e3o das tr\u00eas presen\u00e7as: Belo Horizonte, Serra e Governador Valadares. [&hellip;]","og_url":"https:\/\/www.itakaescolapios.org\/es\/2018\/06\/portugues-encontro-anual-de-educadores-2018\/","og_site_name":"Itaka-Escolapios","article_published_time":"2018-06-19T14:17:13+00:00","article_modified_time":"2023-11-28T11:37:23+00:00","og_image":[{"width":2000,"height":1500,"url":"https:\/\/www.itakaescolapios.org\/wp-content\/uploads\/2018\/06\/IMG_6325.jpg","type":"image\/jpeg"}],"author":"brasil03","twitter_card":"summary_large_image","twitter_misc":{"Escrito por":"brasil03","Tiempo de lectura":"1 minuto"},"schema":{"@context":"https:\/\/schema.org","@graph":[{"@type":"Article","@id":"https:\/\/www.itakaescolapios.org\/es\/2018\/06\/portugues-encontro-anual-de-educadores-2018\/#article","isPartOf":{"@id":"https:\/\/www.itakaescolapios.org\/es\/2018\/06\/portugues-encontro-anual-de-educadores-2018\/"},"author":{"name":"brasil03","@id":"https:\/\/www.itakaescolapios.org\/es\/#\/schema\/person\/9c761c62049293fc36e6c91e429de3d5"},"headline":"Sin t\u00edtulo","datePublished":"2018-06-19T14:17:13+00:00","dateModified":"2023-11-28T11:37:23+00:00","mainEntityOfPage":{"@id":"https:\/\/www.itakaescolapios.org\/es\/2018\/06\/portugues-encontro-anual-de-educadores-2018\/"},"wordCount":271,"publisher":{"@id":"https:\/\/www.itakaescolapios.org\/es\/#organization"},"image":{"@id":"https:\/\/www.itakaescolapios.org\/es\/2018\/06\/portugues-encontro-anual-de-educadores-2018\/#primaryimage"},"thumbnailUrl":"https:\/\/www.itakaescolapios.org\/wp-content\/uploads\/2018\/06\/IMG_6325.jpg","articleSection":["Governador Valadares"],"inLanguage":"es"},{"@type":"WebPage","@id":"https:\/\/www.itakaescolapios.org\/es\/2018\/06\/portugues-encontro-anual-de-educadores-2018\/","url":"https:\/\/www.itakaescolapios.org\/es\/2018\/06\/portugues-encontro-anual-de-educadores-2018\/","name":"- Itaka-Escolapios","isPartOf":{"@id":"https:\/\/www.itakaescolapios.org\/es\/#website"},"primaryImageOfPage":{"@id":"https:\/\/www.itakaescolapios.org\/es\/2018\/06\/portugues-encontro-anual-de-educadores-2018\/#primaryimage"},"image":{"@id":"https:\/\/www.itakaescolapios.org\/es\/2018\/06\/portugues-encontro-anual-de-educadores-2018\/#primaryimage"},"thumbnailUrl":"https:\/\/www.itakaescolapios.org\/wp-content\/uploads\/2018\/06\/IMG_6325.jpg","datePublished":"2018-06-19T14:17:13+00:00","dateModified":"2023-11-28T11:37:23+00:00","inLanguage":"es","potentialAction":[{"@type":"ReadAction","target":["https:\/\/www.itakaescolapios.org\/es\/2018\/06\/portugues-encontro-anual-de-educadores-2018\/"]}]},{"@type":"ImageObject","inLanguage":"es","@id":"https:\/\/www.itakaescolapios.org\/es\/2018\/06\/portugues-encontro-anual-de-educadores-2018\/#primaryimage","url":"https:\/\/www.itakaescolapios.org\/wp-content\/uploads\/2018\/06\/IMG_6325.jpg","contentUrl":"https:\/\/www.itakaescolapios.org\/wp-content\/uploads\/2018\/06\/IMG_6325.jpg","width":2000,"height":1500},{"@type":"WebSite","@id":"https:\/\/www.itakaescolapios.org\/es\/#website","url":"https:\/\/www.itakaescolapios.org\/es\/","name":"Itaka-Escolapios","description":"Red de Itaka-Escolapios","publisher":{"@id":"https:\/\/www.itakaescolapios.org\/es\/#organization"},"potentialAction":[{"@type":"SearchAction","target":{"@type":"EntryPoint","urlTemplate":"https:\/\/www.itakaescolapios.org\/es\/?s={search_term_string}"},"query-input":{"@type":"PropertyValueSpecification","valueRequired":true,"valueName":"search_term_string"}}],"inLanguage":"es"},{"@type":"Organization","@id":"https:\/\/www.itakaescolapios.org\/es\/#organization","name":"Fundaci\u00f3 Itaka-Escolapios","url":"https:\/\/www.itakaescolapios.org\/es\/","logo":{"@type":"ImageObject","inLanguage":"es","@id":"https:\/\/www.itakaescolapios.org\/es\/#\/schema\/logo\/image\/","url":"https:\/\/www.itakaescolapios.org\/wp-content\/uploads\/2024\/04\/Logo-itakaescolapios-peque.png","contentUrl":"https:\/\/www.itakaescolapios.org\/wp-content\/uploads\/2024\/04\/Logo-itakaescolapios-peque.png","width":500,"height":199,"caption":"Fundaci\u00f3 Itaka-Escolapios"},"image":{"@id":"https:\/\/www.itakaescolapios.org\/es\/#\/schema\/logo\/image\/"}},{"@type":"Person","@id":"https:\/\/www.itakaescolapios.org\/es\/#\/schema\/person\/9c761c62049293fc36e6c91e429de3d5","name":"brasil03","url":"https:\/\/www.itakaescolapios.org\/es\/author\/brasil03\/"}]}},"_links":{"self":[{"href":"https:\/\/www.itakaescolapios.org\/es\/wp-json\/wp\/v2\/posts\/23800","targetHints":{"allow":["GET"]}}],"collection":[{"href":"https:\/\/www.itakaescolapios.org\/es\/wp-json\/wp\/v2\/posts"}],"about":[{"href":"https:\/\/www.itakaescolapios.org\/es\/wp-json\/wp\/v2\/types\/post"}],"author":[{"embeddable":true,"href":"https:\/\/www.itakaescolapios.org\/es\/wp-json\/wp\/v2\/users\/11"}],"replies":[{"embeddable":true,"href":"https:\/\/www.itakaescolapios.org\/es\/wp-json\/wp\/v2\/comments?post=23800"}],"version-history":[{"count":9,"href":"https:\/\/www.itakaescolapios.org\/es\/wp-json\/wp\/v2\/posts\/23800\/revisions"}],"predecessor-version":[{"id":46598,"href":"https:\/\/www.itakaescolapios.org\/es\/wp-json\/wp\/v2\/posts\/23800\/revisions\/46598"}],"wp:featuredmedia":[{"embeddable":true,"href":"https:\/\/www.itakaescolapios.org\/es\/wp-json\/wp\/v2\/media\/23804"}],"wp:attachment":[{"href":"https:\/\/www.itakaescolapios.org\/es\/wp-json\/wp\/v2\/media?parent=23800"}],"wp:term":[{"taxonomy":"category","embeddable":true,"href":"https:\/\/www.itakaescolapios.org\/es\/wp-json\/wp\/v2\/categories?post=23800"},{"taxonomy":"post_tag","embeddable":true,"href":"https:\/\/www.itakaescolapios.org\/es\/wp-json\/wp\/v2\/tags?post=23800"}],"curies":[{"name":"wp","href":"https:\/\/api.w.org\/{rel}","templated":true}]}}