{"id":24610,"date":"2018-10-03T11:07:49","date_gmt":"2018-10-03T10:07:49","guid":{"rendered":"https:\/\/www.itakaescolapios.org\/?p=24610"},"modified":"2023-11-28T12:37:13","modified_gmt":"2023-11-28T11:37:13","slug":"comienza-un-nuevo-curso-en-amaltea","status":"publish","type":"post","link":"https:\/\/www.itakaescolapios.org\/es\/2018\/10\/comienza-un-nuevo-curso-en-amaltea\/","title":{"rendered":"COMIENZA UN NUEVO CURSO EN AMALTEA"},"content":{"rendered":"<p style=\"text-align: justify\">El Centro de D\u00eda Convivencial del proyecto Amaltea en Valencia dio ayer inicio a sus actividades para este curso 2018-19 con una gran fiesta de bienvenida a la que acudieron los ni\u00f1os y ni\u00f1as y sus familias, as\u00ed como los educadores y voluntarios que trabajan con ellos diariamente. Merienda, juegos y m\u00fasica para una tarde de reencuentro, con muchas ganas de empezar con el refuerzo educativo y actividades que este a\u00f1o llegan con novedades.<\/p>\n<p style=\"text-align: justify\">El centro atiende a unos 54 ni\u00f1os y ni\u00f1as del barrio de Velluters, con edades comprendidas entre los 4 y los 16 a\u00f1os, a los que se reparte por edades en 6 grupos que funcionan tanto individualmente como de manera conjunta. Todas las tardes, los educadores y voluntarios de Amaltea reciben a los ni\u00f1os con los que se hace apoyo escolar lo m\u00e1s individualizado posible, para despu\u00e9s pasar a la parte m\u00e1s l\u00fadica, con talleres, juegos y deporte.<\/p>\n<p style=\"text-align: justify\">Este a\u00f1o, como principal novedad destaca la formaci\u00f3n de un grupo m\u00e1s de mayores, de Secundaria, para poder atender sus necesidades adecuadamente y de forma m\u00e1s personalizada. Adem\u00e1s se pretende dar un mayor impulso al ocio y tiempo libre, y al deporte inclusivo, y se va a crear un grupo con estos j\u00f3venes de ESO para hacer salidas a la monta\u00f1a un s\u00e1bado o domingo al mes, con la idea de potenciar en ellos el conocimiento del medio ambiente, y la autonom\u00eda y superaci\u00f3n.<\/p>\n<p style=\"text-align: justify\">Tambi\u00e9n se pretende reforzar otras actividades, como los talleres en los que los m\u00e1s peque\u00f1os se iniciar\u00e1n en las artes circenses y la percusi\u00f3n; o los juegos de mesa. Sin olvidar, por supuesto, las tardes de ludoteca y juegos, y los campamentos en marzo y julio, as\u00ed como el campamento urbano de verano.<\/p>\n<p style=\"text-align: justify\">Por otra parte, la atenci\u00f3n de Amaltea se centra en los ni\u00f1os y ni\u00f1as, pero tambi\u00e9n se atiende a sus familias a las que se les acompa\u00f1a y orienta en las dudas que puedan tener.<\/p>\n<p style=\"text-align: justify\">Un a\u00f1o muy cargado para el Centro Convivencial Amaltea que empieza con mucha ilusi\u00f3n para todos y todas.<\/p>\n\n\t\t<style type=\"text\/css\">\n\t\t\t#gallery-1 {\n\t\t\t\tmargin: auto;\n\t\t\t}\n\t\t\t#gallery-1 .gallery-item {\n\t\t\t\tfloat: left;\n\t\t\t\tmargin-top: 10px;\n\t\t\t\ttext-align: center;\n\t\t\t\twidth: 25%;\n\t\t\t}\n\t\t\t#gallery-1 img {\n\t\t\t\tborder: 2px solid #cfcfcf;\n\t\t\t}\n\t\t\t#gallery-1 .gallery-caption {\n\t\t\t\tmargin-left: 0;\n\t\t\t}\n\t\t\t\/* see gallery_shortcode() in wp-includes\/media.php *\/\n\t\t<\/style>\n\t\t<div id='gallery-1' class='gallery galleryid-24610 gallery-columns-4 gallery-size-thumbnail'><dl class='gallery-item'>\n\t\t\t<dt class='gallery-icon portrait'>\n\t\t\t\t<img decoding=\"async\" width=\"90\" height=\"90\" src=\"https:\/\/www.itakaescolapios.org\/wp-content\/uploads\/2018\/10\/WhatsApp-Image-2018-10-03-at-11.13.11-90x90.jpeg\" class=\"attachment-thumbnail size-thumbnail\" alt=\"\" \/>\n\t\t\t<\/dt><\/dl><dl class='gallery-item'>\n\t\t\t<dt class='gallery-icon landscape'>\n\t\t\t\t<img decoding=\"async\" width=\"90\" height=\"90\" src=\"https:\/\/www.itakaescolapios.org\/wp-content\/uploads\/2018\/10\/WhatsApp-Image-2018-10-03-at-11.13.10-90x90.jpeg\" class=\"attachment-thumbnail size-thumbnail\" alt=\"\" \/>\n\t\t\t<\/dt><\/dl><dl class='gallery-item'>\n\t\t\t<dt class='gallery-icon landscape'>\n\t\t\t\t<img decoding=\"async\" width=\"90\" height=\"90\" src=\"https:\/\/www.itakaescolapios.org\/wp-content\/uploads\/2018\/10\/WhatsApp-Image-2018-10-03-at-11.13.10-3-90x90.jpeg\" class=\"attachment-thumbnail size-thumbnail\" alt=\"\" \/>\n\t\t\t<\/dt><\/dl><dl class='gallery-item'>\n\t\t\t<dt class='gallery-icon landscape'>\n\t\t\t\t<img decoding=\"async\" width=\"90\" height=\"90\" src=\"https:\/\/www.itakaescolapios.org\/wp-content\/uploads\/2018\/10\/WhatsApp-Image-2018-10-03-at-11.13.10-2-90x90.jpeg\" class=\"attachment-thumbnail size-thumbnail\" alt=\"\" \/>\n\t\t\t<\/dt><\/dl><br style=\"clear: both\" \/><dl class='gallery-item'>\n\t\t\t<dt class='gallery-icon landscape'>\n\t\t\t\t<img decoding=\"async\" width=\"90\" height=\"90\" src=\"https:\/\/www.itakaescolapios.org\/wp-content\/uploads\/2018\/10\/IMG_20181002_184954-90x90.jpg\" class=\"attachment-thumbnail size-thumbnail\" alt=\"\" \/>\n\t\t\t<\/dt><\/dl><dl class='gallery-item'>\n\t\t\t<dt class='gallery-icon landscape'>\n\t\t\t\t<img decoding=\"async\" width=\"90\" height=\"90\" src=\"https:\/\/www.itakaescolapios.org\/wp-content\/uploads\/2018\/10\/WhatsApp-Image-2018-10-03-at-11.13.09-90x90.jpeg\" class=\"attachment-thumbnail size-thumbnail\" alt=\"\" \/>\n\t\t\t<\/dt><\/dl><dl class='gallery-item'>\n\t\t\t<dt class='gallery-icon landscape'>\n\t\t\t\t<img decoding=\"async\" width=\"90\" height=\"90\" src=\"https:\/\/www.itakaescolapios.org\/wp-content\/uploads\/2018\/10\/WhatsApp-Image-2018-10-03-at-11.13.09-2-90x90.jpeg\" class=\"attachment-thumbnail size-thumbnail\" alt=\"\" \/>\n\t\t\t<\/dt><\/dl><dl class='gallery-item'>\n\t\t\t<dt class='gallery-icon landscape'>\n\t\t\t\t<img decoding=\"async\" width=\"90\" height=\"90\" src=\"https:\/\/www.itakaescolapios.org\/wp-content\/uploads\/2018\/10\/WhatsApp-Image-2018-10-03-at-11.13.09-1-90x90.jpeg\" class=\"attachment-thumbnail size-thumbnail\" alt=\"\" \/>\n\t\t\t<\/dt><\/dl><br style=\"clear: both\" \/><dl class='gallery-item'>\n\t\t\t<dt class='gallery-icon landscape'>\n\t\t\t\t<img decoding=\"async\" width=\"90\" height=\"90\" src=\"https:\/\/www.itakaescolapios.org\/wp-content\/uploads\/2018\/10\/IMG_20181002_182856-90x90.jpg\" class=\"attachment-thumbnail size-thumbnail\" alt=\"\" \/>\n\t\t\t<\/dt><\/dl><dl class='gallery-item'>\n\t\t\t<dt class='gallery-icon landscape'>\n\t\t\t\t<img decoding=\"async\" width=\"90\" height=\"90\" src=\"https:\/\/www.itakaescolapios.org\/wp-content\/uploads\/2018\/10\/IMG_20181002_182711-90x90.jpg\" class=\"attachment-thumbnail size-thumbnail\" alt=\"\" \/>\n\t\t\t<\/dt><\/dl><dl class='gallery-item'>\n\t\t\t<dt class='gallery-icon landscape'>\n\t\t\t\t<img decoding=\"async\" width=\"90\" height=\"90\" src=\"https:\/\/www.itakaescolapios.org\/wp-content\/uploads\/2018\/10\/IMG_20181002_182916-90x90.jpg\" class=\"attachment-thumbnail size-thumbnail\" alt=\"\" \/>\n\t\t\t<\/dt><\/dl><dl class='gallery-item'>\n\t\t\t<dt class='gallery-icon landscape'>\n\t\t\t\t<img decoding=\"async\" width=\"90\" height=\"90\" src=\"https:\/\/www.itakaescolapios.org\/wp-content\/uploads\/2018\/10\/IMG_20181002_183643-90x90.jpg\" class=\"attachment-thumbnail size-thumbnail\" alt=\"\" \/>\n\t\t\t<\/dt><\/dl><br style=\"clear: both\" \/><dl class='gallery-item'>\n\t\t\t<dt class='gallery-icon portrait'>\n\t\t\t\t<img decoding=\"async\" width=\"90\" height=\"90\" src=\"https:\/\/www.itakaescolapios.org\/wp-content\/uploads\/2018\/10\/IMG_20181002_183942-90x90.jpg\" class=\"attachment-thumbnail size-thumbnail\" alt=\"\" \/>\n\t\t\t<\/dt><\/dl><dl class='gallery-item'>\n\t\t\t<dt class='gallery-icon landscape'>\n\t\t\t\t<img decoding=\"async\" width=\"90\" height=\"90\" src=\"https:\/\/www.itakaescolapios.org\/wp-content\/uploads\/2018\/10\/IMG_20181002_182528-90x90.jpg\" class=\"attachment-thumbnail size-thumbnail\" alt=\"\" \/>\n\t\t\t<\/dt><\/dl><dl class='gallery-item'>\n\t\t\t<dt class='gallery-icon landscape'>\n\t\t\t\t<img decoding=\"async\" width=\"90\" height=\"90\" src=\"https:\/\/www.itakaescolapios.org\/wp-content\/uploads\/2018\/10\/IMG_20181002_183405-90x90.jpg\" class=\"attachment-thumbnail size-thumbnail\" alt=\"\" \/>\n\t\t\t<\/dt><\/dl><dl class='gallery-item'>\n\t\t\t<dt class='gallery-icon landscape'>\n\t\t\t\t<img decoding=\"async\" width=\"90\" height=\"90\" src=\"https:\/\/www.itakaescolapios.org\/wp-content\/uploads\/2018\/10\/IMG_20181002_182502-90x90.jpg\" class=\"attachment-thumbnail size-thumbnail\" alt=\"\" \/>\n\t\t\t<\/dt><\/dl><br style=\"clear: both\" \/><dl class='gallery-item'>\n\t\t\t<dt class='gallery-icon landscape'>\n\t\t\t\t<img decoding=\"async\" width=\"90\" height=\"90\" src=\"https:\/\/www.itakaescolapios.org\/wp-content\/uploads\/2018\/10\/IMG_20181002_182419-90x90.jpg\" class=\"attachment-thumbnail size-thumbnail\" alt=\"\" \/>\n\t\t\t<\/dt><\/dl>\n\t\t\t<br style='clear: both' \/>\n\t\t<\/div>\n\n","protected":false},"excerpt":{"rendered":"<p>El Centro de D\u00eda Convivencial del proyecto Amaltea en Valencia dio ayer inicio a sus actividades para este curso 2018-19 con una gran fiesta de bienvenida a la que acudieron [&hellip;]<\/p>\n","protected":false},"author":39,"featured_media":24619,"comment_status":"closed","ping_status":"closed","sticky":false,"template":"","format":"standard","meta":{"_et_pb_use_builder":"","_et_pb_old_content":"","_et_gb_content_width":"","footnotes":""},"categories":[12],"tags":[265,232,345,346,327,318,278,347,411,348],"class_list":["post-24610","post","type-post","status-publish","format-standard","has-post-thumbnail","hentry","category-valencia","tag-actividades","tag-amaltea","tag-centro-de-dia","tag-convivencial","tag-infancia","tag-proyecto-amaltea","tag-refuerzo-escolar","tag-talleres","tag-valencia","tag-velluters"],"yoast_head":"<!-- This site is optimized with the Yoast SEO plugin v27.4 - https:\/\/yoast.com\/product\/yoast-seo-wordpress\/ -->\n<title>COMIENZA UN NUEVO CURSO EN AMALTEA - Itaka-Escolapios<\/title>\n<meta name=\"robots\" content=\"index, follow, max-snippet:-1, max-image-preview:large, max-video-preview:-1\" \/>\n<link rel=\"canonical\" href=\"https:\/\/www.itakaescolapios.org\/es\/2018\/10\/comienza-un-nuevo-curso-en-amaltea\/\" \/>\n<meta property=\"og:locale\" content=\"es_ES\" \/>\n<meta property=\"og:type\" content=\"article\" \/>\n<meta property=\"og:title\" content=\"COMIENZA UN NUEVO CURSO EN AMALTEA - Itaka-Escolapios\" \/>\n<meta property=\"og:description\" content=\"El Centro de D\u00eda Convivencial del proyecto Amaltea en Valencia dio ayer inicio a sus actividades para este curso 2018-19 con una gran fiesta de bienvenida a la que acudieron [&hellip;]\" \/>\n<meta property=\"og:url\" content=\"https:\/\/www.itakaescolapios.org\/es\/2018\/10\/comienza-un-nuevo-curso-en-amaltea\/\" \/>\n<meta property=\"og:site_name\" content=\"Itaka-Escolapios\" \/>\n<meta property=\"article:published_time\" content=\"2018-10-03T10:07:49+00:00\" \/>\n<meta property=\"article:modified_time\" content=\"2023-11-28T11:37:13+00:00\" \/>\n<meta property=\"og:image\" content=\"https:\/\/www.itakaescolapios.org\/wp-content\/uploads\/2018\/10\/IMG_20181002_184954.jpg\" \/>\n\t<meta property=\"og:image:width\" content=\"2000\" \/>\n\t<meta property=\"og:image:height\" content=\"1123\" \/>\n\t<meta property=\"og:image:type\" content=\"image\/jpeg\" \/>\n<meta name=\"author\" content=\"valencia01\" \/>\n<meta name=\"twitter:card\" content=\"summary_large_image\" \/>\n<meta name=\"twitter:label1\" content=\"Escrito por\" \/>\n\t<meta name=\"twitter:data1\" content=\"valencia01\" \/>\n\t<meta name=\"twitter:label2\" content=\"Tiempo de lectura\" \/>\n\t<meta name=\"twitter:data2\" content=\"2 minutos\" \/>\n<script type=\"application\/ld+json\" class=\"yoast-schema-graph\">{\"@context\":\"https:\\\/\\\/schema.org\",\"@graph\":[{\"@type\":\"Article\",\"@id\":\"https:\\\/\\\/www.itakaescolapios.org\\\/es\\\/2018\\\/10\\\/comienza-un-nuevo-curso-en-amaltea\\\/#article\",\"isPartOf\":{\"@id\":\"https:\\\/\\\/www.itakaescolapios.org\\\/es\\\/2018\\\/10\\\/comienza-un-nuevo-curso-en-amaltea\\\/\"},\"author\":{\"name\":\"valencia01\",\"@id\":\"https:\\\/\\\/www.itakaescolapios.org\\\/es\\\/#\\\/schema\\\/person\\\/c232ccaa2b3f2e98db93c1f8dfca96ff\"},\"headline\":\"COMIENZA UN NUEVO CURSO EN AMALTEA\",\"datePublished\":\"2018-10-03T10:07:49+00:00\",\"dateModified\":\"2023-11-28T11:37:13+00:00\",\"mainEntityOfPage\":{\"@id\":\"https:\\\/\\\/www.itakaescolapios.org\\\/es\\\/2018\\\/10\\\/comienza-un-nuevo-curso-en-amaltea\\\/\"},\"wordCount\":384,\"publisher\":{\"@id\":\"https:\\\/\\\/www.itakaescolapios.org\\\/es\\\/#organization\"},\"image\":{\"@id\":\"https:\\\/\\\/www.itakaescolapios.org\\\/es\\\/2018\\\/10\\\/comienza-un-nuevo-curso-en-amaltea\\\/#primaryimage\"},\"thumbnailUrl\":\"https:\\\/\\\/www.itakaescolapios.org\\\/wp-content\\\/uploads\\\/2018\\\/10\\\/IMG_20181002_184954.jpg\",\"keywords\":[\"actividades\",\"Amaltea\",\"Centro de D\u00eda\",\"Convivencial\",\"Infancia\",\"Proyecto Amaltea\",\"refuerzo escolar\",\"Talleres\",\"Valencia\",\"Velluters\"],\"articleSection\":[\"Valencia\"],\"inLanguage\":\"es\"},{\"@type\":\"WebPage\",\"@id\":\"https:\\\/\\\/www.itakaescolapios.org\\\/es\\\/2018\\\/10\\\/comienza-un-nuevo-curso-en-amaltea\\\/\",\"url\":\"https:\\\/\\\/www.itakaescolapios.org\\\/es\\\/2018\\\/10\\\/comienza-un-nuevo-curso-en-amaltea\\\/\",\"name\":\"COMIENZA UN NUEVO CURSO EN AMALTEA - Itaka-Escolapios\",\"isPartOf\":{\"@id\":\"https:\\\/\\\/www.itakaescolapios.org\\\/es\\\/#website\"},\"primaryImageOfPage\":{\"@id\":\"https:\\\/\\\/www.itakaescolapios.org\\\/es\\\/2018\\\/10\\\/comienza-un-nuevo-curso-en-amaltea\\\/#primaryimage\"},\"image\":{\"@id\":\"https:\\\/\\\/www.itakaescolapios.org\\\/es\\\/2018\\\/10\\\/comienza-un-nuevo-curso-en-amaltea\\\/#primaryimage\"},\"thumbnailUrl\":\"https:\\\/\\\/www.itakaescolapios.org\\\/wp-content\\\/uploads\\\/2018\\\/10\\\/IMG_20181002_184954.jpg\",\"datePublished\":\"2018-10-03T10:07:49+00:00\",\"dateModified\":\"2023-11-28T11:37:13+00:00\",\"breadcrumb\":{\"@id\":\"https:\\\/\\\/www.itakaescolapios.org\\\/es\\\/2018\\\/10\\\/comienza-un-nuevo-curso-en-amaltea\\\/#breadcrumb\"},\"inLanguage\":\"es\",\"potentialAction\":[{\"@type\":\"ReadAction\",\"target\":[\"https:\\\/\\\/www.itakaescolapios.org\\\/es\\\/2018\\\/10\\\/comienza-un-nuevo-curso-en-amaltea\\\/\"]}]},{\"@type\":\"ImageObject\",\"inLanguage\":\"es\",\"@id\":\"https:\\\/\\\/www.itakaescolapios.org\\\/es\\\/2018\\\/10\\\/comienza-un-nuevo-curso-en-amaltea\\\/#primaryimage\",\"url\":\"https:\\\/\\\/www.itakaescolapios.org\\\/wp-content\\\/uploads\\\/2018\\\/10\\\/IMG_20181002_184954.jpg\",\"contentUrl\":\"https:\\\/\\\/www.itakaescolapios.org\\\/wp-content\\\/uploads\\\/2018\\\/10\\\/IMG_20181002_184954.jpg\",\"width\":2000,\"height\":1123},{\"@type\":\"BreadcrumbList\",\"@id\":\"https:\\\/\\\/www.itakaescolapios.org\\\/es\\\/2018\\\/10\\\/comienza-un-nuevo-curso-en-amaltea\\\/#breadcrumb\",\"itemListElement\":[{\"@type\":\"ListItem\",\"position\":1,\"name\":\"Portada\",\"item\":\"https:\\\/\\\/www.itakaescolapios.org\\\/es\\\/\"},{\"@type\":\"ListItem\",\"position\":2,\"name\":\"COMIENZA UN NUEVO CURSO EN AMALTEA\"}]},{\"@type\":\"WebSite\",\"@id\":\"https:\\\/\\\/www.itakaescolapios.org\\\/es\\\/#website\",\"url\":\"https:\\\/\\\/www.itakaescolapios.org\\\/es\\\/\",\"name\":\"Itaka-Escolapios\",\"description\":\"Red de Itaka-Escolapios\",\"publisher\":{\"@id\":\"https:\\\/\\\/www.itakaescolapios.org\\\/es\\\/#organization\"},\"potentialAction\":[{\"@type\":\"SearchAction\",\"target\":{\"@type\":\"EntryPoint\",\"urlTemplate\":\"https:\\\/\\\/www.itakaescolapios.org\\\/es\\\/?s={search_term_string}\"},\"query-input\":{\"@type\":\"PropertyValueSpecification\",\"valueRequired\":true,\"valueName\":\"search_term_string\"}}],\"inLanguage\":\"es\"},{\"@type\":\"Organization\",\"@id\":\"https:\\\/\\\/www.itakaescolapios.org\\\/es\\\/#organization\",\"name\":\"Fundaci\u00f3 Itaka-Escolapios\",\"url\":\"https:\\\/\\\/www.itakaescolapios.org\\\/es\\\/\",\"logo\":{\"@type\":\"ImageObject\",\"inLanguage\":\"es\",\"@id\":\"https:\\\/\\\/www.itakaescolapios.org\\\/es\\\/#\\\/schema\\\/logo\\\/image\\\/\",\"url\":\"https:\\\/\\\/www.itakaescolapios.org\\\/wp-content\\\/uploads\\\/2024\\\/04\\\/Logo-itakaescolapios-peque.png\",\"contentUrl\":\"https:\\\/\\\/www.itakaescolapios.org\\\/wp-content\\\/uploads\\\/2024\\\/04\\\/Logo-itakaescolapios-peque.png\",\"width\":500,\"height\":199,\"caption\":\"Fundaci\u00f3 Itaka-Escolapios\"},\"image\":{\"@id\":\"https:\\\/\\\/www.itakaescolapios.org\\\/es\\\/#\\\/schema\\\/logo\\\/image\\\/\"}},{\"@type\":\"Person\",\"@id\":\"https:\\\/\\\/www.itakaescolapios.org\\\/es\\\/#\\\/schema\\\/person\\\/c232ccaa2b3f2e98db93c1f8dfca96ff\",\"name\":\"valencia01\",\"url\":\"https:\\\/\\\/www.itakaescolapios.org\\\/es\\\/author\\\/valencia01\\\/\"}]}<\/script>\n<!-- \/ Yoast SEO plugin. -->","yoast_head_json":{"title":"COMIENZA UN NUEVO CURSO EN AMALTEA - Itaka-Escolapios","robots":{"index":"index","follow":"follow","max-snippet":"max-snippet:-1","max-image-preview":"max-image-preview:large","max-video-preview":"max-video-preview:-1"},"canonical":"https:\/\/www.itakaescolapios.org\/es\/2018\/10\/comienza-un-nuevo-curso-en-amaltea\/","og_locale":"es_ES","og_type":"article","og_title":"COMIENZA UN NUEVO CURSO EN AMALTEA - Itaka-Escolapios","og_description":"El Centro de D\u00eda Convivencial del proyecto Amaltea en Valencia dio ayer inicio a sus actividades para este curso 2018-19 con una gran fiesta de bienvenida a la que acudieron [&hellip;]","og_url":"https:\/\/www.itakaescolapios.org\/es\/2018\/10\/comienza-un-nuevo-curso-en-amaltea\/","og_site_name":"Itaka-Escolapios","article_published_time":"2018-10-03T10:07:49+00:00","article_modified_time":"2023-11-28T11:37:13+00:00","og_image":[{"width":2000,"height":1123,"url":"https:\/\/www.itakaescolapios.org\/wp-content\/uploads\/2018\/10\/IMG_20181002_184954.jpg","type":"image\/jpeg"}],"author":"valencia01","twitter_card":"summary_large_image","twitter_misc":{"Escrito por":"valencia01","Tiempo de lectura":"2 minutos"},"schema":{"@context":"https:\/\/schema.org","@graph":[{"@type":"Article","@id":"https:\/\/www.itakaescolapios.org\/es\/2018\/10\/comienza-un-nuevo-curso-en-amaltea\/#article","isPartOf":{"@id":"https:\/\/www.itakaescolapios.org\/es\/2018\/10\/comienza-un-nuevo-curso-en-amaltea\/"},"author":{"name":"valencia01","@id":"https:\/\/www.itakaescolapios.org\/es\/#\/schema\/person\/c232ccaa2b3f2e98db93c1f8dfca96ff"},"headline":"COMIENZA UN NUEVO CURSO EN AMALTEA","datePublished":"2018-10-03T10:07:49+00:00","dateModified":"2023-11-28T11:37:13+00:00","mainEntityOfPage":{"@id":"https:\/\/www.itakaescolapios.org\/es\/2018\/10\/comienza-un-nuevo-curso-en-amaltea\/"},"wordCount":384,"publisher":{"@id":"https:\/\/www.itakaescolapios.org\/es\/#organization"},"image":{"@id":"https:\/\/www.itakaescolapios.org\/es\/2018\/10\/comienza-un-nuevo-curso-en-amaltea\/#primaryimage"},"thumbnailUrl":"https:\/\/www.itakaescolapios.org\/wp-content\/uploads\/2018\/10\/IMG_20181002_184954.jpg","keywords":["actividades","Amaltea","Centro de D\u00eda","Convivencial","Infancia","Proyecto Amaltea","refuerzo escolar","Talleres","Valencia","Velluters"],"articleSection":["Valencia"],"inLanguage":"es"},{"@type":"WebPage","@id":"https:\/\/www.itakaescolapios.org\/es\/2018\/10\/comienza-un-nuevo-curso-en-amaltea\/","url":"https:\/\/www.itakaescolapios.org\/es\/2018\/10\/comienza-un-nuevo-curso-en-amaltea\/","name":"COMIENZA UN NUEVO CURSO EN AMALTEA - Itaka-Escolapios","isPartOf":{"@id":"https:\/\/www.itakaescolapios.org\/es\/#website"},"primaryImageOfPage":{"@id":"https:\/\/www.itakaescolapios.org\/es\/2018\/10\/comienza-un-nuevo-curso-en-amaltea\/#primaryimage"},"image":{"@id":"https:\/\/www.itakaescolapios.org\/es\/2018\/10\/comienza-un-nuevo-curso-en-amaltea\/#primaryimage"},"thumbnailUrl":"https:\/\/www.itakaescolapios.org\/wp-content\/uploads\/2018\/10\/IMG_20181002_184954.jpg","datePublished":"2018-10-03T10:07:49+00:00","dateModified":"2023-11-28T11:37:13+00:00","breadcrumb":{"@id":"https:\/\/www.itakaescolapios.org\/es\/2018\/10\/comienza-un-nuevo-curso-en-amaltea\/#breadcrumb"},"inLanguage":"es","potentialAction":[{"@type":"ReadAction","target":["https:\/\/www.itakaescolapios.org\/es\/2018\/10\/comienza-un-nuevo-curso-en-amaltea\/"]}]},{"@type":"ImageObject","inLanguage":"es","@id":"https:\/\/www.itakaescolapios.org\/es\/2018\/10\/comienza-un-nuevo-curso-en-amaltea\/#primaryimage","url":"https:\/\/www.itakaescolapios.org\/wp-content\/uploads\/2018\/10\/IMG_20181002_184954.jpg","contentUrl":"https:\/\/www.itakaescolapios.org\/wp-content\/uploads\/2018\/10\/IMG_20181002_184954.jpg","width":2000,"height":1123},{"@type":"BreadcrumbList","@id":"https:\/\/www.itakaescolapios.org\/es\/2018\/10\/comienza-un-nuevo-curso-en-amaltea\/#breadcrumb","itemListElement":[{"@type":"ListItem","position":1,"name":"Portada","item":"https:\/\/www.itakaescolapios.org\/es\/"},{"@type":"ListItem","position":2,"name":"COMIENZA UN NUEVO CURSO EN AMALTEA"}]},{"@type":"WebSite","@id":"https:\/\/www.itakaescolapios.org\/es\/#website","url":"https:\/\/www.itakaescolapios.org\/es\/","name":"Itaka-Escolapios","description":"Red de Itaka-Escolapios","publisher":{"@id":"https:\/\/www.itakaescolapios.org\/es\/#organization"},"potentialAction":[{"@type":"SearchAction","target":{"@type":"EntryPoint","urlTemplate":"https:\/\/www.itakaescolapios.org\/es\/?s={search_term_string}"},"query-input":{"@type":"PropertyValueSpecification","valueRequired":true,"valueName":"search_term_string"}}],"inLanguage":"es"},{"@type":"Organization","@id":"https:\/\/www.itakaescolapios.org\/es\/#organization","name":"Fundaci\u00f3 Itaka-Escolapios","url":"https:\/\/www.itakaescolapios.org\/es\/","logo":{"@type":"ImageObject","inLanguage":"es","@id":"https:\/\/www.itakaescolapios.org\/es\/#\/schema\/logo\/image\/","url":"https:\/\/www.itakaescolapios.org\/wp-content\/uploads\/2024\/04\/Logo-itakaescolapios-peque.png","contentUrl":"https:\/\/www.itakaescolapios.org\/wp-content\/uploads\/2024\/04\/Logo-itakaescolapios-peque.png","width":500,"height":199,"caption":"Fundaci\u00f3 Itaka-Escolapios"},"image":{"@id":"https:\/\/www.itakaescolapios.org\/es\/#\/schema\/logo\/image\/"}},{"@type":"Person","@id":"https:\/\/www.itakaescolapios.org\/es\/#\/schema\/person\/c232ccaa2b3f2e98db93c1f8dfca96ff","name":"valencia01","url":"https:\/\/www.itakaescolapios.org\/es\/author\/valencia01\/"}]}},"_links":{"self":[{"href":"https:\/\/www.itakaescolapios.org\/es\/wp-json\/wp\/v2\/posts\/24610","targetHints":{"allow":["GET"]}}],"collection":[{"href":"https:\/\/www.itakaescolapios.org\/es\/wp-json\/wp\/v2\/posts"}],"about":[{"href":"https:\/\/www.itakaescolapios.org\/es\/wp-json\/wp\/v2\/types\/post"}],"author":[{"embeddable":true,"href":"https:\/\/www.itakaescolapios.org\/es\/wp-json\/wp\/v2\/users\/39"}],"replies":[{"embeddable":true,"href":"https:\/\/www.itakaescolapios.org\/es\/wp-json\/wp\/v2\/comments?post=24610"}],"version-history":[{"count":5,"href":"https:\/\/www.itakaescolapios.org\/es\/wp-json\/wp\/v2\/posts\/24610\/revisions"}],"predecessor-version":[{"id":46324,"href":"https:\/\/www.itakaescolapios.org\/es\/wp-json\/wp\/v2\/posts\/24610\/revisions\/46324"}],"wp:featuredmedia":[{"embeddable":true,"href":"https:\/\/www.itakaescolapios.org\/es\/wp-json\/wp\/v2\/media\/24619"}],"wp:attachment":[{"href":"https:\/\/www.itakaescolapios.org\/es\/wp-json\/wp\/v2\/media?parent=24610"}],"wp:term":[{"taxonomy":"category","embeddable":true,"href":"https:\/\/www.itakaescolapios.org\/es\/wp-json\/wp\/v2\/categories?post=24610"},{"taxonomy":"post_tag","embeddable":true,"href":"https:\/\/www.itakaescolapios.org\/es\/wp-json\/wp\/v2\/tags?post=24610"}],"curies":[{"name":"wp","href":"https:\/\/api.w.org\/{rel}","templated":true}]}}