{"id":25299,"date":"2018-11-08T13:33:32","date_gmt":"2018-11-08T12:33:32","guid":{"rendered":"https:\/\/www.itakaescolapios.org\/?p=25299"},"modified":"2023-11-28T12:37:09","modified_gmt":"2023-11-28T11:37:09","slug":"reunion-de-los-equipos-de-captacion-de-recursos-y-tecnicos-pais","status":"publish","type":"post","link":"https:\/\/www.itakaescolapios.org\/es\/2018\/11\/reunion-de-los-equipos-de-captacion-de-recursos-y-tecnicos-pais\/","title":{"rendered":"REUNI\u00d3N DE LOS EQUIPOS DE CAPTACI\u00d3N DE RECURSOS Y T\u00c9CNICOS PA\u00cdS"},"content":{"rendered":"<p>Los d\u00edas 7 y 8 de noviembre se han reunido en Vitoria los y las t\u00e9cnicos de captaci\u00f3n y pa\u00eds de la Itaka-Escolapios. Durante ambos d\u00edas han revisado los objetivos del curso pasado y se han marcado prioridades para el 2018-2019.<\/p>\n<p>El curso se abre con grandes proyectos en la red Itaka-Escolapios: garantizar una educaci\u00f3n de calidad en la presencia de Kikonka en la Rep\u00fablica Democr\u00e1tica de Congo, ampliar la red de escuelas en Camer\u00fan mejorando las aulas de infantil de cuatro de ellas, ampliar la escuela de Kiblawan en Filipinas o adaptar los bachilleratos de las escuelas de Bolivia.<\/p>\n<p>&nbsp;<\/p>\n","protected":false},"excerpt":{"rendered":"<p>Los d\u00edas 7 y 8 de noviembre se han reunido en Vitoria los y las t\u00e9cnicos de captaci\u00f3n y pa\u00eds de la Itaka-Escolapios. Durante ambos d\u00edas han revisado los objetivos [&hellip;]<\/p>\n","protected":false},"author":46,"featured_media":25300,"comment_status":"closed","ping_status":"closed","sticky":false,"template":"","format":"standard","meta":{"_et_pb_use_builder":"","_et_pb_old_content":"","_et_gb_content_width":"","footnotes":""},"categories":[30],"tags":[],"class_list":["post-25299","post","type-post","status-publish","format-standard","has-post-thumbnail","hentry","category-itaka-escolapios"],"yoast_head":"<!-- This site is optimized with the Yoast SEO plugin v27.4 - https:\/\/yoast.com\/product\/yoast-seo-wordpress\/ -->\n<title>REUNI\u00d3N DE LOS EQUIPOS DE CAPTACI\u00d3N DE RECURSOS Y T\u00c9CNICOS PA\u00cdS - Itaka-Escolapios<\/title>\n<meta name=\"robots\" content=\"index, follow, max-snippet:-1, max-image-preview:large, max-video-preview:-1\" \/>\n<link rel=\"canonical\" href=\"https:\/\/www.itakaescolapios.org\/es\/2018\/11\/reunion-de-los-equipos-de-captacion-de-recursos-y-tecnicos-pais\/\" \/>\n<meta property=\"og:locale\" content=\"es_ES\" \/>\n<meta property=\"og:type\" content=\"article\" \/>\n<meta property=\"og:title\" content=\"REUNI\u00d3N DE LOS EQUIPOS DE CAPTACI\u00d3N DE RECURSOS Y T\u00c9CNICOS PA\u00cdS - Itaka-Escolapios\" \/>\n<meta property=\"og:description\" content=\"Los d\u00edas 7 y 8 de noviembre se han reunido en Vitoria los y las t\u00e9cnicos de captaci\u00f3n y pa\u00eds de la Itaka-Escolapios. Durante ambos d\u00edas han revisado los objetivos [&hellip;]\" \/>\n<meta property=\"og:url\" content=\"https:\/\/www.itakaescolapios.org\/es\/2018\/11\/reunion-de-los-equipos-de-captacion-de-recursos-y-tecnicos-pais\/\" \/>\n<meta property=\"og:site_name\" content=\"Itaka-Escolapios\" \/>\n<meta property=\"article:published_time\" content=\"2018-11-08T12:33:32+00:00\" \/>\n<meta property=\"article:modified_time\" content=\"2023-11-28T11:37:09+00:00\" \/>\n<meta property=\"og:image\" content=\"https:\/\/www.itakaescolapios.org\/wp-content\/uploads\/2018\/11\/IMG-20181108-WA0006.jpg\" \/>\n\t<meta property=\"og:image:width\" content=\"1600\" \/>\n\t<meta property=\"og:image:height\" content=\"1200\" \/>\n\t<meta property=\"og:image:type\" content=\"image\/jpeg\" \/>\n<meta name=\"author\" content=\"itakaescolapios\" \/>\n<meta name=\"twitter:card\" content=\"summary_large_image\" \/>\n<meta name=\"twitter:label1\" content=\"Escrito por\" \/>\n\t<meta name=\"twitter:data1\" content=\"itakaescolapios\" \/>\n\t<meta name=\"twitter:label2\" content=\"Tiempo de lectura\" \/>\n\t<meta name=\"twitter:data2\" content=\"1 minuto\" \/>\n<script type=\"application\/ld+json\" class=\"yoast-schema-graph\">{\"@context\":\"https:\\\/\\\/schema.org\",\"@graph\":[{\"@type\":\"Article\",\"@id\":\"https:\\\/\\\/www.itakaescolapios.org\\\/es\\\/2018\\\/11\\\/reunion-de-los-equipos-de-captacion-de-recursos-y-tecnicos-pais\\\/#article\",\"isPartOf\":{\"@id\":\"https:\\\/\\\/www.itakaescolapios.org\\\/es\\\/2018\\\/11\\\/reunion-de-los-equipos-de-captacion-de-recursos-y-tecnicos-pais\\\/\"},\"author\":{\"name\":\"itakaescolapios\",\"@id\":\"https:\\\/\\\/www.itakaescolapios.org\\\/es\\\/#\\\/schema\\\/person\\\/768ce0f19db5c2c2b6361e77e15db2db\"},\"headline\":\"REUNI\u00d3N DE LOS EQUIPOS DE CAPTACI\u00d3N DE RECURSOS Y T\u00c9CNICOS PA\u00cdS\",\"datePublished\":\"2018-11-08T12:33:32+00:00\",\"dateModified\":\"2023-11-28T11:37:09+00:00\",\"mainEntityOfPage\":{\"@id\":\"https:\\\/\\\/www.itakaescolapios.org\\\/es\\\/2018\\\/11\\\/reunion-de-los-equipos-de-captacion-de-recursos-y-tecnicos-pais\\\/\"},\"wordCount\":123,\"publisher\":{\"@id\":\"https:\\\/\\\/www.itakaescolapios.org\\\/es\\\/#organization\"},\"image\":{\"@id\":\"https:\\\/\\\/www.itakaescolapios.org\\\/es\\\/2018\\\/11\\\/reunion-de-los-equipos-de-captacion-de-recursos-y-tecnicos-pais\\\/#primaryimage\"},\"thumbnailUrl\":\"https:\\\/\\\/www.itakaescolapios.org\\\/wp-content\\\/uploads\\\/2018\\\/11\\\/IMG-20181108-WA0006.jpg\",\"articleSection\":[\"Itaka Escolapios\"],\"inLanguage\":\"es\"},{\"@type\":\"WebPage\",\"@id\":\"https:\\\/\\\/www.itakaescolapios.org\\\/es\\\/2018\\\/11\\\/reunion-de-los-equipos-de-captacion-de-recursos-y-tecnicos-pais\\\/\",\"url\":\"https:\\\/\\\/www.itakaescolapios.org\\\/es\\\/2018\\\/11\\\/reunion-de-los-equipos-de-captacion-de-recursos-y-tecnicos-pais\\\/\",\"name\":\"REUNI\u00d3N DE LOS EQUIPOS DE CAPTACI\u00d3N DE RECURSOS Y T\u00c9CNICOS PA\u00cdS - Itaka-Escolapios\",\"isPartOf\":{\"@id\":\"https:\\\/\\\/www.itakaescolapios.org\\\/es\\\/#website\"},\"primaryImageOfPage\":{\"@id\":\"https:\\\/\\\/www.itakaescolapios.org\\\/es\\\/2018\\\/11\\\/reunion-de-los-equipos-de-captacion-de-recursos-y-tecnicos-pais\\\/#primaryimage\"},\"image\":{\"@id\":\"https:\\\/\\\/www.itakaescolapios.org\\\/es\\\/2018\\\/11\\\/reunion-de-los-equipos-de-captacion-de-recursos-y-tecnicos-pais\\\/#primaryimage\"},\"thumbnailUrl\":\"https:\\\/\\\/www.itakaescolapios.org\\\/wp-content\\\/uploads\\\/2018\\\/11\\\/IMG-20181108-WA0006.jpg\",\"datePublished\":\"2018-11-08T12:33:32+00:00\",\"dateModified\":\"2023-11-28T11:37:09+00:00\",\"breadcrumb\":{\"@id\":\"https:\\\/\\\/www.itakaescolapios.org\\\/es\\\/2018\\\/11\\\/reunion-de-los-equipos-de-captacion-de-recursos-y-tecnicos-pais\\\/#breadcrumb\"},\"inLanguage\":\"es\",\"potentialAction\":[{\"@type\":\"ReadAction\",\"target\":[\"https:\\\/\\\/www.itakaescolapios.org\\\/es\\\/2018\\\/11\\\/reunion-de-los-equipos-de-captacion-de-recursos-y-tecnicos-pais\\\/\"]}]},{\"@type\":\"ImageObject\",\"inLanguage\":\"es\",\"@id\":\"https:\\\/\\\/www.itakaescolapios.org\\\/es\\\/2018\\\/11\\\/reunion-de-los-equipos-de-captacion-de-recursos-y-tecnicos-pais\\\/#primaryimage\",\"url\":\"https:\\\/\\\/www.itakaescolapios.org\\\/wp-content\\\/uploads\\\/2018\\\/11\\\/IMG-20181108-WA0006.jpg\",\"contentUrl\":\"https:\\\/\\\/www.itakaescolapios.org\\\/wp-content\\\/uploads\\\/2018\\\/11\\\/IMG-20181108-WA0006.jpg\",\"width\":1600,\"height\":1200},{\"@type\":\"BreadcrumbList\",\"@id\":\"https:\\\/\\\/www.itakaescolapios.org\\\/es\\\/2018\\\/11\\\/reunion-de-los-equipos-de-captacion-de-recursos-y-tecnicos-pais\\\/#breadcrumb\",\"itemListElement\":[{\"@type\":\"ListItem\",\"position\":1,\"name\":\"Portada\",\"item\":\"https:\\\/\\\/www.itakaescolapios.org\\\/es\\\/\"},{\"@type\":\"ListItem\",\"position\":2,\"name\":\"REUNI\u00d3N DE LOS EQUIPOS DE CAPTACI\u00d3N DE RECURSOS Y T\u00c9CNICOS PA\u00cdS\"}]},{\"@type\":\"WebSite\",\"@id\":\"https:\\\/\\\/www.itakaescolapios.org\\\/es\\\/#website\",\"url\":\"https:\\\/\\\/www.itakaescolapios.org\\\/es\\\/\",\"name\":\"Itaka-Escolapios\",\"description\":\"Red de Itaka-Escolapios\",\"publisher\":{\"@id\":\"https:\\\/\\\/www.itakaescolapios.org\\\/es\\\/#organization\"},\"potentialAction\":[{\"@type\":\"SearchAction\",\"target\":{\"@type\":\"EntryPoint\",\"urlTemplate\":\"https:\\\/\\\/www.itakaescolapios.org\\\/es\\\/?s={search_term_string}\"},\"query-input\":{\"@type\":\"PropertyValueSpecification\",\"valueRequired\":true,\"valueName\":\"search_term_string\"}}],\"inLanguage\":\"es\"},{\"@type\":\"Organization\",\"@id\":\"https:\\\/\\\/www.itakaescolapios.org\\\/es\\\/#organization\",\"name\":\"Fundaci\u00f3 Itaka-Escolapios\",\"url\":\"https:\\\/\\\/www.itakaescolapios.org\\\/es\\\/\",\"logo\":{\"@type\":\"ImageObject\",\"inLanguage\":\"es\",\"@id\":\"https:\\\/\\\/www.itakaescolapios.org\\\/es\\\/#\\\/schema\\\/logo\\\/image\\\/\",\"url\":\"https:\\\/\\\/www.itakaescolapios.org\\\/wp-content\\\/uploads\\\/2024\\\/04\\\/Logo-itakaescolapios-peque.png\",\"contentUrl\":\"https:\\\/\\\/www.itakaescolapios.org\\\/wp-content\\\/uploads\\\/2024\\\/04\\\/Logo-itakaescolapios-peque.png\",\"width\":500,\"height\":199,\"caption\":\"Fundaci\u00f3 Itaka-Escolapios\"},\"image\":{\"@id\":\"https:\\\/\\\/www.itakaescolapios.org\\\/es\\\/#\\\/schema\\\/logo\\\/image\\\/\"}},{\"@type\":\"Person\",\"@id\":\"https:\\\/\\\/www.itakaescolapios.org\\\/es\\\/#\\\/schema\\\/person\\\/768ce0f19db5c2c2b6361e77e15db2db\",\"name\":\"itakaescolapios\",\"url\":\"https:\\\/\\\/www.itakaescolapios.org\\\/es\\\/author\\\/itakaescolapios\\\/\"}]}<\/script>\n<!-- \/ Yoast SEO plugin. -->","yoast_head_json":{"title":"REUNI\u00d3N DE LOS EQUIPOS DE CAPTACI\u00d3N DE RECURSOS Y T\u00c9CNICOS PA\u00cdS - Itaka-Escolapios","robots":{"index":"index","follow":"follow","max-snippet":"max-snippet:-1","max-image-preview":"max-image-preview:large","max-video-preview":"max-video-preview:-1"},"canonical":"https:\/\/www.itakaescolapios.org\/es\/2018\/11\/reunion-de-los-equipos-de-captacion-de-recursos-y-tecnicos-pais\/","og_locale":"es_ES","og_type":"article","og_title":"REUNI\u00d3N DE LOS EQUIPOS DE CAPTACI\u00d3N DE RECURSOS Y T\u00c9CNICOS PA\u00cdS - Itaka-Escolapios","og_description":"Los d\u00edas 7 y 8 de noviembre se han reunido en Vitoria los y las t\u00e9cnicos de captaci\u00f3n y pa\u00eds de la Itaka-Escolapios. Durante ambos d\u00edas han revisado los objetivos [&hellip;]","og_url":"https:\/\/www.itakaescolapios.org\/es\/2018\/11\/reunion-de-los-equipos-de-captacion-de-recursos-y-tecnicos-pais\/","og_site_name":"Itaka-Escolapios","article_published_time":"2018-11-08T12:33:32+00:00","article_modified_time":"2023-11-28T11:37:09+00:00","og_image":[{"width":1600,"height":1200,"url":"https:\/\/www.itakaescolapios.org\/wp-content\/uploads\/2018\/11\/IMG-20181108-WA0006.jpg","type":"image\/jpeg"}],"author":"itakaescolapios","twitter_card":"summary_large_image","twitter_misc":{"Escrito por":"itakaescolapios","Tiempo de lectura":"1 minuto"},"schema":{"@context":"https:\/\/schema.org","@graph":[{"@type":"Article","@id":"https:\/\/www.itakaescolapios.org\/es\/2018\/11\/reunion-de-los-equipos-de-captacion-de-recursos-y-tecnicos-pais\/#article","isPartOf":{"@id":"https:\/\/www.itakaescolapios.org\/es\/2018\/11\/reunion-de-los-equipos-de-captacion-de-recursos-y-tecnicos-pais\/"},"author":{"name":"itakaescolapios","@id":"https:\/\/www.itakaescolapios.org\/es\/#\/schema\/person\/768ce0f19db5c2c2b6361e77e15db2db"},"headline":"REUNI\u00d3N DE LOS EQUIPOS DE CAPTACI\u00d3N DE RECURSOS Y T\u00c9CNICOS PA\u00cdS","datePublished":"2018-11-08T12:33:32+00:00","dateModified":"2023-11-28T11:37:09+00:00","mainEntityOfPage":{"@id":"https:\/\/www.itakaescolapios.org\/es\/2018\/11\/reunion-de-los-equipos-de-captacion-de-recursos-y-tecnicos-pais\/"},"wordCount":123,"publisher":{"@id":"https:\/\/www.itakaescolapios.org\/es\/#organization"},"image":{"@id":"https:\/\/www.itakaescolapios.org\/es\/2018\/11\/reunion-de-los-equipos-de-captacion-de-recursos-y-tecnicos-pais\/#primaryimage"},"thumbnailUrl":"https:\/\/www.itakaescolapios.org\/wp-content\/uploads\/2018\/11\/IMG-20181108-WA0006.jpg","articleSection":["Itaka Escolapios"],"inLanguage":"es"},{"@type":"WebPage","@id":"https:\/\/www.itakaescolapios.org\/es\/2018\/11\/reunion-de-los-equipos-de-captacion-de-recursos-y-tecnicos-pais\/","url":"https:\/\/www.itakaescolapios.org\/es\/2018\/11\/reunion-de-los-equipos-de-captacion-de-recursos-y-tecnicos-pais\/","name":"REUNI\u00d3N DE LOS EQUIPOS DE CAPTACI\u00d3N DE RECURSOS Y T\u00c9CNICOS PA\u00cdS - Itaka-Escolapios","isPartOf":{"@id":"https:\/\/www.itakaescolapios.org\/es\/#website"},"primaryImageOfPage":{"@id":"https:\/\/www.itakaescolapios.org\/es\/2018\/11\/reunion-de-los-equipos-de-captacion-de-recursos-y-tecnicos-pais\/#primaryimage"},"image":{"@id":"https:\/\/www.itakaescolapios.org\/es\/2018\/11\/reunion-de-los-equipos-de-captacion-de-recursos-y-tecnicos-pais\/#primaryimage"},"thumbnailUrl":"https:\/\/www.itakaescolapios.org\/wp-content\/uploads\/2018\/11\/IMG-20181108-WA0006.jpg","datePublished":"2018-11-08T12:33:32+00:00","dateModified":"2023-11-28T11:37:09+00:00","breadcrumb":{"@id":"https:\/\/www.itakaescolapios.org\/es\/2018\/11\/reunion-de-los-equipos-de-captacion-de-recursos-y-tecnicos-pais\/#breadcrumb"},"inLanguage":"es","potentialAction":[{"@type":"ReadAction","target":["https:\/\/www.itakaescolapios.org\/es\/2018\/11\/reunion-de-los-equipos-de-captacion-de-recursos-y-tecnicos-pais\/"]}]},{"@type":"ImageObject","inLanguage":"es","@id":"https:\/\/www.itakaescolapios.org\/es\/2018\/11\/reunion-de-los-equipos-de-captacion-de-recursos-y-tecnicos-pais\/#primaryimage","url":"https:\/\/www.itakaescolapios.org\/wp-content\/uploads\/2018\/11\/IMG-20181108-WA0006.jpg","contentUrl":"https:\/\/www.itakaescolapios.org\/wp-content\/uploads\/2018\/11\/IMG-20181108-WA0006.jpg","width":1600,"height":1200},{"@type":"BreadcrumbList","@id":"https:\/\/www.itakaescolapios.org\/es\/2018\/11\/reunion-de-los-equipos-de-captacion-de-recursos-y-tecnicos-pais\/#breadcrumb","itemListElement":[{"@type":"ListItem","position":1,"name":"Portada","item":"https:\/\/www.itakaescolapios.org\/es\/"},{"@type":"ListItem","position":2,"name":"REUNI\u00d3N DE LOS EQUIPOS DE CAPTACI\u00d3N DE RECURSOS Y T\u00c9CNICOS PA\u00cdS"}]},{"@type":"WebSite","@id":"https:\/\/www.itakaescolapios.org\/es\/#website","url":"https:\/\/www.itakaescolapios.org\/es\/","name":"Itaka-Escolapios","description":"Red de Itaka-Escolapios","publisher":{"@id":"https:\/\/www.itakaescolapios.org\/es\/#organization"},"potentialAction":[{"@type":"SearchAction","target":{"@type":"EntryPoint","urlTemplate":"https:\/\/www.itakaescolapios.org\/es\/?s={search_term_string}"},"query-input":{"@type":"PropertyValueSpecification","valueRequired":true,"valueName":"search_term_string"}}],"inLanguage":"es"},{"@type":"Organization","@id":"https:\/\/www.itakaescolapios.org\/es\/#organization","name":"Fundaci\u00f3 Itaka-Escolapios","url":"https:\/\/www.itakaescolapios.org\/es\/","logo":{"@type":"ImageObject","inLanguage":"es","@id":"https:\/\/www.itakaescolapios.org\/es\/#\/schema\/logo\/image\/","url":"https:\/\/www.itakaescolapios.org\/wp-content\/uploads\/2024\/04\/Logo-itakaescolapios-peque.png","contentUrl":"https:\/\/www.itakaescolapios.org\/wp-content\/uploads\/2024\/04\/Logo-itakaescolapios-peque.png","width":500,"height":199,"caption":"Fundaci\u00f3 Itaka-Escolapios"},"image":{"@id":"https:\/\/www.itakaescolapios.org\/es\/#\/schema\/logo\/image\/"}},{"@type":"Person","@id":"https:\/\/www.itakaescolapios.org\/es\/#\/schema\/person\/768ce0f19db5c2c2b6361e77e15db2db","name":"itakaescolapios","url":"https:\/\/www.itakaescolapios.org\/es\/author\/itakaescolapios\/"}]}},"_links":{"self":[{"href":"https:\/\/www.itakaescolapios.org\/es\/wp-json\/wp\/v2\/posts\/25299","targetHints":{"allow":["GET"]}}],"collection":[{"href":"https:\/\/www.itakaescolapios.org\/es\/wp-json\/wp\/v2\/posts"}],"about":[{"href":"https:\/\/www.itakaescolapios.org\/es\/wp-json\/wp\/v2\/types\/post"}],"author":[{"embeddable":true,"href":"https:\/\/www.itakaescolapios.org\/es\/wp-json\/wp\/v2\/users\/46"}],"replies":[{"embeddable":true,"href":"https:\/\/www.itakaescolapios.org\/es\/wp-json\/wp\/v2\/comments?post=25299"}],"version-history":[{"count":3,"href":"https:\/\/www.itakaescolapios.org\/es\/wp-json\/wp\/v2\/posts\/25299\/revisions"}],"predecessor-version":[{"id":46172,"href":"https:\/\/www.itakaescolapios.org\/es\/wp-json\/wp\/v2\/posts\/25299\/revisions\/46172"}],"wp:featuredmedia":[{"embeddable":true,"href":"https:\/\/www.itakaescolapios.org\/es\/wp-json\/wp\/v2\/media\/25300"}],"wp:attachment":[{"href":"https:\/\/www.itakaescolapios.org\/es\/wp-json\/wp\/v2\/media?parent=25299"}],"wp:term":[{"taxonomy":"category","embeddable":true,"href":"https:\/\/www.itakaescolapios.org\/es\/wp-json\/wp\/v2\/categories?post=25299"},{"taxonomy":"post_tag","embeddable":true,"href":"https:\/\/www.itakaescolapios.org\/es\/wp-json\/wp\/v2\/tags?post=25299"}],"curies":[{"name":"wp","href":"https:\/\/api.w.org\/{rel}","templated":true}]}}