{"id":26591,"date":"2019-02-05T19:44:25","date_gmt":"2019-02-05T18:44:25","guid":{"rendered":"https:\/\/www.itakaescolapios.org\/?p=26591"},"modified":"2023-11-28T12:37:00","modified_gmt":"2023-11-28T11:37:00","slug":"encuentro-formativo-del-ves-en-madrid","status":"publish","type":"post","link":"https:\/\/www.itakaescolapios.org\/es\/2019\/02\/encuentro-formativo-del-ves-en-madrid\/","title":{"rendered":"ENCUENTRO FORMATIVO DEL VES EN MADRID"},"content":{"rendered":"<p style=\"text-align: justify\">El s\u00e1bado tuvimos en Aluche un encuentro formativo del VES. Comenzamos el d\u00eda celebrando encontrarnos y vernos de nuevo mientras compart\u00edamos tanto un delicioso desayuno, como la grata sorpresa de ver lo bien que ha quedado la sala Chinchachoma del CSE Calasanz.<\/p>\n<p style=\"text-align: justify\">La ma\u00f1ana la dedicamos a conocer y profundizar sobre diferentes temas de actualidad recogidos en cuatro espacios experienciales el trabajo: los micromachismos en la vida cotidiana, la necesidad de hacer juicio cr\u00edtico sobre el sexismo en la publicidad, las v\u00edctimas de la violencia de g\u00e9nero, los factores socioculturales que la perpet\u00faan y las relaciones que se establecen de complementariedad y, por \u00faltimo, la coeducaci\u00f3n en la infancia (estereotipos, relaciones desiguales que establecemos a partir del g\u00e9nero, etc.). A continuaci\u00f3n, en asamblea, compartimos lo que nos hab\u00eda suscitado el paso por estos cuatro rincones.<\/p>\n<p style=\"text-align: justify\">Despu\u00e9s de la comida comenzamos la tarde con un trabajo te\u00f3rico-pr\u00e1ctico sobre la estimulaci\u00f3n basal en una sesi\u00f3n titulada \u00abEl contacto. Dejarnos en tus manos\u00bb, utilizando el lema de este a\u00f1o como hilo conductor. \u00a0En ella, hemos trabajado la importancia de sabernos en un cuerpo, y lo fundamental que es para los ni\u00f1os y las ni\u00f1as de nuestros voluntariados haber tenido experiencias de contacto corporales para conformarse como personas.\u00a0Hemos disfrutado conociendo nuestros l\u00edmites y trabajado din\u00e1micas sencillas de estimulaci\u00f3n basal, contando cuentos en la espalda de nuestros compa\u00f1eros y compa\u00f1eras, e incluso con un masaje de relajaci\u00f3n facial.<\/p>\n<p style=\"text-align: justify\">Para concluir esta jornada de encuentro y formaci\u00f3n, hemos visto el trabajo de la Red Itaka-Escolapios en el mundo a trav\u00e9s de la campa\u00f1a solidaria de este curso en Congo y haciendo presentes las fechas importantes que nos quedan por delante: 25 de mayo (d\u00eda de \u00c1frica impulsado por REDES), y 9 y 10 de marzo en Cercedilla (encuentro VES) en el marco del D\u00eda Internacional del Voluntariado de Itaka-Escolapios.<\/p>\n<p style=\"text-align: justify\">Si quer\u00e9is ver alguna foto m\u00e1s aqu\u00ed ten\u00e9is el <a href=\"https:\/\/www.facebook.com\/pg\/ItakaBetania\/photos\/?tab=album&amp;album_id=2178908845532458\">link<\/a><\/p>\n<p style=\"text-align: justify\">Gracias por vuestra participaci\u00f3n y entrega.<\/p>\n\n\t\t<style type=\"text\/css\">\n\t\t\t#gallery-1 {\n\t\t\t\tmargin: auto;\n\t\t\t}\n\t\t\t#gallery-1 .gallery-item {\n\t\t\t\tfloat: left;\n\t\t\t\tmargin-top: 10px;\n\t\t\t\ttext-align: center;\n\t\t\t\twidth: 33%;\n\t\t\t}\n\t\t\t#gallery-1 img {\n\t\t\t\tborder: 2px solid #cfcfcf;\n\t\t\t}\n\t\t\t#gallery-1 .gallery-caption {\n\t\t\t\tmargin-left: 0;\n\t\t\t}\n\t\t\t\/* see gallery_shortcode() in wp-includes\/media.php *\/\n\t\t<\/style>\n\t\t<div id='gallery-1' class='gallery galleryid-26591 gallery-columns-3 gallery-size-thumbnail'><dl class='gallery-item'>\n\t\t\t<dt class='gallery-icon landscape'>\n\t\t\t\t<a href='https:\/\/www.itakaescolapios.org\/es\/2019\/02\/encuentro-formativo-del-ves-en-madrid\/whatsapp-image-2019-02-02-at-20-01-31\/'><img decoding=\"async\" width=\"90\" height=\"90\" src=\"https:\/\/www.itakaescolapios.org\/wp-content\/uploads\/2019\/02\/WhatsApp-Image-2019-02-02-at-20.01.31-90x90.jpeg\" class=\"attachment-thumbnail size-thumbnail\" alt=\"\" \/><\/a>\n\t\t\t<\/dt><\/dl><dl class='gallery-item'>\n\t\t\t<dt class='gallery-icon landscape'>\n\t\t\t\t<a href='https:\/\/www.itakaescolapios.org\/es\/2019\/02\/encuentro-formativo-del-ves-en-madrid\/whatsapp-image-2019-02-04-at-11-55-52-2\/'><img decoding=\"async\" width=\"90\" height=\"90\" src=\"https:\/\/www.itakaescolapios.org\/wp-content\/uploads\/2019\/02\/WhatsApp-Image-2019-02-04-at-11.55.52-2-90x90.jpeg\" class=\"attachment-thumbnail size-thumbnail\" alt=\"\" \/><\/a>\n\t\t\t<\/dt><\/dl><dl class='gallery-item'>\n\t\t\t<dt class='gallery-icon portrait'>\n\t\t\t\t<a href='https:\/\/www.itakaescolapios.org\/es\/2019\/02\/encuentro-formativo-del-ves-en-madrid\/whatsapp-image-2019-02-04-at-11-55-52-3\/'><img decoding=\"async\" width=\"90\" height=\"90\" src=\"https:\/\/www.itakaescolapios.org\/wp-content\/uploads\/2019\/02\/WhatsApp-Image-2019-02-04-at-11.55.52-3-90x90.jpeg\" class=\"attachment-thumbnail size-thumbnail\" alt=\"\" \/><\/a>\n\t\t\t<\/dt><\/dl><br style=\"clear: both\" \/><dl class='gallery-item'>\n\t\t\t<dt class='gallery-icon portrait'>\n\t\t\t\t<a href='https:\/\/www.itakaescolapios.org\/es\/2019\/02\/encuentro-formativo-del-ves-en-madrid\/whatsapp-image-2019-02-05-at-10-40-38-3\/'><img decoding=\"async\" width=\"90\" height=\"90\" src=\"https:\/\/www.itakaescolapios.org\/wp-content\/uploads\/2019\/02\/WhatsApp-Image-2019-02-05-at-10.40.38-3-90x90.jpeg\" class=\"attachment-thumbnail size-thumbnail\" alt=\"\" \/><\/a>\n\t\t\t<\/dt><\/dl><dl class='gallery-item'>\n\t\t\t<dt class='gallery-icon portrait'>\n\t\t\t\t<a href='https:\/\/www.itakaescolapios.org\/es\/2019\/02\/encuentro-formativo-del-ves-en-madrid\/whatsapp-image-2019-02-05-at-10-40-36-8\/'><img decoding=\"async\" width=\"90\" height=\"90\" src=\"https:\/\/www.itakaescolapios.org\/wp-content\/uploads\/2019\/02\/WhatsApp-Image-2019-02-05-at-10.40.36-8-90x90.jpeg\" class=\"attachment-thumbnail size-thumbnail\" alt=\"\" \/><\/a>\n\t\t\t<\/dt><\/dl><dl class='gallery-item'>\n\t\t\t<dt class='gallery-icon landscape'>\n\t\t\t\t<a href='https:\/\/www.itakaescolapios.org\/es\/2019\/02\/encuentro-formativo-del-ves-en-madrid\/whatsapp-image-2019-02-02-at-19-36-34\/'><img decoding=\"async\" width=\"90\" height=\"90\" src=\"https:\/\/www.itakaescolapios.org\/wp-content\/uploads\/2019\/02\/WhatsApp-Image-2019-02-02-at-19.36.34-90x90.jpeg\" class=\"attachment-thumbnail size-thumbnail\" alt=\"\" \/><\/a>\n\t\t\t<\/dt><\/dl><br style=\"clear: both\" \/><dl class='gallery-item'>\n\t\t\t<dt class='gallery-icon landscape'>\n\t\t\t\t<a href='https:\/\/www.itakaescolapios.org\/es\/2019\/02\/encuentro-formativo-del-ves-en-madrid\/whatsapp-image-2019-02-05-at-10-40-37-3\/'><img decoding=\"async\" width=\"90\" height=\"90\" src=\"https:\/\/www.itakaescolapios.org\/wp-content\/uploads\/2019\/02\/WhatsApp-Image-2019-02-05-at-10.40.37-3-90x90.jpeg\" class=\"attachment-thumbnail size-thumbnail\" alt=\"\" \/><\/a>\n\t\t\t<\/dt><\/dl><dl class='gallery-item'>\n\t\t\t<dt class='gallery-icon portrait'>\n\t\t\t\t<a href='https:\/\/www.itakaescolapios.org\/es\/2019\/02\/encuentro-formativo-del-ves-en-madrid\/whatsapp-image-2019-02-05-at-10-40-37-4\/'><img decoding=\"async\" width=\"90\" height=\"90\" src=\"https:\/\/www.itakaescolapios.org\/wp-content\/uploads\/2019\/02\/WhatsApp-Image-2019-02-05-at-10.40.37-4-90x90.jpeg\" class=\"attachment-thumbnail size-thumbnail\" alt=\"\" \/><\/a>\n\t\t\t<\/dt><\/dl>\n\t\t\t<br style='clear: both' \/>\n\t\t<\/div>\n\n","protected":false},"excerpt":{"rendered":"<p>El s\u00e1bado tuvimos en Aluche un encuentro formativo del VES. Comenzamos el d\u00eda celebrando encontrarnos y vernos de nuevo mientras compart\u00edamos tanto un delicioso desayuno, como la grata sorpresa de [&hellip;]<\/p>\n","protected":false},"author":48,"featured_media":26593,"comment_status":"closed","ping_status":"closed","sticky":false,"template":"","format":"standard","meta":{"_et_pb_use_builder":"","_et_pb_old_content":"","_et_gb_content_width":"","footnotes":""},"categories":[146],"tags":[],"class_list":["post-26591","post","type-post","status-publish","format-standard","has-post-thumbnail","hentry","category-madrid"],"yoast_head":"<!-- This site is optimized with the Yoast SEO plugin v27.4 - https:\/\/yoast.com\/product\/yoast-seo-wordpress\/ -->\n<title>ENCUENTRO FORMATIVO DEL VES EN MADRID - Itaka-Escolapios<\/title>\n<meta name=\"robots\" content=\"index, follow, max-snippet:-1, max-image-preview:large, max-video-preview:-1\" \/>\n<link rel=\"canonical\" href=\"https:\/\/www.itakaescolapios.org\/es\/2019\/02\/encuentro-formativo-del-ves-en-madrid\/\" \/>\n<meta property=\"og:locale\" content=\"es_ES\" \/>\n<meta property=\"og:type\" content=\"article\" \/>\n<meta property=\"og:title\" content=\"ENCUENTRO FORMATIVO DEL VES EN MADRID - Itaka-Escolapios\" \/>\n<meta property=\"og:description\" content=\"El s\u00e1bado tuvimos en Aluche un encuentro formativo del VES. Comenzamos el d\u00eda celebrando encontrarnos y vernos de nuevo mientras compart\u00edamos tanto un delicioso desayuno, como la grata sorpresa de [&hellip;]\" \/>\n<meta property=\"og:url\" content=\"https:\/\/www.itakaescolapios.org\/es\/2019\/02\/encuentro-formativo-del-ves-en-madrid\/\" \/>\n<meta property=\"og:site_name\" content=\"Itaka-Escolapios\" \/>\n<meta property=\"article:published_time\" content=\"2019-02-05T18:44:25+00:00\" \/>\n<meta property=\"article:modified_time\" content=\"2023-11-28T11:37:00+00:00\" \/>\n<meta property=\"og:image\" content=\"https:\/\/www.itakaescolapios.org\/wp-content\/uploads\/2019\/02\/WhatsApp-Image-2019-02-02-at-20.01.31.jpeg\" \/>\n\t<meta property=\"og:image:width\" content=\"1552\" \/>\n\t<meta property=\"og:image:height\" content=\"987\" \/>\n\t<meta property=\"og:image:type\" content=\"image\/jpeg\" \/>\n<meta name=\"author\" content=\"madrid01\" \/>\n<meta name=\"twitter:card\" content=\"summary_large_image\" \/>\n<meta name=\"twitter:label1\" content=\"Escrito por\" \/>\n\t<meta name=\"twitter:data1\" content=\"madrid01\" \/>\n\t<meta name=\"twitter:label2\" content=\"Tiempo de lectura\" \/>\n\t<meta name=\"twitter:data2\" content=\"2 minutos\" \/>\n<script type=\"application\/ld+json\" class=\"yoast-schema-graph\">{\"@context\":\"https:\\\/\\\/schema.org\",\"@graph\":[{\"@type\":\"Article\",\"@id\":\"https:\\\/\\\/www.itakaescolapios.org\\\/es\\\/2019\\\/02\\\/encuentro-formativo-del-ves-en-madrid\\\/#article\",\"isPartOf\":{\"@id\":\"https:\\\/\\\/www.itakaescolapios.org\\\/es\\\/2019\\\/02\\\/encuentro-formativo-del-ves-en-madrid\\\/\"},\"author\":{\"name\":\"madrid01\",\"@id\":\"https:\\\/\\\/www.itakaescolapios.org\\\/es\\\/#\\\/schema\\\/person\\\/bcd60d18d9795d0e978153a567a2edcb\"},\"headline\":\"ENCUENTRO FORMATIVO DEL VES EN MADRID\",\"datePublished\":\"2019-02-05T18:44:25+00:00\",\"dateModified\":\"2023-11-28T11:37:00+00:00\",\"mainEntityOfPage\":{\"@id\":\"https:\\\/\\\/www.itakaescolapios.org\\\/es\\\/2019\\\/02\\\/encuentro-formativo-del-ves-en-madrid\\\/\"},\"wordCount\":360,\"publisher\":{\"@id\":\"https:\\\/\\\/www.itakaescolapios.org\\\/es\\\/#organization\"},\"image\":{\"@id\":\"https:\\\/\\\/www.itakaescolapios.org\\\/es\\\/2019\\\/02\\\/encuentro-formativo-del-ves-en-madrid\\\/#primaryimage\"},\"thumbnailUrl\":\"https:\\\/\\\/www.itakaescolapios.org\\\/wp-content\\\/uploads\\\/2019\\\/02\\\/WhatsApp-Image-2019-02-02-at-20.01.31.jpeg\",\"articleSection\":[\"Madrid\"],\"inLanguage\":\"es\"},{\"@type\":\"WebPage\",\"@id\":\"https:\\\/\\\/www.itakaescolapios.org\\\/es\\\/2019\\\/02\\\/encuentro-formativo-del-ves-en-madrid\\\/\",\"url\":\"https:\\\/\\\/www.itakaescolapios.org\\\/es\\\/2019\\\/02\\\/encuentro-formativo-del-ves-en-madrid\\\/\",\"name\":\"ENCUENTRO FORMATIVO DEL VES EN MADRID - Itaka-Escolapios\",\"isPartOf\":{\"@id\":\"https:\\\/\\\/www.itakaescolapios.org\\\/es\\\/#website\"},\"primaryImageOfPage\":{\"@id\":\"https:\\\/\\\/www.itakaescolapios.org\\\/es\\\/2019\\\/02\\\/encuentro-formativo-del-ves-en-madrid\\\/#primaryimage\"},\"image\":{\"@id\":\"https:\\\/\\\/www.itakaescolapios.org\\\/es\\\/2019\\\/02\\\/encuentro-formativo-del-ves-en-madrid\\\/#primaryimage\"},\"thumbnailUrl\":\"https:\\\/\\\/www.itakaescolapios.org\\\/wp-content\\\/uploads\\\/2019\\\/02\\\/WhatsApp-Image-2019-02-02-at-20.01.31.jpeg\",\"datePublished\":\"2019-02-05T18:44:25+00:00\",\"dateModified\":\"2023-11-28T11:37:00+00:00\",\"breadcrumb\":{\"@id\":\"https:\\\/\\\/www.itakaescolapios.org\\\/es\\\/2019\\\/02\\\/encuentro-formativo-del-ves-en-madrid\\\/#breadcrumb\"},\"inLanguage\":\"es\",\"potentialAction\":[{\"@type\":\"ReadAction\",\"target\":[\"https:\\\/\\\/www.itakaescolapios.org\\\/es\\\/2019\\\/02\\\/encuentro-formativo-del-ves-en-madrid\\\/\"]}]},{\"@type\":\"ImageObject\",\"inLanguage\":\"es\",\"@id\":\"https:\\\/\\\/www.itakaescolapios.org\\\/es\\\/2019\\\/02\\\/encuentro-formativo-del-ves-en-madrid\\\/#primaryimage\",\"url\":\"https:\\\/\\\/www.itakaescolapios.org\\\/wp-content\\\/uploads\\\/2019\\\/02\\\/WhatsApp-Image-2019-02-02-at-20.01.31.jpeg\",\"contentUrl\":\"https:\\\/\\\/www.itakaescolapios.org\\\/wp-content\\\/uploads\\\/2019\\\/02\\\/WhatsApp-Image-2019-02-02-at-20.01.31.jpeg\",\"width\":1552,\"height\":987},{\"@type\":\"BreadcrumbList\",\"@id\":\"https:\\\/\\\/www.itakaescolapios.org\\\/es\\\/2019\\\/02\\\/encuentro-formativo-del-ves-en-madrid\\\/#breadcrumb\",\"itemListElement\":[{\"@type\":\"ListItem\",\"position\":1,\"name\":\"Portada\",\"item\":\"https:\\\/\\\/www.itakaescolapios.org\\\/es\\\/\"},{\"@type\":\"ListItem\",\"position\":2,\"name\":\"ENCUENTRO FORMATIVO DEL VES EN MADRID\"}]},{\"@type\":\"WebSite\",\"@id\":\"https:\\\/\\\/www.itakaescolapios.org\\\/es\\\/#website\",\"url\":\"https:\\\/\\\/www.itakaescolapios.org\\\/es\\\/\",\"name\":\"Itaka-Escolapios\",\"description\":\"Red de Itaka-Escolapios\",\"publisher\":{\"@id\":\"https:\\\/\\\/www.itakaescolapios.org\\\/es\\\/#organization\"},\"potentialAction\":[{\"@type\":\"SearchAction\",\"target\":{\"@type\":\"EntryPoint\",\"urlTemplate\":\"https:\\\/\\\/www.itakaescolapios.org\\\/es\\\/?s={search_term_string}\"},\"query-input\":{\"@type\":\"PropertyValueSpecification\",\"valueRequired\":true,\"valueName\":\"search_term_string\"}}],\"inLanguage\":\"es\"},{\"@type\":\"Organization\",\"@id\":\"https:\\\/\\\/www.itakaescolapios.org\\\/es\\\/#organization\",\"name\":\"Fundaci\u00f3 Itaka-Escolapios\",\"url\":\"https:\\\/\\\/www.itakaescolapios.org\\\/es\\\/\",\"logo\":{\"@type\":\"ImageObject\",\"inLanguage\":\"es\",\"@id\":\"https:\\\/\\\/www.itakaescolapios.org\\\/es\\\/#\\\/schema\\\/logo\\\/image\\\/\",\"url\":\"https:\\\/\\\/www.itakaescolapios.org\\\/wp-content\\\/uploads\\\/2024\\\/04\\\/Logo-itakaescolapios-peque.png\",\"contentUrl\":\"https:\\\/\\\/www.itakaescolapios.org\\\/wp-content\\\/uploads\\\/2024\\\/04\\\/Logo-itakaescolapios-peque.png\",\"width\":500,\"height\":199,\"caption\":\"Fundaci\u00f3 Itaka-Escolapios\"},\"image\":{\"@id\":\"https:\\\/\\\/www.itakaescolapios.org\\\/es\\\/#\\\/schema\\\/logo\\\/image\\\/\"}},{\"@type\":\"Person\",\"@id\":\"https:\\\/\\\/www.itakaescolapios.org\\\/es\\\/#\\\/schema\\\/person\\\/bcd60d18d9795d0e978153a567a2edcb\",\"name\":\"madrid01\",\"url\":\"https:\\\/\\\/www.itakaescolapios.org\\\/es\\\/author\\\/madrid01\\\/\"}]}<\/script>\n<!-- \/ Yoast SEO plugin. -->","yoast_head_json":{"title":"ENCUENTRO FORMATIVO DEL VES EN MADRID - Itaka-Escolapios","robots":{"index":"index","follow":"follow","max-snippet":"max-snippet:-1","max-image-preview":"max-image-preview:large","max-video-preview":"max-video-preview:-1"},"canonical":"https:\/\/www.itakaescolapios.org\/es\/2019\/02\/encuentro-formativo-del-ves-en-madrid\/","og_locale":"es_ES","og_type":"article","og_title":"ENCUENTRO FORMATIVO DEL VES EN MADRID - Itaka-Escolapios","og_description":"El s\u00e1bado tuvimos en Aluche un encuentro formativo del VES. Comenzamos el d\u00eda celebrando encontrarnos y vernos de nuevo mientras compart\u00edamos tanto un delicioso desayuno, como la grata sorpresa de [&hellip;]","og_url":"https:\/\/www.itakaescolapios.org\/es\/2019\/02\/encuentro-formativo-del-ves-en-madrid\/","og_site_name":"Itaka-Escolapios","article_published_time":"2019-02-05T18:44:25+00:00","article_modified_time":"2023-11-28T11:37:00+00:00","og_image":[{"width":1552,"height":987,"url":"https:\/\/www.itakaescolapios.org\/wp-content\/uploads\/2019\/02\/WhatsApp-Image-2019-02-02-at-20.01.31.jpeg","type":"image\/jpeg"}],"author":"madrid01","twitter_card":"summary_large_image","twitter_misc":{"Escrito por":"madrid01","Tiempo de lectura":"2 minutos"},"schema":{"@context":"https:\/\/schema.org","@graph":[{"@type":"Article","@id":"https:\/\/www.itakaescolapios.org\/es\/2019\/02\/encuentro-formativo-del-ves-en-madrid\/#article","isPartOf":{"@id":"https:\/\/www.itakaescolapios.org\/es\/2019\/02\/encuentro-formativo-del-ves-en-madrid\/"},"author":{"name":"madrid01","@id":"https:\/\/www.itakaescolapios.org\/es\/#\/schema\/person\/bcd60d18d9795d0e978153a567a2edcb"},"headline":"ENCUENTRO FORMATIVO DEL VES EN MADRID","datePublished":"2019-02-05T18:44:25+00:00","dateModified":"2023-11-28T11:37:00+00:00","mainEntityOfPage":{"@id":"https:\/\/www.itakaescolapios.org\/es\/2019\/02\/encuentro-formativo-del-ves-en-madrid\/"},"wordCount":360,"publisher":{"@id":"https:\/\/www.itakaescolapios.org\/es\/#organization"},"image":{"@id":"https:\/\/www.itakaescolapios.org\/es\/2019\/02\/encuentro-formativo-del-ves-en-madrid\/#primaryimage"},"thumbnailUrl":"https:\/\/www.itakaescolapios.org\/wp-content\/uploads\/2019\/02\/WhatsApp-Image-2019-02-02-at-20.01.31.jpeg","articleSection":["Madrid"],"inLanguage":"es"},{"@type":"WebPage","@id":"https:\/\/www.itakaescolapios.org\/es\/2019\/02\/encuentro-formativo-del-ves-en-madrid\/","url":"https:\/\/www.itakaescolapios.org\/es\/2019\/02\/encuentro-formativo-del-ves-en-madrid\/","name":"ENCUENTRO FORMATIVO DEL VES EN MADRID - Itaka-Escolapios","isPartOf":{"@id":"https:\/\/www.itakaescolapios.org\/es\/#website"},"primaryImageOfPage":{"@id":"https:\/\/www.itakaescolapios.org\/es\/2019\/02\/encuentro-formativo-del-ves-en-madrid\/#primaryimage"},"image":{"@id":"https:\/\/www.itakaescolapios.org\/es\/2019\/02\/encuentro-formativo-del-ves-en-madrid\/#primaryimage"},"thumbnailUrl":"https:\/\/www.itakaescolapios.org\/wp-content\/uploads\/2019\/02\/WhatsApp-Image-2019-02-02-at-20.01.31.jpeg","datePublished":"2019-02-05T18:44:25+00:00","dateModified":"2023-11-28T11:37:00+00:00","breadcrumb":{"@id":"https:\/\/www.itakaescolapios.org\/es\/2019\/02\/encuentro-formativo-del-ves-en-madrid\/#breadcrumb"},"inLanguage":"es","potentialAction":[{"@type":"ReadAction","target":["https:\/\/www.itakaescolapios.org\/es\/2019\/02\/encuentro-formativo-del-ves-en-madrid\/"]}]},{"@type":"ImageObject","inLanguage":"es","@id":"https:\/\/www.itakaescolapios.org\/es\/2019\/02\/encuentro-formativo-del-ves-en-madrid\/#primaryimage","url":"https:\/\/www.itakaescolapios.org\/wp-content\/uploads\/2019\/02\/WhatsApp-Image-2019-02-02-at-20.01.31.jpeg","contentUrl":"https:\/\/www.itakaescolapios.org\/wp-content\/uploads\/2019\/02\/WhatsApp-Image-2019-02-02-at-20.01.31.jpeg","width":1552,"height":987},{"@type":"BreadcrumbList","@id":"https:\/\/www.itakaescolapios.org\/es\/2019\/02\/encuentro-formativo-del-ves-en-madrid\/#breadcrumb","itemListElement":[{"@type":"ListItem","position":1,"name":"Portada","item":"https:\/\/www.itakaescolapios.org\/es\/"},{"@type":"ListItem","position":2,"name":"ENCUENTRO FORMATIVO DEL VES EN MADRID"}]},{"@type":"WebSite","@id":"https:\/\/www.itakaescolapios.org\/es\/#website","url":"https:\/\/www.itakaescolapios.org\/es\/","name":"Itaka-Escolapios","description":"Red de Itaka-Escolapios","publisher":{"@id":"https:\/\/www.itakaescolapios.org\/es\/#organization"},"potentialAction":[{"@type":"SearchAction","target":{"@type":"EntryPoint","urlTemplate":"https:\/\/www.itakaescolapios.org\/es\/?s={search_term_string}"},"query-input":{"@type":"PropertyValueSpecification","valueRequired":true,"valueName":"search_term_string"}}],"inLanguage":"es"},{"@type":"Organization","@id":"https:\/\/www.itakaescolapios.org\/es\/#organization","name":"Fundaci\u00f3 Itaka-Escolapios","url":"https:\/\/www.itakaescolapios.org\/es\/","logo":{"@type":"ImageObject","inLanguage":"es","@id":"https:\/\/www.itakaescolapios.org\/es\/#\/schema\/logo\/image\/","url":"https:\/\/www.itakaescolapios.org\/wp-content\/uploads\/2024\/04\/Logo-itakaescolapios-peque.png","contentUrl":"https:\/\/www.itakaescolapios.org\/wp-content\/uploads\/2024\/04\/Logo-itakaescolapios-peque.png","width":500,"height":199,"caption":"Fundaci\u00f3 Itaka-Escolapios"},"image":{"@id":"https:\/\/www.itakaescolapios.org\/es\/#\/schema\/logo\/image\/"}},{"@type":"Person","@id":"https:\/\/www.itakaescolapios.org\/es\/#\/schema\/person\/bcd60d18d9795d0e978153a567a2edcb","name":"madrid01","url":"https:\/\/www.itakaescolapios.org\/es\/author\/madrid01\/"}]}},"_links":{"self":[{"href":"https:\/\/www.itakaescolapios.org\/es\/wp-json\/wp\/v2\/posts\/26591","targetHints":{"allow":["GET"]}}],"collection":[{"href":"https:\/\/www.itakaescolapios.org\/es\/wp-json\/wp\/v2\/posts"}],"about":[{"href":"https:\/\/www.itakaescolapios.org\/es\/wp-json\/wp\/v2\/types\/post"}],"author":[{"embeddable":true,"href":"https:\/\/www.itakaescolapios.org\/es\/wp-json\/wp\/v2\/users\/48"}],"replies":[{"embeddable":true,"href":"https:\/\/www.itakaescolapios.org\/es\/wp-json\/wp\/v2\/comments?post=26591"}],"version-history":[{"count":6,"href":"https:\/\/www.itakaescolapios.org\/es\/wp-json\/wp\/v2\/posts\/26591\/revisions"}],"predecessor-version":[{"id":45915,"href":"https:\/\/www.itakaescolapios.org\/es\/wp-json\/wp\/v2\/posts\/26591\/revisions\/45915"}],"wp:featuredmedia":[{"embeddable":true,"href":"https:\/\/www.itakaescolapios.org\/es\/wp-json\/wp\/v2\/media\/26593"}],"wp:attachment":[{"href":"https:\/\/www.itakaescolapios.org\/es\/wp-json\/wp\/v2\/media?parent=26591"}],"wp:term":[{"taxonomy":"category","embeddable":true,"href":"https:\/\/www.itakaescolapios.org\/es\/wp-json\/wp\/v2\/categories?post=26591"},{"taxonomy":"post_tag","embeddable":true,"href":"https:\/\/www.itakaescolapios.org\/es\/wp-json\/wp\/v2\/tags?post=26591"}],"curies":[{"name":"wp","href":"https:\/\/api.w.org\/{rel}","templated":true}]}}