{"id":27370,"date":"2019-04-12T11:45:23","date_gmt":"2019-04-12T10:45:23","guid":{"rendered":"https:\/\/www.itakaescolapios.org\/?p=27370"},"modified":"2023-11-28T12:36:52","modified_gmt":"2023-11-28T11:36:52","slug":"gran-fiesta-en-el-itaka-se-mueve-de-valencia-2","status":"publish","type":"post","link":"https:\/\/www.itakaescolapios.org\/es\/2019\/04\/gran-fiesta-en-el-itaka-se-mueve-de-valencia-2\/","title":{"rendered":"GRAN FIESTA EN EL ITAKA SE MUEVE DE VALENCIA"},"content":{"rendered":"<p style=\"text-align: justify;\">Un a\u00f1o m\u00e1s hemos celebrado una nueva edici\u00f3n del ITAKA SE MUEVE en Valencia, en una gran fiesta que reuni\u00f3 a m\u00e1s de 200 personas en el colegio Escuelas P\u00edas Malvarrosa el pasado domingo. Como siempre, el objetivo era dar las gracias por la colaboraci\u00f3n que Itaka-Escolapios recibe de los voluntarios, colegios, socios, empresas y otras muchas personas, y que hace posible que los proyectos que tenemos entre manos se lleven a cabo, adem\u00e1s de dar a conocer los proyectos que llevamos a cabo en Valencia.<\/p>\n<p style=\"text-align: justify;\">El Itaka se Mueve cont\u00f3 este a\u00f1o con una Masterclass de Zumba, a cargo de Anabel, que hizo empezar la ma\u00f1ana con mucha energ\u00eda a todos los asistentes. Poco despu\u00e9s comenzaba la segunda novedad de esta edici\u00f3n, un Taller de Batucada en el que Quique ense\u00f1\u00f3 algunos ritmos a los que participaron\u2026 \u00a1y no sonaba nada mal! Los ni\u00f1os y ni\u00f1as tambi\u00e9n tuvieron sus actividades, pintando un mural y construyendo palos de lluvia y tambores de mano, adem\u00e1s de juegos para todos.<\/p>\n<p style=\"text-align: justify;\">A la una empezaron a encenderse los fuegos para cocinar las paellas de los 15 grupos que participaron en el Itaka Se Mueve. Una vez acabadas, el jurado, compuesto por Mabel, Maite, Quique y Pep, prob\u00f3 un plato de cada una de ellas y dio su veredicto: \u00a1El grupo de Los Leones fueron los ganadores de la 9\u00ba edici\u00f3n del concurso de paellas!<\/p>\n<p style=\"text-align: justify;\">Desde Itaka- Escolapios tambi\u00e9n hab\u00edamos preparado un rastrillo con juguetes, ropa y otros objetos donados e, incluso, elaborados artesanalmente por voluntarias, como turbantes para el pelo con telas africana, coleteros y pulseras; todo ello para recaudar, adem\u00e1s, fondos destinados para los proyectos en RD Congo, a los que va dirigida la campa\u00f1a de solidaridad de este curso \u201cA Ritmo de Congo\u201d.<\/p>\n<p style=\"text-align: justify;\">Otro de los lugares clave de este Itaka se Mueve, adem\u00e1s del photocall fue la exposici\u00f3n de trabajos de los dos proyectos de acci\u00f3n directa de Valencia: Desde el Amaltea se mostraron fotograf\u00edas realizadas con c\u00e1maras oscuras por los ni\u00f1os y ni\u00f1as del proyecto, trabajos de las familias e incluso bicicletas y l\u00e1mparas hechas por los chavales del Centro de Inserci\u00f3n. Por su parte, el proyecto Llum ense\u00f1\u00f3 el precioso mural que decora su ludoteca, as\u00ed como la representaci\u00f3n de las familias, realizado todo por los ni\u00f1os y ni\u00f1as.<\/p>\n<p style=\"text-align: justify;\">Los alumnos y alumnas del ciclo de Formaci\u00f3n Profesional de Cocina del cole de Malvarrosa tambi\u00e9n pusieron su granito de arena, cocinando un postre para los asistentes.<\/p>\n<p style=\"text-align: justify;\">Despu\u00e9s de comer, lleg\u00f3 el turno de la rifa con premios muy variados, y una subasta de una bicicleta y detalles escolapios muy cuidados para este Itaka Se Mueve.<\/p>\n<p style=\"text-align: justify;\">En resumen una gran fiesta, la del Itaka se Mueve, de la que esperamos que disfrutase todo el mundo. S\u00f3lo nos queda agradecer todas las colaboraciones durante los d\u00edas previos y en la misma jornada, en especial al colegio Escolapios Malvarrosa y su equipo directivo, por sus puertas siempre abiertas a nuestras actividades; al ACPA del centro, por su donativo para el evento; a los alumnos y alumnas de FP, por su postre; a los profes de batucada y zumba, Quique Aleixos y a Anabel; a Juan Pablo y \u00c1lvaro, por el detalle de la subasta; a Copy Valencia, por las donaciones para la rifa; a David, por animar la fiesta; a los chavales y educadores de Amaltea y Llum por sus trabajos;\u00a0 a todos los voluntarios y voluntarias que prepararon con cari\u00f1o cada detalle, y finalmente, a todos y todas los que vinieron e hicieron que este d\u00eda fuera inolvidable.<\/p>\n<p style=\"text-align: justify;\">Todas las fotos del Itaka Se Mueve 2019 en nuestro <a href=\"https:\/\/www.facebook.com\/pg\/ItakaBetania\/photos\/?tab=album&amp;album_id=2271650882924920\" target=\"_blank\" rel=\"noopener\">Facebook Itaka Betania<\/a>!<\/p>\n\n\t\t<style type=\"text\/css\">\n\t\t\t#gallery-1 {\n\t\t\t\tmargin: auto;\n\t\t\t}\n\t\t\t#gallery-1 .gallery-item {\n\t\t\t\tfloat: left;\n\t\t\t\tmargin-top: 10px;\n\t\t\t\ttext-align: center;\n\t\t\t\twidth: 33%;\n\t\t\t}\n\t\t\t#gallery-1 img {\n\t\t\t\tborder: 2px solid #cfcfcf;\n\t\t\t}\n\t\t\t#gallery-1 .gallery-caption {\n\t\t\t\tmargin-left: 0;\n\t\t\t}\n\t\t\t\/* see gallery_shortcode() in wp-includes\/media.php *\/\n\t\t<\/style>\n\t\t<div id='gallery-1' class='gallery galleryid-27370 gallery-columns-3 gallery-size-thumbnail'><dl class='gallery-item'>\n\t\t\t<dt class='gallery-icon landscape'>\n\t\t\t\t<a href='https:\/\/www.itakaescolapios.org\/es\/2019\/04\/gran-fiesta-en-el-itaka-se-mueve-de-valencia-2\/whatsapp-image-2019-04-07-at-19-35-30-1\/'><img decoding=\"async\" width=\"90\" height=\"90\" src=\"https:\/\/www.itakaescolapios.org\/wp-content\/uploads\/2019\/04\/WhatsApp-Image-2019-04-07-at-19.35.30-1-90x90.jpeg\" class=\"attachment-thumbnail size-thumbnail\" alt=\"\" \/><\/a>\n\t\t\t<\/dt><\/dl><dl class='gallery-item'>\n\t\t\t<dt class='gallery-icon landscape'>\n\t\t\t\t<a href='https:\/\/www.itakaescolapios.org\/es\/2019\/04\/gran-fiesta-en-el-itaka-se-mueve-de-valencia-2\/whatsapp-image-2019-04-12-at-12-14-10-2\/'><img decoding=\"async\" width=\"90\" height=\"90\" src=\"https:\/\/www.itakaescolapios.org\/wp-content\/uploads\/2019\/04\/WhatsApp-Image-2019-04-12-at-12.14.10-2-90x90.jpeg\" class=\"attachment-thumbnail size-thumbnail\" alt=\"\" \/><\/a>\n\t\t\t<\/dt><\/dl><dl class='gallery-item'>\n\t\t\t<dt class='gallery-icon landscape'>\n\t\t\t\t<a href='https:\/\/www.itakaescolapios.org\/es\/2019\/04\/gran-fiesta-en-el-itaka-se-mueve-de-valencia-2\/whatsapp-image-2019-04-07-at-19-36-02-1\/'><img decoding=\"async\" width=\"90\" height=\"90\" src=\"https:\/\/www.itakaescolapios.org\/wp-content\/uploads\/2019\/04\/WhatsApp-Image-2019-04-07-at-19.36.02-1-90x90.jpeg\" class=\"attachment-thumbnail size-thumbnail\" alt=\"\" \/><\/a>\n\t\t\t<\/dt><\/dl><br style=\"clear: both\" \/><dl class='gallery-item'>\n\t\t\t<dt class='gallery-icon landscape'>\n\t\t\t\t<a href='https:\/\/www.itakaescolapios.org\/es\/2019\/04\/gran-fiesta-en-el-itaka-se-mueve-de-valencia-2\/whatsapp-image-2019-04-07-at-19-36-05-1\/'><img decoding=\"async\" width=\"90\" height=\"90\" src=\"https:\/\/www.itakaescolapios.org\/wp-content\/uploads\/2019\/04\/WhatsApp-Image-2019-04-07-at-19.36.05-1-90x90.jpeg\" class=\"attachment-thumbnail size-thumbnail\" alt=\"\" \/><\/a>\n\t\t\t<\/dt><\/dl><dl class='gallery-item'>\n\t\t\t<dt class='gallery-icon landscape'>\n\t\t\t\t<a href='https:\/\/www.itakaescolapios.org\/es\/2019\/04\/gran-fiesta-en-el-itaka-se-mueve-de-valencia-2\/whatsapp-image-2019-04-12-at-12-13-30-3\/'><img decoding=\"async\" width=\"90\" height=\"90\" src=\"https:\/\/www.itakaescolapios.org\/wp-content\/uploads\/2019\/04\/WhatsApp-Image-2019-04-12-at-12.13.30-3-90x90.jpeg\" class=\"attachment-thumbnail size-thumbnail\" alt=\"\" \/><\/a>\n\t\t\t<\/dt><\/dl><dl class='gallery-item'>\n\t\t\t<dt class='gallery-icon landscape'>\n\t\t\t\t<a href='https:\/\/www.itakaescolapios.org\/es\/2019\/04\/gran-fiesta-en-el-itaka-se-mueve-de-valencia-2\/whatsapp-image-2019-04-12-at-12-12-50-1\/'><img decoding=\"async\" width=\"90\" height=\"90\" src=\"https:\/\/www.itakaescolapios.org\/wp-content\/uploads\/2019\/04\/WhatsApp-Image-2019-04-12-at-12.12.50-1-90x90.jpeg\" class=\"attachment-thumbnail size-thumbnail\" alt=\"\" \/><\/a>\n\t\t\t<\/dt><\/dl><br style=\"clear: both\" \/><dl class='gallery-item'>\n\t\t\t<dt class='gallery-icon landscape'>\n\t\t\t\t<a href='https:\/\/www.itakaescolapios.org\/es\/2019\/04\/gran-fiesta-en-el-itaka-se-mueve-de-valencia-2\/whatsapp-image-2019-04-12-at-12-14-11-1\/'><img decoding=\"async\" width=\"90\" height=\"90\" src=\"https:\/\/www.itakaescolapios.org\/wp-content\/uploads\/2019\/04\/WhatsApp-Image-2019-04-12-at-12.14.11-1-90x90.jpeg\" class=\"attachment-thumbnail size-thumbnail\" alt=\"\" \/><\/a>\n\t\t\t<\/dt><\/dl><dl class='gallery-item'>\n\t\t\t<dt class='gallery-icon portrait'>\n\t\t\t\t<a href='https:\/\/www.itakaescolapios.org\/es\/2019\/04\/gran-fiesta-en-el-itaka-se-mueve-de-valencia-2\/whatsapp-image-2019-04-12-at-12-14-09-1\/'><img decoding=\"async\" width=\"90\" height=\"90\" src=\"https:\/\/www.itakaescolapios.org\/wp-content\/uploads\/2019\/04\/WhatsApp-Image-2019-04-12-at-12.14.09-1-90x90.jpeg\" class=\"attachment-thumbnail size-thumbnail\" alt=\"\" \/><\/a>\n\t\t\t<\/dt><\/dl><dl class='gallery-item'>\n\t\t\t<dt class='gallery-icon landscape'>\n\t\t\t\t<a href='https:\/\/www.itakaescolapios.org\/es\/2019\/04\/gran-fiesta-en-el-itaka-se-mueve-de-valencia-2\/whatsapp-image-2019-04-12-at-12-14-09-2\/'><img decoding=\"async\" width=\"90\" height=\"90\" src=\"https:\/\/www.itakaescolapios.org\/wp-content\/uploads\/2019\/04\/WhatsApp-Image-2019-04-12-at-12.14.09-2-90x90.jpeg\" class=\"attachment-thumbnail size-thumbnail\" alt=\"\" \/><\/a>\n\t\t\t<\/dt><\/dl><br style=\"clear: both\" \/>\n\t\t<\/div>\n\n<p style=\"text-align: justify;\">\n","protected":false},"excerpt":{"rendered":"<p>Un a\u00f1o m\u00e1s hemos celebrado una nueva edici\u00f3n del ITAKA SE MUEVE en Valencia, en una gran fiesta que reuni\u00f3 a m\u00e1s de 200 personas en el colegio Escuelas P\u00edas [&hellip;]<\/p>\n","protected":false},"author":39,"featured_media":27385,"comment_status":"closed","ping_status":"closed","sticky":false,"template":"","format":"standard","meta":{"_et_pb_use_builder":"","_et_pb_old_content":"","_et_gb_content_width":"","footnotes":""},"categories":[12],"tags":[374,387,188,168,411],"class_list":["post-27370","post","type-post","status-publish","format-standard","has-post-thumbnail","hentry","category-valencia","tag-al-ritmo-de-congo","tag-fiesta","tag-gracias","tag-itaka-se-mueve","tag-valencia"],"yoast_head":"<!-- This site is optimized with the Yoast SEO plugin v27.4 - https:\/\/yoast.com\/product\/yoast-seo-wordpress\/ -->\n<title>GRAN FIESTA EN EL ITAKA SE MUEVE DE VALENCIA - Itaka-Escolapios<\/title>\n<meta name=\"robots\" content=\"index, follow, max-snippet:-1, max-image-preview:large, max-video-preview:-1\" \/>\n<link rel=\"canonical\" href=\"https:\/\/www.itakaescolapios.org\/es\/2019\/04\/gran-fiesta-en-el-itaka-se-mueve-de-valencia-2\/\" \/>\n<meta property=\"og:locale\" content=\"es_ES\" \/>\n<meta property=\"og:type\" content=\"article\" \/>\n<meta property=\"og:title\" content=\"GRAN FIESTA EN EL ITAKA SE MUEVE DE VALENCIA - Itaka-Escolapios\" \/>\n<meta property=\"og:description\" content=\"Un a\u00f1o m\u00e1s hemos celebrado una nueva edici\u00f3n del ITAKA SE MUEVE en Valencia, en una gran fiesta que reuni\u00f3 a m\u00e1s de 200 personas en el colegio Escuelas P\u00edas [&hellip;]\" \/>\n<meta property=\"og:url\" content=\"https:\/\/www.itakaescolapios.org\/es\/2019\/04\/gran-fiesta-en-el-itaka-se-mueve-de-valencia-2\/\" \/>\n<meta property=\"og:site_name\" content=\"Itaka-Escolapios\" \/>\n<meta property=\"article:published_time\" content=\"2019-04-12T10:45:23+00:00\" \/>\n<meta property=\"article:modified_time\" content=\"2023-11-28T11:36:52+00:00\" \/>\n<meta property=\"og:image\" content=\"https:\/\/www.itakaescolapios.org\/wp-content\/uploads\/2019\/04\/WhatsApp-Image-2019-04-12-at-12.14.11-111.jpeg\" \/>\n\t<meta property=\"og:image:width\" content=\"1599\" \/>\n\t<meta property=\"og:image:height\" content=\"853\" \/>\n\t<meta property=\"og:image:type\" content=\"image\/jpeg\" \/>\n<meta name=\"author\" content=\"valencia01\" \/>\n<meta name=\"twitter:card\" content=\"summary_large_image\" \/>\n<meta name=\"twitter:label1\" content=\"Escrito por\" \/>\n\t<meta name=\"twitter:data1\" content=\"valencia01\" \/>\n\t<meta name=\"twitter:label2\" content=\"Tiempo de lectura\" \/>\n\t<meta name=\"twitter:data2\" content=\"3 minutos\" \/>\n<script type=\"application\/ld+json\" class=\"yoast-schema-graph\">{\"@context\":\"https:\\\/\\\/schema.org\",\"@graph\":[{\"@type\":\"Article\",\"@id\":\"https:\\\/\\\/www.itakaescolapios.org\\\/es\\\/2019\\\/04\\\/gran-fiesta-en-el-itaka-se-mueve-de-valencia-2\\\/#article\",\"isPartOf\":{\"@id\":\"https:\\\/\\\/www.itakaescolapios.org\\\/es\\\/2019\\\/04\\\/gran-fiesta-en-el-itaka-se-mueve-de-valencia-2\\\/\"},\"author\":{\"name\":\"valencia01\",\"@id\":\"https:\\\/\\\/www.itakaescolapios.org\\\/es\\\/#\\\/schema\\\/person\\\/c232ccaa2b3f2e98db93c1f8dfca96ff\"},\"headline\":\"GRAN FIESTA EN EL ITAKA SE MUEVE DE VALENCIA\",\"datePublished\":\"2019-04-12T10:45:23+00:00\",\"dateModified\":\"2023-11-28T11:36:52+00:00\",\"mainEntityOfPage\":{\"@id\":\"https:\\\/\\\/www.itakaescolapios.org\\\/es\\\/2019\\\/04\\\/gran-fiesta-en-el-itaka-se-mueve-de-valencia-2\\\/\"},\"wordCount\":648,\"publisher\":{\"@id\":\"https:\\\/\\\/www.itakaescolapios.org\\\/es\\\/#organization\"},\"image\":{\"@id\":\"https:\\\/\\\/www.itakaescolapios.org\\\/es\\\/2019\\\/04\\\/gran-fiesta-en-el-itaka-se-mueve-de-valencia-2\\\/#primaryimage\"},\"thumbnailUrl\":\"https:\\\/\\\/www.itakaescolapios.org\\\/wp-content\\\/uploads\\\/2019\\\/04\\\/WhatsApp-Image-2019-04-12-at-12.14.11-111.jpeg\",\"keywords\":[\"Al ritmo de Congo\",\"Fiesta\",\"Gracias\",\"Itaka se mueve\",\"Valencia\"],\"articleSection\":[\"Valencia\"],\"inLanguage\":\"es\"},{\"@type\":\"WebPage\",\"@id\":\"https:\\\/\\\/www.itakaescolapios.org\\\/es\\\/2019\\\/04\\\/gran-fiesta-en-el-itaka-se-mueve-de-valencia-2\\\/\",\"url\":\"https:\\\/\\\/www.itakaescolapios.org\\\/es\\\/2019\\\/04\\\/gran-fiesta-en-el-itaka-se-mueve-de-valencia-2\\\/\",\"name\":\"GRAN FIESTA EN EL ITAKA SE MUEVE DE VALENCIA - Itaka-Escolapios\",\"isPartOf\":{\"@id\":\"https:\\\/\\\/www.itakaescolapios.org\\\/es\\\/#website\"},\"primaryImageOfPage\":{\"@id\":\"https:\\\/\\\/www.itakaescolapios.org\\\/es\\\/2019\\\/04\\\/gran-fiesta-en-el-itaka-se-mueve-de-valencia-2\\\/#primaryimage\"},\"image\":{\"@id\":\"https:\\\/\\\/www.itakaescolapios.org\\\/es\\\/2019\\\/04\\\/gran-fiesta-en-el-itaka-se-mueve-de-valencia-2\\\/#primaryimage\"},\"thumbnailUrl\":\"https:\\\/\\\/www.itakaescolapios.org\\\/wp-content\\\/uploads\\\/2019\\\/04\\\/WhatsApp-Image-2019-04-12-at-12.14.11-111.jpeg\",\"datePublished\":\"2019-04-12T10:45:23+00:00\",\"dateModified\":\"2023-11-28T11:36:52+00:00\",\"breadcrumb\":{\"@id\":\"https:\\\/\\\/www.itakaescolapios.org\\\/es\\\/2019\\\/04\\\/gran-fiesta-en-el-itaka-se-mueve-de-valencia-2\\\/#breadcrumb\"},\"inLanguage\":\"es\",\"potentialAction\":[{\"@type\":\"ReadAction\",\"target\":[\"https:\\\/\\\/www.itakaescolapios.org\\\/es\\\/2019\\\/04\\\/gran-fiesta-en-el-itaka-se-mueve-de-valencia-2\\\/\"]}]},{\"@type\":\"ImageObject\",\"inLanguage\":\"es\",\"@id\":\"https:\\\/\\\/www.itakaescolapios.org\\\/es\\\/2019\\\/04\\\/gran-fiesta-en-el-itaka-se-mueve-de-valencia-2\\\/#primaryimage\",\"url\":\"https:\\\/\\\/www.itakaescolapios.org\\\/wp-content\\\/uploads\\\/2019\\\/04\\\/WhatsApp-Image-2019-04-12-at-12.14.11-111.jpeg\",\"contentUrl\":\"https:\\\/\\\/www.itakaescolapios.org\\\/wp-content\\\/uploads\\\/2019\\\/04\\\/WhatsApp-Image-2019-04-12-at-12.14.11-111.jpeg\",\"width\":1599,\"height\":853},{\"@type\":\"BreadcrumbList\",\"@id\":\"https:\\\/\\\/www.itakaescolapios.org\\\/es\\\/2019\\\/04\\\/gran-fiesta-en-el-itaka-se-mueve-de-valencia-2\\\/#breadcrumb\",\"itemListElement\":[{\"@type\":\"ListItem\",\"position\":1,\"name\":\"Portada\",\"item\":\"https:\\\/\\\/www.itakaescolapios.org\\\/es\\\/\"},{\"@type\":\"ListItem\",\"position\":2,\"name\":\"GRAN FIESTA EN EL ITAKA SE MUEVE DE VALENCIA\"}]},{\"@type\":\"WebSite\",\"@id\":\"https:\\\/\\\/www.itakaescolapios.org\\\/es\\\/#website\",\"url\":\"https:\\\/\\\/www.itakaescolapios.org\\\/es\\\/\",\"name\":\"Itaka-Escolapios\",\"description\":\"Red de Itaka-Escolapios\",\"publisher\":{\"@id\":\"https:\\\/\\\/www.itakaescolapios.org\\\/es\\\/#organization\"},\"potentialAction\":[{\"@type\":\"SearchAction\",\"target\":{\"@type\":\"EntryPoint\",\"urlTemplate\":\"https:\\\/\\\/www.itakaescolapios.org\\\/es\\\/?s={search_term_string}\"},\"query-input\":{\"@type\":\"PropertyValueSpecification\",\"valueRequired\":true,\"valueName\":\"search_term_string\"}}],\"inLanguage\":\"es\"},{\"@type\":\"Organization\",\"@id\":\"https:\\\/\\\/www.itakaescolapios.org\\\/es\\\/#organization\",\"name\":\"Fundaci\u00f3 Itaka-Escolapios\",\"url\":\"https:\\\/\\\/www.itakaescolapios.org\\\/es\\\/\",\"logo\":{\"@type\":\"ImageObject\",\"inLanguage\":\"es\",\"@id\":\"https:\\\/\\\/www.itakaescolapios.org\\\/es\\\/#\\\/schema\\\/logo\\\/image\\\/\",\"url\":\"https:\\\/\\\/www.itakaescolapios.org\\\/wp-content\\\/uploads\\\/2024\\\/04\\\/Logo-itakaescolapios-peque.png\",\"contentUrl\":\"https:\\\/\\\/www.itakaescolapios.org\\\/wp-content\\\/uploads\\\/2024\\\/04\\\/Logo-itakaescolapios-peque.png\",\"width\":500,\"height\":199,\"caption\":\"Fundaci\u00f3 Itaka-Escolapios\"},\"image\":{\"@id\":\"https:\\\/\\\/www.itakaescolapios.org\\\/es\\\/#\\\/schema\\\/logo\\\/image\\\/\"}},{\"@type\":\"Person\",\"@id\":\"https:\\\/\\\/www.itakaescolapios.org\\\/es\\\/#\\\/schema\\\/person\\\/c232ccaa2b3f2e98db93c1f8dfca96ff\",\"name\":\"valencia01\",\"url\":\"https:\\\/\\\/www.itakaescolapios.org\\\/es\\\/author\\\/valencia01\\\/\"}]}<\/script>\n<!-- \/ Yoast SEO plugin. -->","yoast_head_json":{"title":"GRAN FIESTA EN EL ITAKA SE MUEVE DE VALENCIA - Itaka-Escolapios","robots":{"index":"index","follow":"follow","max-snippet":"max-snippet:-1","max-image-preview":"max-image-preview:large","max-video-preview":"max-video-preview:-1"},"canonical":"https:\/\/www.itakaescolapios.org\/es\/2019\/04\/gran-fiesta-en-el-itaka-se-mueve-de-valencia-2\/","og_locale":"es_ES","og_type":"article","og_title":"GRAN FIESTA EN EL ITAKA SE MUEVE DE VALENCIA - Itaka-Escolapios","og_description":"Un a\u00f1o m\u00e1s hemos celebrado una nueva edici\u00f3n del ITAKA SE MUEVE en Valencia, en una gran fiesta que reuni\u00f3 a m\u00e1s de 200 personas en el colegio Escuelas P\u00edas [&hellip;]","og_url":"https:\/\/www.itakaescolapios.org\/es\/2019\/04\/gran-fiesta-en-el-itaka-se-mueve-de-valencia-2\/","og_site_name":"Itaka-Escolapios","article_published_time":"2019-04-12T10:45:23+00:00","article_modified_time":"2023-11-28T11:36:52+00:00","og_image":[{"width":1599,"height":853,"url":"https:\/\/www.itakaescolapios.org\/wp-content\/uploads\/2019\/04\/WhatsApp-Image-2019-04-12-at-12.14.11-111.jpeg","type":"image\/jpeg"}],"author":"valencia01","twitter_card":"summary_large_image","twitter_misc":{"Escrito por":"valencia01","Tiempo de lectura":"3 minutos"},"schema":{"@context":"https:\/\/schema.org","@graph":[{"@type":"Article","@id":"https:\/\/www.itakaescolapios.org\/es\/2019\/04\/gran-fiesta-en-el-itaka-se-mueve-de-valencia-2\/#article","isPartOf":{"@id":"https:\/\/www.itakaescolapios.org\/es\/2019\/04\/gran-fiesta-en-el-itaka-se-mueve-de-valencia-2\/"},"author":{"name":"valencia01","@id":"https:\/\/www.itakaescolapios.org\/es\/#\/schema\/person\/c232ccaa2b3f2e98db93c1f8dfca96ff"},"headline":"GRAN FIESTA EN EL ITAKA SE MUEVE DE VALENCIA","datePublished":"2019-04-12T10:45:23+00:00","dateModified":"2023-11-28T11:36:52+00:00","mainEntityOfPage":{"@id":"https:\/\/www.itakaescolapios.org\/es\/2019\/04\/gran-fiesta-en-el-itaka-se-mueve-de-valencia-2\/"},"wordCount":648,"publisher":{"@id":"https:\/\/www.itakaescolapios.org\/es\/#organization"},"image":{"@id":"https:\/\/www.itakaescolapios.org\/es\/2019\/04\/gran-fiesta-en-el-itaka-se-mueve-de-valencia-2\/#primaryimage"},"thumbnailUrl":"https:\/\/www.itakaescolapios.org\/wp-content\/uploads\/2019\/04\/WhatsApp-Image-2019-04-12-at-12.14.11-111.jpeg","keywords":["Al ritmo de Congo","Fiesta","Gracias","Itaka se mueve","Valencia"],"articleSection":["Valencia"],"inLanguage":"es"},{"@type":"WebPage","@id":"https:\/\/www.itakaescolapios.org\/es\/2019\/04\/gran-fiesta-en-el-itaka-se-mueve-de-valencia-2\/","url":"https:\/\/www.itakaescolapios.org\/es\/2019\/04\/gran-fiesta-en-el-itaka-se-mueve-de-valencia-2\/","name":"GRAN FIESTA EN EL ITAKA SE MUEVE DE VALENCIA - Itaka-Escolapios","isPartOf":{"@id":"https:\/\/www.itakaescolapios.org\/es\/#website"},"primaryImageOfPage":{"@id":"https:\/\/www.itakaescolapios.org\/es\/2019\/04\/gran-fiesta-en-el-itaka-se-mueve-de-valencia-2\/#primaryimage"},"image":{"@id":"https:\/\/www.itakaescolapios.org\/es\/2019\/04\/gran-fiesta-en-el-itaka-se-mueve-de-valencia-2\/#primaryimage"},"thumbnailUrl":"https:\/\/www.itakaescolapios.org\/wp-content\/uploads\/2019\/04\/WhatsApp-Image-2019-04-12-at-12.14.11-111.jpeg","datePublished":"2019-04-12T10:45:23+00:00","dateModified":"2023-11-28T11:36:52+00:00","breadcrumb":{"@id":"https:\/\/www.itakaescolapios.org\/es\/2019\/04\/gran-fiesta-en-el-itaka-se-mueve-de-valencia-2\/#breadcrumb"},"inLanguage":"es","potentialAction":[{"@type":"ReadAction","target":["https:\/\/www.itakaescolapios.org\/es\/2019\/04\/gran-fiesta-en-el-itaka-se-mueve-de-valencia-2\/"]}]},{"@type":"ImageObject","inLanguage":"es","@id":"https:\/\/www.itakaescolapios.org\/es\/2019\/04\/gran-fiesta-en-el-itaka-se-mueve-de-valencia-2\/#primaryimage","url":"https:\/\/www.itakaescolapios.org\/wp-content\/uploads\/2019\/04\/WhatsApp-Image-2019-04-12-at-12.14.11-111.jpeg","contentUrl":"https:\/\/www.itakaescolapios.org\/wp-content\/uploads\/2019\/04\/WhatsApp-Image-2019-04-12-at-12.14.11-111.jpeg","width":1599,"height":853},{"@type":"BreadcrumbList","@id":"https:\/\/www.itakaescolapios.org\/es\/2019\/04\/gran-fiesta-en-el-itaka-se-mueve-de-valencia-2\/#breadcrumb","itemListElement":[{"@type":"ListItem","position":1,"name":"Portada","item":"https:\/\/www.itakaescolapios.org\/es\/"},{"@type":"ListItem","position":2,"name":"GRAN FIESTA EN EL ITAKA SE MUEVE DE VALENCIA"}]},{"@type":"WebSite","@id":"https:\/\/www.itakaescolapios.org\/es\/#website","url":"https:\/\/www.itakaescolapios.org\/es\/","name":"Itaka-Escolapios","description":"Red de Itaka-Escolapios","publisher":{"@id":"https:\/\/www.itakaescolapios.org\/es\/#organization"},"potentialAction":[{"@type":"SearchAction","target":{"@type":"EntryPoint","urlTemplate":"https:\/\/www.itakaescolapios.org\/es\/?s={search_term_string}"},"query-input":{"@type":"PropertyValueSpecification","valueRequired":true,"valueName":"search_term_string"}}],"inLanguage":"es"},{"@type":"Organization","@id":"https:\/\/www.itakaescolapios.org\/es\/#organization","name":"Fundaci\u00f3 Itaka-Escolapios","url":"https:\/\/www.itakaescolapios.org\/es\/","logo":{"@type":"ImageObject","inLanguage":"es","@id":"https:\/\/www.itakaescolapios.org\/es\/#\/schema\/logo\/image\/","url":"https:\/\/www.itakaescolapios.org\/wp-content\/uploads\/2024\/04\/Logo-itakaescolapios-peque.png","contentUrl":"https:\/\/www.itakaescolapios.org\/wp-content\/uploads\/2024\/04\/Logo-itakaescolapios-peque.png","width":500,"height":199,"caption":"Fundaci\u00f3 Itaka-Escolapios"},"image":{"@id":"https:\/\/www.itakaescolapios.org\/es\/#\/schema\/logo\/image\/"}},{"@type":"Person","@id":"https:\/\/www.itakaescolapios.org\/es\/#\/schema\/person\/c232ccaa2b3f2e98db93c1f8dfca96ff","name":"valencia01","url":"https:\/\/www.itakaescolapios.org\/es\/author\/valencia01\/"}]}},"_links":{"self":[{"href":"https:\/\/www.itakaescolapios.org\/es\/wp-json\/wp\/v2\/posts\/27370","targetHints":{"allow":["GET"]}}],"collection":[{"href":"https:\/\/www.itakaescolapios.org\/es\/wp-json\/wp\/v2\/posts"}],"about":[{"href":"https:\/\/www.itakaescolapios.org\/es\/wp-json\/wp\/v2\/types\/post"}],"author":[{"embeddable":true,"href":"https:\/\/www.itakaescolapios.org\/es\/wp-json\/wp\/v2\/users\/39"}],"replies":[{"embeddable":true,"href":"https:\/\/www.itakaescolapios.org\/es\/wp-json\/wp\/v2\/comments?post=27370"}],"version-history":[{"count":4,"href":"https:\/\/www.itakaescolapios.org\/es\/wp-json\/wp\/v2\/posts\/27370\/revisions"}],"predecessor-version":[{"id":45735,"href":"https:\/\/www.itakaescolapios.org\/es\/wp-json\/wp\/v2\/posts\/27370\/revisions\/45735"}],"wp:featuredmedia":[{"embeddable":true,"href":"https:\/\/www.itakaescolapios.org\/es\/wp-json\/wp\/v2\/media\/27385"}],"wp:attachment":[{"href":"https:\/\/www.itakaescolapios.org\/es\/wp-json\/wp\/v2\/media?parent=27370"}],"wp:term":[{"taxonomy":"category","embeddable":true,"href":"https:\/\/www.itakaescolapios.org\/es\/wp-json\/wp\/v2\/categories?post=27370"},{"taxonomy":"post_tag","embeddable":true,"href":"https:\/\/www.itakaescolapios.org\/es\/wp-json\/wp\/v2\/tags?post=27370"}],"curies":[{"name":"wp","href":"https:\/\/api.w.org\/{rel}","templated":true}]}}