{"id":27396,"date":"2019-04-16T21:31:02","date_gmt":"2019-04-16T20:31:02","guid":{"rendered":"https:\/\/www.itakaescolapios.org\/?p=27396"},"modified":"2023-11-28T12:36:52","modified_gmt":"2023-11-28T11:36:52","slug":"itaka-escolapios-en-africa-central-2","status":"publish","type":"post","link":"https:\/\/www.itakaescolapios.org\/es\/2019\/04\/itaka-escolapios-en-africa-central-2\/","title":{"rendered":"ITAKA &#8211; ESCOLAPIOS EN \u00c1FRICA CENTRAL"},"content":{"rendered":"<p><strong><em>Extraemos algunos datos del informe de Itaka &#8211; Escolapios al Cap\u00edtulo Provincial de \u00c1frica central (Camer\u00fan, Guinea Ecuatorial, Gab\u00f3n y R. D. del Congo) para conocer m\u00e1s nuestra realidad all\u00ed.<\/em><\/strong><\/p>\n<p>La Red Itaka-Escolapios comienza la relaci\u00f3n con la antigua Viceprovincia de Camer\u00fan en el 2004.<br \/>\nHoy en d\u00eda, son m\u00e1s de 5.000 personas las destinatarias directas (alumnos\/as) de las obras que gestiona Itaka-Escolapios AFC, con unas 200 personas contratadas y m\u00e1s de 150 voluntarios\/as.<br \/>\nEl fortalecimiento y formaci\u00f3n de los diferentes equipos est\u00e1 siendo una de las tareas m\u00e1s importantes los \u00faltimos meses, con el objetivo de dotarnos de una estructura estable, acorde al crecimiento y necesidades de las obras. Destacamos que durante el actual cuadrienio tenemos nuevas escuelas, nuevos proyectos de Orientaci\u00f3n Social, ampliaci\u00f3n de la acci\u00f3n pastoral (MC) en diversas presencias y pa\u00edses (con el apasionante e inmenso desaf\u00edo del Congo)\u2026<\/p>\n<p>Hoy llevamos:<\/p>\n<ul>\n<li>12 escuelas y 10 comedores en Bafia, Bamenda (3), Bamendjou (6)\u00a0 Yaund\u00e9 y Malib\u00e9<\/li>\n<li>10 comedores en Bafia, Bamenda (3), Bamendjou (6)<\/li>\n<li>3 Centros socioeducativos en Bamendjou, Bamenda y Bafia<\/li>\n<li>3 Proyectos de orientaci\u00f3n social en Yaund\u00e9, Bamendjou y Kikonka<\/li>\n<li>Granja escuela Nazaret Center en Menthe<\/li>\n<li>Centro T\u00e9cnico Calasanz en Banjoun<\/li>\n<li>Movimiento Calasanz en Bafia, Bamenda, Libreville y Ebebiyin<\/li>\n<li>Grupos de voluntariado\u00a0en Yaound\u00e9, Bafia, Bandjoun, Bamenda, Kumbo y Libreville<\/li>\n<\/ul>\n","protected":false},"excerpt":{"rendered":"<p>Extraemos algunos datos del informe de Itaka &#8211; Escolapios al Cap\u00edtulo Provincial de \u00c1frica central (Camer\u00fan, Guinea Ecuatorial, Gab\u00f3n y R. D. del Congo) para conocer m\u00e1s nuestra realidad all\u00ed. [&hellip;]<\/p>\n","protected":false},"author":4,"featured_media":27397,"comment_status":"closed","ping_status":"closed","sticky":false,"template":"","format":"standard","meta":{"_et_pb_use_builder":"","_et_pb_old_content":"","_et_gb_content_width":"","footnotes":""},"categories":[10,285,337],"tags":[],"class_list":["post-27396","post","type-post","status-publish","format-standard","has-post-thumbnail","hentry","category-camerun","category-gabon","category-r-d-congo"],"yoast_head":"<!-- This site is optimized with the Yoast SEO plugin v27.4 - https:\/\/yoast.com\/product\/yoast-seo-wordpress\/ -->\n<title>ITAKA - ESCOLAPIOS EN \u00c1FRICA CENTRAL - Itaka-Escolapios<\/title>\n<meta name=\"robots\" content=\"index, follow, max-snippet:-1, max-image-preview:large, max-video-preview:-1\" \/>\n<link rel=\"canonical\" href=\"https:\/\/www.itakaescolapios.org\/es\/2019\/04\/itaka-escolapios-en-africa-central-2\/\" \/>\n<meta property=\"og:locale\" content=\"es_ES\" \/>\n<meta property=\"og:type\" content=\"article\" \/>\n<meta property=\"og:title\" content=\"ITAKA - ESCOLAPIOS EN \u00c1FRICA CENTRAL - Itaka-Escolapios\" \/>\n<meta property=\"og:description\" content=\"Extraemos algunos datos del informe de Itaka &#8211; Escolapios al Cap\u00edtulo Provincial de \u00c1frica central (Camer\u00fan, Guinea Ecuatorial, Gab\u00f3n y R. D. del Congo) para conocer m\u00e1s nuestra realidad all\u00ed. [&hellip;]\" \/>\n<meta property=\"og:url\" content=\"https:\/\/www.itakaescolapios.org\/es\/2019\/04\/itaka-escolapios-en-africa-central-2\/\" \/>\n<meta property=\"og:site_name\" content=\"Itaka-Escolapios\" \/>\n<meta property=\"article:published_time\" content=\"2019-04-16T20:31:02+00:00\" \/>\n<meta property=\"article:modified_time\" content=\"2023-11-28T11:36:52+00:00\" \/>\n<meta property=\"og:image\" content=\"https:\/\/www.itakaescolapios.org\/wp-content\/uploads\/2019\/04\/1afc.jpg\" \/>\n\t<meta property=\"og:image:width\" content=\"584\" \/>\n\t<meta property=\"og:image:height\" content=\"825\" \/>\n\t<meta property=\"og:image:type\" content=\"image\/jpeg\" \/>\n<meta name=\"author\" content=\"itaka\" \/>\n<meta name=\"twitter:card\" content=\"summary_large_image\" \/>\n<meta name=\"twitter:label1\" content=\"Escrito por\" \/>\n\t<meta name=\"twitter:data1\" content=\"itaka\" \/>\n\t<meta name=\"twitter:label2\" content=\"Tiempo de lectura\" \/>\n\t<meta name=\"twitter:data2\" content=\"1 minuto\" \/>\n<script type=\"application\/ld+json\" class=\"yoast-schema-graph\">{\"@context\":\"https:\\\/\\\/schema.org\",\"@graph\":[{\"@type\":\"Article\",\"@id\":\"https:\\\/\\\/www.itakaescolapios.org\\\/es\\\/2019\\\/04\\\/itaka-escolapios-en-africa-central-2\\\/#article\",\"isPartOf\":{\"@id\":\"https:\\\/\\\/www.itakaescolapios.org\\\/es\\\/2019\\\/04\\\/itaka-escolapios-en-africa-central-2\\\/\"},\"author\":{\"name\":\"itaka\",\"@id\":\"https:\\\/\\\/www.itakaescolapios.org\\\/es\\\/#\\\/schema\\\/person\\\/670123daeb1cc31cae1b106740036ccb\"},\"headline\":\"ITAKA &#8211; ESCOLAPIOS EN \u00c1FRICA CENTRAL\",\"datePublished\":\"2019-04-16T20:31:02+00:00\",\"dateModified\":\"2023-11-28T11:36:52+00:00\",\"mainEntityOfPage\":{\"@id\":\"https:\\\/\\\/www.itakaescolapios.org\\\/es\\\/2019\\\/04\\\/itaka-escolapios-en-africa-central-2\\\/\"},\"wordCount\":228,\"publisher\":{\"@id\":\"https:\\\/\\\/www.itakaescolapios.org\\\/es\\\/#organization\"},\"image\":{\"@id\":\"https:\\\/\\\/www.itakaescolapios.org\\\/es\\\/2019\\\/04\\\/itaka-escolapios-en-africa-central-2\\\/#primaryimage\"},\"thumbnailUrl\":\"https:\\\/\\\/www.itakaescolapios.org\\\/wp-content\\\/uploads\\\/2019\\\/04\\\/1afc.jpg\",\"articleSection\":[\"Camer\u00fan\",\"Gab\u00f3n\",\"R.D. Congo\"],\"inLanguage\":\"es\"},{\"@type\":\"WebPage\",\"@id\":\"https:\\\/\\\/www.itakaescolapios.org\\\/es\\\/2019\\\/04\\\/itaka-escolapios-en-africa-central-2\\\/\",\"url\":\"https:\\\/\\\/www.itakaescolapios.org\\\/es\\\/2019\\\/04\\\/itaka-escolapios-en-africa-central-2\\\/\",\"name\":\"ITAKA - ESCOLAPIOS EN \u00c1FRICA CENTRAL - Itaka-Escolapios\",\"isPartOf\":{\"@id\":\"https:\\\/\\\/www.itakaescolapios.org\\\/es\\\/#website\"},\"primaryImageOfPage\":{\"@id\":\"https:\\\/\\\/www.itakaescolapios.org\\\/es\\\/2019\\\/04\\\/itaka-escolapios-en-africa-central-2\\\/#primaryimage\"},\"image\":{\"@id\":\"https:\\\/\\\/www.itakaescolapios.org\\\/es\\\/2019\\\/04\\\/itaka-escolapios-en-africa-central-2\\\/#primaryimage\"},\"thumbnailUrl\":\"https:\\\/\\\/www.itakaescolapios.org\\\/wp-content\\\/uploads\\\/2019\\\/04\\\/1afc.jpg\",\"datePublished\":\"2019-04-16T20:31:02+00:00\",\"dateModified\":\"2023-11-28T11:36:52+00:00\",\"breadcrumb\":{\"@id\":\"https:\\\/\\\/www.itakaescolapios.org\\\/es\\\/2019\\\/04\\\/itaka-escolapios-en-africa-central-2\\\/#breadcrumb\"},\"inLanguage\":\"es\",\"potentialAction\":[{\"@type\":\"ReadAction\",\"target\":[\"https:\\\/\\\/www.itakaescolapios.org\\\/es\\\/2019\\\/04\\\/itaka-escolapios-en-africa-central-2\\\/\"]}]},{\"@type\":\"ImageObject\",\"inLanguage\":\"es\",\"@id\":\"https:\\\/\\\/www.itakaescolapios.org\\\/es\\\/2019\\\/04\\\/itaka-escolapios-en-africa-central-2\\\/#primaryimage\",\"url\":\"https:\\\/\\\/www.itakaescolapios.org\\\/wp-content\\\/uploads\\\/2019\\\/04\\\/1afc.jpg\",\"contentUrl\":\"https:\\\/\\\/www.itakaescolapios.org\\\/wp-content\\\/uploads\\\/2019\\\/04\\\/1afc.jpg\",\"width\":584,\"height\":825},{\"@type\":\"BreadcrumbList\",\"@id\":\"https:\\\/\\\/www.itakaescolapios.org\\\/es\\\/2019\\\/04\\\/itaka-escolapios-en-africa-central-2\\\/#breadcrumb\",\"itemListElement\":[{\"@type\":\"ListItem\",\"position\":1,\"name\":\"Portada\",\"item\":\"https:\\\/\\\/www.itakaescolapios.org\\\/es\\\/\"},{\"@type\":\"ListItem\",\"position\":2,\"name\":\"ITAKA &#8211; ESCOLAPIOS EN \u00c1FRICA CENTRAL\"}]},{\"@type\":\"WebSite\",\"@id\":\"https:\\\/\\\/www.itakaescolapios.org\\\/es\\\/#website\",\"url\":\"https:\\\/\\\/www.itakaescolapios.org\\\/es\\\/\",\"name\":\"Itaka-Escolapios\",\"description\":\"Red de Itaka-Escolapios\",\"publisher\":{\"@id\":\"https:\\\/\\\/www.itakaescolapios.org\\\/es\\\/#organization\"},\"potentialAction\":[{\"@type\":\"SearchAction\",\"target\":{\"@type\":\"EntryPoint\",\"urlTemplate\":\"https:\\\/\\\/www.itakaescolapios.org\\\/es\\\/?s={search_term_string}\"},\"query-input\":{\"@type\":\"PropertyValueSpecification\",\"valueRequired\":true,\"valueName\":\"search_term_string\"}}],\"inLanguage\":\"es\"},{\"@type\":\"Organization\",\"@id\":\"https:\\\/\\\/www.itakaescolapios.org\\\/es\\\/#organization\",\"name\":\"Fundaci\u00f3 Itaka-Escolapios\",\"url\":\"https:\\\/\\\/www.itakaescolapios.org\\\/es\\\/\",\"logo\":{\"@type\":\"ImageObject\",\"inLanguage\":\"es\",\"@id\":\"https:\\\/\\\/www.itakaescolapios.org\\\/es\\\/#\\\/schema\\\/logo\\\/image\\\/\",\"url\":\"https:\\\/\\\/www.itakaescolapios.org\\\/wp-content\\\/uploads\\\/2024\\\/04\\\/Logo-itakaescolapios-peque.png\",\"contentUrl\":\"https:\\\/\\\/www.itakaescolapios.org\\\/wp-content\\\/uploads\\\/2024\\\/04\\\/Logo-itakaescolapios-peque.png\",\"width\":500,\"height\":199,\"caption\":\"Fundaci\u00f3 Itaka-Escolapios\"},\"image\":{\"@id\":\"https:\\\/\\\/www.itakaescolapios.org\\\/es\\\/#\\\/schema\\\/logo\\\/image\\\/\"}},{\"@type\":\"Person\",\"@id\":\"https:\\\/\\\/www.itakaescolapios.org\\\/es\\\/#\\\/schema\\\/person\\\/670123daeb1cc31cae1b106740036ccb\",\"name\":\"itaka\",\"url\":\"https:\\\/\\\/www.itakaescolapios.org\\\/es\\\/author\\\/itaka\\\/\"}]}<\/script>\n<!-- \/ Yoast SEO plugin. -->","yoast_head_json":{"title":"ITAKA - ESCOLAPIOS EN \u00c1FRICA CENTRAL - Itaka-Escolapios","robots":{"index":"index","follow":"follow","max-snippet":"max-snippet:-1","max-image-preview":"max-image-preview:large","max-video-preview":"max-video-preview:-1"},"canonical":"https:\/\/www.itakaescolapios.org\/es\/2019\/04\/itaka-escolapios-en-africa-central-2\/","og_locale":"es_ES","og_type":"article","og_title":"ITAKA - ESCOLAPIOS EN \u00c1FRICA CENTRAL - Itaka-Escolapios","og_description":"Extraemos algunos datos del informe de Itaka &#8211; Escolapios al Cap\u00edtulo Provincial de \u00c1frica central (Camer\u00fan, Guinea Ecuatorial, Gab\u00f3n y R. D. del Congo) para conocer m\u00e1s nuestra realidad all\u00ed. [&hellip;]","og_url":"https:\/\/www.itakaescolapios.org\/es\/2019\/04\/itaka-escolapios-en-africa-central-2\/","og_site_name":"Itaka-Escolapios","article_published_time":"2019-04-16T20:31:02+00:00","article_modified_time":"2023-11-28T11:36:52+00:00","og_image":[{"width":584,"height":825,"url":"https:\/\/www.itakaescolapios.org\/wp-content\/uploads\/2019\/04\/1afc.jpg","type":"image\/jpeg"}],"author":"itaka","twitter_card":"summary_large_image","twitter_misc":{"Escrito por":"itaka","Tiempo de lectura":"1 minuto"},"schema":{"@context":"https:\/\/schema.org","@graph":[{"@type":"Article","@id":"https:\/\/www.itakaescolapios.org\/es\/2019\/04\/itaka-escolapios-en-africa-central-2\/#article","isPartOf":{"@id":"https:\/\/www.itakaescolapios.org\/es\/2019\/04\/itaka-escolapios-en-africa-central-2\/"},"author":{"name":"itaka","@id":"https:\/\/www.itakaescolapios.org\/es\/#\/schema\/person\/670123daeb1cc31cae1b106740036ccb"},"headline":"ITAKA &#8211; ESCOLAPIOS EN \u00c1FRICA CENTRAL","datePublished":"2019-04-16T20:31:02+00:00","dateModified":"2023-11-28T11:36:52+00:00","mainEntityOfPage":{"@id":"https:\/\/www.itakaescolapios.org\/es\/2019\/04\/itaka-escolapios-en-africa-central-2\/"},"wordCount":228,"publisher":{"@id":"https:\/\/www.itakaescolapios.org\/es\/#organization"},"image":{"@id":"https:\/\/www.itakaescolapios.org\/es\/2019\/04\/itaka-escolapios-en-africa-central-2\/#primaryimage"},"thumbnailUrl":"https:\/\/www.itakaescolapios.org\/wp-content\/uploads\/2019\/04\/1afc.jpg","articleSection":["Camer\u00fan","Gab\u00f3n","R.D. Congo"],"inLanguage":"es"},{"@type":"WebPage","@id":"https:\/\/www.itakaescolapios.org\/es\/2019\/04\/itaka-escolapios-en-africa-central-2\/","url":"https:\/\/www.itakaescolapios.org\/es\/2019\/04\/itaka-escolapios-en-africa-central-2\/","name":"ITAKA - ESCOLAPIOS EN \u00c1FRICA CENTRAL - Itaka-Escolapios","isPartOf":{"@id":"https:\/\/www.itakaescolapios.org\/es\/#website"},"primaryImageOfPage":{"@id":"https:\/\/www.itakaescolapios.org\/es\/2019\/04\/itaka-escolapios-en-africa-central-2\/#primaryimage"},"image":{"@id":"https:\/\/www.itakaescolapios.org\/es\/2019\/04\/itaka-escolapios-en-africa-central-2\/#primaryimage"},"thumbnailUrl":"https:\/\/www.itakaescolapios.org\/wp-content\/uploads\/2019\/04\/1afc.jpg","datePublished":"2019-04-16T20:31:02+00:00","dateModified":"2023-11-28T11:36:52+00:00","breadcrumb":{"@id":"https:\/\/www.itakaescolapios.org\/es\/2019\/04\/itaka-escolapios-en-africa-central-2\/#breadcrumb"},"inLanguage":"es","potentialAction":[{"@type":"ReadAction","target":["https:\/\/www.itakaescolapios.org\/es\/2019\/04\/itaka-escolapios-en-africa-central-2\/"]}]},{"@type":"ImageObject","inLanguage":"es","@id":"https:\/\/www.itakaescolapios.org\/es\/2019\/04\/itaka-escolapios-en-africa-central-2\/#primaryimage","url":"https:\/\/www.itakaescolapios.org\/wp-content\/uploads\/2019\/04\/1afc.jpg","contentUrl":"https:\/\/www.itakaescolapios.org\/wp-content\/uploads\/2019\/04\/1afc.jpg","width":584,"height":825},{"@type":"BreadcrumbList","@id":"https:\/\/www.itakaescolapios.org\/es\/2019\/04\/itaka-escolapios-en-africa-central-2\/#breadcrumb","itemListElement":[{"@type":"ListItem","position":1,"name":"Portada","item":"https:\/\/www.itakaescolapios.org\/es\/"},{"@type":"ListItem","position":2,"name":"ITAKA &#8211; ESCOLAPIOS EN \u00c1FRICA CENTRAL"}]},{"@type":"WebSite","@id":"https:\/\/www.itakaescolapios.org\/es\/#website","url":"https:\/\/www.itakaescolapios.org\/es\/","name":"Itaka-Escolapios","description":"Red de Itaka-Escolapios","publisher":{"@id":"https:\/\/www.itakaescolapios.org\/es\/#organization"},"potentialAction":[{"@type":"SearchAction","target":{"@type":"EntryPoint","urlTemplate":"https:\/\/www.itakaescolapios.org\/es\/?s={search_term_string}"},"query-input":{"@type":"PropertyValueSpecification","valueRequired":true,"valueName":"search_term_string"}}],"inLanguage":"es"},{"@type":"Organization","@id":"https:\/\/www.itakaescolapios.org\/es\/#organization","name":"Fundaci\u00f3 Itaka-Escolapios","url":"https:\/\/www.itakaescolapios.org\/es\/","logo":{"@type":"ImageObject","inLanguage":"es","@id":"https:\/\/www.itakaescolapios.org\/es\/#\/schema\/logo\/image\/","url":"https:\/\/www.itakaescolapios.org\/wp-content\/uploads\/2024\/04\/Logo-itakaescolapios-peque.png","contentUrl":"https:\/\/www.itakaescolapios.org\/wp-content\/uploads\/2024\/04\/Logo-itakaescolapios-peque.png","width":500,"height":199,"caption":"Fundaci\u00f3 Itaka-Escolapios"},"image":{"@id":"https:\/\/www.itakaescolapios.org\/es\/#\/schema\/logo\/image\/"}},{"@type":"Person","@id":"https:\/\/www.itakaescolapios.org\/es\/#\/schema\/person\/670123daeb1cc31cae1b106740036ccb","name":"itaka","url":"https:\/\/www.itakaescolapios.org\/es\/author\/itaka\/"}]}},"_links":{"self":[{"href":"https:\/\/www.itakaescolapios.org\/es\/wp-json\/wp\/v2\/posts\/27396","targetHints":{"allow":["GET"]}}],"collection":[{"href":"https:\/\/www.itakaescolapios.org\/es\/wp-json\/wp\/v2\/posts"}],"about":[{"href":"https:\/\/www.itakaescolapios.org\/es\/wp-json\/wp\/v2\/types\/post"}],"author":[{"embeddable":true,"href":"https:\/\/www.itakaescolapios.org\/es\/wp-json\/wp\/v2\/users\/4"}],"replies":[{"embeddable":true,"href":"https:\/\/www.itakaescolapios.org\/es\/wp-json\/wp\/v2\/comments?post=27396"}],"version-history":[{"count":4,"href":"https:\/\/www.itakaescolapios.org\/es\/wp-json\/wp\/v2\/posts\/27396\/revisions"}],"predecessor-version":[{"id":45727,"href":"https:\/\/www.itakaescolapios.org\/es\/wp-json\/wp\/v2\/posts\/27396\/revisions\/45727"}],"wp:featuredmedia":[{"embeddable":true,"href":"https:\/\/www.itakaescolapios.org\/es\/wp-json\/wp\/v2\/media\/27397"}],"wp:attachment":[{"href":"https:\/\/www.itakaescolapios.org\/es\/wp-json\/wp\/v2\/media?parent=27396"}],"wp:term":[{"taxonomy":"category","embeddable":true,"href":"https:\/\/www.itakaescolapios.org\/es\/wp-json\/wp\/v2\/categories?post=27396"},{"taxonomy":"post_tag","embeddable":true,"href":"https:\/\/www.itakaescolapios.org\/es\/wp-json\/wp\/v2\/tags?post=27396"}],"curies":[{"name":"wp","href":"https:\/\/api.w.org\/{rel}","templated":true}]}}