{"id":27715,"date":"2019-06-07T13:02:34","date_gmt":"2019-06-07T12:02:34","guid":{"rendered":"https:\/\/www.itakaescolapios.org\/?p=27715"},"modified":"2023-11-28T12:36:49","modified_gmt":"2023-11-28T11:36:49","slug":"salida-fin-de-curso-del-trastevere","status":"publish","type":"post","link":"https:\/\/www.itakaescolapios.org\/es\/2019\/06\/salida-fin-de-curso-del-trastevere\/","title":{"rendered":"SALIDA FIN DE CURSO DEL TRAST\u00c9VERE"},"content":{"rendered":"<p style=\"text-align: justify\">El mi\u00e9rcoles por la tarde, aprovechando que en junio ya solo hay clase por las ma\u00f1anas, tuvimos la salida final de curso del Trast\u00e9vere. Nos fuimos al Urban Planet Jump en el Sambil Outlet, un parque de camas el\u00e1sticas donde ten\u00edamos la seguridad que nos lo \u00edbamos a pasar de lujo.<\/p>\n<p style=\"text-align: justify\">\n<p style=\"text-align: justify\">El autob\u00fas nos recog\u00eda a las 15:45 pero hab\u00eda tantas ganas de ir que algun@s est\u00e1bamos ya esperando mucho antes. Despu\u00e9s de un corto viaje y del correspondiente registro y recogida de los calcetines especiales para saltar, pasamos dentro, donde un monitor nos explic\u00f3 las normas b\u00e1sicas de funcionamiento.<\/p>\n<p style=\"text-align: justify\">\n<p style=\"text-align: justify\">Despu\u00e9s todo fue disfrutar: camas el\u00e1sticas individuales, zona de obst\u00e1culos, canastas, porter\u00eda y camas el\u00e1sticas para hacer saltos m\u00e1s complejos\u2026y mucho m\u00e1s. La hora y media se pas\u00f3 en un suspiro y cuando nos dimos cuenta ten\u00edamos que salir. Despu\u00e9s de la merienda nos montamos en el bus y de vuelta a Aluche.<\/p>\n<p style=\"text-align: justify\">\n<p style=\"text-align: justify\">Ha sido una despedida de curso por todo lo alto \u00a1Solo nos queda esperar ya al Campamento Urbano que comienza el 1 de Julio! \u00a1Qu\u00e9 ganas tenemos!<\/p>\n\n\t\t<style type=\"text\/css\">\n\t\t\t#gallery-1 {\n\t\t\t\tmargin: auto;\n\t\t\t}\n\t\t\t#gallery-1 .gallery-item {\n\t\t\t\tfloat: left;\n\t\t\t\tmargin-top: 10px;\n\t\t\t\ttext-align: center;\n\t\t\t\twidth: 33%;\n\t\t\t}\n\t\t\t#gallery-1 img {\n\t\t\t\tborder: 2px solid #cfcfcf;\n\t\t\t}\n\t\t\t#gallery-1 .gallery-caption {\n\t\t\t\tmargin-left: 0;\n\t\t\t}\n\t\t\t\/* see gallery_shortcode() in wp-includes\/media.php *\/\n\t\t<\/style>\n\t\t<div id='gallery-1' class='gallery galleryid-27715 gallery-columns-3 gallery-size-thumbnail'><dl class='gallery-item'>\n\t\t\t<dt class='gallery-icon landscape'>\n\t\t\t\t<a href='https:\/\/www.itakaescolapios.org\/es\/2019\/06\/salida-fin-de-curso-del-trastevere\/whatsapp-image-2019-06-07-at-13-47-18\/'><img decoding=\"async\" width=\"90\" height=\"90\" src=\"https:\/\/www.itakaescolapios.org\/wp-content\/uploads\/2019\/06\/WhatsApp-Image-2019-06-07-at-13.47.18-90x90.jpeg\" class=\"attachment-thumbnail size-thumbnail\" alt=\"\" \/><\/a>\n\t\t\t<\/dt><\/dl><dl class='gallery-item'>\n\t\t\t<dt class='gallery-icon landscape'>\n\t\t\t\t<a href='https:\/\/www.itakaescolapios.org\/es\/2019\/06\/salida-fin-de-curso-del-trastevere\/whatsapp-image-2019-06-07-at-13-48-49\/'><img decoding=\"async\" width=\"90\" height=\"90\" src=\"https:\/\/www.itakaescolapios.org\/wp-content\/uploads\/2019\/06\/WhatsApp-Image-2019-06-07-at-13.48.49-90x90.jpeg\" class=\"attachment-thumbnail size-thumbnail\" alt=\"\" \/><\/a>\n\t\t\t<\/dt><\/dl><dl class='gallery-item'>\n\t\t\t<dt class='gallery-icon landscape'>\n\t\t\t\t<a href='https:\/\/www.itakaescolapios.org\/es\/2019\/06\/salida-fin-de-curso-del-trastevere\/whatsapp-image-2019-06-07-at-13-47-17\/'><img decoding=\"async\" width=\"90\" height=\"90\" src=\"https:\/\/www.itakaescolapios.org\/wp-content\/uploads\/2019\/06\/WhatsApp-Image-2019-06-07-at-13.47.17-90x90.jpeg\" class=\"attachment-thumbnail size-thumbnail\" alt=\"\" \/><\/a>\n\t\t\t<\/dt><\/dl><br style=\"clear: both\" \/><dl class='gallery-item'>\n\t\t\t<dt class='gallery-icon landscape'>\n\t\t\t\t<a href='https:\/\/www.itakaescolapios.org\/es\/2019\/06\/salida-fin-de-curso-del-trastevere\/whatsapp-image-2019-06-07-at-13-48-48\/'><img decoding=\"async\" width=\"90\" height=\"90\" src=\"https:\/\/www.itakaescolapios.org\/wp-content\/uploads\/2019\/06\/WhatsApp-Image-2019-06-07-at-13.48.48-90x90.jpeg\" class=\"attachment-thumbnail size-thumbnail\" alt=\"\" \/><\/a>\n\t\t\t<\/dt><\/dl><dl class='gallery-item'>\n\t\t\t<dt class='gallery-icon landscape'>\n\t\t\t\t<a href='https:\/\/www.itakaescolapios.org\/es\/2019\/06\/salida-fin-de-curso-del-trastevere\/whatsapp-image-2019-06-07-at-13-48-55\/'><img decoding=\"async\" width=\"90\" height=\"90\" src=\"https:\/\/www.itakaescolapios.org\/wp-content\/uploads\/2019\/06\/WhatsApp-Image-2019-06-07-at-13.48.55-90x90.jpeg\" class=\"attachment-thumbnail size-thumbnail\" alt=\"\" \/><\/a>\n\t\t\t<\/dt><\/dl><dl class='gallery-item'>\n\t\t\t<dt class='gallery-icon landscape'>\n\t\t\t\t<a href='https:\/\/www.itakaescolapios.org\/es\/2019\/06\/salida-fin-de-curso-del-trastevere\/whatsapp-image-2019-06-07-at-13-48-56\/'><img decoding=\"async\" width=\"90\" height=\"90\" src=\"https:\/\/www.itakaescolapios.org\/wp-content\/uploads\/2019\/06\/WhatsApp-Image-2019-06-07-at-13.48.56-90x90.jpeg\" class=\"attachment-thumbnail size-thumbnail\" alt=\"\" \/><\/a>\n\t\t\t<\/dt><\/dl><br style=\"clear: both\" \/><dl class='gallery-item'>\n\t\t\t<dt class='gallery-icon portrait'>\n\t\t\t\t<a href='https:\/\/www.itakaescolapios.org\/es\/2019\/06\/salida-fin-de-curso-del-trastevere\/whatsapp-image-2019-06-07-at-13-48-55-2\/'><img decoding=\"async\" width=\"90\" height=\"90\" src=\"https:\/\/www.itakaescolapios.org\/wp-content\/uploads\/2019\/06\/WhatsApp-Image-2019-06-07-at-13.48.55-2-90x90.jpeg\" class=\"attachment-thumbnail size-thumbnail\" alt=\"\" \/><\/a>\n\t\t\t<\/dt><\/dl><dl class='gallery-item'>\n\t\t\t<dt class='gallery-icon portrait'>\n\t\t\t\t<a href='https:\/\/www.itakaescolapios.org\/es\/2019\/06\/salida-fin-de-curso-del-trastevere\/whatsapp-image-2019-06-07-at-13-48-55-1\/'><img decoding=\"async\" width=\"90\" height=\"90\" src=\"https:\/\/www.itakaescolapios.org\/wp-content\/uploads\/2019\/06\/WhatsApp-Image-2019-06-07-at-13.48.55-1-90x90.jpeg\" class=\"attachment-thumbnail size-thumbnail\" alt=\"\" \/><\/a>\n\t\t\t<\/dt><\/dl><dl class='gallery-item'>\n\t\t\t<dt class='gallery-icon portrait'>\n\t\t\t\t<a href='https:\/\/www.itakaescolapios.org\/es\/2019\/06\/salida-fin-de-curso-del-trastevere\/whatsapp-image-2019-06-07-at-13-48-50\/'><img decoding=\"async\" width=\"90\" height=\"90\" src=\"https:\/\/www.itakaescolapios.org\/wp-content\/uploads\/2019\/06\/WhatsApp-Image-2019-06-07-at-13.48.50-90x90.jpeg\" class=\"attachment-thumbnail size-thumbnail\" alt=\"\" \/><\/a>\n\t\t\t<\/dt><\/dl><br style=\"clear: both\" \/><dl class='gallery-item'>\n\t\t\t<dt class='gallery-icon landscape'>\n\t\t\t\t<a href='https:\/\/www.itakaescolapios.org\/es\/2019\/06\/salida-fin-de-curso-del-trastevere\/whatsapp-image-2019-06-07-at-13-48-54\/'><img decoding=\"async\" width=\"90\" height=\"90\" src=\"https:\/\/www.itakaescolapios.org\/wp-content\/uploads\/2019\/06\/WhatsApp-Image-2019-06-07-at-13.48.54-90x90.jpeg\" class=\"attachment-thumbnail size-thumbnail\" alt=\"\" \/><\/a>\n\t\t\t<\/dt><\/dl><dl class='gallery-item'>\n\t\t\t<dt class='gallery-icon portrait'>\n\t\t\t\t<a href='https:\/\/www.itakaescolapios.org\/es\/2019\/06\/salida-fin-de-curso-del-trastevere\/whatsapp-image-2019-06-07-at-13-48-50-1\/'><img decoding=\"async\" width=\"90\" height=\"90\" src=\"https:\/\/www.itakaescolapios.org\/wp-content\/uploads\/2019\/06\/WhatsApp-Image-2019-06-07-at-13.48.50-1-90x90.jpeg\" class=\"attachment-thumbnail size-thumbnail\" alt=\"\" \/><\/a>\n\t\t\t<\/dt><\/dl><dl class='gallery-item'>\n\t\t\t<dt class='gallery-icon landscape'>\n\t\t\t\t<a href='https:\/\/www.itakaescolapios.org\/es\/2019\/06\/salida-fin-de-curso-del-trastevere\/whatsapp-image-2019-06-07-at-13-48-52-1\/'><img decoding=\"async\" width=\"90\" height=\"90\" src=\"https:\/\/www.itakaescolapios.org\/wp-content\/uploads\/2019\/06\/WhatsApp-Image-2019-06-07-at-13.48.52-1-90x90.jpeg\" class=\"attachment-thumbnail size-thumbnail\" alt=\"\" \/><\/a>\n\t\t\t<\/dt><\/dl><br style=\"clear: both\" \/><dl class='gallery-item'>\n\t\t\t<dt class='gallery-icon portrait'>\n\t\t\t\t<a href='https:\/\/www.itakaescolapios.org\/es\/2019\/06\/salida-fin-de-curso-del-trastevere\/whatsapp-image-2019-06-07-at-13-48-52\/'><img decoding=\"async\" width=\"90\" height=\"90\" src=\"https:\/\/www.itakaescolapios.org\/wp-content\/uploads\/2019\/06\/WhatsApp-Image-2019-06-07-at-13.48.52-90x90.jpeg\" class=\"attachment-thumbnail size-thumbnail\" alt=\"\" \/><\/a>\n\t\t\t<\/dt><\/dl><dl class='gallery-item'>\n\t\t\t<dt class='gallery-icon landscape'>\n\t\t\t\t<a href='https:\/\/www.itakaescolapios.org\/es\/2019\/06\/salida-fin-de-curso-del-trastevere\/whatsapp-image-2019-06-07-at-13-48-04\/'><img decoding=\"async\" width=\"90\" height=\"90\" src=\"https:\/\/www.itakaescolapios.org\/wp-content\/uploads\/2019\/06\/WhatsApp-Image-2019-06-07-at-13.48.04-90x90.jpeg\" class=\"attachment-thumbnail size-thumbnail\" alt=\"\" \/><\/a>\n\t\t\t<\/dt><\/dl><dl class='gallery-item'>\n\t\t\t<dt class='gallery-icon landscape'>\n\t\t\t\t<a href='https:\/\/www.itakaescolapios.org\/es\/2019\/06\/salida-fin-de-curso-del-trastevere\/whatsapp-image-2019-06-07-at-13-48-02\/'><img decoding=\"async\" width=\"90\" height=\"90\" src=\"https:\/\/www.itakaescolapios.org\/wp-content\/uploads\/2019\/06\/WhatsApp-Image-2019-06-07-at-13.48.02-90x90.jpeg\" class=\"attachment-thumbnail size-thumbnail\" alt=\"\" \/><\/a>\n\t\t\t<\/dt><\/dl><br style=\"clear: both\" \/>\n\t\t<\/div>\n\n","protected":false},"excerpt":{"rendered":"<p>El mi\u00e9rcoles por la tarde, aprovechando que en junio ya solo hay clase por las ma\u00f1anas, tuvimos la salida final de curso del Trast\u00e9vere. Nos fuimos al Urban Planet Jump [&hellip;]<\/p>\n","protected":false},"author":48,"featured_media":27717,"comment_status":"closed","ping_status":"closed","sticky":false,"template":"","format":"standard","meta":{"_et_pb_use_builder":"","_et_pb_old_content":"","_et_gb_content_width":"","footnotes":""},"categories":[146],"tags":[],"class_list":["post-27715","post","type-post","status-publish","format-standard","has-post-thumbnail","hentry","category-madrid"],"yoast_head":"<!-- This site is optimized with the Yoast SEO plugin v27.4 - https:\/\/yoast.com\/product\/yoast-seo-wordpress\/ -->\n<title>SALIDA FIN DE CURSO DEL TRAST\u00c9VERE - Itaka-Escolapios<\/title>\n<meta name=\"robots\" content=\"index, follow, max-snippet:-1, max-image-preview:large, max-video-preview:-1\" \/>\n<link rel=\"canonical\" href=\"https:\/\/www.itakaescolapios.org\/es\/2019\/06\/salida-fin-de-curso-del-trastevere\/\" \/>\n<meta property=\"og:locale\" content=\"es_ES\" \/>\n<meta property=\"og:type\" content=\"article\" \/>\n<meta property=\"og:title\" content=\"SALIDA FIN DE CURSO DEL TRAST\u00c9VERE - Itaka-Escolapios\" \/>\n<meta property=\"og:description\" content=\"El mi\u00e9rcoles por la tarde, aprovechando que en junio ya solo hay clase por las ma\u00f1anas, tuvimos la salida final de curso del Trast\u00e9vere. Nos fuimos al Urban Planet Jump [&hellip;]\" \/>\n<meta property=\"og:url\" content=\"https:\/\/www.itakaescolapios.org\/es\/2019\/06\/salida-fin-de-curso-del-trastevere\/\" \/>\n<meta property=\"og:site_name\" content=\"Itaka-Escolapios\" \/>\n<meta property=\"article:published_time\" content=\"2019-06-07T12:02:34+00:00\" \/>\n<meta property=\"article:modified_time\" content=\"2023-11-28T11:36:49+00:00\" \/>\n<meta property=\"og:image\" content=\"https:\/\/www.itakaescolapios.org\/wp-content\/uploads\/2019\/06\/WhatsApp-Image-2019-06-07-at-13.47.18.jpeg\" \/>\n\t<meta property=\"og:image:width\" content=\"1599\" \/>\n\t<meta property=\"og:image:height\" content=\"1200\" \/>\n\t<meta property=\"og:image:type\" content=\"image\/jpeg\" \/>\n<meta name=\"author\" content=\"madrid01\" \/>\n<meta name=\"twitter:card\" content=\"summary_large_image\" \/>\n<meta name=\"twitter:label1\" content=\"Escrito por\" \/>\n\t<meta name=\"twitter:data1\" content=\"madrid01\" \/>\n\t<meta name=\"twitter:label2\" content=\"Tiempo de lectura\" \/>\n\t<meta name=\"twitter:data2\" content=\"1 minuto\" \/>\n<script type=\"application\/ld+json\" class=\"yoast-schema-graph\">{\"@context\":\"https:\\\/\\\/schema.org\",\"@graph\":[{\"@type\":\"Article\",\"@id\":\"https:\\\/\\\/www.itakaescolapios.org\\\/es\\\/2019\\\/06\\\/salida-fin-de-curso-del-trastevere\\\/#article\",\"isPartOf\":{\"@id\":\"https:\\\/\\\/www.itakaescolapios.org\\\/es\\\/2019\\\/06\\\/salida-fin-de-curso-del-trastevere\\\/\"},\"author\":{\"name\":\"madrid01\",\"@id\":\"https:\\\/\\\/www.itakaescolapios.org\\\/es\\\/#\\\/schema\\\/person\\\/bcd60d18d9795d0e978153a567a2edcb\"},\"headline\":\"SALIDA FIN DE CURSO DEL TRAST\u00c9VERE\",\"datePublished\":\"2019-06-07T12:02:34+00:00\",\"dateModified\":\"2023-11-28T11:36:49+00:00\",\"mainEntityOfPage\":{\"@id\":\"https:\\\/\\\/www.itakaescolapios.org\\\/es\\\/2019\\\/06\\\/salida-fin-de-curso-del-trastevere\\\/\"},\"wordCount\":209,\"publisher\":{\"@id\":\"https:\\\/\\\/www.itakaescolapios.org\\\/es\\\/#organization\"},\"image\":{\"@id\":\"https:\\\/\\\/www.itakaescolapios.org\\\/es\\\/2019\\\/06\\\/salida-fin-de-curso-del-trastevere\\\/#primaryimage\"},\"thumbnailUrl\":\"https:\\\/\\\/www.itakaescolapios.org\\\/wp-content\\\/uploads\\\/2019\\\/06\\\/WhatsApp-Image-2019-06-07-at-13.47.18.jpeg\",\"articleSection\":[\"Madrid\"],\"inLanguage\":\"es\"},{\"@type\":\"WebPage\",\"@id\":\"https:\\\/\\\/www.itakaescolapios.org\\\/es\\\/2019\\\/06\\\/salida-fin-de-curso-del-trastevere\\\/\",\"url\":\"https:\\\/\\\/www.itakaescolapios.org\\\/es\\\/2019\\\/06\\\/salida-fin-de-curso-del-trastevere\\\/\",\"name\":\"SALIDA FIN DE CURSO DEL TRAST\u00c9VERE - Itaka-Escolapios\",\"isPartOf\":{\"@id\":\"https:\\\/\\\/www.itakaescolapios.org\\\/es\\\/#website\"},\"primaryImageOfPage\":{\"@id\":\"https:\\\/\\\/www.itakaescolapios.org\\\/es\\\/2019\\\/06\\\/salida-fin-de-curso-del-trastevere\\\/#primaryimage\"},\"image\":{\"@id\":\"https:\\\/\\\/www.itakaescolapios.org\\\/es\\\/2019\\\/06\\\/salida-fin-de-curso-del-trastevere\\\/#primaryimage\"},\"thumbnailUrl\":\"https:\\\/\\\/www.itakaescolapios.org\\\/wp-content\\\/uploads\\\/2019\\\/06\\\/WhatsApp-Image-2019-06-07-at-13.47.18.jpeg\",\"datePublished\":\"2019-06-07T12:02:34+00:00\",\"dateModified\":\"2023-11-28T11:36:49+00:00\",\"breadcrumb\":{\"@id\":\"https:\\\/\\\/www.itakaescolapios.org\\\/es\\\/2019\\\/06\\\/salida-fin-de-curso-del-trastevere\\\/#breadcrumb\"},\"inLanguage\":\"es\",\"potentialAction\":[{\"@type\":\"ReadAction\",\"target\":[\"https:\\\/\\\/www.itakaescolapios.org\\\/es\\\/2019\\\/06\\\/salida-fin-de-curso-del-trastevere\\\/\"]}]},{\"@type\":\"ImageObject\",\"inLanguage\":\"es\",\"@id\":\"https:\\\/\\\/www.itakaescolapios.org\\\/es\\\/2019\\\/06\\\/salida-fin-de-curso-del-trastevere\\\/#primaryimage\",\"url\":\"https:\\\/\\\/www.itakaescolapios.org\\\/wp-content\\\/uploads\\\/2019\\\/06\\\/WhatsApp-Image-2019-06-07-at-13.47.18.jpeg\",\"contentUrl\":\"https:\\\/\\\/www.itakaescolapios.org\\\/wp-content\\\/uploads\\\/2019\\\/06\\\/WhatsApp-Image-2019-06-07-at-13.47.18.jpeg\",\"width\":1599,\"height\":1200},{\"@type\":\"BreadcrumbList\",\"@id\":\"https:\\\/\\\/www.itakaescolapios.org\\\/es\\\/2019\\\/06\\\/salida-fin-de-curso-del-trastevere\\\/#breadcrumb\",\"itemListElement\":[{\"@type\":\"ListItem\",\"position\":1,\"name\":\"Portada\",\"item\":\"https:\\\/\\\/www.itakaescolapios.org\\\/es\\\/\"},{\"@type\":\"ListItem\",\"position\":2,\"name\":\"SALIDA FIN DE CURSO DEL TRAST\u00c9VERE\"}]},{\"@type\":\"WebSite\",\"@id\":\"https:\\\/\\\/www.itakaescolapios.org\\\/es\\\/#website\",\"url\":\"https:\\\/\\\/www.itakaescolapios.org\\\/es\\\/\",\"name\":\"Itaka-Escolapios\",\"description\":\"Red de Itaka-Escolapios\",\"publisher\":{\"@id\":\"https:\\\/\\\/www.itakaescolapios.org\\\/es\\\/#organization\"},\"potentialAction\":[{\"@type\":\"SearchAction\",\"target\":{\"@type\":\"EntryPoint\",\"urlTemplate\":\"https:\\\/\\\/www.itakaescolapios.org\\\/es\\\/?s={search_term_string}\"},\"query-input\":{\"@type\":\"PropertyValueSpecification\",\"valueRequired\":true,\"valueName\":\"search_term_string\"}}],\"inLanguage\":\"es\"},{\"@type\":\"Organization\",\"@id\":\"https:\\\/\\\/www.itakaescolapios.org\\\/es\\\/#organization\",\"name\":\"Fundaci\u00f3 Itaka-Escolapios\",\"url\":\"https:\\\/\\\/www.itakaescolapios.org\\\/es\\\/\",\"logo\":{\"@type\":\"ImageObject\",\"inLanguage\":\"es\",\"@id\":\"https:\\\/\\\/www.itakaescolapios.org\\\/es\\\/#\\\/schema\\\/logo\\\/image\\\/\",\"url\":\"https:\\\/\\\/www.itakaescolapios.org\\\/wp-content\\\/uploads\\\/2024\\\/04\\\/Logo-itakaescolapios-peque.png\",\"contentUrl\":\"https:\\\/\\\/www.itakaescolapios.org\\\/wp-content\\\/uploads\\\/2024\\\/04\\\/Logo-itakaescolapios-peque.png\",\"width\":500,\"height\":199,\"caption\":\"Fundaci\u00f3 Itaka-Escolapios\"},\"image\":{\"@id\":\"https:\\\/\\\/www.itakaescolapios.org\\\/es\\\/#\\\/schema\\\/logo\\\/image\\\/\"}},{\"@type\":\"Person\",\"@id\":\"https:\\\/\\\/www.itakaescolapios.org\\\/es\\\/#\\\/schema\\\/person\\\/bcd60d18d9795d0e978153a567a2edcb\",\"name\":\"madrid01\",\"url\":\"https:\\\/\\\/www.itakaescolapios.org\\\/es\\\/author\\\/madrid01\\\/\"}]}<\/script>\n<!-- \/ Yoast SEO plugin. -->","yoast_head_json":{"title":"SALIDA FIN DE CURSO DEL TRAST\u00c9VERE - Itaka-Escolapios","robots":{"index":"index","follow":"follow","max-snippet":"max-snippet:-1","max-image-preview":"max-image-preview:large","max-video-preview":"max-video-preview:-1"},"canonical":"https:\/\/www.itakaescolapios.org\/es\/2019\/06\/salida-fin-de-curso-del-trastevere\/","og_locale":"es_ES","og_type":"article","og_title":"SALIDA FIN DE CURSO DEL TRAST\u00c9VERE - Itaka-Escolapios","og_description":"El mi\u00e9rcoles por la tarde, aprovechando que en junio ya solo hay clase por las ma\u00f1anas, tuvimos la salida final de curso del Trast\u00e9vere. Nos fuimos al Urban Planet Jump [&hellip;]","og_url":"https:\/\/www.itakaescolapios.org\/es\/2019\/06\/salida-fin-de-curso-del-trastevere\/","og_site_name":"Itaka-Escolapios","article_published_time":"2019-06-07T12:02:34+00:00","article_modified_time":"2023-11-28T11:36:49+00:00","og_image":[{"width":1599,"height":1200,"url":"https:\/\/www.itakaescolapios.org\/wp-content\/uploads\/2019\/06\/WhatsApp-Image-2019-06-07-at-13.47.18.jpeg","type":"image\/jpeg"}],"author":"madrid01","twitter_card":"summary_large_image","twitter_misc":{"Escrito por":"madrid01","Tiempo de lectura":"1 minuto"},"schema":{"@context":"https:\/\/schema.org","@graph":[{"@type":"Article","@id":"https:\/\/www.itakaescolapios.org\/es\/2019\/06\/salida-fin-de-curso-del-trastevere\/#article","isPartOf":{"@id":"https:\/\/www.itakaescolapios.org\/es\/2019\/06\/salida-fin-de-curso-del-trastevere\/"},"author":{"name":"madrid01","@id":"https:\/\/www.itakaescolapios.org\/es\/#\/schema\/person\/bcd60d18d9795d0e978153a567a2edcb"},"headline":"SALIDA FIN DE CURSO DEL TRAST\u00c9VERE","datePublished":"2019-06-07T12:02:34+00:00","dateModified":"2023-11-28T11:36:49+00:00","mainEntityOfPage":{"@id":"https:\/\/www.itakaescolapios.org\/es\/2019\/06\/salida-fin-de-curso-del-trastevere\/"},"wordCount":209,"publisher":{"@id":"https:\/\/www.itakaescolapios.org\/es\/#organization"},"image":{"@id":"https:\/\/www.itakaescolapios.org\/es\/2019\/06\/salida-fin-de-curso-del-trastevere\/#primaryimage"},"thumbnailUrl":"https:\/\/www.itakaescolapios.org\/wp-content\/uploads\/2019\/06\/WhatsApp-Image-2019-06-07-at-13.47.18.jpeg","articleSection":["Madrid"],"inLanguage":"es"},{"@type":"WebPage","@id":"https:\/\/www.itakaescolapios.org\/es\/2019\/06\/salida-fin-de-curso-del-trastevere\/","url":"https:\/\/www.itakaescolapios.org\/es\/2019\/06\/salida-fin-de-curso-del-trastevere\/","name":"SALIDA FIN DE CURSO DEL TRAST\u00c9VERE - Itaka-Escolapios","isPartOf":{"@id":"https:\/\/www.itakaescolapios.org\/es\/#website"},"primaryImageOfPage":{"@id":"https:\/\/www.itakaescolapios.org\/es\/2019\/06\/salida-fin-de-curso-del-trastevere\/#primaryimage"},"image":{"@id":"https:\/\/www.itakaescolapios.org\/es\/2019\/06\/salida-fin-de-curso-del-trastevere\/#primaryimage"},"thumbnailUrl":"https:\/\/www.itakaescolapios.org\/wp-content\/uploads\/2019\/06\/WhatsApp-Image-2019-06-07-at-13.47.18.jpeg","datePublished":"2019-06-07T12:02:34+00:00","dateModified":"2023-11-28T11:36:49+00:00","breadcrumb":{"@id":"https:\/\/www.itakaescolapios.org\/es\/2019\/06\/salida-fin-de-curso-del-trastevere\/#breadcrumb"},"inLanguage":"es","potentialAction":[{"@type":"ReadAction","target":["https:\/\/www.itakaescolapios.org\/es\/2019\/06\/salida-fin-de-curso-del-trastevere\/"]}]},{"@type":"ImageObject","inLanguage":"es","@id":"https:\/\/www.itakaescolapios.org\/es\/2019\/06\/salida-fin-de-curso-del-trastevere\/#primaryimage","url":"https:\/\/www.itakaescolapios.org\/wp-content\/uploads\/2019\/06\/WhatsApp-Image-2019-06-07-at-13.47.18.jpeg","contentUrl":"https:\/\/www.itakaescolapios.org\/wp-content\/uploads\/2019\/06\/WhatsApp-Image-2019-06-07-at-13.47.18.jpeg","width":1599,"height":1200},{"@type":"BreadcrumbList","@id":"https:\/\/www.itakaescolapios.org\/es\/2019\/06\/salida-fin-de-curso-del-trastevere\/#breadcrumb","itemListElement":[{"@type":"ListItem","position":1,"name":"Portada","item":"https:\/\/www.itakaescolapios.org\/es\/"},{"@type":"ListItem","position":2,"name":"SALIDA FIN DE CURSO DEL TRAST\u00c9VERE"}]},{"@type":"WebSite","@id":"https:\/\/www.itakaescolapios.org\/es\/#website","url":"https:\/\/www.itakaescolapios.org\/es\/","name":"Itaka-Escolapios","description":"Red de Itaka-Escolapios","publisher":{"@id":"https:\/\/www.itakaescolapios.org\/es\/#organization"},"potentialAction":[{"@type":"SearchAction","target":{"@type":"EntryPoint","urlTemplate":"https:\/\/www.itakaescolapios.org\/es\/?s={search_term_string}"},"query-input":{"@type":"PropertyValueSpecification","valueRequired":true,"valueName":"search_term_string"}}],"inLanguage":"es"},{"@type":"Organization","@id":"https:\/\/www.itakaescolapios.org\/es\/#organization","name":"Fundaci\u00f3 Itaka-Escolapios","url":"https:\/\/www.itakaescolapios.org\/es\/","logo":{"@type":"ImageObject","inLanguage":"es","@id":"https:\/\/www.itakaescolapios.org\/es\/#\/schema\/logo\/image\/","url":"https:\/\/www.itakaescolapios.org\/wp-content\/uploads\/2024\/04\/Logo-itakaescolapios-peque.png","contentUrl":"https:\/\/www.itakaescolapios.org\/wp-content\/uploads\/2024\/04\/Logo-itakaescolapios-peque.png","width":500,"height":199,"caption":"Fundaci\u00f3 Itaka-Escolapios"},"image":{"@id":"https:\/\/www.itakaescolapios.org\/es\/#\/schema\/logo\/image\/"}},{"@type":"Person","@id":"https:\/\/www.itakaescolapios.org\/es\/#\/schema\/person\/bcd60d18d9795d0e978153a567a2edcb","name":"madrid01","url":"https:\/\/www.itakaescolapios.org\/es\/author\/madrid01\/"}]}},"_links":{"self":[{"href":"https:\/\/www.itakaescolapios.org\/es\/wp-json\/wp\/v2\/posts\/27715","targetHints":{"allow":["GET"]}}],"collection":[{"href":"https:\/\/www.itakaescolapios.org\/es\/wp-json\/wp\/v2\/posts"}],"about":[{"href":"https:\/\/www.itakaescolapios.org\/es\/wp-json\/wp\/v2\/types\/post"}],"author":[{"embeddable":true,"href":"https:\/\/www.itakaescolapios.org\/es\/wp-json\/wp\/v2\/users\/48"}],"replies":[{"embeddable":true,"href":"https:\/\/www.itakaescolapios.org\/es\/wp-json\/wp\/v2\/comments?post=27715"}],"version-history":[{"count":6,"href":"https:\/\/www.itakaescolapios.org\/es\/wp-json\/wp\/v2\/posts\/27715\/revisions"}],"predecessor-version":[{"id":45641,"href":"https:\/\/www.itakaescolapios.org\/es\/wp-json\/wp\/v2\/posts\/27715\/revisions\/45641"}],"wp:featuredmedia":[{"embeddable":true,"href":"https:\/\/www.itakaescolapios.org\/es\/wp-json\/wp\/v2\/media\/27717"}],"wp:attachment":[{"href":"https:\/\/www.itakaescolapios.org\/es\/wp-json\/wp\/v2\/media?parent=27715"}],"wp:term":[{"taxonomy":"category","embeddable":true,"href":"https:\/\/www.itakaescolapios.org\/es\/wp-json\/wp\/v2\/categories?post=27715"},{"taxonomy":"post_tag","embeddable":true,"href":"https:\/\/www.itakaescolapios.org\/es\/wp-json\/wp\/v2\/tags?post=27715"}],"curies":[{"name":"wp","href":"https:\/\/api.w.org\/{rel}","templated":true}]}}