{"id":2872,"date":"2012-09-02T12:12:57","date_gmt":"2012-09-02T11:12:57","guid":{"rendered":"https:\/\/www.itakaescolapios.org\/?p=2872"},"modified":"2023-11-28T12:39:39","modified_gmt":"2023-11-28T11:39:39","slug":"itaka-escolapios-en-bolivia","status":"publish","type":"post","link":"https:\/\/www.itakaescolapios.org\/es\/2012\/09\/itaka-escolapios-en-bolivia\/","title":{"rendered":"Itaka-Escolapios en Bolivia"},"content":{"rendered":"<p>Itaka-Escolapios da sus primeros pasos en Bolivia el a\u00f1o 2001 con el env\u00edo de los\u00a0cuatro primeros voluntarios de larga duraci\u00f3n: Bel\u00e9n, Josema, Susana e I\u00f1igo. Desde entonces han sido muchas las acciones de cooperaci\u00f3n.<\/p>\n<p>&nbsp;<\/p>\n<p>En estos momentos la Fundaci\u00f3n Itaka tiene en Bolivia una oficina de cooperaci\u00f3n, con sede principal en la ciudad de Cochabamba desde donde\u00a0 hace presencia y seguimiento en las diferentes obras de:<\/p>\n<ul>\n<li><a title=\"Anzaldo\" href=\"https:\/\/www.itakaescolapios.org\/sedes%20y%20presencias\/bolivia\/anzaldo\">Anzaldo<\/a> (Escuela, Internado, Parroquia)<\/li>\n<li><a title=\"Cocapata\" href=\"https:\/\/www.itakaescolapios.org\/sedes%20y%20presencias\/bolivia\/cocapata\">Cocapata<\/a>(Escuela, Internado, Parroquia)<\/li>\n<li><a title=\"Cochabamba\" href=\"https:\/\/www.itakaescolapios.org\/sedes%20y%20presencias\/bolivia\/cochabamba\">Cochabamba<\/a>: Oficina central.<\/li>\n<li><a title=\"Vicariato de Bolivia\" href=\"https:\/\/www.itakaescolapios.org\/sedes%20y%20presencias\/bolivia\/vicariato-de-bolivia\">Potos\u00ed<\/a> \u2013 Morocomarca: Internado<\/li>\n<\/ul>\n<p>&nbsp;<\/p>\n<p>Algunos Proyectos llevados adelante en todos estos a\u00f1os:<\/p>\n<ul>\n<li>Alimentaci\u00f3n\u00a0 para todo el alumnado en:<\/li>\n<\/ul>\n<ol>\n<li>Colegio de Anzaldo<\/li>\n<li>Internado M\u00e1laga \u2013 Anzaldo<\/li>\n<li>Internado San Jos\u00e9 de Calasanz Cocapata.<\/li>\n<li>Internado Calasanz Morocomarca<\/li>\n<\/ol>\n<ul>\n<li>Mantenimiento de las infraestructuras de:<strong> <\/strong><\/li>\n<\/ul>\n<ol>\n<li>Colegio de Anzaldo, Internado M\u00e1laga \u2013 Anzaldo<\/li>\n<li>Internado San Jos\u00e9 de Calasanz\u00a0 y Colegio de Cocapata.<\/li>\n<li>Internado Calasanz Morocomarca.<\/li>\n<li>Parroquia Ap\u00f3stol Santiago de Anzaldo<\/li>\n<li>Parroquia Virgen el Rosario de Cocapata<\/li>\n<\/ol>\n<ul>\n<li>Compra de veh\u00edculo nuevo para la parroquia de Anzaldo (2010)<\/li>\n<li>Compra de computadoras para el Colegio San Jos\u00e9 de Calasanz \u2013 Anzaldo (2010)<\/li>\n<li>Construcci\u00f3n internado Calasanz Morocomarca (2011 \u2013 2012)<\/li>\n<li>Equipamiento del internado Calasanz Morocomarca (2011 \u2013 2012<\/li>\n<li>Compra de veh\u00edculo nuevo para la parroquia Virgen del Rosario- Cocapata (2012)<\/li>\n<li>Proyecto Universitarios.<\/li>\n<\/ul>\n","protected":false},"excerpt":{"rendered":"<p>Itaka-Escolapios da sus primeros pasos en Bolivia el a\u00f1o 2001 con el env\u00edo de los\u00a0cuatro primeros voluntarios de larga duraci\u00f3n: Bel\u00e9n, Josema, Susana e I\u00f1igo. Desde entonces han sido muchas [&hellip;]<\/p>\n","protected":false},"author":3,"featured_media":2874,"comment_status":"closed","ping_status":"closed","sticky":false,"template":"","format":"standard","meta":{"_et_pb_use_builder":"","_et_pb_old_content":"","_et_gb_content_width":"","footnotes":""},"categories":[15],"tags":[],"class_list":["post-2872","post","type-post","status-publish","format-standard","has-post-thumbnail","hentry","category-bolivia"],"yoast_head":"<!-- This site is optimized with the Yoast SEO plugin v27.4 - https:\/\/yoast.com\/product\/yoast-seo-wordpress\/ -->\n<title>Itaka-Escolapios en Bolivia - Itaka-Escolapios<\/title>\n<meta name=\"robots\" content=\"index, follow, max-snippet:-1, max-image-preview:large, max-video-preview:-1\" \/>\n<link rel=\"canonical\" href=\"https:\/\/www.itakaescolapios.org\/es\/2012\/09\/itaka-escolapios-en-bolivia\/\" \/>\n<meta property=\"og:locale\" content=\"es_ES\" \/>\n<meta property=\"og:type\" content=\"article\" \/>\n<meta property=\"og:title\" content=\"Itaka-Escolapios en Bolivia - Itaka-Escolapios\" \/>\n<meta property=\"og:description\" content=\"Itaka-Escolapios da sus primeros pasos en Bolivia el a\u00f1o 2001 con el env\u00edo de los\u00a0cuatro primeros voluntarios de larga duraci\u00f3n: Bel\u00e9n, Josema, Susana e I\u00f1igo. Desde entonces han sido muchas [&hellip;]\" \/>\n<meta property=\"og:url\" content=\"https:\/\/www.itakaescolapios.org\/es\/2012\/09\/itaka-escolapios-en-bolivia\/\" \/>\n<meta property=\"og:site_name\" content=\"Itaka-Escolapios\" \/>\n<meta property=\"article:published_time\" content=\"2012-09-02T11:12:57+00:00\" \/>\n<meta property=\"article:modified_time\" content=\"2023-11-28T11:39:39+00:00\" \/>\n<meta property=\"og:image\" content=\"https:\/\/www.itakaescolapios.org\/wp-content\/uploads\/2012\/09\/ITAKA.jpg\" \/>\n\t<meta property=\"og:image:width\" content=\"527\" \/>\n\t<meta property=\"og:image:height\" content=\"297\" \/>\n\t<meta property=\"og:image:type\" content=\"image\/jpeg\" \/>\n<meta name=\"author\" content=\"Bilbao\" \/>\n<meta name=\"twitter:card\" content=\"summary_large_image\" \/>\n<meta name=\"twitter:label1\" content=\"Escrito por\" \/>\n\t<meta name=\"twitter:data1\" content=\"Bilbao\" \/>\n\t<meta name=\"twitter:label2\" content=\"Tiempo de lectura\" \/>\n\t<meta name=\"twitter:data2\" content=\"1 minuto\" \/>\n<script type=\"application\/ld+json\" class=\"yoast-schema-graph\">{\"@context\":\"https:\\\/\\\/schema.org\",\"@graph\":[{\"@type\":\"Article\",\"@id\":\"https:\\\/\\\/www.itakaescolapios.org\\\/es\\\/2012\\\/09\\\/itaka-escolapios-en-bolivia\\\/#article\",\"isPartOf\":{\"@id\":\"https:\\\/\\\/www.itakaescolapios.org\\\/es\\\/2012\\\/09\\\/itaka-escolapios-en-bolivia\\\/\"},\"author\":{\"name\":\"Bilbao\",\"@id\":\"https:\\\/\\\/www.itakaescolapios.org\\\/es\\\/#\\\/schema\\\/person\\\/d5b530ea20cbfbbd734611b2591f590c\"},\"headline\":\"Itaka-Escolapios en Bolivia\",\"datePublished\":\"2012-09-02T11:12:57+00:00\",\"dateModified\":\"2023-11-28T11:39:39+00:00\",\"mainEntityOfPage\":{\"@id\":\"https:\\\/\\\/www.itakaescolapios.org\\\/es\\\/2012\\\/09\\\/itaka-escolapios-en-bolivia\\\/\"},\"wordCount\":206,\"publisher\":{\"@id\":\"https:\\\/\\\/www.itakaescolapios.org\\\/es\\\/#organization\"},\"image\":{\"@id\":\"https:\\\/\\\/www.itakaescolapios.org\\\/es\\\/2012\\\/09\\\/itaka-escolapios-en-bolivia\\\/#primaryimage\"},\"thumbnailUrl\":\"https:\\\/\\\/www.itakaescolapios.org\\\/wp-content\\\/uploads\\\/2012\\\/09\\\/ITAKA.jpg\",\"articleSection\":[\"Bolivia\"],\"inLanguage\":\"es\"},{\"@type\":\"WebPage\",\"@id\":\"https:\\\/\\\/www.itakaescolapios.org\\\/es\\\/2012\\\/09\\\/itaka-escolapios-en-bolivia\\\/\",\"url\":\"https:\\\/\\\/www.itakaescolapios.org\\\/es\\\/2012\\\/09\\\/itaka-escolapios-en-bolivia\\\/\",\"name\":\"Itaka-Escolapios en Bolivia - Itaka-Escolapios\",\"isPartOf\":{\"@id\":\"https:\\\/\\\/www.itakaescolapios.org\\\/es\\\/#website\"},\"primaryImageOfPage\":{\"@id\":\"https:\\\/\\\/www.itakaescolapios.org\\\/es\\\/2012\\\/09\\\/itaka-escolapios-en-bolivia\\\/#primaryimage\"},\"image\":{\"@id\":\"https:\\\/\\\/www.itakaescolapios.org\\\/es\\\/2012\\\/09\\\/itaka-escolapios-en-bolivia\\\/#primaryimage\"},\"thumbnailUrl\":\"https:\\\/\\\/www.itakaescolapios.org\\\/wp-content\\\/uploads\\\/2012\\\/09\\\/ITAKA.jpg\",\"datePublished\":\"2012-09-02T11:12:57+00:00\",\"dateModified\":\"2023-11-28T11:39:39+00:00\",\"breadcrumb\":{\"@id\":\"https:\\\/\\\/www.itakaescolapios.org\\\/es\\\/2012\\\/09\\\/itaka-escolapios-en-bolivia\\\/#breadcrumb\"},\"inLanguage\":\"es\",\"potentialAction\":[{\"@type\":\"ReadAction\",\"target\":[\"https:\\\/\\\/www.itakaescolapios.org\\\/es\\\/2012\\\/09\\\/itaka-escolapios-en-bolivia\\\/\"]}]},{\"@type\":\"ImageObject\",\"inLanguage\":\"es\",\"@id\":\"https:\\\/\\\/www.itakaescolapios.org\\\/es\\\/2012\\\/09\\\/itaka-escolapios-en-bolivia\\\/#primaryimage\",\"url\":\"https:\\\/\\\/www.itakaescolapios.org\\\/wp-content\\\/uploads\\\/2012\\\/09\\\/ITAKA.jpg\",\"contentUrl\":\"https:\\\/\\\/www.itakaescolapios.org\\\/wp-content\\\/uploads\\\/2012\\\/09\\\/ITAKA.jpg\",\"width\":\"527\",\"height\":\"297\"},{\"@type\":\"BreadcrumbList\",\"@id\":\"https:\\\/\\\/www.itakaescolapios.org\\\/es\\\/2012\\\/09\\\/itaka-escolapios-en-bolivia\\\/#breadcrumb\",\"itemListElement\":[{\"@type\":\"ListItem\",\"position\":1,\"name\":\"Portada\",\"item\":\"https:\\\/\\\/www.itakaescolapios.org\\\/es\\\/\"},{\"@type\":\"ListItem\",\"position\":2,\"name\":\"Itaka-Escolapios en Bolivia\"}]},{\"@type\":\"WebSite\",\"@id\":\"https:\\\/\\\/www.itakaescolapios.org\\\/es\\\/#website\",\"url\":\"https:\\\/\\\/www.itakaescolapios.org\\\/es\\\/\",\"name\":\"Itaka-Escolapios\",\"description\":\"Red de Itaka-Escolapios\",\"publisher\":{\"@id\":\"https:\\\/\\\/www.itakaescolapios.org\\\/es\\\/#organization\"},\"potentialAction\":[{\"@type\":\"SearchAction\",\"target\":{\"@type\":\"EntryPoint\",\"urlTemplate\":\"https:\\\/\\\/www.itakaescolapios.org\\\/es\\\/?s={search_term_string}\"},\"query-input\":{\"@type\":\"PropertyValueSpecification\",\"valueRequired\":true,\"valueName\":\"search_term_string\"}}],\"inLanguage\":\"es\"},{\"@type\":\"Organization\",\"@id\":\"https:\\\/\\\/www.itakaescolapios.org\\\/es\\\/#organization\",\"name\":\"Fundaci\u00f3 Itaka-Escolapios\",\"url\":\"https:\\\/\\\/www.itakaescolapios.org\\\/es\\\/\",\"logo\":{\"@type\":\"ImageObject\",\"inLanguage\":\"es\",\"@id\":\"https:\\\/\\\/www.itakaescolapios.org\\\/es\\\/#\\\/schema\\\/logo\\\/image\\\/\",\"url\":\"https:\\\/\\\/www.itakaescolapios.org\\\/wp-content\\\/uploads\\\/2024\\\/04\\\/Logo-itakaescolapios-peque.png\",\"contentUrl\":\"https:\\\/\\\/www.itakaescolapios.org\\\/wp-content\\\/uploads\\\/2024\\\/04\\\/Logo-itakaescolapios-peque.png\",\"width\":500,\"height\":199,\"caption\":\"Fundaci\u00f3 Itaka-Escolapios\"},\"image\":{\"@id\":\"https:\\\/\\\/www.itakaescolapios.org\\\/es\\\/#\\\/schema\\\/logo\\\/image\\\/\"}},{\"@type\":\"Person\",\"@id\":\"https:\\\/\\\/www.itakaescolapios.org\\\/es\\\/#\\\/schema\\\/person\\\/d5b530ea20cbfbbd734611b2591f590c\",\"name\":\"Bilbao\",\"url\":\"https:\\\/\\\/www.itakaescolapios.org\\\/es\\\/author\\\/bilbao\\\/\"}]}<\/script>\n<!-- \/ Yoast SEO plugin. -->","yoast_head_json":{"title":"Itaka-Escolapios en Bolivia - Itaka-Escolapios","robots":{"index":"index","follow":"follow","max-snippet":"max-snippet:-1","max-image-preview":"max-image-preview:large","max-video-preview":"max-video-preview:-1"},"canonical":"https:\/\/www.itakaescolapios.org\/es\/2012\/09\/itaka-escolapios-en-bolivia\/","og_locale":"es_ES","og_type":"article","og_title":"Itaka-Escolapios en Bolivia - Itaka-Escolapios","og_description":"Itaka-Escolapios da sus primeros pasos en Bolivia el a\u00f1o 2001 con el env\u00edo de los\u00a0cuatro primeros voluntarios de larga duraci\u00f3n: Bel\u00e9n, Josema, Susana e I\u00f1igo. Desde entonces han sido muchas [&hellip;]","og_url":"https:\/\/www.itakaescolapios.org\/es\/2012\/09\/itaka-escolapios-en-bolivia\/","og_site_name":"Itaka-Escolapios","article_published_time":"2012-09-02T11:12:57+00:00","article_modified_time":"2023-11-28T11:39:39+00:00","og_image":[{"width":527,"height":297,"url":"https:\/\/www.itakaescolapios.org\/wp-content\/uploads\/2012\/09\/ITAKA.jpg","type":"image\/jpeg"}],"author":"Bilbao","twitter_card":"summary_large_image","twitter_misc":{"Escrito por":"Bilbao","Tiempo de lectura":"1 minuto"},"schema":{"@context":"https:\/\/schema.org","@graph":[{"@type":"Article","@id":"https:\/\/www.itakaescolapios.org\/es\/2012\/09\/itaka-escolapios-en-bolivia\/#article","isPartOf":{"@id":"https:\/\/www.itakaescolapios.org\/es\/2012\/09\/itaka-escolapios-en-bolivia\/"},"author":{"name":"Bilbao","@id":"https:\/\/www.itakaescolapios.org\/es\/#\/schema\/person\/d5b530ea20cbfbbd734611b2591f590c"},"headline":"Itaka-Escolapios en Bolivia","datePublished":"2012-09-02T11:12:57+00:00","dateModified":"2023-11-28T11:39:39+00:00","mainEntityOfPage":{"@id":"https:\/\/www.itakaescolapios.org\/es\/2012\/09\/itaka-escolapios-en-bolivia\/"},"wordCount":206,"publisher":{"@id":"https:\/\/www.itakaescolapios.org\/es\/#organization"},"image":{"@id":"https:\/\/www.itakaescolapios.org\/es\/2012\/09\/itaka-escolapios-en-bolivia\/#primaryimage"},"thumbnailUrl":"https:\/\/www.itakaescolapios.org\/wp-content\/uploads\/2012\/09\/ITAKA.jpg","articleSection":["Bolivia"],"inLanguage":"es"},{"@type":"WebPage","@id":"https:\/\/www.itakaescolapios.org\/es\/2012\/09\/itaka-escolapios-en-bolivia\/","url":"https:\/\/www.itakaescolapios.org\/es\/2012\/09\/itaka-escolapios-en-bolivia\/","name":"Itaka-Escolapios en Bolivia - Itaka-Escolapios","isPartOf":{"@id":"https:\/\/www.itakaescolapios.org\/es\/#website"},"primaryImageOfPage":{"@id":"https:\/\/www.itakaescolapios.org\/es\/2012\/09\/itaka-escolapios-en-bolivia\/#primaryimage"},"image":{"@id":"https:\/\/www.itakaescolapios.org\/es\/2012\/09\/itaka-escolapios-en-bolivia\/#primaryimage"},"thumbnailUrl":"https:\/\/www.itakaescolapios.org\/wp-content\/uploads\/2012\/09\/ITAKA.jpg","datePublished":"2012-09-02T11:12:57+00:00","dateModified":"2023-11-28T11:39:39+00:00","breadcrumb":{"@id":"https:\/\/www.itakaescolapios.org\/es\/2012\/09\/itaka-escolapios-en-bolivia\/#breadcrumb"},"inLanguage":"es","potentialAction":[{"@type":"ReadAction","target":["https:\/\/www.itakaescolapios.org\/es\/2012\/09\/itaka-escolapios-en-bolivia\/"]}]},{"@type":"ImageObject","inLanguage":"es","@id":"https:\/\/www.itakaescolapios.org\/es\/2012\/09\/itaka-escolapios-en-bolivia\/#primaryimage","url":"https:\/\/www.itakaescolapios.org\/wp-content\/uploads\/2012\/09\/ITAKA.jpg","contentUrl":"https:\/\/www.itakaescolapios.org\/wp-content\/uploads\/2012\/09\/ITAKA.jpg","width":"527","height":"297"},{"@type":"BreadcrumbList","@id":"https:\/\/www.itakaescolapios.org\/es\/2012\/09\/itaka-escolapios-en-bolivia\/#breadcrumb","itemListElement":[{"@type":"ListItem","position":1,"name":"Portada","item":"https:\/\/www.itakaescolapios.org\/es\/"},{"@type":"ListItem","position":2,"name":"Itaka-Escolapios en Bolivia"}]},{"@type":"WebSite","@id":"https:\/\/www.itakaescolapios.org\/es\/#website","url":"https:\/\/www.itakaescolapios.org\/es\/","name":"Itaka-Escolapios","description":"Red de Itaka-Escolapios","publisher":{"@id":"https:\/\/www.itakaescolapios.org\/es\/#organization"},"potentialAction":[{"@type":"SearchAction","target":{"@type":"EntryPoint","urlTemplate":"https:\/\/www.itakaescolapios.org\/es\/?s={search_term_string}"},"query-input":{"@type":"PropertyValueSpecification","valueRequired":true,"valueName":"search_term_string"}}],"inLanguage":"es"},{"@type":"Organization","@id":"https:\/\/www.itakaescolapios.org\/es\/#organization","name":"Fundaci\u00f3 Itaka-Escolapios","url":"https:\/\/www.itakaescolapios.org\/es\/","logo":{"@type":"ImageObject","inLanguage":"es","@id":"https:\/\/www.itakaescolapios.org\/es\/#\/schema\/logo\/image\/","url":"https:\/\/www.itakaescolapios.org\/wp-content\/uploads\/2024\/04\/Logo-itakaescolapios-peque.png","contentUrl":"https:\/\/www.itakaescolapios.org\/wp-content\/uploads\/2024\/04\/Logo-itakaescolapios-peque.png","width":500,"height":199,"caption":"Fundaci\u00f3 Itaka-Escolapios"},"image":{"@id":"https:\/\/www.itakaescolapios.org\/es\/#\/schema\/logo\/image\/"}},{"@type":"Person","@id":"https:\/\/www.itakaescolapios.org\/es\/#\/schema\/person\/d5b530ea20cbfbbd734611b2591f590c","name":"Bilbao","url":"https:\/\/www.itakaescolapios.org\/es\/author\/bilbao\/"}]}},"_links":{"self":[{"href":"https:\/\/www.itakaescolapios.org\/es\/wp-json\/wp\/v2\/posts\/2872","targetHints":{"allow":["GET"]}}],"collection":[{"href":"https:\/\/www.itakaescolapios.org\/es\/wp-json\/wp\/v2\/posts"}],"about":[{"href":"https:\/\/www.itakaescolapios.org\/es\/wp-json\/wp\/v2\/types\/post"}],"author":[{"embeddable":true,"href":"https:\/\/www.itakaescolapios.org\/es\/wp-json\/wp\/v2\/users\/3"}],"replies":[{"embeddable":true,"href":"https:\/\/www.itakaescolapios.org\/es\/wp-json\/wp\/v2\/comments?post=2872"}],"version-history":[{"count":4,"href":"https:\/\/www.itakaescolapios.org\/es\/wp-json\/wp\/v2\/posts\/2872\/revisions"}],"predecessor-version":[{"id":50042,"href":"https:\/\/www.itakaescolapios.org\/es\/wp-json\/wp\/v2\/posts\/2872\/revisions\/50042"}],"wp:featuredmedia":[{"embeddable":true,"href":"https:\/\/www.itakaescolapios.org\/es\/wp-json\/wp\/v2\/media\/2874"}],"wp:attachment":[{"href":"https:\/\/www.itakaescolapios.org\/es\/wp-json\/wp\/v2\/media?parent=2872"}],"wp:term":[{"taxonomy":"category","embeddable":true,"href":"https:\/\/www.itakaescolapios.org\/es\/wp-json\/wp\/v2\/categories?post=2872"},{"taxonomy":"post_tag","embeddable":true,"href":"https:\/\/www.itakaescolapios.org\/es\/wp-json\/wp\/v2\/tags?post=2872"}],"curies":[{"name":"wp","href":"https:\/\/api.w.org\/{rel}","templated":true}]}}