{"id":29192,"date":"2019-11-21T10:37:59","date_gmt":"2019-11-21T09:37:59","guid":{"rendered":"https:\/\/www.itakaescolapios.org\/?p=29192"},"modified":"2023-11-28T12:36:37","modified_gmt":"2023-11-28T11:36:37","slug":"campeonato-de-futsal-en-el-centro-social-de-valadares","status":"publish","type":"post","link":"https:\/\/www.itakaescolapios.org\/es\/2019\/11\/campeonato-de-futsal-en-el-centro-social-de-valadares\/","title":{"rendered":"CAMPEONATO DE FUTSAL EN EL CENTRO SOCIAL DE VALADARES"},"content":{"rendered":"<p>El 14 de noviembre comenz\u00f3 el campenontart de f\u00fatbol sala en el Cwento Social Itaka de Governador Valadares (Brasil), incluyendo todas las categor\u00edas masculinas.<br \/>\nAgradecemos la presencia de los participantes, la dedicaci\u00f3n de los voluntarios y el papel de los seguidores del torne.<\/p>\n<p><a href=\"https:\/\/www.facebook.com\/2016878628599301\/photos\/ms.c.eJxFkVuSRVEEQ2fU5RnMf2Jdm8v5XZVEIGArT7WMYhX9kwGcDbQWaLp5VGKBSyvIF4QLi4E~;BdqCPFCtUFkAayCxIOmFShzAWOQs6aP4MqKn~_Flimtr10FHkKTi6utEBd~;Mk~_m0LQmeEY0Hy62FMB7opbVNQyoDfPcCOBsQLSF6G5k7huZjuxcA8IA4ovR4oO1AN8qbQ9Nj1waUZRYWzeO8CXKjJZMj1qLZEnkWn~_mWETtNTVD4gpQvSO1RvOZmxdWOlP0f7fVDNkeVT9LbxjZ1H0T4KbJPBlxGzft4bpqlx~;gM7KZT~;.bps.a.2614958068791351\/2614958348791323\/?type=3&amp;theater\">Veja fotos:<\/a><\/p>\n","protected":false},"excerpt":{"rendered":"<p>El 14 de noviembre comenz\u00f3 el campenontart de f\u00fatbol sala en el Cwento Social Itaka de Governador Valadares (Brasil), incluyendo todas las categor\u00edas masculinas. Agradecemos la presencia de los participantes, [&hellip;]<\/p>\n","protected":false},"author":11,"featured_media":29193,"comment_status":"closed","ping_status":"closed","sticky":false,"template":"","format":"standard","meta":{"_et_pb_use_builder":"","_et_pb_old_content":"","_et_gb_content_width":"","footnotes":""},"categories":[16],"tags":[],"class_list":["post-29192","post","type-post","status-publish","format-standard","has-post-thumbnail","hentry","category-governador-valadares"],"yoast_head":"<!-- This site is optimized with the Yoast SEO plugin v27.4 - https:\/\/yoast.com\/product\/yoast-seo-wordpress\/ -->\n<title>CAMPEONATO DE FUTSAL EN EL CENTRO SOCIAL DE VALADARES - Itaka-Escolapios<\/title>\n<meta name=\"robots\" content=\"index, follow, max-snippet:-1, max-image-preview:large, max-video-preview:-1\" \/>\n<link rel=\"canonical\" href=\"https:\/\/www.itakaescolapios.org\/es\/2019\/11\/campeonato-de-futsal-en-el-centro-social-de-valadares\/\" \/>\n<meta property=\"og:locale\" content=\"es_ES\" \/>\n<meta property=\"og:type\" content=\"article\" \/>\n<meta property=\"og:title\" content=\"CAMPEONATO DE FUTSAL EN EL CENTRO SOCIAL DE VALADARES - Itaka-Escolapios\" \/>\n<meta property=\"og:description\" content=\"El 14 de noviembre comenz\u00f3 el campenontart de f\u00fatbol sala en el Cwento Social Itaka de Governador Valadares (Brasil), incluyendo todas las categor\u00edas masculinas. Agradecemos la presencia de los participantes, [&hellip;]\" \/>\n<meta property=\"og:url\" content=\"https:\/\/www.itakaescolapios.org\/es\/2019\/11\/campeonato-de-futsal-en-el-centro-social-de-valadares\/\" \/>\n<meta property=\"og:site_name\" content=\"Itaka-Escolapios\" \/>\n<meta property=\"article:published_time\" content=\"2019-11-21T09:37:59+00:00\" \/>\n<meta property=\"article:modified_time\" content=\"2023-11-28T11:36:37+00:00\" \/>\n<meta property=\"og:image\" content=\"https:\/\/www.itakaescolapios.org\/wp-content\/uploads\/2019\/11\/Jogo-Itaka-A-x-Itaka-B-misto-11-13-15-14-13.jpg\" \/>\n\t<meta property=\"og:image:width\" content=\"2000\" \/>\n\t<meta property=\"og:image:height\" content=\"1333\" \/>\n\t<meta property=\"og:image:type\" content=\"image\/jpeg\" \/>\n<meta name=\"author\" content=\"brasil03\" \/>\n<meta name=\"twitter:card\" content=\"summary_large_image\" \/>\n<meta name=\"twitter:label1\" content=\"Escrito por\" \/>\n\t<meta name=\"twitter:data1\" content=\"brasil03\" \/>\n<script type=\"application\/ld+json\" class=\"yoast-schema-graph\">{\"@context\":\"https:\\\/\\\/schema.org\",\"@graph\":[{\"@type\":\"Article\",\"@id\":\"https:\\\/\\\/www.itakaescolapios.org\\\/es\\\/2019\\\/11\\\/campeonato-de-futsal-en-el-centro-social-de-valadares\\\/#article\",\"isPartOf\":{\"@id\":\"https:\\\/\\\/www.itakaescolapios.org\\\/es\\\/2019\\\/11\\\/campeonato-de-futsal-en-el-centro-social-de-valadares\\\/\"},\"author\":{\"name\":\"brasil03\",\"@id\":\"https:\\\/\\\/www.itakaescolapios.org\\\/es\\\/#\\\/schema\\\/person\\\/9c761c62049293fc36e6c91e429de3d5\"},\"headline\":\"CAMPEONATO DE FUTSAL EN EL CENTRO SOCIAL DE VALADARES\",\"datePublished\":\"2019-11-21T09:37:59+00:00\",\"dateModified\":\"2023-11-28T11:36:37+00:00\",\"mainEntityOfPage\":{\"@id\":\"https:\\\/\\\/www.itakaescolapios.org\\\/es\\\/2019\\\/11\\\/campeonato-de-futsal-en-el-centro-social-de-valadares\\\/\"},\"wordCount\":56,\"publisher\":{\"@id\":\"https:\\\/\\\/www.itakaescolapios.org\\\/es\\\/#organization\"},\"image\":{\"@id\":\"https:\\\/\\\/www.itakaescolapios.org\\\/es\\\/2019\\\/11\\\/campeonato-de-futsal-en-el-centro-social-de-valadares\\\/#primaryimage\"},\"thumbnailUrl\":\"https:\\\/\\\/www.itakaescolapios.org\\\/wp-content\\\/uploads\\\/2019\\\/11\\\/Jogo-Itaka-A-x-Itaka-B-misto-11-13-15-14-13.jpg\",\"articleSection\":[\"Governador Valadares\"],\"inLanguage\":\"es\"},{\"@type\":\"WebPage\",\"@id\":\"https:\\\/\\\/www.itakaescolapios.org\\\/es\\\/2019\\\/11\\\/campeonato-de-futsal-en-el-centro-social-de-valadares\\\/\",\"url\":\"https:\\\/\\\/www.itakaescolapios.org\\\/es\\\/2019\\\/11\\\/campeonato-de-futsal-en-el-centro-social-de-valadares\\\/\",\"name\":\"CAMPEONATO DE FUTSAL EN EL CENTRO SOCIAL DE VALADARES - Itaka-Escolapios\",\"isPartOf\":{\"@id\":\"https:\\\/\\\/www.itakaescolapios.org\\\/es\\\/#website\"},\"primaryImageOfPage\":{\"@id\":\"https:\\\/\\\/www.itakaescolapios.org\\\/es\\\/2019\\\/11\\\/campeonato-de-futsal-en-el-centro-social-de-valadares\\\/#primaryimage\"},\"image\":{\"@id\":\"https:\\\/\\\/www.itakaescolapios.org\\\/es\\\/2019\\\/11\\\/campeonato-de-futsal-en-el-centro-social-de-valadares\\\/#primaryimage\"},\"thumbnailUrl\":\"https:\\\/\\\/www.itakaescolapios.org\\\/wp-content\\\/uploads\\\/2019\\\/11\\\/Jogo-Itaka-A-x-Itaka-B-misto-11-13-15-14-13.jpg\",\"datePublished\":\"2019-11-21T09:37:59+00:00\",\"dateModified\":\"2023-11-28T11:36:37+00:00\",\"breadcrumb\":{\"@id\":\"https:\\\/\\\/www.itakaescolapios.org\\\/es\\\/2019\\\/11\\\/campeonato-de-futsal-en-el-centro-social-de-valadares\\\/#breadcrumb\"},\"inLanguage\":\"es\",\"potentialAction\":[{\"@type\":\"ReadAction\",\"target\":[\"https:\\\/\\\/www.itakaescolapios.org\\\/es\\\/2019\\\/11\\\/campeonato-de-futsal-en-el-centro-social-de-valadares\\\/\"]}]},{\"@type\":\"ImageObject\",\"inLanguage\":\"es\",\"@id\":\"https:\\\/\\\/www.itakaescolapios.org\\\/es\\\/2019\\\/11\\\/campeonato-de-futsal-en-el-centro-social-de-valadares\\\/#primaryimage\",\"url\":\"https:\\\/\\\/www.itakaescolapios.org\\\/wp-content\\\/uploads\\\/2019\\\/11\\\/Jogo-Itaka-A-x-Itaka-B-misto-11-13-15-14-13.jpg\",\"contentUrl\":\"https:\\\/\\\/www.itakaescolapios.org\\\/wp-content\\\/uploads\\\/2019\\\/11\\\/Jogo-Itaka-A-x-Itaka-B-misto-11-13-15-14-13.jpg\",\"width\":2000,\"height\":1333},{\"@type\":\"BreadcrumbList\",\"@id\":\"https:\\\/\\\/www.itakaescolapios.org\\\/es\\\/2019\\\/11\\\/campeonato-de-futsal-en-el-centro-social-de-valadares\\\/#breadcrumb\",\"itemListElement\":[{\"@type\":\"ListItem\",\"position\":1,\"name\":\"Portada\",\"item\":\"https:\\\/\\\/www.itakaescolapios.org\\\/es\\\/\"},{\"@type\":\"ListItem\",\"position\":2,\"name\":\"CAMPEONATO DE FUTSAL EN EL CENTRO SOCIAL DE VALADARES\"}]},{\"@type\":\"WebSite\",\"@id\":\"https:\\\/\\\/www.itakaescolapios.org\\\/es\\\/#website\",\"url\":\"https:\\\/\\\/www.itakaescolapios.org\\\/es\\\/\",\"name\":\"Itaka-Escolapios\",\"description\":\"Red de Itaka-Escolapios\",\"publisher\":{\"@id\":\"https:\\\/\\\/www.itakaescolapios.org\\\/es\\\/#organization\"},\"potentialAction\":[{\"@type\":\"SearchAction\",\"target\":{\"@type\":\"EntryPoint\",\"urlTemplate\":\"https:\\\/\\\/www.itakaescolapios.org\\\/es\\\/?s={search_term_string}\"},\"query-input\":{\"@type\":\"PropertyValueSpecification\",\"valueRequired\":true,\"valueName\":\"search_term_string\"}}],\"inLanguage\":\"es\"},{\"@type\":\"Organization\",\"@id\":\"https:\\\/\\\/www.itakaescolapios.org\\\/es\\\/#organization\",\"name\":\"Fundaci\u00f3 Itaka-Escolapios\",\"url\":\"https:\\\/\\\/www.itakaescolapios.org\\\/es\\\/\",\"logo\":{\"@type\":\"ImageObject\",\"inLanguage\":\"es\",\"@id\":\"https:\\\/\\\/www.itakaescolapios.org\\\/es\\\/#\\\/schema\\\/logo\\\/image\\\/\",\"url\":\"https:\\\/\\\/www.itakaescolapios.org\\\/wp-content\\\/uploads\\\/2024\\\/04\\\/Logo-itakaescolapios-peque.png\",\"contentUrl\":\"https:\\\/\\\/www.itakaescolapios.org\\\/wp-content\\\/uploads\\\/2024\\\/04\\\/Logo-itakaescolapios-peque.png\",\"width\":500,\"height\":199,\"caption\":\"Fundaci\u00f3 Itaka-Escolapios\"},\"image\":{\"@id\":\"https:\\\/\\\/www.itakaescolapios.org\\\/es\\\/#\\\/schema\\\/logo\\\/image\\\/\"}},{\"@type\":\"Person\",\"@id\":\"https:\\\/\\\/www.itakaescolapios.org\\\/es\\\/#\\\/schema\\\/person\\\/9c761c62049293fc36e6c91e429de3d5\",\"name\":\"brasil03\",\"url\":\"https:\\\/\\\/www.itakaescolapios.org\\\/es\\\/author\\\/brasil03\\\/\"}]}<\/script>\n<!-- \/ Yoast SEO plugin. -->","yoast_head_json":{"title":"CAMPEONATO DE FUTSAL EN EL CENTRO SOCIAL DE VALADARES - Itaka-Escolapios","robots":{"index":"index","follow":"follow","max-snippet":"max-snippet:-1","max-image-preview":"max-image-preview:large","max-video-preview":"max-video-preview:-1"},"canonical":"https:\/\/www.itakaescolapios.org\/es\/2019\/11\/campeonato-de-futsal-en-el-centro-social-de-valadares\/","og_locale":"es_ES","og_type":"article","og_title":"CAMPEONATO DE FUTSAL EN EL CENTRO SOCIAL DE VALADARES - Itaka-Escolapios","og_description":"El 14 de noviembre comenz\u00f3 el campenontart de f\u00fatbol sala en el Cwento Social Itaka de Governador Valadares (Brasil), incluyendo todas las categor\u00edas masculinas. Agradecemos la presencia de los participantes, [&hellip;]","og_url":"https:\/\/www.itakaescolapios.org\/es\/2019\/11\/campeonato-de-futsal-en-el-centro-social-de-valadares\/","og_site_name":"Itaka-Escolapios","article_published_time":"2019-11-21T09:37:59+00:00","article_modified_time":"2023-11-28T11:36:37+00:00","og_image":[{"width":2000,"height":1333,"url":"https:\/\/www.itakaescolapios.org\/wp-content\/uploads\/2019\/11\/Jogo-Itaka-A-x-Itaka-B-misto-11-13-15-14-13.jpg","type":"image\/jpeg"}],"author":"brasil03","twitter_card":"summary_large_image","twitter_misc":{"Escrito por":"brasil03"},"schema":{"@context":"https:\/\/schema.org","@graph":[{"@type":"Article","@id":"https:\/\/www.itakaescolapios.org\/es\/2019\/11\/campeonato-de-futsal-en-el-centro-social-de-valadares\/#article","isPartOf":{"@id":"https:\/\/www.itakaescolapios.org\/es\/2019\/11\/campeonato-de-futsal-en-el-centro-social-de-valadares\/"},"author":{"name":"brasil03","@id":"https:\/\/www.itakaescolapios.org\/es\/#\/schema\/person\/9c761c62049293fc36e6c91e429de3d5"},"headline":"CAMPEONATO DE FUTSAL EN EL CENTRO SOCIAL DE VALADARES","datePublished":"2019-11-21T09:37:59+00:00","dateModified":"2023-11-28T11:36:37+00:00","mainEntityOfPage":{"@id":"https:\/\/www.itakaescolapios.org\/es\/2019\/11\/campeonato-de-futsal-en-el-centro-social-de-valadares\/"},"wordCount":56,"publisher":{"@id":"https:\/\/www.itakaescolapios.org\/es\/#organization"},"image":{"@id":"https:\/\/www.itakaescolapios.org\/es\/2019\/11\/campeonato-de-futsal-en-el-centro-social-de-valadares\/#primaryimage"},"thumbnailUrl":"https:\/\/www.itakaescolapios.org\/wp-content\/uploads\/2019\/11\/Jogo-Itaka-A-x-Itaka-B-misto-11-13-15-14-13.jpg","articleSection":["Governador Valadares"],"inLanguage":"es"},{"@type":"WebPage","@id":"https:\/\/www.itakaescolapios.org\/es\/2019\/11\/campeonato-de-futsal-en-el-centro-social-de-valadares\/","url":"https:\/\/www.itakaescolapios.org\/es\/2019\/11\/campeonato-de-futsal-en-el-centro-social-de-valadares\/","name":"CAMPEONATO DE FUTSAL EN EL CENTRO SOCIAL DE VALADARES - Itaka-Escolapios","isPartOf":{"@id":"https:\/\/www.itakaescolapios.org\/es\/#website"},"primaryImageOfPage":{"@id":"https:\/\/www.itakaescolapios.org\/es\/2019\/11\/campeonato-de-futsal-en-el-centro-social-de-valadares\/#primaryimage"},"image":{"@id":"https:\/\/www.itakaescolapios.org\/es\/2019\/11\/campeonato-de-futsal-en-el-centro-social-de-valadares\/#primaryimage"},"thumbnailUrl":"https:\/\/www.itakaescolapios.org\/wp-content\/uploads\/2019\/11\/Jogo-Itaka-A-x-Itaka-B-misto-11-13-15-14-13.jpg","datePublished":"2019-11-21T09:37:59+00:00","dateModified":"2023-11-28T11:36:37+00:00","breadcrumb":{"@id":"https:\/\/www.itakaescolapios.org\/es\/2019\/11\/campeonato-de-futsal-en-el-centro-social-de-valadares\/#breadcrumb"},"inLanguage":"es","potentialAction":[{"@type":"ReadAction","target":["https:\/\/www.itakaescolapios.org\/es\/2019\/11\/campeonato-de-futsal-en-el-centro-social-de-valadares\/"]}]},{"@type":"ImageObject","inLanguage":"es","@id":"https:\/\/www.itakaescolapios.org\/es\/2019\/11\/campeonato-de-futsal-en-el-centro-social-de-valadares\/#primaryimage","url":"https:\/\/www.itakaescolapios.org\/wp-content\/uploads\/2019\/11\/Jogo-Itaka-A-x-Itaka-B-misto-11-13-15-14-13.jpg","contentUrl":"https:\/\/www.itakaescolapios.org\/wp-content\/uploads\/2019\/11\/Jogo-Itaka-A-x-Itaka-B-misto-11-13-15-14-13.jpg","width":2000,"height":1333},{"@type":"BreadcrumbList","@id":"https:\/\/www.itakaescolapios.org\/es\/2019\/11\/campeonato-de-futsal-en-el-centro-social-de-valadares\/#breadcrumb","itemListElement":[{"@type":"ListItem","position":1,"name":"Portada","item":"https:\/\/www.itakaescolapios.org\/es\/"},{"@type":"ListItem","position":2,"name":"CAMPEONATO DE FUTSAL EN EL CENTRO SOCIAL DE VALADARES"}]},{"@type":"WebSite","@id":"https:\/\/www.itakaescolapios.org\/es\/#website","url":"https:\/\/www.itakaescolapios.org\/es\/","name":"Itaka-Escolapios","description":"Red de Itaka-Escolapios","publisher":{"@id":"https:\/\/www.itakaescolapios.org\/es\/#organization"},"potentialAction":[{"@type":"SearchAction","target":{"@type":"EntryPoint","urlTemplate":"https:\/\/www.itakaescolapios.org\/es\/?s={search_term_string}"},"query-input":{"@type":"PropertyValueSpecification","valueRequired":true,"valueName":"search_term_string"}}],"inLanguage":"es"},{"@type":"Organization","@id":"https:\/\/www.itakaescolapios.org\/es\/#organization","name":"Fundaci\u00f3 Itaka-Escolapios","url":"https:\/\/www.itakaescolapios.org\/es\/","logo":{"@type":"ImageObject","inLanguage":"es","@id":"https:\/\/www.itakaescolapios.org\/es\/#\/schema\/logo\/image\/","url":"https:\/\/www.itakaescolapios.org\/wp-content\/uploads\/2024\/04\/Logo-itakaescolapios-peque.png","contentUrl":"https:\/\/www.itakaescolapios.org\/wp-content\/uploads\/2024\/04\/Logo-itakaescolapios-peque.png","width":500,"height":199,"caption":"Fundaci\u00f3 Itaka-Escolapios"},"image":{"@id":"https:\/\/www.itakaescolapios.org\/es\/#\/schema\/logo\/image\/"}},{"@type":"Person","@id":"https:\/\/www.itakaescolapios.org\/es\/#\/schema\/person\/9c761c62049293fc36e6c91e429de3d5","name":"brasil03","url":"https:\/\/www.itakaescolapios.org\/es\/author\/brasil03\/"}]}},"_links":{"self":[{"href":"https:\/\/www.itakaescolapios.org\/es\/wp-json\/wp\/v2\/posts\/29192","targetHints":{"allow":["GET"]}}],"collection":[{"href":"https:\/\/www.itakaescolapios.org\/es\/wp-json\/wp\/v2\/posts"}],"about":[{"href":"https:\/\/www.itakaescolapios.org\/es\/wp-json\/wp\/v2\/types\/post"}],"author":[{"embeddable":true,"href":"https:\/\/www.itakaescolapios.org\/es\/wp-json\/wp\/v2\/users\/11"}],"replies":[{"embeddable":true,"href":"https:\/\/www.itakaescolapios.org\/es\/wp-json\/wp\/v2\/comments?post=29192"}],"version-history":[{"count":4,"href":"https:\/\/www.itakaescolapios.org\/es\/wp-json\/wp\/v2\/posts\/29192\/revisions"}],"predecessor-version":[{"id":45308,"href":"https:\/\/www.itakaescolapios.org\/es\/wp-json\/wp\/v2\/posts\/29192\/revisions\/45308"}],"wp:featuredmedia":[{"embeddable":true,"href":"https:\/\/www.itakaescolapios.org\/es\/wp-json\/wp\/v2\/media\/29193"}],"wp:attachment":[{"href":"https:\/\/www.itakaescolapios.org\/es\/wp-json\/wp\/v2\/media?parent=29192"}],"wp:term":[{"taxonomy":"category","embeddable":true,"href":"https:\/\/www.itakaescolapios.org\/es\/wp-json\/wp\/v2\/categories?post=29192"},{"taxonomy":"post_tag","embeddable":true,"href":"https:\/\/www.itakaescolapios.org\/es\/wp-json\/wp\/v2\/tags?post=29192"}],"curies":[{"name":"wp","href":"https:\/\/api.w.org\/{rel}","templated":true}]}}