{"id":29736,"date":"2020-01-14T16:26:57","date_gmt":"2020-01-14T15:26:57","guid":{"rendered":"https:\/\/www.itakaescolapios.org\/?p=29736"},"modified":"2023-11-28T12:36:31","modified_gmt":"2023-11-28T11:36:31","slug":"curso-de-incidencia-politica-y-social-con-redes","status":"publish","type":"post","link":"https:\/\/www.itakaescolapios.org\/es\/2020\/01\/curso-de-incidencia-politica-y-social-con-redes\/","title":{"rendered":"Curso de incidencia pol\u00edtica y social con REDES"},"content":{"rendered":"<p>Desde el pasado mes de noviembre y hasta el pr\u00f3ximo abril, un grupo de personas de Itaka-Escolapios est\u00e1 realizando el curso de Incidencia Pol\u00edtica y Social de REDES (Red de entidades para el desarrollo solidario), plataforma de la que formamos parte junto con otras entidades de Iglesia. El grupo est\u00e1 compuesto por personas de diversas sedes de Itaka-Escolapios y de los equipos del Ministerio de Transformaci\u00f3n Social de las provincias de Betania y Ema\u00fas.<\/p>\n<p>Este curso de REDES tiene como\u00a0objetivo general fortalecer la presencia de entidades cat\u00f3licas y sus organizaciones solidarias en\u00a0 la\u00a0 lucha\u00a0 contra\u00a0 las\u00a0 causas\u00a0 de\u00a0 la pobreza,\u00a0 la\u00a0 transformaci\u00f3n\u00a0 de estructuras injustas y la promoci\u00f3n de una ciudadan\u00eda capacitada y comprometida. Para ello, la formaci\u00f3n profundiza en los principios cat\u00f3licos que avalan la Incidencia Pol\u00edtica y Social como instrumento de acci\u00f3n\u00a0 para la consecuci\u00f3n de un mundo m\u00e1s justo, as\u00ed como en las metodolog\u00edas, recursos y t\u00e9cnicas necesarias para el dise\u00f1o e implementaci\u00f3n de proyectos de Incidencia Pol\u00edtica y Social viables y eficaces.<\/p>\n<p>La formaci\u00f3n se desarrolla fundamentalmente <em>online<\/em>, si bien a lo largo del curso se realiza una sesi\u00f3n presencial con las personas participantes. Esta sesi\u00f3n tuvo lugar el pasado 11 de enero en Aluche, Madrid. Cont\u00f3 con la participaci\u00f3n de personas llegadas de Valencia, Santander, Granada, Sevilla, Pamplona, Vitoria, Bilbao, as\u00ed como de Madrid. Fue un encuentro muy grato e interesante para profundizar en los contenidos formativos y para so\u00f1ar en nuevos pasos que podemos dar en Itaka-Escolapios y nuestras presencias escolapias.<\/p>\n<p>Desde Itaka-Escolapios agradecemos a REDES su trabajo y, especialmente, esta oportunidad que nos ofrece para formarnos en clave de transformaci\u00f3n social.<\/p>\n<p>Para m\u00e1s informaci\u00f3n sobre REDES: <a href=\"https:\/\/www.redes-ongd.org\/\">https:\/\/www.redes-ongd.org\/<\/a><\/p>\n\n\t\t<style type=\"text\/css\">\n\t\t\t#gallery-1 {\n\t\t\t\tmargin: auto;\n\t\t\t}\n\t\t\t#gallery-1 .gallery-item {\n\t\t\t\tfloat: left;\n\t\t\t\tmargin-top: 10px;\n\t\t\t\ttext-align: center;\n\t\t\t\twidth: 33%;\n\t\t\t}\n\t\t\t#gallery-1 img {\n\t\t\t\tborder: 2px solid #cfcfcf;\n\t\t\t}\n\t\t\t#gallery-1 .gallery-caption {\n\t\t\t\tmargin-left: 0;\n\t\t\t}\n\t\t\t\/* see gallery_shortcode() in wp-includes\/media.php *\/\n\t\t<\/style>\n\t\t<div id='gallery-1' class='gallery galleryid-29736 gallery-columns-3 gallery-size-thumbnail'><dl class='gallery-item'>\n\t\t\t<dt class='gallery-icon landscape'>\n\t\t\t\t<a href='https:\/\/www.itakaescolapios.org\/es\/2020\/01\/curso-de-incidencia-politica-y-social-con-redes\/curso-ip-itaka\/'><img decoding=\"async\" width=\"90\" height=\"90\" src=\"https:\/\/www.itakaescolapios.org\/wp-content\/uploads\/2020\/01\/curso-ip-itaka-90x90.jpg\" class=\"attachment-thumbnail size-thumbnail\" alt=\"\" aria-describedby=\"gallery-1-29739\" \/><\/a>\n\t\t\t<\/dt>\n\t\t\t\t<dd class='wp-caption-text gallery-caption' id='gallery-1-29739'>\n\t\t\t\t?????????????\n\t\t\t\t<\/dd><\/dl><dl class='gallery-item'>\n\t\t\t<dt class='gallery-icon landscape'>\n\t\t\t\t<a href='https:\/\/www.itakaescolapios.org\/es\/2020\/01\/curso-de-incidencia-politica-y-social-con-redes\/img_0472\/'><img decoding=\"async\" width=\"90\" height=\"90\" src=\"https:\/\/www.itakaescolapios.org\/wp-content\/uploads\/2020\/01\/IMG_0472-90x90.jpg\" class=\"attachment-thumbnail size-thumbnail\" alt=\"\" \/><\/a>\n\t\t\t<\/dt><\/dl><dl class='gallery-item'>\n\t\t\t<dt class='gallery-icon landscape'>\n\t\t\t\t<a href='https:\/\/www.itakaescolapios.org\/es\/2020\/01\/curso-de-incidencia-politica-y-social-con-redes\/ip-itaka-2\/'><img decoding=\"async\" width=\"90\" height=\"90\" src=\"https:\/\/www.itakaescolapios.org\/wp-content\/uploads\/2020\/01\/ip-itaka-2-90x90.jpg\" class=\"attachment-thumbnail size-thumbnail\" alt=\"\" aria-describedby=\"gallery-1-29741\" \/><\/a>\n\t\t\t<\/dt>\n\t\t\t\t<dd class='wp-caption-text gallery-caption' id='gallery-1-29741'>\n\t\t\t\t?????????????\n\t\t\t\t<\/dd><\/dl><br style=\"clear: both\" \/>\n\t\t<\/div>\n\n","protected":false},"excerpt":{"rendered":"<p>Desde el pasado mes de noviembre y hasta el pr\u00f3ximo abril, un grupo de personas de Itaka-Escolapios est\u00e1 realizando el curso de Incidencia Pol\u00edtica y Social de REDES (Red de [&hellip;]<\/p>\n","protected":false},"author":46,"featured_media":29737,"comment_status":"closed","ping_status":"closed","sticky":false,"template":"","format":"standard","meta":{"_et_pb_use_builder":"","_et_pb_old_content":"","_et_gb_content_width":"","footnotes":""},"categories":[30],"tags":[],"class_list":["post-29736","post","type-post","status-publish","format-standard","has-post-thumbnail","hentry","category-itaka-escolapios"],"yoast_head":"<!-- This site is optimized with the Yoast SEO plugin v27.4 - https:\/\/yoast.com\/product\/yoast-seo-wordpress\/ -->\n<title>Curso de incidencia pol\u00edtica y social con REDES - Itaka-Escolapios<\/title>\n<meta name=\"robots\" content=\"index, follow, max-snippet:-1, max-image-preview:large, max-video-preview:-1\" \/>\n<link rel=\"canonical\" href=\"https:\/\/www.itakaescolapios.org\/es\/2020\/01\/curso-de-incidencia-politica-y-social-con-redes\/\" \/>\n<meta property=\"og:locale\" content=\"es_ES\" \/>\n<meta property=\"og:type\" content=\"article\" \/>\n<meta property=\"og:title\" content=\"Curso de incidencia pol\u00edtica y social con REDES - Itaka-Escolapios\" \/>\n<meta property=\"og:description\" content=\"Desde el pasado mes de noviembre y hasta el pr\u00f3ximo abril, un grupo de personas de Itaka-Escolapios est\u00e1 realizando el curso de Incidencia Pol\u00edtica y Social de REDES (Red de [&hellip;]\" \/>\n<meta property=\"og:url\" content=\"https:\/\/www.itakaescolapios.org\/es\/2020\/01\/curso-de-incidencia-politica-y-social-con-redes\/\" \/>\n<meta property=\"og:site_name\" content=\"Itaka-Escolapios\" \/>\n<meta property=\"article:published_time\" content=\"2020-01-14T15:26:57+00:00\" \/>\n<meta property=\"article:modified_time\" content=\"2023-11-28T11:36:31+00:00\" \/>\n<meta property=\"og:image\" content=\"https:\/\/www.itakaescolapios.org\/wp-content\/uploads\/2020\/01\/IMG_0474.jpg\" \/>\n\t<meta property=\"og:image:width\" content=\"2000\" \/>\n\t<meta property=\"og:image:height\" content=\"1333\" \/>\n\t<meta property=\"og:image:type\" content=\"image\/jpeg\" \/>\n<meta name=\"author\" content=\"itakaescolapios\" \/>\n<meta name=\"twitter:card\" content=\"summary_large_image\" \/>\n<meta name=\"twitter:label1\" content=\"Escrito por\" \/>\n\t<meta name=\"twitter:data1\" content=\"itakaescolapios\" \/>\n\t<meta name=\"twitter:label2\" content=\"Tiempo de lectura\" \/>\n\t<meta name=\"twitter:data2\" content=\"2 minutos\" \/>\n<script type=\"application\/ld+json\" class=\"yoast-schema-graph\">{\"@context\":\"https:\\\/\\\/schema.org\",\"@graph\":[{\"@type\":\"Article\",\"@id\":\"https:\\\/\\\/www.itakaescolapios.org\\\/es\\\/2020\\\/01\\\/curso-de-incidencia-politica-y-social-con-redes\\\/#article\",\"isPartOf\":{\"@id\":\"https:\\\/\\\/www.itakaescolapios.org\\\/es\\\/2020\\\/01\\\/curso-de-incidencia-politica-y-social-con-redes\\\/\"},\"author\":{\"name\":\"itakaescolapios\",\"@id\":\"https:\\\/\\\/www.itakaescolapios.org\\\/es\\\/#\\\/schema\\\/person\\\/768ce0f19db5c2c2b6361e77e15db2db\"},\"headline\":\"Curso de incidencia pol\u00edtica y social con REDES\",\"datePublished\":\"2020-01-14T15:26:57+00:00\",\"dateModified\":\"2023-11-28T11:36:31+00:00\",\"mainEntityOfPage\":{\"@id\":\"https:\\\/\\\/www.itakaescolapios.org\\\/es\\\/2020\\\/01\\\/curso-de-incidencia-politica-y-social-con-redes\\\/\"},\"wordCount\":315,\"publisher\":{\"@id\":\"https:\\\/\\\/www.itakaescolapios.org\\\/es\\\/#organization\"},\"image\":{\"@id\":\"https:\\\/\\\/www.itakaescolapios.org\\\/es\\\/2020\\\/01\\\/curso-de-incidencia-politica-y-social-con-redes\\\/#primaryimage\"},\"thumbnailUrl\":\"https:\\\/\\\/www.itakaescolapios.org\\\/wp-content\\\/uploads\\\/2020\\\/01\\\/IMG_0474.jpg\",\"articleSection\":[\"Itaka Escolapios\"],\"inLanguage\":\"es\"},{\"@type\":\"WebPage\",\"@id\":\"https:\\\/\\\/www.itakaescolapios.org\\\/es\\\/2020\\\/01\\\/curso-de-incidencia-politica-y-social-con-redes\\\/\",\"url\":\"https:\\\/\\\/www.itakaescolapios.org\\\/es\\\/2020\\\/01\\\/curso-de-incidencia-politica-y-social-con-redes\\\/\",\"name\":\"Curso de incidencia pol\u00edtica y social con REDES - Itaka-Escolapios\",\"isPartOf\":{\"@id\":\"https:\\\/\\\/www.itakaescolapios.org\\\/es\\\/#website\"},\"primaryImageOfPage\":{\"@id\":\"https:\\\/\\\/www.itakaescolapios.org\\\/es\\\/2020\\\/01\\\/curso-de-incidencia-politica-y-social-con-redes\\\/#primaryimage\"},\"image\":{\"@id\":\"https:\\\/\\\/www.itakaescolapios.org\\\/es\\\/2020\\\/01\\\/curso-de-incidencia-politica-y-social-con-redes\\\/#primaryimage\"},\"thumbnailUrl\":\"https:\\\/\\\/www.itakaescolapios.org\\\/wp-content\\\/uploads\\\/2020\\\/01\\\/IMG_0474.jpg\",\"datePublished\":\"2020-01-14T15:26:57+00:00\",\"dateModified\":\"2023-11-28T11:36:31+00:00\",\"breadcrumb\":{\"@id\":\"https:\\\/\\\/www.itakaescolapios.org\\\/es\\\/2020\\\/01\\\/curso-de-incidencia-politica-y-social-con-redes\\\/#breadcrumb\"},\"inLanguage\":\"es\",\"potentialAction\":[{\"@type\":\"ReadAction\",\"target\":[\"https:\\\/\\\/www.itakaescolapios.org\\\/es\\\/2020\\\/01\\\/curso-de-incidencia-politica-y-social-con-redes\\\/\"]}]},{\"@type\":\"ImageObject\",\"inLanguage\":\"es\",\"@id\":\"https:\\\/\\\/www.itakaescolapios.org\\\/es\\\/2020\\\/01\\\/curso-de-incidencia-politica-y-social-con-redes\\\/#primaryimage\",\"url\":\"https:\\\/\\\/www.itakaescolapios.org\\\/wp-content\\\/uploads\\\/2020\\\/01\\\/IMG_0474.jpg\",\"contentUrl\":\"https:\\\/\\\/www.itakaescolapios.org\\\/wp-content\\\/uploads\\\/2020\\\/01\\\/IMG_0474.jpg\",\"width\":2000,\"height\":1333},{\"@type\":\"BreadcrumbList\",\"@id\":\"https:\\\/\\\/www.itakaescolapios.org\\\/es\\\/2020\\\/01\\\/curso-de-incidencia-politica-y-social-con-redes\\\/#breadcrumb\",\"itemListElement\":[{\"@type\":\"ListItem\",\"position\":1,\"name\":\"Portada\",\"item\":\"https:\\\/\\\/www.itakaescolapios.org\\\/es\\\/\"},{\"@type\":\"ListItem\",\"position\":2,\"name\":\"Curso de incidencia pol\u00edtica y social con REDES\"}]},{\"@type\":\"WebSite\",\"@id\":\"https:\\\/\\\/www.itakaescolapios.org\\\/es\\\/#website\",\"url\":\"https:\\\/\\\/www.itakaescolapios.org\\\/es\\\/\",\"name\":\"Itaka-Escolapios\",\"description\":\"Red de Itaka-Escolapios\",\"publisher\":{\"@id\":\"https:\\\/\\\/www.itakaescolapios.org\\\/es\\\/#organization\"},\"potentialAction\":[{\"@type\":\"SearchAction\",\"target\":{\"@type\":\"EntryPoint\",\"urlTemplate\":\"https:\\\/\\\/www.itakaescolapios.org\\\/es\\\/?s={search_term_string}\"},\"query-input\":{\"@type\":\"PropertyValueSpecification\",\"valueRequired\":true,\"valueName\":\"search_term_string\"}}],\"inLanguage\":\"es\"},{\"@type\":\"Organization\",\"@id\":\"https:\\\/\\\/www.itakaescolapios.org\\\/es\\\/#organization\",\"name\":\"Fundaci\u00f3 Itaka-Escolapios\",\"url\":\"https:\\\/\\\/www.itakaescolapios.org\\\/es\\\/\",\"logo\":{\"@type\":\"ImageObject\",\"inLanguage\":\"es\",\"@id\":\"https:\\\/\\\/www.itakaescolapios.org\\\/es\\\/#\\\/schema\\\/logo\\\/image\\\/\",\"url\":\"https:\\\/\\\/www.itakaescolapios.org\\\/wp-content\\\/uploads\\\/2024\\\/04\\\/Logo-itakaescolapios-peque.png\",\"contentUrl\":\"https:\\\/\\\/www.itakaescolapios.org\\\/wp-content\\\/uploads\\\/2024\\\/04\\\/Logo-itakaescolapios-peque.png\",\"width\":500,\"height\":199,\"caption\":\"Fundaci\u00f3 Itaka-Escolapios\"},\"image\":{\"@id\":\"https:\\\/\\\/www.itakaescolapios.org\\\/es\\\/#\\\/schema\\\/logo\\\/image\\\/\"}},{\"@type\":\"Person\",\"@id\":\"https:\\\/\\\/www.itakaescolapios.org\\\/es\\\/#\\\/schema\\\/person\\\/768ce0f19db5c2c2b6361e77e15db2db\",\"name\":\"itakaescolapios\",\"url\":\"https:\\\/\\\/www.itakaescolapios.org\\\/es\\\/author\\\/itakaescolapios\\\/\"}]}<\/script>\n<!-- \/ Yoast SEO plugin. -->","yoast_head_json":{"title":"Curso de incidencia pol\u00edtica y social con REDES - Itaka-Escolapios","robots":{"index":"index","follow":"follow","max-snippet":"max-snippet:-1","max-image-preview":"max-image-preview:large","max-video-preview":"max-video-preview:-1"},"canonical":"https:\/\/www.itakaescolapios.org\/es\/2020\/01\/curso-de-incidencia-politica-y-social-con-redes\/","og_locale":"es_ES","og_type":"article","og_title":"Curso de incidencia pol\u00edtica y social con REDES - Itaka-Escolapios","og_description":"Desde el pasado mes de noviembre y hasta el pr\u00f3ximo abril, un grupo de personas de Itaka-Escolapios est\u00e1 realizando el curso de Incidencia Pol\u00edtica y Social de REDES (Red de [&hellip;]","og_url":"https:\/\/www.itakaescolapios.org\/es\/2020\/01\/curso-de-incidencia-politica-y-social-con-redes\/","og_site_name":"Itaka-Escolapios","article_published_time":"2020-01-14T15:26:57+00:00","article_modified_time":"2023-11-28T11:36:31+00:00","og_image":[{"width":2000,"height":1333,"url":"https:\/\/www.itakaescolapios.org\/wp-content\/uploads\/2020\/01\/IMG_0474.jpg","type":"image\/jpeg"}],"author":"itakaescolapios","twitter_card":"summary_large_image","twitter_misc":{"Escrito por":"itakaescolapios","Tiempo de lectura":"2 minutos"},"schema":{"@context":"https:\/\/schema.org","@graph":[{"@type":"Article","@id":"https:\/\/www.itakaescolapios.org\/es\/2020\/01\/curso-de-incidencia-politica-y-social-con-redes\/#article","isPartOf":{"@id":"https:\/\/www.itakaescolapios.org\/es\/2020\/01\/curso-de-incidencia-politica-y-social-con-redes\/"},"author":{"name":"itakaescolapios","@id":"https:\/\/www.itakaescolapios.org\/es\/#\/schema\/person\/768ce0f19db5c2c2b6361e77e15db2db"},"headline":"Curso de incidencia pol\u00edtica y social con REDES","datePublished":"2020-01-14T15:26:57+00:00","dateModified":"2023-11-28T11:36:31+00:00","mainEntityOfPage":{"@id":"https:\/\/www.itakaescolapios.org\/es\/2020\/01\/curso-de-incidencia-politica-y-social-con-redes\/"},"wordCount":315,"publisher":{"@id":"https:\/\/www.itakaescolapios.org\/es\/#organization"},"image":{"@id":"https:\/\/www.itakaescolapios.org\/es\/2020\/01\/curso-de-incidencia-politica-y-social-con-redes\/#primaryimage"},"thumbnailUrl":"https:\/\/www.itakaescolapios.org\/wp-content\/uploads\/2020\/01\/IMG_0474.jpg","articleSection":["Itaka Escolapios"],"inLanguage":"es"},{"@type":"WebPage","@id":"https:\/\/www.itakaescolapios.org\/es\/2020\/01\/curso-de-incidencia-politica-y-social-con-redes\/","url":"https:\/\/www.itakaescolapios.org\/es\/2020\/01\/curso-de-incidencia-politica-y-social-con-redes\/","name":"Curso de incidencia pol\u00edtica y social con REDES - Itaka-Escolapios","isPartOf":{"@id":"https:\/\/www.itakaescolapios.org\/es\/#website"},"primaryImageOfPage":{"@id":"https:\/\/www.itakaescolapios.org\/es\/2020\/01\/curso-de-incidencia-politica-y-social-con-redes\/#primaryimage"},"image":{"@id":"https:\/\/www.itakaescolapios.org\/es\/2020\/01\/curso-de-incidencia-politica-y-social-con-redes\/#primaryimage"},"thumbnailUrl":"https:\/\/www.itakaescolapios.org\/wp-content\/uploads\/2020\/01\/IMG_0474.jpg","datePublished":"2020-01-14T15:26:57+00:00","dateModified":"2023-11-28T11:36:31+00:00","breadcrumb":{"@id":"https:\/\/www.itakaescolapios.org\/es\/2020\/01\/curso-de-incidencia-politica-y-social-con-redes\/#breadcrumb"},"inLanguage":"es","potentialAction":[{"@type":"ReadAction","target":["https:\/\/www.itakaescolapios.org\/es\/2020\/01\/curso-de-incidencia-politica-y-social-con-redes\/"]}]},{"@type":"ImageObject","inLanguage":"es","@id":"https:\/\/www.itakaescolapios.org\/es\/2020\/01\/curso-de-incidencia-politica-y-social-con-redes\/#primaryimage","url":"https:\/\/www.itakaescolapios.org\/wp-content\/uploads\/2020\/01\/IMG_0474.jpg","contentUrl":"https:\/\/www.itakaescolapios.org\/wp-content\/uploads\/2020\/01\/IMG_0474.jpg","width":2000,"height":1333},{"@type":"BreadcrumbList","@id":"https:\/\/www.itakaescolapios.org\/es\/2020\/01\/curso-de-incidencia-politica-y-social-con-redes\/#breadcrumb","itemListElement":[{"@type":"ListItem","position":1,"name":"Portada","item":"https:\/\/www.itakaescolapios.org\/es\/"},{"@type":"ListItem","position":2,"name":"Curso de incidencia pol\u00edtica y social con REDES"}]},{"@type":"WebSite","@id":"https:\/\/www.itakaescolapios.org\/es\/#website","url":"https:\/\/www.itakaescolapios.org\/es\/","name":"Itaka-Escolapios","description":"Red de Itaka-Escolapios","publisher":{"@id":"https:\/\/www.itakaescolapios.org\/es\/#organization"},"potentialAction":[{"@type":"SearchAction","target":{"@type":"EntryPoint","urlTemplate":"https:\/\/www.itakaescolapios.org\/es\/?s={search_term_string}"},"query-input":{"@type":"PropertyValueSpecification","valueRequired":true,"valueName":"search_term_string"}}],"inLanguage":"es"},{"@type":"Organization","@id":"https:\/\/www.itakaescolapios.org\/es\/#organization","name":"Fundaci\u00f3 Itaka-Escolapios","url":"https:\/\/www.itakaescolapios.org\/es\/","logo":{"@type":"ImageObject","inLanguage":"es","@id":"https:\/\/www.itakaescolapios.org\/es\/#\/schema\/logo\/image\/","url":"https:\/\/www.itakaescolapios.org\/wp-content\/uploads\/2024\/04\/Logo-itakaescolapios-peque.png","contentUrl":"https:\/\/www.itakaescolapios.org\/wp-content\/uploads\/2024\/04\/Logo-itakaescolapios-peque.png","width":500,"height":199,"caption":"Fundaci\u00f3 Itaka-Escolapios"},"image":{"@id":"https:\/\/www.itakaescolapios.org\/es\/#\/schema\/logo\/image\/"}},{"@type":"Person","@id":"https:\/\/www.itakaescolapios.org\/es\/#\/schema\/person\/768ce0f19db5c2c2b6361e77e15db2db","name":"itakaescolapios","url":"https:\/\/www.itakaescolapios.org\/es\/author\/itakaescolapios\/"}]}},"_links":{"self":[{"href":"https:\/\/www.itakaescolapios.org\/es\/wp-json\/wp\/v2\/posts\/29736","targetHints":{"allow":["GET"]}}],"collection":[{"href":"https:\/\/www.itakaescolapios.org\/es\/wp-json\/wp\/v2\/posts"}],"about":[{"href":"https:\/\/www.itakaescolapios.org\/es\/wp-json\/wp\/v2\/types\/post"}],"author":[{"embeddable":true,"href":"https:\/\/www.itakaescolapios.org\/es\/wp-json\/wp\/v2\/users\/46"}],"replies":[{"embeddable":true,"href":"https:\/\/www.itakaescolapios.org\/es\/wp-json\/wp\/v2\/comments?post=29736"}],"version-history":[{"count":10,"href":"https:\/\/www.itakaescolapios.org\/es\/wp-json\/wp\/v2\/posts\/29736\/revisions"}],"predecessor-version":[{"id":45158,"href":"https:\/\/www.itakaescolapios.org\/es\/wp-json\/wp\/v2\/posts\/29736\/revisions\/45158"}],"wp:featuredmedia":[{"embeddable":true,"href":"https:\/\/www.itakaescolapios.org\/es\/wp-json\/wp\/v2\/media\/29737"}],"wp:attachment":[{"href":"https:\/\/www.itakaescolapios.org\/es\/wp-json\/wp\/v2\/media?parent=29736"}],"wp:term":[{"taxonomy":"category","embeddable":true,"href":"https:\/\/www.itakaescolapios.org\/es\/wp-json\/wp\/v2\/categories?post=29736"},{"taxonomy":"post_tag","embeddable":true,"href":"https:\/\/www.itakaescolapios.org\/es\/wp-json\/wp\/v2\/tags?post=29736"}],"curies":[{"name":"wp","href":"https:\/\/api.w.org\/{rel}","templated":true}]}}