{"id":30160,"date":"2020-03-04T11:06:31","date_gmt":"2020-03-04T10:06:31","guid":{"rendered":"https:\/\/www.itakaescolapios.org\/?p=30160"},"modified":"2023-11-28T12:36:27","modified_gmt":"2023-11-28T11:36:27","slug":"por-que-el-9-de-marzo-es-nuestro-dia-del-voluntariado","status":"publish","type":"post","link":"https:\/\/www.itakaescolapios.org\/es\/2020\/03\/por-que-el-9-de-marzo-es-nuestro-dia-del-voluntariado\/","title":{"rendered":"\u00bfPOR QU\u00c9 EL 9 DE MARZO ES NUESTRO D\u00cdA DEL VOLUNTARIADO?"},"content":{"rendered":"<p>El 9 de marzo de 2001 comenzaba oficialmente la Fundaci\u00f3n Itaka &#8211; Escolapios despu\u00e9s de 16 a\u00f1os de trayectoria previa como asociaci\u00f3n sin \u00e1nimo de lucro.<\/p>\n<p>Esta fecha ha sido elegida, por ello, como aniversario de nuestra Red internacional y como d\u00eda del voluntariado porque las personas que voluntariamente comparten su tiempo, su dedicaci\u00f3n, su cari\u00f1o a los proyectos que impulsamos desde Itaka &#8211; Escolapios son el alma de nuestra entidad.<\/p>\n","protected":false},"excerpt":{"rendered":"<p>El 9 de marzo de 2001 comenzaba oficialmente la Fundaci\u00f3n Itaka &#8211; Escolapios despu\u00e9s de 16 a\u00f1os de trayectoria previa como asociaci\u00f3n sin \u00e1nimo de lucro. Esta fecha ha sido [&hellip;]<\/p>\n","protected":false},"author":4,"featured_media":30161,"comment_status":"closed","ping_status":"closed","sticky":false,"template":"","format":"standard","meta":{"_et_pb_use_builder":"","_et_pb_old_content":"","_et_gb_content_width":"","footnotes":""},"categories":[30],"tags":[],"class_list":["post-30160","post","type-post","status-publish","format-standard","has-post-thumbnail","hentry","category-itaka-escolapios"],"yoast_head":"<!-- This site is optimized with the Yoast SEO plugin v27.4 - https:\/\/yoast.com\/product\/yoast-seo-wordpress\/ -->\n<title>\u00bfPOR QU\u00c9 EL 9 DE MARZO ES NUESTRO D\u00cdA DEL VOLUNTARIADO? - Itaka-Escolapios<\/title>\n<meta name=\"robots\" content=\"index, follow, max-snippet:-1, max-image-preview:large, max-video-preview:-1\" \/>\n<link rel=\"canonical\" href=\"https:\/\/www.itakaescolapios.org\/es\/2020\/03\/por-que-el-9-de-marzo-es-nuestro-dia-del-voluntariado\/\" \/>\n<meta property=\"og:locale\" content=\"es_ES\" \/>\n<meta property=\"og:type\" content=\"article\" \/>\n<meta property=\"og:title\" content=\"\u00bfPOR QU\u00c9 EL 9 DE MARZO ES NUESTRO D\u00cdA DEL VOLUNTARIADO? - Itaka-Escolapios\" \/>\n<meta property=\"og:description\" content=\"El 9 de marzo de 2001 comenzaba oficialmente la Fundaci\u00f3n Itaka &#8211; Escolapios despu\u00e9s de 16 a\u00f1os de trayectoria previa como asociaci\u00f3n sin \u00e1nimo de lucro. Esta fecha ha sido [&hellip;]\" \/>\n<meta property=\"og:url\" content=\"https:\/\/www.itakaescolapios.org\/es\/2020\/03\/por-que-el-9-de-marzo-es-nuestro-dia-del-voluntariado\/\" \/>\n<meta property=\"og:site_name\" content=\"Itaka-Escolapios\" \/>\n<meta property=\"article:published_time\" content=\"2020-03-04T10:06:31+00:00\" \/>\n<meta property=\"article:modified_time\" content=\"2023-11-28T11:36:27+00:00\" \/>\n<meta property=\"og:image\" content=\"https:\/\/www.itakaescolapios.org\/wp-content\/uploads\/2020\/03\/1-5thdimension-1024x819.jpg\" \/>\n\t<meta property=\"og:image:width\" content=\"696\" \/>\n\t<meta property=\"og:image:height\" content=\"557\" \/>\n\t<meta property=\"og:image:type\" content=\"image\/jpeg\" \/>\n<meta name=\"author\" content=\"itaka\" \/>\n<meta name=\"twitter:card\" content=\"summary_large_image\" \/>\n<meta name=\"twitter:label1\" content=\"Escrito por\" \/>\n\t<meta name=\"twitter:data1\" content=\"itaka\" \/>\n<script type=\"application\/ld+json\" class=\"yoast-schema-graph\">{\"@context\":\"https:\\\/\\\/schema.org\",\"@graph\":[{\"@type\":\"Article\",\"@id\":\"https:\\\/\\\/www.itakaescolapios.org\\\/es\\\/2020\\\/03\\\/por-que-el-9-de-marzo-es-nuestro-dia-del-voluntariado\\\/#article\",\"isPartOf\":{\"@id\":\"https:\\\/\\\/www.itakaescolapios.org\\\/es\\\/2020\\\/03\\\/por-que-el-9-de-marzo-es-nuestro-dia-del-voluntariado\\\/\"},\"author\":{\"name\":\"itaka\",\"@id\":\"https:\\\/\\\/www.itakaescolapios.org\\\/es\\\/#\\\/schema\\\/person\\\/670123daeb1cc31cae1b106740036ccb\"},\"headline\":\"\u00bfPOR QU\u00c9 EL 9 DE MARZO ES NUESTRO D\u00cdA DEL VOLUNTARIADO?\",\"datePublished\":\"2020-03-04T10:06:31+00:00\",\"dateModified\":\"2023-11-28T11:36:27+00:00\",\"mainEntityOfPage\":{\"@id\":\"https:\\\/\\\/www.itakaescolapios.org\\\/es\\\/2020\\\/03\\\/por-que-el-9-de-marzo-es-nuestro-dia-del-voluntariado\\\/\"},\"wordCount\":86,\"publisher\":{\"@id\":\"https:\\\/\\\/www.itakaescolapios.org\\\/es\\\/#organization\"},\"image\":{\"@id\":\"https:\\\/\\\/www.itakaescolapios.org\\\/es\\\/2020\\\/03\\\/por-que-el-9-de-marzo-es-nuestro-dia-del-voluntariado\\\/#primaryimage\"},\"thumbnailUrl\":\"https:\\\/\\\/www.itakaescolapios.org\\\/wp-content\\\/uploads\\\/2020\\\/03\\\/1-5thdimension-1024x819.jpg\",\"articleSection\":[\"Itaka Escolapios\"],\"inLanguage\":\"es\"},{\"@type\":\"WebPage\",\"@id\":\"https:\\\/\\\/www.itakaescolapios.org\\\/es\\\/2020\\\/03\\\/por-que-el-9-de-marzo-es-nuestro-dia-del-voluntariado\\\/\",\"url\":\"https:\\\/\\\/www.itakaescolapios.org\\\/es\\\/2020\\\/03\\\/por-que-el-9-de-marzo-es-nuestro-dia-del-voluntariado\\\/\",\"name\":\"\u00bfPOR QU\u00c9 EL 9 DE MARZO ES NUESTRO D\u00cdA DEL VOLUNTARIADO? - Itaka-Escolapios\",\"isPartOf\":{\"@id\":\"https:\\\/\\\/www.itakaescolapios.org\\\/es\\\/#website\"},\"primaryImageOfPage\":{\"@id\":\"https:\\\/\\\/www.itakaescolapios.org\\\/es\\\/2020\\\/03\\\/por-que-el-9-de-marzo-es-nuestro-dia-del-voluntariado\\\/#primaryimage\"},\"image\":{\"@id\":\"https:\\\/\\\/www.itakaescolapios.org\\\/es\\\/2020\\\/03\\\/por-que-el-9-de-marzo-es-nuestro-dia-del-voluntariado\\\/#primaryimage\"},\"thumbnailUrl\":\"https:\\\/\\\/www.itakaescolapios.org\\\/wp-content\\\/uploads\\\/2020\\\/03\\\/1-5thdimension-1024x819.jpg\",\"datePublished\":\"2020-03-04T10:06:31+00:00\",\"dateModified\":\"2023-11-28T11:36:27+00:00\",\"breadcrumb\":{\"@id\":\"https:\\\/\\\/www.itakaescolapios.org\\\/es\\\/2020\\\/03\\\/por-que-el-9-de-marzo-es-nuestro-dia-del-voluntariado\\\/#breadcrumb\"},\"inLanguage\":\"es\",\"potentialAction\":[{\"@type\":\"ReadAction\",\"target\":[\"https:\\\/\\\/www.itakaescolapios.org\\\/es\\\/2020\\\/03\\\/por-que-el-9-de-marzo-es-nuestro-dia-del-voluntariado\\\/\"]}]},{\"@type\":\"ImageObject\",\"inLanguage\":\"es\",\"@id\":\"https:\\\/\\\/www.itakaescolapios.org\\\/es\\\/2020\\\/03\\\/por-que-el-9-de-marzo-es-nuestro-dia-del-voluntariado\\\/#primaryimage\",\"url\":\"https:\\\/\\\/www.itakaescolapios.org\\\/wp-content\\\/uploads\\\/2020\\\/03\\\/1-5thdimension-1024x819.jpg\",\"contentUrl\":\"https:\\\/\\\/www.itakaescolapios.org\\\/wp-content\\\/uploads\\\/2020\\\/03\\\/1-5thdimension-1024x819.jpg\",\"width\":696,\"height\":557},{\"@type\":\"BreadcrumbList\",\"@id\":\"https:\\\/\\\/www.itakaescolapios.org\\\/es\\\/2020\\\/03\\\/por-que-el-9-de-marzo-es-nuestro-dia-del-voluntariado\\\/#breadcrumb\",\"itemListElement\":[{\"@type\":\"ListItem\",\"position\":1,\"name\":\"Portada\",\"item\":\"https:\\\/\\\/www.itakaescolapios.org\\\/es\\\/\"},{\"@type\":\"ListItem\",\"position\":2,\"name\":\"\u00bfPOR QU\u00c9 EL 9 DE MARZO ES NUESTRO D\u00cdA DEL VOLUNTARIADO?\"}]},{\"@type\":\"WebSite\",\"@id\":\"https:\\\/\\\/www.itakaescolapios.org\\\/es\\\/#website\",\"url\":\"https:\\\/\\\/www.itakaescolapios.org\\\/es\\\/\",\"name\":\"Itaka-Escolapios\",\"description\":\"Red de Itaka-Escolapios\",\"publisher\":{\"@id\":\"https:\\\/\\\/www.itakaescolapios.org\\\/es\\\/#organization\"},\"potentialAction\":[{\"@type\":\"SearchAction\",\"target\":{\"@type\":\"EntryPoint\",\"urlTemplate\":\"https:\\\/\\\/www.itakaescolapios.org\\\/es\\\/?s={search_term_string}\"},\"query-input\":{\"@type\":\"PropertyValueSpecification\",\"valueRequired\":true,\"valueName\":\"search_term_string\"}}],\"inLanguage\":\"es\"},{\"@type\":\"Organization\",\"@id\":\"https:\\\/\\\/www.itakaescolapios.org\\\/es\\\/#organization\",\"name\":\"Fundaci\u00f3 Itaka-Escolapios\",\"url\":\"https:\\\/\\\/www.itakaescolapios.org\\\/es\\\/\",\"logo\":{\"@type\":\"ImageObject\",\"inLanguage\":\"es\",\"@id\":\"https:\\\/\\\/www.itakaescolapios.org\\\/es\\\/#\\\/schema\\\/logo\\\/image\\\/\",\"url\":\"https:\\\/\\\/www.itakaescolapios.org\\\/wp-content\\\/uploads\\\/2024\\\/04\\\/Logo-itakaescolapios-peque.png\",\"contentUrl\":\"https:\\\/\\\/www.itakaescolapios.org\\\/wp-content\\\/uploads\\\/2024\\\/04\\\/Logo-itakaescolapios-peque.png\",\"width\":500,\"height\":199,\"caption\":\"Fundaci\u00f3 Itaka-Escolapios\"},\"image\":{\"@id\":\"https:\\\/\\\/www.itakaescolapios.org\\\/es\\\/#\\\/schema\\\/logo\\\/image\\\/\"}},{\"@type\":\"Person\",\"@id\":\"https:\\\/\\\/www.itakaescolapios.org\\\/es\\\/#\\\/schema\\\/person\\\/670123daeb1cc31cae1b106740036ccb\",\"name\":\"itaka\",\"url\":\"https:\\\/\\\/www.itakaescolapios.org\\\/es\\\/author\\\/itaka\\\/\"}]}<\/script>\n<!-- \/ Yoast SEO plugin. -->","yoast_head_json":{"title":"\u00bfPOR QU\u00c9 EL 9 DE MARZO ES NUESTRO D\u00cdA DEL VOLUNTARIADO? - Itaka-Escolapios","robots":{"index":"index","follow":"follow","max-snippet":"max-snippet:-1","max-image-preview":"max-image-preview:large","max-video-preview":"max-video-preview:-1"},"canonical":"https:\/\/www.itakaescolapios.org\/es\/2020\/03\/por-que-el-9-de-marzo-es-nuestro-dia-del-voluntariado\/","og_locale":"es_ES","og_type":"article","og_title":"\u00bfPOR QU\u00c9 EL 9 DE MARZO ES NUESTRO D\u00cdA DEL VOLUNTARIADO? - Itaka-Escolapios","og_description":"El 9 de marzo de 2001 comenzaba oficialmente la Fundaci\u00f3n Itaka &#8211; Escolapios despu\u00e9s de 16 a\u00f1os de trayectoria previa como asociaci\u00f3n sin \u00e1nimo de lucro. Esta fecha ha sido [&hellip;]","og_url":"https:\/\/www.itakaescolapios.org\/es\/2020\/03\/por-que-el-9-de-marzo-es-nuestro-dia-del-voluntariado\/","og_site_name":"Itaka-Escolapios","article_published_time":"2020-03-04T10:06:31+00:00","article_modified_time":"2023-11-28T11:36:27+00:00","og_image":[{"width":696,"height":557,"url":"https:\/\/www.itakaescolapios.org\/wp-content\/uploads\/2020\/03\/1-5thdimension-1024x819.jpg","type":"image\/jpeg"}],"author":"itaka","twitter_card":"summary_large_image","twitter_misc":{"Escrito por":"itaka"},"schema":{"@context":"https:\/\/schema.org","@graph":[{"@type":"Article","@id":"https:\/\/www.itakaescolapios.org\/es\/2020\/03\/por-que-el-9-de-marzo-es-nuestro-dia-del-voluntariado\/#article","isPartOf":{"@id":"https:\/\/www.itakaescolapios.org\/es\/2020\/03\/por-que-el-9-de-marzo-es-nuestro-dia-del-voluntariado\/"},"author":{"name":"itaka","@id":"https:\/\/www.itakaescolapios.org\/es\/#\/schema\/person\/670123daeb1cc31cae1b106740036ccb"},"headline":"\u00bfPOR QU\u00c9 EL 9 DE MARZO ES NUESTRO D\u00cdA DEL VOLUNTARIADO?","datePublished":"2020-03-04T10:06:31+00:00","dateModified":"2023-11-28T11:36:27+00:00","mainEntityOfPage":{"@id":"https:\/\/www.itakaescolapios.org\/es\/2020\/03\/por-que-el-9-de-marzo-es-nuestro-dia-del-voluntariado\/"},"wordCount":86,"publisher":{"@id":"https:\/\/www.itakaescolapios.org\/es\/#organization"},"image":{"@id":"https:\/\/www.itakaescolapios.org\/es\/2020\/03\/por-que-el-9-de-marzo-es-nuestro-dia-del-voluntariado\/#primaryimage"},"thumbnailUrl":"https:\/\/www.itakaescolapios.org\/wp-content\/uploads\/2020\/03\/1-5thdimension-1024x819.jpg","articleSection":["Itaka Escolapios"],"inLanguage":"es"},{"@type":"WebPage","@id":"https:\/\/www.itakaescolapios.org\/es\/2020\/03\/por-que-el-9-de-marzo-es-nuestro-dia-del-voluntariado\/","url":"https:\/\/www.itakaescolapios.org\/es\/2020\/03\/por-que-el-9-de-marzo-es-nuestro-dia-del-voluntariado\/","name":"\u00bfPOR QU\u00c9 EL 9 DE MARZO ES NUESTRO D\u00cdA DEL VOLUNTARIADO? - Itaka-Escolapios","isPartOf":{"@id":"https:\/\/www.itakaescolapios.org\/es\/#website"},"primaryImageOfPage":{"@id":"https:\/\/www.itakaescolapios.org\/es\/2020\/03\/por-que-el-9-de-marzo-es-nuestro-dia-del-voluntariado\/#primaryimage"},"image":{"@id":"https:\/\/www.itakaescolapios.org\/es\/2020\/03\/por-que-el-9-de-marzo-es-nuestro-dia-del-voluntariado\/#primaryimage"},"thumbnailUrl":"https:\/\/www.itakaescolapios.org\/wp-content\/uploads\/2020\/03\/1-5thdimension-1024x819.jpg","datePublished":"2020-03-04T10:06:31+00:00","dateModified":"2023-11-28T11:36:27+00:00","breadcrumb":{"@id":"https:\/\/www.itakaescolapios.org\/es\/2020\/03\/por-que-el-9-de-marzo-es-nuestro-dia-del-voluntariado\/#breadcrumb"},"inLanguage":"es","potentialAction":[{"@type":"ReadAction","target":["https:\/\/www.itakaescolapios.org\/es\/2020\/03\/por-que-el-9-de-marzo-es-nuestro-dia-del-voluntariado\/"]}]},{"@type":"ImageObject","inLanguage":"es","@id":"https:\/\/www.itakaescolapios.org\/es\/2020\/03\/por-que-el-9-de-marzo-es-nuestro-dia-del-voluntariado\/#primaryimage","url":"https:\/\/www.itakaescolapios.org\/wp-content\/uploads\/2020\/03\/1-5thdimension-1024x819.jpg","contentUrl":"https:\/\/www.itakaescolapios.org\/wp-content\/uploads\/2020\/03\/1-5thdimension-1024x819.jpg","width":696,"height":557},{"@type":"BreadcrumbList","@id":"https:\/\/www.itakaescolapios.org\/es\/2020\/03\/por-que-el-9-de-marzo-es-nuestro-dia-del-voluntariado\/#breadcrumb","itemListElement":[{"@type":"ListItem","position":1,"name":"Portada","item":"https:\/\/www.itakaescolapios.org\/es\/"},{"@type":"ListItem","position":2,"name":"\u00bfPOR QU\u00c9 EL 9 DE MARZO ES NUESTRO D\u00cdA DEL VOLUNTARIADO?"}]},{"@type":"WebSite","@id":"https:\/\/www.itakaescolapios.org\/es\/#website","url":"https:\/\/www.itakaescolapios.org\/es\/","name":"Itaka-Escolapios","description":"Red de Itaka-Escolapios","publisher":{"@id":"https:\/\/www.itakaescolapios.org\/es\/#organization"},"potentialAction":[{"@type":"SearchAction","target":{"@type":"EntryPoint","urlTemplate":"https:\/\/www.itakaescolapios.org\/es\/?s={search_term_string}"},"query-input":{"@type":"PropertyValueSpecification","valueRequired":true,"valueName":"search_term_string"}}],"inLanguage":"es"},{"@type":"Organization","@id":"https:\/\/www.itakaescolapios.org\/es\/#organization","name":"Fundaci\u00f3 Itaka-Escolapios","url":"https:\/\/www.itakaescolapios.org\/es\/","logo":{"@type":"ImageObject","inLanguage":"es","@id":"https:\/\/www.itakaescolapios.org\/es\/#\/schema\/logo\/image\/","url":"https:\/\/www.itakaescolapios.org\/wp-content\/uploads\/2024\/04\/Logo-itakaescolapios-peque.png","contentUrl":"https:\/\/www.itakaescolapios.org\/wp-content\/uploads\/2024\/04\/Logo-itakaescolapios-peque.png","width":500,"height":199,"caption":"Fundaci\u00f3 Itaka-Escolapios"},"image":{"@id":"https:\/\/www.itakaescolapios.org\/es\/#\/schema\/logo\/image\/"}},{"@type":"Person","@id":"https:\/\/www.itakaescolapios.org\/es\/#\/schema\/person\/670123daeb1cc31cae1b106740036ccb","name":"itaka","url":"https:\/\/www.itakaescolapios.org\/es\/author\/itaka\/"}]}},"_links":{"self":[{"href":"https:\/\/www.itakaescolapios.org\/es\/wp-json\/wp\/v2\/posts\/30160","targetHints":{"allow":["GET"]}}],"collection":[{"href":"https:\/\/www.itakaescolapios.org\/es\/wp-json\/wp\/v2\/posts"}],"about":[{"href":"https:\/\/www.itakaescolapios.org\/es\/wp-json\/wp\/v2\/types\/post"}],"author":[{"embeddable":true,"href":"https:\/\/www.itakaescolapios.org\/es\/wp-json\/wp\/v2\/users\/4"}],"replies":[{"embeddable":true,"href":"https:\/\/www.itakaescolapios.org\/es\/wp-json\/wp\/v2\/comments?post=30160"}],"version-history":[{"count":3,"href":"https:\/\/www.itakaescolapios.org\/es\/wp-json\/wp\/v2\/posts\/30160\/revisions"}],"predecessor-version":[{"id":45036,"href":"https:\/\/www.itakaescolapios.org\/es\/wp-json\/wp\/v2\/posts\/30160\/revisions\/45036"}],"wp:featuredmedia":[{"embeddable":true,"href":"https:\/\/www.itakaescolapios.org\/es\/wp-json\/wp\/v2\/media\/30161"}],"wp:attachment":[{"href":"https:\/\/www.itakaescolapios.org\/es\/wp-json\/wp\/v2\/media?parent=30160"}],"wp:term":[{"taxonomy":"category","embeddable":true,"href":"https:\/\/www.itakaescolapios.org\/es\/wp-json\/wp\/v2\/categories?post=30160"},{"taxonomy":"post_tag","embeddable":true,"href":"https:\/\/www.itakaescolapios.org\/es\/wp-json\/wp\/v2\/tags?post=30160"}],"curies":[{"name":"wp","href":"https:\/\/api.w.org\/{rel}","templated":true}]}}