{"id":3023,"date":"2012-09-06T15:20:16","date_gmt":"2012-09-06T14:20:16","guid":{"rendered":"https:\/\/www.itakaescolapios.org\/?p=3023"},"modified":"2023-11-28T12:39:38","modified_gmt":"2023-11-28T11:39:38","slug":"encuentro-de-catecumenado-y-equipos-de-responsables-de-grupos","status":"publish","type":"post","link":"https:\/\/www.itakaescolapios.org\/es\/2012\/09\/encuentro-de-catecumenado-y-equipos-de-responsables-de-grupos\/","title":{"rendered":"Encuentro de catecumenado y equipos de responsables de grupos"},"content":{"rendered":"<p>El s\u00e1bado se les presentaron a los grupos de catecumenado dos personas de la comunidad escolapia de Vitoria que hab\u00edan regresado del 2020 y les invitaron a plantearse los proyectos que quer\u00edan hacer realidad en los a\u00f1os siguientes para que el futuro de los grupos y comunidades de Vitoria fuera el que so\u00f1amos.<\/p>\n<p>Adem\u00e1s pudimos escuchar las experiencias delos Bidean II que han estado en 5 campos de trabajo diferentes, y la presentaci\u00f3n de este grupo que hac\u00eda su paso al Catecumenado.<\/p>\n<p>En la eucarist\u00eda celebramos el paso y la acogida de los 11 miembros del nuevo grupo de Cate 1 y de Georges Nkomo (miembro de la comunidad religiosa de Vitoria desde verano y monitor de cate 1)<\/p>\n<p>El domingo estuvo dedicado a organizar los nuevos equipos de monitores de los grupos y comenzamos a planificar algunas actividades.<\/p>\n<p>Empezamos el a\u00f1o con muchas energ\u00edas y muchos sue\u00f1os.<\/p>\n","protected":false},"excerpt":{"rendered":"<p>El s\u00e1bado se les presentaron a los grupos de catecumenado dos personas de la comunidad escolapia de Vitoria que hab\u00edan regresado del 2020 y les invitaron a plantearse los proyectos [&hellip;]<\/p>\n","protected":false},"author":3,"featured_media":3024,"comment_status":"closed","ping_status":"closed","sticky":false,"template":"","format":"standard","meta":{"_et_pb_use_builder":"","_et_pb_old_content":"","_et_gb_content_width":"","footnotes":""},"categories":[13],"tags":[],"class_list":["post-3023","post","type-post","status-publish","format-standard","has-post-thumbnail","hentry","category-vitoria"],"yoast_head":"<!-- This site is optimized with the Yoast SEO plugin v27.4 - https:\/\/yoast.com\/product\/yoast-seo-wordpress\/ -->\n<title>Encuentro de catecumenado y equipos de responsables de grupos - Itaka-Escolapios<\/title>\n<meta name=\"robots\" content=\"index, follow, max-snippet:-1, max-image-preview:large, max-video-preview:-1\" \/>\n<link rel=\"canonical\" href=\"https:\/\/www.itakaescolapios.org\/es\/2012\/09\/encuentro-de-catecumenado-y-equipos-de-responsables-de-grupos\/\" \/>\n<meta property=\"og:locale\" content=\"es_ES\" \/>\n<meta property=\"og:type\" content=\"article\" \/>\n<meta property=\"og:title\" content=\"Encuentro de catecumenado y equipos de responsables de grupos - Itaka-Escolapios\" \/>\n<meta property=\"og:description\" content=\"El s\u00e1bado se les presentaron a los grupos de catecumenado dos personas de la comunidad escolapia de Vitoria que hab\u00edan regresado del 2020 y les invitaron a plantearse los proyectos [&hellip;]\" \/>\n<meta property=\"og:url\" content=\"https:\/\/www.itakaescolapios.org\/es\/2012\/09\/encuentro-de-catecumenado-y-equipos-de-responsables-de-grupos\/\" \/>\n<meta property=\"og:site_name\" content=\"Itaka-Escolapios\" \/>\n<meta property=\"article:published_time\" content=\"2012-09-06T14:20:16+00:00\" \/>\n<meta property=\"article:modified_time\" content=\"2023-11-28T11:39:38+00:00\" \/>\n<meta property=\"og:image\" content=\"https:\/\/www.itakaescolapios.org\/wp-content\/uploads\/2012\/09\/CATECUMENADO.png\" \/>\n\t<meta property=\"og:image:width\" content=\"313\" \/>\n\t<meta property=\"og:image:height\" content=\"234\" \/>\n\t<meta property=\"og:image:type\" content=\"image\/png\" \/>\n<meta name=\"author\" content=\"Bilbao\" \/>\n<meta name=\"twitter:card\" content=\"summary_large_image\" \/>\n<meta name=\"twitter:label1\" content=\"Escrito por\" \/>\n\t<meta name=\"twitter:data1\" content=\"Bilbao\" \/>\n\t<meta name=\"twitter:label2\" content=\"Tiempo de lectura\" \/>\n\t<meta name=\"twitter:data2\" content=\"1 minuto\" \/>\n<script type=\"application\/ld+json\" class=\"yoast-schema-graph\">{\"@context\":\"https:\\\/\\\/schema.org\",\"@graph\":[{\"@type\":\"Article\",\"@id\":\"https:\\\/\\\/www.itakaescolapios.org\\\/es\\\/2012\\\/09\\\/encuentro-de-catecumenado-y-equipos-de-responsables-de-grupos\\\/#article\",\"isPartOf\":{\"@id\":\"https:\\\/\\\/www.itakaescolapios.org\\\/es\\\/2012\\\/09\\\/encuentro-de-catecumenado-y-equipos-de-responsables-de-grupos\\\/\"},\"author\":{\"name\":\"Bilbao\",\"@id\":\"https:\\\/\\\/www.itakaescolapios.org\\\/es\\\/#\\\/schema\\\/person\\\/d5b530ea20cbfbbd734611b2591f590c\"},\"headline\":\"Encuentro de catecumenado y equipos de responsables de grupos\",\"datePublished\":\"2012-09-06T14:20:16+00:00\",\"dateModified\":\"2023-11-28T11:39:38+00:00\",\"mainEntityOfPage\":{\"@id\":\"https:\\\/\\\/www.itakaescolapios.org\\\/es\\\/2012\\\/09\\\/encuentro-de-catecumenado-y-equipos-de-responsables-de-grupos\\\/\"},\"wordCount\":164,\"publisher\":{\"@id\":\"https:\\\/\\\/www.itakaescolapios.org\\\/es\\\/#organization\"},\"image\":{\"@id\":\"https:\\\/\\\/www.itakaescolapios.org\\\/es\\\/2012\\\/09\\\/encuentro-de-catecumenado-y-equipos-de-responsables-de-grupos\\\/#primaryimage\"},\"thumbnailUrl\":\"https:\\\/\\\/www.itakaescolapios.org\\\/wp-content\\\/uploads\\\/2012\\\/09\\\/CATECUMENADO.png\",\"articleSection\":[\"Vitoria-Gasteiz\"],\"inLanguage\":\"es\"},{\"@type\":\"WebPage\",\"@id\":\"https:\\\/\\\/www.itakaescolapios.org\\\/es\\\/2012\\\/09\\\/encuentro-de-catecumenado-y-equipos-de-responsables-de-grupos\\\/\",\"url\":\"https:\\\/\\\/www.itakaescolapios.org\\\/es\\\/2012\\\/09\\\/encuentro-de-catecumenado-y-equipos-de-responsables-de-grupos\\\/\",\"name\":\"Encuentro de catecumenado y equipos de responsables de grupos - Itaka-Escolapios\",\"isPartOf\":{\"@id\":\"https:\\\/\\\/www.itakaescolapios.org\\\/es\\\/#website\"},\"primaryImageOfPage\":{\"@id\":\"https:\\\/\\\/www.itakaescolapios.org\\\/es\\\/2012\\\/09\\\/encuentro-de-catecumenado-y-equipos-de-responsables-de-grupos\\\/#primaryimage\"},\"image\":{\"@id\":\"https:\\\/\\\/www.itakaescolapios.org\\\/es\\\/2012\\\/09\\\/encuentro-de-catecumenado-y-equipos-de-responsables-de-grupos\\\/#primaryimage\"},\"thumbnailUrl\":\"https:\\\/\\\/www.itakaescolapios.org\\\/wp-content\\\/uploads\\\/2012\\\/09\\\/CATECUMENADO.png\",\"datePublished\":\"2012-09-06T14:20:16+00:00\",\"dateModified\":\"2023-11-28T11:39:38+00:00\",\"breadcrumb\":{\"@id\":\"https:\\\/\\\/www.itakaescolapios.org\\\/es\\\/2012\\\/09\\\/encuentro-de-catecumenado-y-equipos-de-responsables-de-grupos\\\/#breadcrumb\"},\"inLanguage\":\"es\",\"potentialAction\":[{\"@type\":\"ReadAction\",\"target\":[\"https:\\\/\\\/www.itakaescolapios.org\\\/es\\\/2012\\\/09\\\/encuentro-de-catecumenado-y-equipos-de-responsables-de-grupos\\\/\"]}]},{\"@type\":\"ImageObject\",\"inLanguage\":\"es\",\"@id\":\"https:\\\/\\\/www.itakaescolapios.org\\\/es\\\/2012\\\/09\\\/encuentro-de-catecumenado-y-equipos-de-responsables-de-grupos\\\/#primaryimage\",\"url\":\"https:\\\/\\\/www.itakaescolapios.org\\\/wp-content\\\/uploads\\\/2012\\\/09\\\/CATECUMENADO.png\",\"contentUrl\":\"https:\\\/\\\/www.itakaescolapios.org\\\/wp-content\\\/uploads\\\/2012\\\/09\\\/CATECUMENADO.png\",\"width\":\"313\",\"height\":\"234\"},{\"@type\":\"BreadcrumbList\",\"@id\":\"https:\\\/\\\/www.itakaescolapios.org\\\/es\\\/2012\\\/09\\\/encuentro-de-catecumenado-y-equipos-de-responsables-de-grupos\\\/#breadcrumb\",\"itemListElement\":[{\"@type\":\"ListItem\",\"position\":1,\"name\":\"Portada\",\"item\":\"https:\\\/\\\/www.itakaescolapios.org\\\/es\\\/\"},{\"@type\":\"ListItem\",\"position\":2,\"name\":\"Encuentro de catecumenado y equipos de responsables de grupos\"}]},{\"@type\":\"WebSite\",\"@id\":\"https:\\\/\\\/www.itakaescolapios.org\\\/es\\\/#website\",\"url\":\"https:\\\/\\\/www.itakaescolapios.org\\\/es\\\/\",\"name\":\"Itaka-Escolapios\",\"description\":\"Red de Itaka-Escolapios\",\"publisher\":{\"@id\":\"https:\\\/\\\/www.itakaescolapios.org\\\/es\\\/#organization\"},\"potentialAction\":[{\"@type\":\"SearchAction\",\"target\":{\"@type\":\"EntryPoint\",\"urlTemplate\":\"https:\\\/\\\/www.itakaescolapios.org\\\/es\\\/?s={search_term_string}\"},\"query-input\":{\"@type\":\"PropertyValueSpecification\",\"valueRequired\":true,\"valueName\":\"search_term_string\"}}],\"inLanguage\":\"es\"},{\"@type\":\"Organization\",\"@id\":\"https:\\\/\\\/www.itakaescolapios.org\\\/es\\\/#organization\",\"name\":\"Fundaci\u00f3 Itaka-Escolapios\",\"url\":\"https:\\\/\\\/www.itakaescolapios.org\\\/es\\\/\",\"logo\":{\"@type\":\"ImageObject\",\"inLanguage\":\"es\",\"@id\":\"https:\\\/\\\/www.itakaescolapios.org\\\/es\\\/#\\\/schema\\\/logo\\\/image\\\/\",\"url\":\"https:\\\/\\\/www.itakaescolapios.org\\\/wp-content\\\/uploads\\\/2024\\\/04\\\/Logo-itakaescolapios-peque.png\",\"contentUrl\":\"https:\\\/\\\/www.itakaescolapios.org\\\/wp-content\\\/uploads\\\/2024\\\/04\\\/Logo-itakaescolapios-peque.png\",\"width\":500,\"height\":199,\"caption\":\"Fundaci\u00f3 Itaka-Escolapios\"},\"image\":{\"@id\":\"https:\\\/\\\/www.itakaescolapios.org\\\/es\\\/#\\\/schema\\\/logo\\\/image\\\/\"}},{\"@type\":\"Person\",\"@id\":\"https:\\\/\\\/www.itakaescolapios.org\\\/es\\\/#\\\/schema\\\/person\\\/d5b530ea20cbfbbd734611b2591f590c\",\"name\":\"Bilbao\",\"url\":\"https:\\\/\\\/www.itakaescolapios.org\\\/es\\\/author\\\/bilbao\\\/\"}]}<\/script>\n<!-- \/ Yoast SEO plugin. -->","yoast_head_json":{"title":"Encuentro de catecumenado y equipos de responsables de grupos - Itaka-Escolapios","robots":{"index":"index","follow":"follow","max-snippet":"max-snippet:-1","max-image-preview":"max-image-preview:large","max-video-preview":"max-video-preview:-1"},"canonical":"https:\/\/www.itakaescolapios.org\/es\/2012\/09\/encuentro-de-catecumenado-y-equipos-de-responsables-de-grupos\/","og_locale":"es_ES","og_type":"article","og_title":"Encuentro de catecumenado y equipos de responsables de grupos - Itaka-Escolapios","og_description":"El s\u00e1bado se les presentaron a los grupos de catecumenado dos personas de la comunidad escolapia de Vitoria que hab\u00edan regresado del 2020 y les invitaron a plantearse los proyectos [&hellip;]","og_url":"https:\/\/www.itakaescolapios.org\/es\/2012\/09\/encuentro-de-catecumenado-y-equipos-de-responsables-de-grupos\/","og_site_name":"Itaka-Escolapios","article_published_time":"2012-09-06T14:20:16+00:00","article_modified_time":"2023-11-28T11:39:38+00:00","og_image":[{"width":313,"height":234,"url":"https:\/\/www.itakaescolapios.org\/wp-content\/uploads\/2012\/09\/CATECUMENADO.png","type":"image\/png"}],"author":"Bilbao","twitter_card":"summary_large_image","twitter_misc":{"Escrito por":"Bilbao","Tiempo de lectura":"1 minuto"},"schema":{"@context":"https:\/\/schema.org","@graph":[{"@type":"Article","@id":"https:\/\/www.itakaescolapios.org\/es\/2012\/09\/encuentro-de-catecumenado-y-equipos-de-responsables-de-grupos\/#article","isPartOf":{"@id":"https:\/\/www.itakaescolapios.org\/es\/2012\/09\/encuentro-de-catecumenado-y-equipos-de-responsables-de-grupos\/"},"author":{"name":"Bilbao","@id":"https:\/\/www.itakaescolapios.org\/es\/#\/schema\/person\/d5b530ea20cbfbbd734611b2591f590c"},"headline":"Encuentro de catecumenado y equipos de responsables de grupos","datePublished":"2012-09-06T14:20:16+00:00","dateModified":"2023-11-28T11:39:38+00:00","mainEntityOfPage":{"@id":"https:\/\/www.itakaescolapios.org\/es\/2012\/09\/encuentro-de-catecumenado-y-equipos-de-responsables-de-grupos\/"},"wordCount":164,"publisher":{"@id":"https:\/\/www.itakaescolapios.org\/es\/#organization"},"image":{"@id":"https:\/\/www.itakaescolapios.org\/es\/2012\/09\/encuentro-de-catecumenado-y-equipos-de-responsables-de-grupos\/#primaryimage"},"thumbnailUrl":"https:\/\/www.itakaescolapios.org\/wp-content\/uploads\/2012\/09\/CATECUMENADO.png","articleSection":["Vitoria-Gasteiz"],"inLanguage":"es"},{"@type":"WebPage","@id":"https:\/\/www.itakaescolapios.org\/es\/2012\/09\/encuentro-de-catecumenado-y-equipos-de-responsables-de-grupos\/","url":"https:\/\/www.itakaescolapios.org\/es\/2012\/09\/encuentro-de-catecumenado-y-equipos-de-responsables-de-grupos\/","name":"Encuentro de catecumenado y equipos de responsables de grupos - Itaka-Escolapios","isPartOf":{"@id":"https:\/\/www.itakaescolapios.org\/es\/#website"},"primaryImageOfPage":{"@id":"https:\/\/www.itakaescolapios.org\/es\/2012\/09\/encuentro-de-catecumenado-y-equipos-de-responsables-de-grupos\/#primaryimage"},"image":{"@id":"https:\/\/www.itakaescolapios.org\/es\/2012\/09\/encuentro-de-catecumenado-y-equipos-de-responsables-de-grupos\/#primaryimage"},"thumbnailUrl":"https:\/\/www.itakaescolapios.org\/wp-content\/uploads\/2012\/09\/CATECUMENADO.png","datePublished":"2012-09-06T14:20:16+00:00","dateModified":"2023-11-28T11:39:38+00:00","breadcrumb":{"@id":"https:\/\/www.itakaescolapios.org\/es\/2012\/09\/encuentro-de-catecumenado-y-equipos-de-responsables-de-grupos\/#breadcrumb"},"inLanguage":"es","potentialAction":[{"@type":"ReadAction","target":["https:\/\/www.itakaescolapios.org\/es\/2012\/09\/encuentro-de-catecumenado-y-equipos-de-responsables-de-grupos\/"]}]},{"@type":"ImageObject","inLanguage":"es","@id":"https:\/\/www.itakaescolapios.org\/es\/2012\/09\/encuentro-de-catecumenado-y-equipos-de-responsables-de-grupos\/#primaryimage","url":"https:\/\/www.itakaescolapios.org\/wp-content\/uploads\/2012\/09\/CATECUMENADO.png","contentUrl":"https:\/\/www.itakaescolapios.org\/wp-content\/uploads\/2012\/09\/CATECUMENADO.png","width":"313","height":"234"},{"@type":"BreadcrumbList","@id":"https:\/\/www.itakaescolapios.org\/es\/2012\/09\/encuentro-de-catecumenado-y-equipos-de-responsables-de-grupos\/#breadcrumb","itemListElement":[{"@type":"ListItem","position":1,"name":"Portada","item":"https:\/\/www.itakaescolapios.org\/es\/"},{"@type":"ListItem","position":2,"name":"Encuentro de catecumenado y equipos de responsables de grupos"}]},{"@type":"WebSite","@id":"https:\/\/www.itakaescolapios.org\/es\/#website","url":"https:\/\/www.itakaescolapios.org\/es\/","name":"Itaka-Escolapios","description":"Red de Itaka-Escolapios","publisher":{"@id":"https:\/\/www.itakaescolapios.org\/es\/#organization"},"potentialAction":[{"@type":"SearchAction","target":{"@type":"EntryPoint","urlTemplate":"https:\/\/www.itakaescolapios.org\/es\/?s={search_term_string}"},"query-input":{"@type":"PropertyValueSpecification","valueRequired":true,"valueName":"search_term_string"}}],"inLanguage":"es"},{"@type":"Organization","@id":"https:\/\/www.itakaescolapios.org\/es\/#organization","name":"Fundaci\u00f3 Itaka-Escolapios","url":"https:\/\/www.itakaescolapios.org\/es\/","logo":{"@type":"ImageObject","inLanguage":"es","@id":"https:\/\/www.itakaescolapios.org\/es\/#\/schema\/logo\/image\/","url":"https:\/\/www.itakaescolapios.org\/wp-content\/uploads\/2024\/04\/Logo-itakaescolapios-peque.png","contentUrl":"https:\/\/www.itakaescolapios.org\/wp-content\/uploads\/2024\/04\/Logo-itakaescolapios-peque.png","width":500,"height":199,"caption":"Fundaci\u00f3 Itaka-Escolapios"},"image":{"@id":"https:\/\/www.itakaescolapios.org\/es\/#\/schema\/logo\/image\/"}},{"@type":"Person","@id":"https:\/\/www.itakaescolapios.org\/es\/#\/schema\/person\/d5b530ea20cbfbbd734611b2591f590c","name":"Bilbao","url":"https:\/\/www.itakaescolapios.org\/es\/author\/bilbao\/"}]}},"_links":{"self":[{"href":"https:\/\/www.itakaescolapios.org\/es\/wp-json\/wp\/v2\/posts\/3023","targetHints":{"allow":["GET"]}}],"collection":[{"href":"https:\/\/www.itakaescolapios.org\/es\/wp-json\/wp\/v2\/posts"}],"about":[{"href":"https:\/\/www.itakaescolapios.org\/es\/wp-json\/wp\/v2\/types\/post"}],"author":[{"embeddable":true,"href":"https:\/\/www.itakaescolapios.org\/es\/wp-json\/wp\/v2\/users\/3"}],"replies":[{"embeddable":true,"href":"https:\/\/www.itakaescolapios.org\/es\/wp-json\/wp\/v2\/comments?post=3023"}],"version-history":[{"count":5,"href":"https:\/\/www.itakaescolapios.org\/es\/wp-json\/wp\/v2\/posts\/3023\/revisions"}],"predecessor-version":[{"id":50032,"href":"https:\/\/www.itakaescolapios.org\/es\/wp-json\/wp\/v2\/posts\/3023\/revisions\/50032"}],"wp:featuredmedia":[{"embeddable":true,"href":"https:\/\/www.itakaescolapios.org\/es\/wp-json\/wp\/v2\/media\/3024"}],"wp:attachment":[{"href":"https:\/\/www.itakaescolapios.org\/es\/wp-json\/wp\/v2\/media?parent=3023"}],"wp:term":[{"taxonomy":"category","embeddable":true,"href":"https:\/\/www.itakaescolapios.org\/es\/wp-json\/wp\/v2\/categories?post=3023"},{"taxonomy":"post_tag","embeddable":true,"href":"https:\/\/www.itakaescolapios.org\/es\/wp-json\/wp\/v2\/tags?post=3023"}],"curies":[{"name":"wp","href":"https:\/\/api.w.org\/{rel}","templated":true}]}}