{"id":3092,"date":"2012-09-15T10:51:04","date_gmt":"2012-09-15T09:51:04","guid":{"rendered":"https:\/\/www.itakaescolapios.org\/?p=3092"},"modified":"2023-11-28T12:39:37","modified_gmt":"2023-11-28T11:39:37","slug":"paso-de-monitores-e-inicio-del-catecumenado","status":"publish","type":"post","link":"https:\/\/www.itakaescolapios.org\/es\/2012\/09\/paso-de-monitores-e-inicio-del-catecumenado\/","title":{"rendered":"Paso de monitores e inicio del catecumenado"},"content":{"rendered":"<p>El viernes y s\u00e1bado, 14 y 15 de septiembre, se ha celebrando en el albergue de Lekun-etxea de Arrazola el habitual encuentro de responsables del centro de pastoral de Bilbao donde se conforman los nuevos equipos de monitores para este curso y, a continuaci\u00f3n, el inicio del curso para los grupos de Catecumenado.<\/p>\n<p>El viernes se comenz\u00f3 con una reflexi\u00f3n educativa, tambi\u00e9n se present\u00f3 el nuevo grupo de monta\u00f1a que comenzar\u00e1 a funcionar este curso y se hizo una velada tras la cena. De ma\u00f1ana algunos subieron al Anboto, se tuvo la primera reuni\u00f3n de los nuevos equipos de responsables y, ya con el resto del catecumenado, se celebr\u00f3 la eucarist\u00eda con el correspondiente env\u00edo de los monitores. Tras la comida se tuvo la primera reuni\u00f3n de cada uno de los grupos de catecumenado y discernimiento.<\/p>\n","protected":false},"excerpt":{"rendered":"<p>El viernes y s\u00e1bado, 14 y 15 de septiembre, se ha celebrando en el albergue de Lekun-etxea de Arrazola el habitual encuentro de responsables del centro de pastoral de Bilbao [&hellip;]<\/p>\n","protected":false},"author":3,"featured_media":3093,"comment_status":"closed","ping_status":"closed","sticky":false,"template":"","format":"standard","meta":{"_et_pb_use_builder":"","_et_pb_old_content":"","_et_gb_content_width":"","footnotes":""},"categories":[9],"tags":[],"class_list":["post-3092","post","type-post","status-publish","format-standard","has-post-thumbnail","hentry","category-bilbao"],"yoast_head":"<!-- This site is optimized with the Yoast SEO plugin v27.4 - https:\/\/yoast.com\/product\/yoast-seo-wordpress\/ -->\n<title>Paso de monitores e inicio del catecumenado - Itaka-Escolapios<\/title>\n<meta name=\"robots\" content=\"index, follow, max-snippet:-1, max-image-preview:large, max-video-preview:-1\" \/>\n<link rel=\"canonical\" href=\"https:\/\/www.itakaescolapios.org\/es\/2012\/09\/paso-de-monitores-e-inicio-del-catecumenado\/\" \/>\n<meta property=\"og:locale\" content=\"es_ES\" \/>\n<meta property=\"og:type\" content=\"article\" \/>\n<meta property=\"og:title\" content=\"Paso de monitores e inicio del catecumenado - Itaka-Escolapios\" \/>\n<meta property=\"og:description\" content=\"El viernes y s\u00e1bado, 14 y 15 de septiembre, se ha celebrando en el albergue de Lekun-etxea de Arrazola el habitual encuentro de responsables del centro de pastoral de Bilbao [&hellip;]\" \/>\n<meta property=\"og:url\" content=\"https:\/\/www.itakaescolapios.org\/es\/2012\/09\/paso-de-monitores-e-inicio-del-catecumenado\/\" \/>\n<meta property=\"og:site_name\" content=\"Itaka-Escolapios\" \/>\n<meta property=\"article:published_time\" content=\"2012-09-15T09:51:04+00:00\" \/>\n<meta property=\"article:modified_time\" content=\"2023-11-28T11:39:37+00:00\" \/>\n<meta property=\"og:image\" content=\"https:\/\/www.itakaescolapios.org\/wp-content\/uploads\/2012\/09\/Paso.jpg\" \/>\n\t<meta property=\"og:image:width\" content=\"1068\" \/>\n\t<meta property=\"og:image:height\" content=\"564\" \/>\n\t<meta property=\"og:image:type\" content=\"image\/jpeg\" \/>\n<meta name=\"author\" content=\"Bilbao\" \/>\n<meta name=\"twitter:card\" content=\"summary_large_image\" \/>\n<meta name=\"twitter:label1\" content=\"Escrito por\" \/>\n\t<meta name=\"twitter:data1\" content=\"Bilbao\" \/>\n\t<meta name=\"twitter:label2\" content=\"Tiempo de lectura\" \/>\n\t<meta name=\"twitter:data2\" content=\"1 minuto\" \/>\n<script type=\"application\/ld+json\" class=\"yoast-schema-graph\">{\"@context\":\"https:\\\/\\\/schema.org\",\"@graph\":[{\"@type\":\"Article\",\"@id\":\"https:\\\/\\\/www.itakaescolapios.org\\\/es\\\/2012\\\/09\\\/paso-de-monitores-e-inicio-del-catecumenado\\\/#article\",\"isPartOf\":{\"@id\":\"https:\\\/\\\/www.itakaescolapios.org\\\/es\\\/2012\\\/09\\\/paso-de-monitores-e-inicio-del-catecumenado\\\/\"},\"author\":{\"name\":\"Bilbao\",\"@id\":\"https:\\\/\\\/www.itakaescolapios.org\\\/es\\\/#\\\/schema\\\/person\\\/d5b530ea20cbfbbd734611b2591f590c\"},\"headline\":\"Paso de monitores e inicio del catecumenado\",\"datePublished\":\"2012-09-15T09:51:04+00:00\",\"dateModified\":\"2023-11-28T11:39:37+00:00\",\"mainEntityOfPage\":{\"@id\":\"https:\\\/\\\/www.itakaescolapios.org\\\/es\\\/2012\\\/09\\\/paso-de-monitores-e-inicio-del-catecumenado\\\/\"},\"wordCount\":151,\"publisher\":{\"@id\":\"https:\\\/\\\/www.itakaescolapios.org\\\/es\\\/#organization\"},\"image\":{\"@id\":\"https:\\\/\\\/www.itakaescolapios.org\\\/es\\\/2012\\\/09\\\/paso-de-monitores-e-inicio-del-catecumenado\\\/#primaryimage\"},\"thumbnailUrl\":\"https:\\\/\\\/www.itakaescolapios.org\\\/wp-content\\\/uploads\\\/2012\\\/09\\\/Paso.jpg\",\"articleSection\":[\"Bilbao\"],\"inLanguage\":\"es\"},{\"@type\":\"WebPage\",\"@id\":\"https:\\\/\\\/www.itakaescolapios.org\\\/es\\\/2012\\\/09\\\/paso-de-monitores-e-inicio-del-catecumenado\\\/\",\"url\":\"https:\\\/\\\/www.itakaescolapios.org\\\/es\\\/2012\\\/09\\\/paso-de-monitores-e-inicio-del-catecumenado\\\/\",\"name\":\"Paso de monitores e inicio del catecumenado - Itaka-Escolapios\",\"isPartOf\":{\"@id\":\"https:\\\/\\\/www.itakaescolapios.org\\\/es\\\/#website\"},\"primaryImageOfPage\":{\"@id\":\"https:\\\/\\\/www.itakaescolapios.org\\\/es\\\/2012\\\/09\\\/paso-de-monitores-e-inicio-del-catecumenado\\\/#primaryimage\"},\"image\":{\"@id\":\"https:\\\/\\\/www.itakaescolapios.org\\\/es\\\/2012\\\/09\\\/paso-de-monitores-e-inicio-del-catecumenado\\\/#primaryimage\"},\"thumbnailUrl\":\"https:\\\/\\\/www.itakaescolapios.org\\\/wp-content\\\/uploads\\\/2012\\\/09\\\/Paso.jpg\",\"datePublished\":\"2012-09-15T09:51:04+00:00\",\"dateModified\":\"2023-11-28T11:39:37+00:00\",\"breadcrumb\":{\"@id\":\"https:\\\/\\\/www.itakaescolapios.org\\\/es\\\/2012\\\/09\\\/paso-de-monitores-e-inicio-del-catecumenado\\\/#breadcrumb\"},\"inLanguage\":\"es\",\"potentialAction\":[{\"@type\":\"ReadAction\",\"target\":[\"https:\\\/\\\/www.itakaescolapios.org\\\/es\\\/2012\\\/09\\\/paso-de-monitores-e-inicio-del-catecumenado\\\/\"]}]},{\"@type\":\"ImageObject\",\"inLanguage\":\"es\",\"@id\":\"https:\\\/\\\/www.itakaescolapios.org\\\/es\\\/2012\\\/09\\\/paso-de-monitores-e-inicio-del-catecumenado\\\/#primaryimage\",\"url\":\"https:\\\/\\\/www.itakaescolapios.org\\\/wp-content\\\/uploads\\\/2012\\\/09\\\/Paso.jpg\",\"contentUrl\":\"https:\\\/\\\/www.itakaescolapios.org\\\/wp-content\\\/uploads\\\/2012\\\/09\\\/Paso.jpg\",\"width\":\"1068\",\"height\":\"564\"},{\"@type\":\"BreadcrumbList\",\"@id\":\"https:\\\/\\\/www.itakaescolapios.org\\\/es\\\/2012\\\/09\\\/paso-de-monitores-e-inicio-del-catecumenado\\\/#breadcrumb\",\"itemListElement\":[{\"@type\":\"ListItem\",\"position\":1,\"name\":\"Portada\",\"item\":\"https:\\\/\\\/www.itakaescolapios.org\\\/es\\\/\"},{\"@type\":\"ListItem\",\"position\":2,\"name\":\"Paso de monitores e inicio del catecumenado\"}]},{\"@type\":\"WebSite\",\"@id\":\"https:\\\/\\\/www.itakaescolapios.org\\\/es\\\/#website\",\"url\":\"https:\\\/\\\/www.itakaescolapios.org\\\/es\\\/\",\"name\":\"Itaka-Escolapios\",\"description\":\"Red de Itaka-Escolapios\",\"publisher\":{\"@id\":\"https:\\\/\\\/www.itakaescolapios.org\\\/es\\\/#organization\"},\"potentialAction\":[{\"@type\":\"SearchAction\",\"target\":{\"@type\":\"EntryPoint\",\"urlTemplate\":\"https:\\\/\\\/www.itakaescolapios.org\\\/es\\\/?s={search_term_string}\"},\"query-input\":{\"@type\":\"PropertyValueSpecification\",\"valueRequired\":true,\"valueName\":\"search_term_string\"}}],\"inLanguage\":\"es\"},{\"@type\":\"Organization\",\"@id\":\"https:\\\/\\\/www.itakaescolapios.org\\\/es\\\/#organization\",\"name\":\"Fundaci\u00f3 Itaka-Escolapios\",\"url\":\"https:\\\/\\\/www.itakaescolapios.org\\\/es\\\/\",\"logo\":{\"@type\":\"ImageObject\",\"inLanguage\":\"es\",\"@id\":\"https:\\\/\\\/www.itakaescolapios.org\\\/es\\\/#\\\/schema\\\/logo\\\/image\\\/\",\"url\":\"https:\\\/\\\/www.itakaescolapios.org\\\/wp-content\\\/uploads\\\/2024\\\/04\\\/Logo-itakaescolapios-peque.png\",\"contentUrl\":\"https:\\\/\\\/www.itakaescolapios.org\\\/wp-content\\\/uploads\\\/2024\\\/04\\\/Logo-itakaescolapios-peque.png\",\"width\":500,\"height\":199,\"caption\":\"Fundaci\u00f3 Itaka-Escolapios\"},\"image\":{\"@id\":\"https:\\\/\\\/www.itakaescolapios.org\\\/es\\\/#\\\/schema\\\/logo\\\/image\\\/\"}},{\"@type\":\"Person\",\"@id\":\"https:\\\/\\\/www.itakaescolapios.org\\\/es\\\/#\\\/schema\\\/person\\\/d5b530ea20cbfbbd734611b2591f590c\",\"name\":\"Bilbao\",\"url\":\"https:\\\/\\\/www.itakaescolapios.org\\\/es\\\/author\\\/bilbao\\\/\"}]}<\/script>\n<!-- \/ Yoast SEO plugin. -->","yoast_head_json":{"title":"Paso de monitores e inicio del catecumenado - Itaka-Escolapios","robots":{"index":"index","follow":"follow","max-snippet":"max-snippet:-1","max-image-preview":"max-image-preview:large","max-video-preview":"max-video-preview:-1"},"canonical":"https:\/\/www.itakaescolapios.org\/es\/2012\/09\/paso-de-monitores-e-inicio-del-catecumenado\/","og_locale":"es_ES","og_type":"article","og_title":"Paso de monitores e inicio del catecumenado - Itaka-Escolapios","og_description":"El viernes y s\u00e1bado, 14 y 15 de septiembre, se ha celebrando en el albergue de Lekun-etxea de Arrazola el habitual encuentro de responsables del centro de pastoral de Bilbao [&hellip;]","og_url":"https:\/\/www.itakaescolapios.org\/es\/2012\/09\/paso-de-monitores-e-inicio-del-catecumenado\/","og_site_name":"Itaka-Escolapios","article_published_time":"2012-09-15T09:51:04+00:00","article_modified_time":"2023-11-28T11:39:37+00:00","og_image":[{"width":1068,"height":564,"url":"https:\/\/www.itakaescolapios.org\/wp-content\/uploads\/2012\/09\/Paso.jpg","type":"image\/jpeg"}],"author":"Bilbao","twitter_card":"summary_large_image","twitter_misc":{"Escrito por":"Bilbao","Tiempo de lectura":"1 minuto"},"schema":{"@context":"https:\/\/schema.org","@graph":[{"@type":"Article","@id":"https:\/\/www.itakaescolapios.org\/es\/2012\/09\/paso-de-monitores-e-inicio-del-catecumenado\/#article","isPartOf":{"@id":"https:\/\/www.itakaescolapios.org\/es\/2012\/09\/paso-de-monitores-e-inicio-del-catecumenado\/"},"author":{"name":"Bilbao","@id":"https:\/\/www.itakaescolapios.org\/es\/#\/schema\/person\/d5b530ea20cbfbbd734611b2591f590c"},"headline":"Paso de monitores e inicio del catecumenado","datePublished":"2012-09-15T09:51:04+00:00","dateModified":"2023-11-28T11:39:37+00:00","mainEntityOfPage":{"@id":"https:\/\/www.itakaescolapios.org\/es\/2012\/09\/paso-de-monitores-e-inicio-del-catecumenado\/"},"wordCount":151,"publisher":{"@id":"https:\/\/www.itakaescolapios.org\/es\/#organization"},"image":{"@id":"https:\/\/www.itakaescolapios.org\/es\/2012\/09\/paso-de-monitores-e-inicio-del-catecumenado\/#primaryimage"},"thumbnailUrl":"https:\/\/www.itakaescolapios.org\/wp-content\/uploads\/2012\/09\/Paso.jpg","articleSection":["Bilbao"],"inLanguage":"es"},{"@type":"WebPage","@id":"https:\/\/www.itakaescolapios.org\/es\/2012\/09\/paso-de-monitores-e-inicio-del-catecumenado\/","url":"https:\/\/www.itakaescolapios.org\/es\/2012\/09\/paso-de-monitores-e-inicio-del-catecumenado\/","name":"Paso de monitores e inicio del catecumenado - Itaka-Escolapios","isPartOf":{"@id":"https:\/\/www.itakaescolapios.org\/es\/#website"},"primaryImageOfPage":{"@id":"https:\/\/www.itakaescolapios.org\/es\/2012\/09\/paso-de-monitores-e-inicio-del-catecumenado\/#primaryimage"},"image":{"@id":"https:\/\/www.itakaescolapios.org\/es\/2012\/09\/paso-de-monitores-e-inicio-del-catecumenado\/#primaryimage"},"thumbnailUrl":"https:\/\/www.itakaescolapios.org\/wp-content\/uploads\/2012\/09\/Paso.jpg","datePublished":"2012-09-15T09:51:04+00:00","dateModified":"2023-11-28T11:39:37+00:00","breadcrumb":{"@id":"https:\/\/www.itakaescolapios.org\/es\/2012\/09\/paso-de-monitores-e-inicio-del-catecumenado\/#breadcrumb"},"inLanguage":"es","potentialAction":[{"@type":"ReadAction","target":["https:\/\/www.itakaescolapios.org\/es\/2012\/09\/paso-de-monitores-e-inicio-del-catecumenado\/"]}]},{"@type":"ImageObject","inLanguage":"es","@id":"https:\/\/www.itakaescolapios.org\/es\/2012\/09\/paso-de-monitores-e-inicio-del-catecumenado\/#primaryimage","url":"https:\/\/www.itakaescolapios.org\/wp-content\/uploads\/2012\/09\/Paso.jpg","contentUrl":"https:\/\/www.itakaescolapios.org\/wp-content\/uploads\/2012\/09\/Paso.jpg","width":"1068","height":"564"},{"@type":"BreadcrumbList","@id":"https:\/\/www.itakaescolapios.org\/es\/2012\/09\/paso-de-monitores-e-inicio-del-catecumenado\/#breadcrumb","itemListElement":[{"@type":"ListItem","position":1,"name":"Portada","item":"https:\/\/www.itakaescolapios.org\/es\/"},{"@type":"ListItem","position":2,"name":"Paso de monitores e inicio del catecumenado"}]},{"@type":"WebSite","@id":"https:\/\/www.itakaescolapios.org\/es\/#website","url":"https:\/\/www.itakaescolapios.org\/es\/","name":"Itaka-Escolapios","description":"Red de Itaka-Escolapios","publisher":{"@id":"https:\/\/www.itakaescolapios.org\/es\/#organization"},"potentialAction":[{"@type":"SearchAction","target":{"@type":"EntryPoint","urlTemplate":"https:\/\/www.itakaescolapios.org\/es\/?s={search_term_string}"},"query-input":{"@type":"PropertyValueSpecification","valueRequired":true,"valueName":"search_term_string"}}],"inLanguage":"es"},{"@type":"Organization","@id":"https:\/\/www.itakaescolapios.org\/es\/#organization","name":"Fundaci\u00f3 Itaka-Escolapios","url":"https:\/\/www.itakaescolapios.org\/es\/","logo":{"@type":"ImageObject","inLanguage":"es","@id":"https:\/\/www.itakaescolapios.org\/es\/#\/schema\/logo\/image\/","url":"https:\/\/www.itakaescolapios.org\/wp-content\/uploads\/2024\/04\/Logo-itakaescolapios-peque.png","contentUrl":"https:\/\/www.itakaescolapios.org\/wp-content\/uploads\/2024\/04\/Logo-itakaescolapios-peque.png","width":500,"height":199,"caption":"Fundaci\u00f3 Itaka-Escolapios"},"image":{"@id":"https:\/\/www.itakaescolapios.org\/es\/#\/schema\/logo\/image\/"}},{"@type":"Person","@id":"https:\/\/www.itakaescolapios.org\/es\/#\/schema\/person\/d5b530ea20cbfbbd734611b2591f590c","name":"Bilbao","url":"https:\/\/www.itakaescolapios.org\/es\/author\/bilbao\/"}]}},"_links":{"self":[{"href":"https:\/\/www.itakaescolapios.org\/es\/wp-json\/wp\/v2\/posts\/3092","targetHints":{"allow":["GET"]}}],"collection":[{"href":"https:\/\/www.itakaescolapios.org\/es\/wp-json\/wp\/v2\/posts"}],"about":[{"href":"https:\/\/www.itakaescolapios.org\/es\/wp-json\/wp\/v2\/types\/post"}],"author":[{"embeddable":true,"href":"https:\/\/www.itakaescolapios.org\/es\/wp-json\/wp\/v2\/users\/3"}],"replies":[{"embeddable":true,"href":"https:\/\/www.itakaescolapios.org\/es\/wp-json\/wp\/v2\/comments?post=3092"}],"version-history":[{"count":5,"href":"https:\/\/www.itakaescolapios.org\/es\/wp-json\/wp\/v2\/posts\/3092\/revisions"}],"predecessor-version":[{"id":50012,"href":"https:\/\/www.itakaescolapios.org\/es\/wp-json\/wp\/v2\/posts\/3092\/revisions\/50012"}],"wp:featuredmedia":[{"embeddable":true,"href":"https:\/\/www.itakaescolapios.org\/es\/wp-json\/wp\/v2\/media\/3093"}],"wp:attachment":[{"href":"https:\/\/www.itakaescolapios.org\/es\/wp-json\/wp\/v2\/media?parent=3092"}],"wp:term":[{"taxonomy":"category","embeddable":true,"href":"https:\/\/www.itakaescolapios.org\/es\/wp-json\/wp\/v2\/categories?post=3092"},{"taxonomy":"post_tag","embeddable":true,"href":"https:\/\/www.itakaescolapios.org\/es\/wp-json\/wp\/v2\/tags?post=3092"}],"curies":[{"name":"wp","href":"https:\/\/api.w.org\/{rel}","templated":true}]}}