{"id":3140,"date":"2012-09-24T09:28:05","date_gmt":"2012-09-24T08:28:05","guid":{"rendered":"https:\/\/www.itakaescolapios.org\/?p=3140"},"modified":"2023-11-28T12:39:37","modified_gmt":"2023-11-28T11:39:37","slug":"bilbao-celebro-el-paso-de-grupos-en-el-caserio-lekunetxea-los-dias-22-y-23-de-septiembre","status":"publish","type":"post","link":"https:\/\/www.itakaescolapios.org\/es\/2012\/09\/bilbao-celebro-el-paso-de-grupos-en-el-caserio-lekunetxea-los-dias-22-y-23-de-septiembre\/","title":{"rendered":"Bilbao celebr\u00f3 el paso de grupos en el caserio Lekunetxea los d\u00edas 22 y 23 de septiembre"},"content":{"rendered":"<p>Como es ya tradici\u00f3n, celebramos este fin de semana el paso de los grupos de 5\u00ba de Primaria a 2\u00ba de Bachiller en el caser\u00f1io Lekun-etxea de Arrazola.<\/p>\n<p>As\u00ed indicamos el proceso que significan estos grupos en la educaci\u00f3n y el desarrollo personal de cada uno de sus componentes. Lo mayores imponen la pa\u00f1oleta, signo de la pertenencia a los grupos de Itaka, a los peque\u00f1os de 5\u00ba.<\/p>\n<p>El fin de semana comienza con un juego (en esta ocasi\u00f3n en torno a Harry Potter), la celebraci\u00f3n de la eucarist\u00eda con la imposici\u00f3n de las pa\u00f1oletas, la cena, el paso propiamente de cada uno de los grupos y, ya por la ma\u00f1ana del domingo, una primera reuni\u00f3n con los nuevos monitores.<\/p>\n<p>Para ver algunas\u00a0fotos\u00a0<a href=\"http:\/\/www.escolapiosemaus.org\/emaus-dt-Paso%20grupos%20120922-3-154-521868--.html\">PINCHA AQU\u00cd<\/a><strong><\/strong><\/p>\n","protected":false},"excerpt":{"rendered":"<p>Como es ya tradici\u00f3n, celebramos este fin de semana el paso de los grupos de 5\u00ba de Primaria a 2\u00ba de Bachiller en el caser\u00f1io Lekun-etxea de Arrazola. As\u00ed indicamos [&hellip;]<\/p>\n","protected":false},"author":3,"featured_media":3141,"comment_status":"closed","ping_status":"closed","sticky":false,"template":"","format":"standard","meta":{"_et_pb_use_builder":"","_et_pb_old_content":"","_et_gb_content_width":"","footnotes":""},"categories":[9],"tags":[],"class_list":["post-3140","post","type-post","status-publish","format-standard","has-post-thumbnail","hentry","category-bilbao"],"yoast_head":"<!-- This site is optimized with the Yoast SEO plugin v27.4 - https:\/\/yoast.com\/product\/yoast-seo-wordpress\/ -->\n<title>Bilbao celebr\u00f3 el paso de grupos en el caserio Lekunetxea los d\u00edas 22 y 23 de septiembre - Itaka-Escolapios<\/title>\n<meta name=\"robots\" content=\"index, follow, max-snippet:-1, max-image-preview:large, max-video-preview:-1\" \/>\n<link rel=\"canonical\" href=\"https:\/\/www.itakaescolapios.org\/es\/2012\/09\/bilbao-celebro-el-paso-de-grupos-en-el-caserio-lekunetxea-los-dias-22-y-23-de-septiembre\/\" \/>\n<meta property=\"og:locale\" content=\"es_ES\" \/>\n<meta property=\"og:type\" content=\"article\" \/>\n<meta property=\"og:title\" content=\"Bilbao celebr\u00f3 el paso de grupos en el caserio Lekunetxea los d\u00edas 22 y 23 de septiembre - Itaka-Escolapios\" \/>\n<meta property=\"og:description\" content=\"Como es ya tradici\u00f3n, celebramos este fin de semana el paso de los grupos de 5\u00ba de Primaria a 2\u00ba de Bachiller en el caser\u00f1io Lekun-etxea de Arrazola. As\u00ed indicamos [&hellip;]\" \/>\n<meta property=\"og:url\" content=\"https:\/\/www.itakaescolapios.org\/es\/2012\/09\/bilbao-celebro-el-paso-de-grupos-en-el-caserio-lekunetxea-los-dias-22-y-23-de-septiembre\/\" \/>\n<meta property=\"og:site_name\" content=\"Itaka-Escolapios\" \/>\n<meta property=\"article:published_time\" content=\"2012-09-24T08:28:05+00:00\" \/>\n<meta property=\"article:modified_time\" content=\"2023-11-28T11:39:37+00:00\" \/>\n<meta property=\"og:image\" content=\"https:\/\/www.itakaescolapios.org\/wp-content\/uploads\/2012\/09\/Paso-chavales.jpg\" \/>\n\t<meta property=\"og:image:width\" content=\"2000\" \/>\n\t<meta property=\"og:image:height\" content=\"885\" \/>\n\t<meta property=\"og:image:type\" content=\"image\/jpeg\" \/>\n<meta name=\"author\" content=\"Bilbao\" \/>\n<meta name=\"twitter:card\" content=\"summary_large_image\" \/>\n<meta name=\"twitter:label1\" content=\"Escrito por\" \/>\n\t<meta name=\"twitter:data1\" content=\"Bilbao\" \/>\n\t<meta name=\"twitter:label2\" content=\"Tiempo de lectura\" \/>\n\t<meta name=\"twitter:data2\" content=\"1 minuto\" \/>\n<script type=\"application\/ld+json\" class=\"yoast-schema-graph\">{\"@context\":\"https:\\\/\\\/schema.org\",\"@graph\":[{\"@type\":\"Article\",\"@id\":\"https:\\\/\\\/www.itakaescolapios.org\\\/es\\\/2012\\\/09\\\/bilbao-celebro-el-paso-de-grupos-en-el-caserio-lekunetxea-los-dias-22-y-23-de-septiembre\\\/#article\",\"isPartOf\":{\"@id\":\"https:\\\/\\\/www.itakaescolapios.org\\\/es\\\/2012\\\/09\\\/bilbao-celebro-el-paso-de-grupos-en-el-caserio-lekunetxea-los-dias-22-y-23-de-septiembre\\\/\"},\"author\":{\"name\":\"Bilbao\",\"@id\":\"https:\\\/\\\/www.itakaescolapios.org\\\/es\\\/#\\\/schema\\\/person\\\/d5b530ea20cbfbbd734611b2591f590c\"},\"headline\":\"Bilbao celebr\u00f3 el paso de grupos en el caserio Lekunetxea los d\u00edas 22 y 23 de septiembre\",\"datePublished\":\"2012-09-24T08:28:05+00:00\",\"dateModified\":\"2023-11-28T11:39:37+00:00\",\"mainEntityOfPage\":{\"@id\":\"https:\\\/\\\/www.itakaescolapios.org\\\/es\\\/2012\\\/09\\\/bilbao-celebro-el-paso-de-grupos-en-el-caserio-lekunetxea-los-dias-22-y-23-de-septiembre\\\/\"},\"wordCount\":151,\"publisher\":{\"@id\":\"https:\\\/\\\/www.itakaescolapios.org\\\/es\\\/#organization\"},\"image\":{\"@id\":\"https:\\\/\\\/www.itakaescolapios.org\\\/es\\\/2012\\\/09\\\/bilbao-celebro-el-paso-de-grupos-en-el-caserio-lekunetxea-los-dias-22-y-23-de-septiembre\\\/#primaryimage\"},\"thumbnailUrl\":\"https:\\\/\\\/www.itakaescolapios.org\\\/wp-content\\\/uploads\\\/2012\\\/09\\\/Paso-chavales.jpg\",\"articleSection\":[\"Bilbao\"],\"inLanguage\":\"es\"},{\"@type\":\"WebPage\",\"@id\":\"https:\\\/\\\/www.itakaescolapios.org\\\/es\\\/2012\\\/09\\\/bilbao-celebro-el-paso-de-grupos-en-el-caserio-lekunetxea-los-dias-22-y-23-de-septiembre\\\/\",\"url\":\"https:\\\/\\\/www.itakaescolapios.org\\\/es\\\/2012\\\/09\\\/bilbao-celebro-el-paso-de-grupos-en-el-caserio-lekunetxea-los-dias-22-y-23-de-septiembre\\\/\",\"name\":\"Bilbao celebr\u00f3 el paso de grupos en el caserio Lekunetxea los d\u00edas 22 y 23 de septiembre - Itaka-Escolapios\",\"isPartOf\":{\"@id\":\"https:\\\/\\\/www.itakaescolapios.org\\\/es\\\/#website\"},\"primaryImageOfPage\":{\"@id\":\"https:\\\/\\\/www.itakaescolapios.org\\\/es\\\/2012\\\/09\\\/bilbao-celebro-el-paso-de-grupos-en-el-caserio-lekunetxea-los-dias-22-y-23-de-septiembre\\\/#primaryimage\"},\"image\":{\"@id\":\"https:\\\/\\\/www.itakaescolapios.org\\\/es\\\/2012\\\/09\\\/bilbao-celebro-el-paso-de-grupos-en-el-caserio-lekunetxea-los-dias-22-y-23-de-septiembre\\\/#primaryimage\"},\"thumbnailUrl\":\"https:\\\/\\\/www.itakaescolapios.org\\\/wp-content\\\/uploads\\\/2012\\\/09\\\/Paso-chavales.jpg\",\"datePublished\":\"2012-09-24T08:28:05+00:00\",\"dateModified\":\"2023-11-28T11:39:37+00:00\",\"breadcrumb\":{\"@id\":\"https:\\\/\\\/www.itakaescolapios.org\\\/es\\\/2012\\\/09\\\/bilbao-celebro-el-paso-de-grupos-en-el-caserio-lekunetxea-los-dias-22-y-23-de-septiembre\\\/#breadcrumb\"},\"inLanguage\":\"es\",\"potentialAction\":[{\"@type\":\"ReadAction\",\"target\":[\"https:\\\/\\\/www.itakaescolapios.org\\\/es\\\/2012\\\/09\\\/bilbao-celebro-el-paso-de-grupos-en-el-caserio-lekunetxea-los-dias-22-y-23-de-septiembre\\\/\"]}]},{\"@type\":\"ImageObject\",\"inLanguage\":\"es\",\"@id\":\"https:\\\/\\\/www.itakaescolapios.org\\\/es\\\/2012\\\/09\\\/bilbao-celebro-el-paso-de-grupos-en-el-caserio-lekunetxea-los-dias-22-y-23-de-septiembre\\\/#primaryimage\",\"url\":\"https:\\\/\\\/www.itakaescolapios.org\\\/wp-content\\\/uploads\\\/2012\\\/09\\\/Paso-chavales.jpg\",\"contentUrl\":\"https:\\\/\\\/www.itakaescolapios.org\\\/wp-content\\\/uploads\\\/2012\\\/09\\\/Paso-chavales.jpg\",\"width\":2000,\"height\":885},{\"@type\":\"BreadcrumbList\",\"@id\":\"https:\\\/\\\/www.itakaescolapios.org\\\/es\\\/2012\\\/09\\\/bilbao-celebro-el-paso-de-grupos-en-el-caserio-lekunetxea-los-dias-22-y-23-de-septiembre\\\/#breadcrumb\",\"itemListElement\":[{\"@type\":\"ListItem\",\"position\":1,\"name\":\"Portada\",\"item\":\"https:\\\/\\\/www.itakaescolapios.org\\\/es\\\/\"},{\"@type\":\"ListItem\",\"position\":2,\"name\":\"Bilbao celebr\u00f3 el paso de grupos en el caserio Lekunetxea los d\u00edas 22 y 23 de septiembre\"}]},{\"@type\":\"WebSite\",\"@id\":\"https:\\\/\\\/www.itakaescolapios.org\\\/es\\\/#website\",\"url\":\"https:\\\/\\\/www.itakaescolapios.org\\\/es\\\/\",\"name\":\"Itaka-Escolapios\",\"description\":\"Red de Itaka-Escolapios\",\"publisher\":{\"@id\":\"https:\\\/\\\/www.itakaescolapios.org\\\/es\\\/#organization\"},\"potentialAction\":[{\"@type\":\"SearchAction\",\"target\":{\"@type\":\"EntryPoint\",\"urlTemplate\":\"https:\\\/\\\/www.itakaescolapios.org\\\/es\\\/?s={search_term_string}\"},\"query-input\":{\"@type\":\"PropertyValueSpecification\",\"valueRequired\":true,\"valueName\":\"search_term_string\"}}],\"inLanguage\":\"es\"},{\"@type\":\"Organization\",\"@id\":\"https:\\\/\\\/www.itakaescolapios.org\\\/es\\\/#organization\",\"name\":\"Fundaci\u00f3 Itaka-Escolapios\",\"url\":\"https:\\\/\\\/www.itakaescolapios.org\\\/es\\\/\",\"logo\":{\"@type\":\"ImageObject\",\"inLanguage\":\"es\",\"@id\":\"https:\\\/\\\/www.itakaescolapios.org\\\/es\\\/#\\\/schema\\\/logo\\\/image\\\/\",\"url\":\"https:\\\/\\\/www.itakaescolapios.org\\\/wp-content\\\/uploads\\\/2024\\\/04\\\/Logo-itakaescolapios-peque.png\",\"contentUrl\":\"https:\\\/\\\/www.itakaescolapios.org\\\/wp-content\\\/uploads\\\/2024\\\/04\\\/Logo-itakaescolapios-peque.png\",\"width\":500,\"height\":199,\"caption\":\"Fundaci\u00f3 Itaka-Escolapios\"},\"image\":{\"@id\":\"https:\\\/\\\/www.itakaescolapios.org\\\/es\\\/#\\\/schema\\\/logo\\\/image\\\/\"}},{\"@type\":\"Person\",\"@id\":\"https:\\\/\\\/www.itakaescolapios.org\\\/es\\\/#\\\/schema\\\/person\\\/d5b530ea20cbfbbd734611b2591f590c\",\"name\":\"Bilbao\",\"url\":\"https:\\\/\\\/www.itakaescolapios.org\\\/es\\\/author\\\/bilbao\\\/\"}]}<\/script>\n<!-- \/ Yoast SEO plugin. -->","yoast_head_json":{"title":"Bilbao celebr\u00f3 el paso de grupos en el caserio Lekunetxea los d\u00edas 22 y 23 de septiembre - Itaka-Escolapios","robots":{"index":"index","follow":"follow","max-snippet":"max-snippet:-1","max-image-preview":"max-image-preview:large","max-video-preview":"max-video-preview:-1"},"canonical":"https:\/\/www.itakaescolapios.org\/es\/2012\/09\/bilbao-celebro-el-paso-de-grupos-en-el-caserio-lekunetxea-los-dias-22-y-23-de-septiembre\/","og_locale":"es_ES","og_type":"article","og_title":"Bilbao celebr\u00f3 el paso de grupos en el caserio Lekunetxea los d\u00edas 22 y 23 de septiembre - Itaka-Escolapios","og_description":"Como es ya tradici\u00f3n, celebramos este fin de semana el paso de los grupos de 5\u00ba de Primaria a 2\u00ba de Bachiller en el caser\u00f1io Lekun-etxea de Arrazola. As\u00ed indicamos [&hellip;]","og_url":"https:\/\/www.itakaescolapios.org\/es\/2012\/09\/bilbao-celebro-el-paso-de-grupos-en-el-caserio-lekunetxea-los-dias-22-y-23-de-septiembre\/","og_site_name":"Itaka-Escolapios","article_published_time":"2012-09-24T08:28:05+00:00","article_modified_time":"2023-11-28T11:39:37+00:00","og_image":[{"width":2000,"height":885,"url":"https:\/\/www.itakaescolapios.org\/wp-content\/uploads\/2012\/09\/Paso-chavales.jpg","type":"image\/jpeg"}],"author":"Bilbao","twitter_card":"summary_large_image","twitter_misc":{"Escrito por":"Bilbao","Tiempo de lectura":"1 minuto"},"schema":{"@context":"https:\/\/schema.org","@graph":[{"@type":"Article","@id":"https:\/\/www.itakaescolapios.org\/es\/2012\/09\/bilbao-celebro-el-paso-de-grupos-en-el-caserio-lekunetxea-los-dias-22-y-23-de-septiembre\/#article","isPartOf":{"@id":"https:\/\/www.itakaescolapios.org\/es\/2012\/09\/bilbao-celebro-el-paso-de-grupos-en-el-caserio-lekunetxea-los-dias-22-y-23-de-septiembre\/"},"author":{"name":"Bilbao","@id":"https:\/\/www.itakaescolapios.org\/es\/#\/schema\/person\/d5b530ea20cbfbbd734611b2591f590c"},"headline":"Bilbao celebr\u00f3 el paso de grupos en el caserio Lekunetxea los d\u00edas 22 y 23 de septiembre","datePublished":"2012-09-24T08:28:05+00:00","dateModified":"2023-11-28T11:39:37+00:00","mainEntityOfPage":{"@id":"https:\/\/www.itakaescolapios.org\/es\/2012\/09\/bilbao-celebro-el-paso-de-grupos-en-el-caserio-lekunetxea-los-dias-22-y-23-de-septiembre\/"},"wordCount":151,"publisher":{"@id":"https:\/\/www.itakaescolapios.org\/es\/#organization"},"image":{"@id":"https:\/\/www.itakaescolapios.org\/es\/2012\/09\/bilbao-celebro-el-paso-de-grupos-en-el-caserio-lekunetxea-los-dias-22-y-23-de-septiembre\/#primaryimage"},"thumbnailUrl":"https:\/\/www.itakaescolapios.org\/wp-content\/uploads\/2012\/09\/Paso-chavales.jpg","articleSection":["Bilbao"],"inLanguage":"es"},{"@type":"WebPage","@id":"https:\/\/www.itakaescolapios.org\/es\/2012\/09\/bilbao-celebro-el-paso-de-grupos-en-el-caserio-lekunetxea-los-dias-22-y-23-de-septiembre\/","url":"https:\/\/www.itakaescolapios.org\/es\/2012\/09\/bilbao-celebro-el-paso-de-grupos-en-el-caserio-lekunetxea-los-dias-22-y-23-de-septiembre\/","name":"Bilbao celebr\u00f3 el paso de grupos en el caserio Lekunetxea los d\u00edas 22 y 23 de septiembre - Itaka-Escolapios","isPartOf":{"@id":"https:\/\/www.itakaescolapios.org\/es\/#website"},"primaryImageOfPage":{"@id":"https:\/\/www.itakaescolapios.org\/es\/2012\/09\/bilbao-celebro-el-paso-de-grupos-en-el-caserio-lekunetxea-los-dias-22-y-23-de-septiembre\/#primaryimage"},"image":{"@id":"https:\/\/www.itakaescolapios.org\/es\/2012\/09\/bilbao-celebro-el-paso-de-grupos-en-el-caserio-lekunetxea-los-dias-22-y-23-de-septiembre\/#primaryimage"},"thumbnailUrl":"https:\/\/www.itakaescolapios.org\/wp-content\/uploads\/2012\/09\/Paso-chavales.jpg","datePublished":"2012-09-24T08:28:05+00:00","dateModified":"2023-11-28T11:39:37+00:00","breadcrumb":{"@id":"https:\/\/www.itakaescolapios.org\/es\/2012\/09\/bilbao-celebro-el-paso-de-grupos-en-el-caserio-lekunetxea-los-dias-22-y-23-de-septiembre\/#breadcrumb"},"inLanguage":"es","potentialAction":[{"@type":"ReadAction","target":["https:\/\/www.itakaescolapios.org\/es\/2012\/09\/bilbao-celebro-el-paso-de-grupos-en-el-caserio-lekunetxea-los-dias-22-y-23-de-septiembre\/"]}]},{"@type":"ImageObject","inLanguage":"es","@id":"https:\/\/www.itakaescolapios.org\/es\/2012\/09\/bilbao-celebro-el-paso-de-grupos-en-el-caserio-lekunetxea-los-dias-22-y-23-de-septiembre\/#primaryimage","url":"https:\/\/www.itakaescolapios.org\/wp-content\/uploads\/2012\/09\/Paso-chavales.jpg","contentUrl":"https:\/\/www.itakaescolapios.org\/wp-content\/uploads\/2012\/09\/Paso-chavales.jpg","width":2000,"height":885},{"@type":"BreadcrumbList","@id":"https:\/\/www.itakaescolapios.org\/es\/2012\/09\/bilbao-celebro-el-paso-de-grupos-en-el-caserio-lekunetxea-los-dias-22-y-23-de-septiembre\/#breadcrumb","itemListElement":[{"@type":"ListItem","position":1,"name":"Portada","item":"https:\/\/www.itakaescolapios.org\/es\/"},{"@type":"ListItem","position":2,"name":"Bilbao celebr\u00f3 el paso de grupos en el caserio Lekunetxea los d\u00edas 22 y 23 de septiembre"}]},{"@type":"WebSite","@id":"https:\/\/www.itakaescolapios.org\/es\/#website","url":"https:\/\/www.itakaescolapios.org\/es\/","name":"Itaka-Escolapios","description":"Red de Itaka-Escolapios","publisher":{"@id":"https:\/\/www.itakaescolapios.org\/es\/#organization"},"potentialAction":[{"@type":"SearchAction","target":{"@type":"EntryPoint","urlTemplate":"https:\/\/www.itakaescolapios.org\/es\/?s={search_term_string}"},"query-input":{"@type":"PropertyValueSpecification","valueRequired":true,"valueName":"search_term_string"}}],"inLanguage":"es"},{"@type":"Organization","@id":"https:\/\/www.itakaescolapios.org\/es\/#organization","name":"Fundaci\u00f3 Itaka-Escolapios","url":"https:\/\/www.itakaescolapios.org\/es\/","logo":{"@type":"ImageObject","inLanguage":"es","@id":"https:\/\/www.itakaescolapios.org\/es\/#\/schema\/logo\/image\/","url":"https:\/\/www.itakaescolapios.org\/wp-content\/uploads\/2024\/04\/Logo-itakaescolapios-peque.png","contentUrl":"https:\/\/www.itakaescolapios.org\/wp-content\/uploads\/2024\/04\/Logo-itakaescolapios-peque.png","width":500,"height":199,"caption":"Fundaci\u00f3 Itaka-Escolapios"},"image":{"@id":"https:\/\/www.itakaescolapios.org\/es\/#\/schema\/logo\/image\/"}},{"@type":"Person","@id":"https:\/\/www.itakaescolapios.org\/es\/#\/schema\/person\/d5b530ea20cbfbbd734611b2591f590c","name":"Bilbao","url":"https:\/\/www.itakaescolapios.org\/es\/author\/bilbao\/"}]}},"_links":{"self":[{"href":"https:\/\/www.itakaescolapios.org\/es\/wp-json\/wp\/v2\/posts\/3140","targetHints":{"allow":["GET"]}}],"collection":[{"href":"https:\/\/www.itakaescolapios.org\/es\/wp-json\/wp\/v2\/posts"}],"about":[{"href":"https:\/\/www.itakaescolapios.org\/es\/wp-json\/wp\/v2\/types\/post"}],"author":[{"embeddable":true,"href":"https:\/\/www.itakaescolapios.org\/es\/wp-json\/wp\/v2\/users\/3"}],"replies":[{"embeddable":true,"href":"https:\/\/www.itakaescolapios.org\/es\/wp-json\/wp\/v2\/comments?post=3140"}],"version-history":[{"count":6,"href":"https:\/\/www.itakaescolapios.org\/es\/wp-json\/wp\/v2\/posts\/3140\/revisions"}],"predecessor-version":[{"id":50010,"href":"https:\/\/www.itakaescolapios.org\/es\/wp-json\/wp\/v2\/posts\/3140\/revisions\/50010"}],"wp:featuredmedia":[{"embeddable":true,"href":"https:\/\/www.itakaescolapios.org\/es\/wp-json\/wp\/v2\/media\/3141"}],"wp:attachment":[{"href":"https:\/\/www.itakaescolapios.org\/es\/wp-json\/wp\/v2\/media?parent=3140"}],"wp:term":[{"taxonomy":"category","embeddable":true,"href":"https:\/\/www.itakaescolapios.org\/es\/wp-json\/wp\/v2\/categories?post=3140"},{"taxonomy":"post_tag","embeddable":true,"href":"https:\/\/www.itakaescolapios.org\/es\/wp-json\/wp\/v2\/tags?post=3140"}],"curies":[{"name":"wp","href":"https:\/\/api.w.org\/{rel}","templated":true}]}}