{"id":325240,"date":"2024-02-23T16:28:14","date_gmt":"2024-02-23T15:28:14","guid":{"rendered":"https:\/\/www.itakaescolapios.org\/?p=44067"},"modified":"2025-03-07T18:28:26","modified_gmt":"2025-03-07T17:28:26","slug":"9-de-marzo-dia-del-voluntariado-en-itaka-escolapios-6","status":"publish","type":"post","link":"https:\/\/www.itakaescolapios.org\/es\/2024\/02\/9-de-marzo-dia-del-voluntariado-en-itaka-escolapios-6\/","title":{"rendered":"9 DE MARZO D\u00cdA DEL VOLUNTARIADO EN ITAKA ESCOLAPIOS"},"content":{"rendered":"<p>Con alegr\u00eda compartimos la invitaci\u00f3n a celebrar este 9 de marzo a qui\u00e9nes consideramos el coraz\u00f3n de Itaka-Escolapios, el voluntariado. Fecha elegida por el aniversario de la creaci\u00f3n en 2001 de la Fundaci\u00f3n Itaka-Escolapios, un momento que simboliza esa voluntad de compartir camino y misi\u00f3n dentro de las Escuelas P\u00edas que est\u00e1 en la base de nuestra red.<br \/>\nCelebraremos con un encuentro online en red, convocando a todas las personas voluntarias de las diferentes demarcaciones, a los responsables del voluntariado y todas aquellas personas que dedican su tiempo, sus bienes, su cari\u00f1o, su conocimiento, a la buena marcha de la misi\u00f3n de Itaka \u2013 Escolapios en el mundo.<\/p>\n<p>El horario de celebraciones de 16:30 a 18:00 hora de Roma.<br \/>\nEste es el enlace de conexi\u00f3n (tambi\u00e9n est\u00e1 en el cartel).<br \/>\n<a href=\"http:\/\/tinyurl.com\/24wusxw7\">http:\/\/tinyurl.com\/24wusxw7<\/a><\/p>\n<p>Te esperamos a celebrar este d\u00eda en comuni\u00f3n con toda la red Itaka-Escolapios y el conjunto de las Escuelas P\u00edas, desde el agradecimiento a nuestro voluntariado y con mirada esperanzada y comprometida hacia el futuro.<\/p>\n<p>&nbsp;<\/p>\n<p><!--more--><\/p>\n","protected":false},"excerpt":{"rendered":"<p>Con alegr\u00eda compartimos la invitaci\u00f3n a celebrar este 9 de marzo a qui\u00e9nes consideramos el coraz\u00f3n de Itaka-Escolapios, el voluntariado. Fecha elegida por el aniversario de la creaci\u00f3n en 2001 [&hellip;]<\/p>\n","protected":false},"author":1,"featured_media":325646,"comment_status":"closed","ping_status":"closed","sticky":false,"template":"","format":"standard","meta":{"_et_pb_use_builder":"","_et_pb_old_content":"","_et_gb_content_width":"","footnotes":""},"categories":[30],"tags":[],"class_list":["post-325240","post","type-post","status-publish","format-standard","has-post-thumbnail","hentry","category-itaka-escolapios"],"yoast_head":"<!-- This site is optimized with the Yoast SEO plugin v27.4 - https:\/\/yoast.com\/product\/yoast-seo-wordpress\/ -->\n<title>9 DE MARZO D\u00cdA DEL VOLUNTARIADO EN ITAKA ESCOLAPIOS - Itaka-Escolapios<\/title>\n<meta name=\"robots\" content=\"index, follow, max-snippet:-1, max-image-preview:large, max-video-preview:-1\" \/>\n<link rel=\"canonical\" href=\"https:\/\/www.itakaescolapios.org\/es\/2024\/02\/9-de-marzo-dia-del-voluntariado-en-itaka-escolapios-6\/\" \/>\n<meta property=\"og:locale\" content=\"es_ES\" \/>\n<meta property=\"og:type\" content=\"article\" \/>\n<meta property=\"og:title\" content=\"9 DE MARZO D\u00cdA DEL VOLUNTARIADO EN ITAKA ESCOLAPIOS - Itaka-Escolapios\" \/>\n<meta property=\"og:description\" content=\"Con alegr\u00eda compartimos la invitaci\u00f3n a celebrar este 9 de marzo a qui\u00e9nes consideramos el coraz\u00f3n de Itaka-Escolapios, el voluntariado. Fecha elegida por el aniversario de la creaci\u00f3n en 2001 [&hellip;]\" \/>\n<meta property=\"og:url\" content=\"https:\/\/www.itakaescolapios.org\/es\/2024\/02\/9-de-marzo-dia-del-voluntariado-en-itaka-escolapios-6\/\" \/>\n<meta property=\"og:site_name\" content=\"Itaka-Escolapios\" \/>\n<meta property=\"article:published_time\" content=\"2024-02-23T15:28:14+00:00\" \/>\n<meta property=\"article:modified_time\" content=\"2025-03-07T17:28:26+00:00\" \/>\n<meta property=\"og:image\" content=\"https:\/\/www.itakaescolapios.org\/wp-content\/uploads\/2024\/02\/Cartel-9M-2024-ESP-scaled-1.jpg\" \/>\n\t<meta property=\"og:image:width\" content=\"1067\" \/>\n\t<meta property=\"og:image:height\" content=\"1500\" \/>\n\t<meta property=\"og:image:type\" content=\"image\/jpeg\" \/>\n<meta name=\"author\" content=\"administrador\" \/>\n<meta name=\"twitter:card\" content=\"summary_large_image\" \/>\n<meta name=\"twitter:label1\" content=\"Escrito por\" \/>\n\t<meta name=\"twitter:data1\" content=\"administrador\" \/>\n\t<meta name=\"twitter:label2\" content=\"Tiempo de lectura\" \/>\n\t<meta name=\"twitter:data2\" content=\"1 minuto\" \/>\n<script type=\"application\/ld+json\" class=\"yoast-schema-graph\">{\"@context\":\"https:\\\/\\\/schema.org\",\"@graph\":[{\"@type\":\"Article\",\"@id\":\"https:\\\/\\\/www.itakaescolapios.org\\\/es\\\/2024\\\/02\\\/9-de-marzo-dia-del-voluntariado-en-itaka-escolapios-6\\\/#article\",\"isPartOf\":{\"@id\":\"https:\\\/\\\/www.itakaescolapios.org\\\/es\\\/2024\\\/02\\\/9-de-marzo-dia-del-voluntariado-en-itaka-escolapios-6\\\/\"},\"author\":{\"name\":\"administrador\",\"@id\":\"https:\\\/\\\/www.itakaescolapios.org\\\/es\\\/#\\\/schema\\\/person\\\/aaa10333558991c1d6ad358b7721fe71\"},\"headline\":\"9 DE MARZO D\u00cdA DEL VOLUNTARIADO EN ITAKA ESCOLAPIOS\",\"datePublished\":\"2024-02-23T15:28:14+00:00\",\"dateModified\":\"2025-03-07T17:28:26+00:00\",\"mainEntityOfPage\":{\"@id\":\"https:\\\/\\\/www.itakaescolapios.org\\\/es\\\/2024\\\/02\\\/9-de-marzo-dia-del-voluntariado-en-itaka-escolapios-6\\\/\"},\"wordCount\":191,\"publisher\":{\"@id\":\"https:\\\/\\\/www.itakaescolapios.org\\\/es\\\/#organization\"},\"image\":{\"@id\":\"https:\\\/\\\/www.itakaescolapios.org\\\/es\\\/2024\\\/02\\\/9-de-marzo-dia-del-voluntariado-en-itaka-escolapios-6\\\/#primaryimage\"},\"thumbnailUrl\":\"https:\\\/\\\/www.itakaescolapios.org\\\/wp-content\\\/uploads\\\/2024\\\/02\\\/Cartel-9M-2024-ESP-scaled-1.jpg\",\"articleSection\":[\"Itaka Escolapios\"],\"inLanguage\":\"es\"},{\"@type\":\"WebPage\",\"@id\":\"https:\\\/\\\/www.itakaescolapios.org\\\/es\\\/2024\\\/02\\\/9-de-marzo-dia-del-voluntariado-en-itaka-escolapios-6\\\/\",\"url\":\"https:\\\/\\\/www.itakaescolapios.org\\\/es\\\/2024\\\/02\\\/9-de-marzo-dia-del-voluntariado-en-itaka-escolapios-6\\\/\",\"name\":\"9 DE MARZO D\u00cdA DEL VOLUNTARIADO EN ITAKA ESCOLAPIOS - Itaka-Escolapios\",\"isPartOf\":{\"@id\":\"https:\\\/\\\/www.itakaescolapios.org\\\/es\\\/#website\"},\"primaryImageOfPage\":{\"@id\":\"https:\\\/\\\/www.itakaescolapios.org\\\/es\\\/2024\\\/02\\\/9-de-marzo-dia-del-voluntariado-en-itaka-escolapios-6\\\/#primaryimage\"},\"image\":{\"@id\":\"https:\\\/\\\/www.itakaescolapios.org\\\/es\\\/2024\\\/02\\\/9-de-marzo-dia-del-voluntariado-en-itaka-escolapios-6\\\/#primaryimage\"},\"thumbnailUrl\":\"https:\\\/\\\/www.itakaescolapios.org\\\/wp-content\\\/uploads\\\/2024\\\/02\\\/Cartel-9M-2024-ESP-scaled-1.jpg\",\"datePublished\":\"2024-02-23T15:28:14+00:00\",\"dateModified\":\"2025-03-07T17:28:26+00:00\",\"breadcrumb\":{\"@id\":\"https:\\\/\\\/www.itakaescolapios.org\\\/es\\\/2024\\\/02\\\/9-de-marzo-dia-del-voluntariado-en-itaka-escolapios-6\\\/#breadcrumb\"},\"inLanguage\":\"es\",\"potentialAction\":[{\"@type\":\"ReadAction\",\"target\":[\"https:\\\/\\\/www.itakaescolapios.org\\\/es\\\/2024\\\/02\\\/9-de-marzo-dia-del-voluntariado-en-itaka-escolapios-6\\\/\"]}]},{\"@type\":\"ImageObject\",\"inLanguage\":\"es\",\"@id\":\"https:\\\/\\\/www.itakaescolapios.org\\\/es\\\/2024\\\/02\\\/9-de-marzo-dia-del-voluntariado-en-itaka-escolapios-6\\\/#primaryimage\",\"url\":\"https:\\\/\\\/www.itakaescolapios.org\\\/wp-content\\\/uploads\\\/2024\\\/02\\\/Cartel-9M-2024-ESP-scaled-1.jpg\",\"contentUrl\":\"https:\\\/\\\/www.itakaescolapios.org\\\/wp-content\\\/uploads\\\/2024\\\/02\\\/Cartel-9M-2024-ESP-scaled-1.jpg\",\"width\":1067,\"height\":1500},{\"@type\":\"BreadcrumbList\",\"@id\":\"https:\\\/\\\/www.itakaescolapios.org\\\/es\\\/2024\\\/02\\\/9-de-marzo-dia-del-voluntariado-en-itaka-escolapios-6\\\/#breadcrumb\",\"itemListElement\":[{\"@type\":\"ListItem\",\"position\":1,\"name\":\"Portada\",\"item\":\"https:\\\/\\\/www.itakaescolapios.org\\\/es\\\/\"},{\"@type\":\"ListItem\",\"position\":2,\"name\":\"9 DE MARZO D\u00cdA DEL VOLUNTARIADO EN ITAKA ESCOLAPIOS\"}]},{\"@type\":\"WebSite\",\"@id\":\"https:\\\/\\\/www.itakaescolapios.org\\\/es\\\/#website\",\"url\":\"https:\\\/\\\/www.itakaescolapios.org\\\/es\\\/\",\"name\":\"Itaka-Escolapios\",\"description\":\"Red de Itaka-Escolapios\",\"publisher\":{\"@id\":\"https:\\\/\\\/www.itakaescolapios.org\\\/es\\\/#organization\"},\"potentialAction\":[{\"@type\":\"SearchAction\",\"target\":{\"@type\":\"EntryPoint\",\"urlTemplate\":\"https:\\\/\\\/www.itakaescolapios.org\\\/es\\\/?s={search_term_string}\"},\"query-input\":{\"@type\":\"PropertyValueSpecification\",\"valueRequired\":true,\"valueName\":\"search_term_string\"}}],\"inLanguage\":\"es\"},{\"@type\":\"Organization\",\"@id\":\"https:\\\/\\\/www.itakaescolapios.org\\\/es\\\/#organization\",\"name\":\"Fundaci\u00f3 Itaka-Escolapios\",\"url\":\"https:\\\/\\\/www.itakaescolapios.org\\\/es\\\/\",\"logo\":{\"@type\":\"ImageObject\",\"inLanguage\":\"es\",\"@id\":\"https:\\\/\\\/www.itakaescolapios.org\\\/es\\\/#\\\/schema\\\/logo\\\/image\\\/\",\"url\":\"https:\\\/\\\/www.itakaescolapios.org\\\/wp-content\\\/uploads\\\/2024\\\/04\\\/Logo-itakaescolapios-peque.png\",\"contentUrl\":\"https:\\\/\\\/www.itakaescolapios.org\\\/wp-content\\\/uploads\\\/2024\\\/04\\\/Logo-itakaescolapios-peque.png\",\"width\":500,\"height\":199,\"caption\":\"Fundaci\u00f3 Itaka-Escolapios\"},\"image\":{\"@id\":\"https:\\\/\\\/www.itakaescolapios.org\\\/es\\\/#\\\/schema\\\/logo\\\/image\\\/\"}},{\"@type\":\"Person\",\"@id\":\"https:\\\/\\\/www.itakaescolapios.org\\\/es\\\/#\\\/schema\\\/person\\\/aaa10333558991c1d6ad358b7721fe71\",\"name\":\"administrador\",\"url\":\"https:\\\/\\\/www.itakaescolapios.org\\\/es\\\/author\\\/administrador\\\/\"}]}<\/script>\n<!-- \/ Yoast SEO plugin. -->","yoast_head_json":{"title":"9 DE MARZO D\u00cdA DEL VOLUNTARIADO EN ITAKA ESCOLAPIOS - Itaka-Escolapios","robots":{"index":"index","follow":"follow","max-snippet":"max-snippet:-1","max-image-preview":"max-image-preview:large","max-video-preview":"max-video-preview:-1"},"canonical":"https:\/\/www.itakaescolapios.org\/es\/2024\/02\/9-de-marzo-dia-del-voluntariado-en-itaka-escolapios-6\/","og_locale":"es_ES","og_type":"article","og_title":"9 DE MARZO D\u00cdA DEL VOLUNTARIADO EN ITAKA ESCOLAPIOS - Itaka-Escolapios","og_description":"Con alegr\u00eda compartimos la invitaci\u00f3n a celebrar este 9 de marzo a qui\u00e9nes consideramos el coraz\u00f3n de Itaka-Escolapios, el voluntariado. Fecha elegida por el aniversario de la creaci\u00f3n en 2001 [&hellip;]","og_url":"https:\/\/www.itakaescolapios.org\/es\/2024\/02\/9-de-marzo-dia-del-voluntariado-en-itaka-escolapios-6\/","og_site_name":"Itaka-Escolapios","article_published_time":"2024-02-23T15:28:14+00:00","article_modified_time":"2025-03-07T17:28:26+00:00","og_image":[{"width":1067,"height":1500,"url":"https:\/\/www.itakaescolapios.org\/wp-content\/uploads\/2024\/02\/Cartel-9M-2024-ESP-scaled-1.jpg","type":"image\/jpeg"}],"author":"administrador","twitter_card":"summary_large_image","twitter_misc":{"Escrito por":"administrador","Tiempo de lectura":"1 minuto"},"schema":{"@context":"https:\/\/schema.org","@graph":[{"@type":"Article","@id":"https:\/\/www.itakaescolapios.org\/es\/2024\/02\/9-de-marzo-dia-del-voluntariado-en-itaka-escolapios-6\/#article","isPartOf":{"@id":"https:\/\/www.itakaescolapios.org\/es\/2024\/02\/9-de-marzo-dia-del-voluntariado-en-itaka-escolapios-6\/"},"author":{"name":"administrador","@id":"https:\/\/www.itakaescolapios.org\/es\/#\/schema\/person\/aaa10333558991c1d6ad358b7721fe71"},"headline":"9 DE MARZO D\u00cdA DEL VOLUNTARIADO EN ITAKA ESCOLAPIOS","datePublished":"2024-02-23T15:28:14+00:00","dateModified":"2025-03-07T17:28:26+00:00","mainEntityOfPage":{"@id":"https:\/\/www.itakaescolapios.org\/es\/2024\/02\/9-de-marzo-dia-del-voluntariado-en-itaka-escolapios-6\/"},"wordCount":191,"publisher":{"@id":"https:\/\/www.itakaescolapios.org\/es\/#organization"},"image":{"@id":"https:\/\/www.itakaescolapios.org\/es\/2024\/02\/9-de-marzo-dia-del-voluntariado-en-itaka-escolapios-6\/#primaryimage"},"thumbnailUrl":"https:\/\/www.itakaescolapios.org\/wp-content\/uploads\/2024\/02\/Cartel-9M-2024-ESP-scaled-1.jpg","articleSection":["Itaka Escolapios"],"inLanguage":"es"},{"@type":"WebPage","@id":"https:\/\/www.itakaescolapios.org\/es\/2024\/02\/9-de-marzo-dia-del-voluntariado-en-itaka-escolapios-6\/","url":"https:\/\/www.itakaescolapios.org\/es\/2024\/02\/9-de-marzo-dia-del-voluntariado-en-itaka-escolapios-6\/","name":"9 DE MARZO D\u00cdA DEL VOLUNTARIADO EN ITAKA ESCOLAPIOS - Itaka-Escolapios","isPartOf":{"@id":"https:\/\/www.itakaescolapios.org\/es\/#website"},"primaryImageOfPage":{"@id":"https:\/\/www.itakaescolapios.org\/es\/2024\/02\/9-de-marzo-dia-del-voluntariado-en-itaka-escolapios-6\/#primaryimage"},"image":{"@id":"https:\/\/www.itakaescolapios.org\/es\/2024\/02\/9-de-marzo-dia-del-voluntariado-en-itaka-escolapios-6\/#primaryimage"},"thumbnailUrl":"https:\/\/www.itakaescolapios.org\/wp-content\/uploads\/2024\/02\/Cartel-9M-2024-ESP-scaled-1.jpg","datePublished":"2024-02-23T15:28:14+00:00","dateModified":"2025-03-07T17:28:26+00:00","breadcrumb":{"@id":"https:\/\/www.itakaescolapios.org\/es\/2024\/02\/9-de-marzo-dia-del-voluntariado-en-itaka-escolapios-6\/#breadcrumb"},"inLanguage":"es","potentialAction":[{"@type":"ReadAction","target":["https:\/\/www.itakaescolapios.org\/es\/2024\/02\/9-de-marzo-dia-del-voluntariado-en-itaka-escolapios-6\/"]}]},{"@type":"ImageObject","inLanguage":"es","@id":"https:\/\/www.itakaescolapios.org\/es\/2024\/02\/9-de-marzo-dia-del-voluntariado-en-itaka-escolapios-6\/#primaryimage","url":"https:\/\/www.itakaescolapios.org\/wp-content\/uploads\/2024\/02\/Cartel-9M-2024-ESP-scaled-1.jpg","contentUrl":"https:\/\/www.itakaescolapios.org\/wp-content\/uploads\/2024\/02\/Cartel-9M-2024-ESP-scaled-1.jpg","width":1067,"height":1500},{"@type":"BreadcrumbList","@id":"https:\/\/www.itakaescolapios.org\/es\/2024\/02\/9-de-marzo-dia-del-voluntariado-en-itaka-escolapios-6\/#breadcrumb","itemListElement":[{"@type":"ListItem","position":1,"name":"Portada","item":"https:\/\/www.itakaescolapios.org\/es\/"},{"@type":"ListItem","position":2,"name":"9 DE MARZO D\u00cdA DEL VOLUNTARIADO EN ITAKA ESCOLAPIOS"}]},{"@type":"WebSite","@id":"https:\/\/www.itakaescolapios.org\/es\/#website","url":"https:\/\/www.itakaescolapios.org\/es\/","name":"Itaka-Escolapios","description":"Red de Itaka-Escolapios","publisher":{"@id":"https:\/\/www.itakaescolapios.org\/es\/#organization"},"potentialAction":[{"@type":"SearchAction","target":{"@type":"EntryPoint","urlTemplate":"https:\/\/www.itakaescolapios.org\/es\/?s={search_term_string}"},"query-input":{"@type":"PropertyValueSpecification","valueRequired":true,"valueName":"search_term_string"}}],"inLanguage":"es"},{"@type":"Organization","@id":"https:\/\/www.itakaescolapios.org\/es\/#organization","name":"Fundaci\u00f3 Itaka-Escolapios","url":"https:\/\/www.itakaescolapios.org\/es\/","logo":{"@type":"ImageObject","inLanguage":"es","@id":"https:\/\/www.itakaescolapios.org\/es\/#\/schema\/logo\/image\/","url":"https:\/\/www.itakaescolapios.org\/wp-content\/uploads\/2024\/04\/Logo-itakaescolapios-peque.png","contentUrl":"https:\/\/www.itakaescolapios.org\/wp-content\/uploads\/2024\/04\/Logo-itakaescolapios-peque.png","width":500,"height":199,"caption":"Fundaci\u00f3 Itaka-Escolapios"},"image":{"@id":"https:\/\/www.itakaescolapios.org\/es\/#\/schema\/logo\/image\/"}},{"@type":"Person","@id":"https:\/\/www.itakaescolapios.org\/es\/#\/schema\/person\/aaa10333558991c1d6ad358b7721fe71","name":"administrador","url":"https:\/\/www.itakaescolapios.org\/es\/author\/administrador\/"}]}},"_links":{"self":[{"href":"https:\/\/www.itakaescolapios.org\/es\/wp-json\/wp\/v2\/posts\/325240","targetHints":{"allow":["GET"]}}],"collection":[{"href":"https:\/\/www.itakaescolapios.org\/es\/wp-json\/wp\/v2\/posts"}],"about":[{"href":"https:\/\/www.itakaescolapios.org\/es\/wp-json\/wp\/v2\/types\/post"}],"author":[{"embeddable":true,"href":"https:\/\/www.itakaescolapios.org\/es\/wp-json\/wp\/v2\/users\/1"}],"replies":[{"embeddable":true,"href":"https:\/\/www.itakaescolapios.org\/es\/wp-json\/wp\/v2\/comments?post=325240"}],"version-history":[{"count":2,"href":"https:\/\/www.itakaescolapios.org\/es\/wp-json\/wp\/v2\/posts\/325240\/revisions"}],"predecessor-version":[{"id":326344,"href":"https:\/\/www.itakaescolapios.org\/es\/wp-json\/wp\/v2\/posts\/325240\/revisions\/326344"}],"wp:featuredmedia":[{"embeddable":true,"href":"https:\/\/www.itakaescolapios.org\/es\/wp-json\/wp\/v2\/media\/325646"}],"wp:attachment":[{"href":"https:\/\/www.itakaescolapios.org\/es\/wp-json\/wp\/v2\/media?parent=325240"}],"wp:term":[{"taxonomy":"category","embeddable":true,"href":"https:\/\/www.itakaescolapios.org\/es\/wp-json\/wp\/v2\/categories?post=325240"},{"taxonomy":"post_tag","embeddable":true,"href":"https:\/\/www.itakaescolapios.org\/es\/wp-json\/wp\/v2\/tags?post=325240"}],"curies":[{"name":"wp","href":"https:\/\/api.w.org\/{rel}","templated":true}]}}