{"id":32603,"date":"2021-03-09T13:05:00","date_gmt":"2021-03-09T12:05:00","guid":{"rendered":"https:\/\/www.itakaescolapios.org\/?p=32603"},"modified":"2023-11-28T12:36:04","modified_gmt":"2023-11-28T11:36:04","slug":"francais-rdc-lancement-officiel-de-la-campagne-de-solidarite-itaka-2021-a-kinshasa","status":"publish","type":"post","link":"https:\/\/www.itakaescolapios.org\/es\/2021\/03\/francais-rdc-lancement-officiel-de-la-campagne-de-solidarite-itaka-2021-a-kinshasa\/","title":{"rendered":""},"content":{"rendered":"<p>[:fr]Les \u00e9l\u00e8ves de l\u2019Ecole Primaire Notre Dame du Saint Sacrement (\u00e9cole appartenant \u00e0 la paroisse Saint Jude qui est sous la responsabilit\u00e9 des Peres Piaristes \u00e0 Kinshasa) ont \u00e9t\u00e9 sensibilis\u00e9s autour de la question de solidarit\u00e9.\u00a0 C\u2019est une \u00e9quipe des b\u00e9n\u00e9voles Itaka de Kinshasa, bien motiv\u00e9s, qui ont parcourus toutes les 6 salles de classes pour passer le message et expliquer aux petits enfants le sens de cette campagne, comme l&#8217;indique la Vid\u00e9o ci bas.<\/p>\n<p>En des mots plus simples et faciles, adapt\u00e9s \u00e0 la compr\u00e9hension des enfants, les \u00e9l\u00e8ves ont prouv\u00e9, par une s\u00e9rie des questions-r\u00e9ponses, qu\u2019ils ont bien compris le sens de la g\u00e9n\u00e9rosit\u00e9 et de la solidarit\u00e9 dans leur vie. Et ont accept\u00e9 de participer activement \u00e0 la campagne.<\/p>\n<p>Les \u00e9l\u00e8ves ont, par l\u2019occasion, manifest\u00e9 leur impatience \u00e0 voir l\u2019\u00e9quipes de b\u00e9n\u00e9voles revenir dans leur \u00e9cole, pour les activit\u00e9s ludiques. Mais aussi pour l\u2019apprentissage des pri\u00e8res etc.<\/p>\n<p>Par ailleurs, les enseignants trouv\u00e9s sur place, qui ont suivis les explications, ont eux aussi, promis de continuer \u00e0 expliquer aux enfants ces notions humanitaires et importantes pour l\u2019univers. Et de participer aussi en leurs mani\u00e8res \u00e0 la campagne de Solidarit\u00e9 Itaka 2021.<\/p>\n<p><div style=\"width: 640px;\" class=\"wp-video\"><video class=\"wp-video-shortcode\" id=\"video-32603-1\" width=\"640\" height=\"368\" preload=\"metadata\" controls=\"controls\"><source type=\"video\/mp4\" src=\"https:\/\/www.itakaescolapios.org\/wp-content\/uploads\/2021\/03\/VID-20210309-WA0004.mp4?_=1\" \/><a href=\"https:\/\/www.itakaescolapios.org\/wp-content\/uploads\/2021\/03\/VID-20210309-WA0004.mp4\">https:\/\/www.itakaescolapios.org\/wp-content\/uploads\/2021\/03\/VID-20210309-WA0004.mp4<\/a><\/video><\/div>[:]<\/p>\n","protected":false},"excerpt":{"rendered":"<p>[:fr]Les \u00e9l\u00e8ves de l\u2019Ecole Primaire Notre Dame du Saint Sacrement (\u00e9cole appartenant \u00e0 la paroisse Saint Jude qui est sous la responsabilit\u00e9 des Peres Piaristes \u00e0 Kinshasa) ont \u00e9t\u00e9 sensibilis\u00e9s [&hellip;]<\/p>\n","protected":false},"author":15,"featured_media":32604,"comment_status":"closed","ping_status":"closed","sticky":false,"template":"","format":"standard","meta":{"_et_pb_use_builder":"","_et_pb_old_content":"","_et_gb_content_width":"","footnotes":""},"categories":[53],"tags":[],"class_list":["post-32603","post","type-post","status-publish","format-standard","has-post-thumbnail","hentry","category-africa-central"],"yoast_head":"<!-- This site is optimized with the Yoast SEO plugin v27.4 - https:\/\/yoast.com\/product\/yoast-seo-wordpress\/ -->\n<title>- Itaka-Escolapios<\/title>\n<meta name=\"robots\" content=\"index, follow, max-snippet:-1, max-image-preview:large, max-video-preview:-1\" \/>\n<link rel=\"canonical\" href=\"https:\/\/www.itakaescolapios.org\/es\/2021\/03\/francais-rdc-lancement-officiel-de-la-campagne-de-solidarite-itaka-2021-a-kinshasa\/\" \/>\n<meta property=\"og:locale\" content=\"es_ES\" \/>\n<meta property=\"og:type\" content=\"article\" \/>\n<meta property=\"og:title\" content=\"- Itaka-Escolapios\" \/>\n<meta property=\"og:description\" content=\"[:fr]Les \u00e9l\u00e8ves de l\u2019Ecole Primaire Notre Dame du Saint Sacrement (\u00e9cole appartenant \u00e0 la paroisse Saint Jude qui est sous la responsabilit\u00e9 des Peres Piaristes \u00e0 Kinshasa) ont \u00e9t\u00e9 sensibilis\u00e9s [&hellip;]\" \/>\n<meta property=\"og:url\" content=\"https:\/\/www.itakaescolapios.org\/es\/2021\/03\/francais-rdc-lancement-officiel-de-la-campagne-de-solidarite-itaka-2021-a-kinshasa\/\" \/>\n<meta property=\"og:site_name\" content=\"Itaka-Escolapios\" \/>\n<meta property=\"article:published_time\" content=\"2021-03-09T12:05:00+00:00\" \/>\n<meta property=\"article:modified_time\" content=\"2023-11-28T11:36:04+00:00\" \/>\n<meta property=\"og:image\" content=\"https:\/\/www.itakaescolapios.org\/wp-content\/uploads\/2021\/03\/IMG-20210308-WA0027.jpg\" \/>\n\t<meta property=\"og:image:width\" content=\"1080\" \/>\n\t<meta property=\"og:image:height\" content=\"810\" \/>\n\t<meta property=\"og:image:type\" content=\"image\/jpeg\" \/>\n<meta name=\"author\" content=\"cameroun01\" \/>\n<meta name=\"twitter:card\" content=\"summary_large_image\" \/>\n<meta name=\"twitter:label1\" content=\"Escrito por\" \/>\n\t<meta name=\"twitter:data1\" content=\"cameroun01\" \/>\n\t<meta name=\"twitter:label2\" content=\"Tiempo de lectura\" \/>\n\t<meta name=\"twitter:data2\" content=\"1 minuto\" \/>\n<script type=\"application\/ld+json\" class=\"yoast-schema-graph\">{\"@context\":\"https:\\\/\\\/schema.org\",\"@graph\":[{\"@type\":\"Article\",\"@id\":\"https:\\\/\\\/www.itakaescolapios.org\\\/es\\\/2021\\\/03\\\/francais-rdc-lancement-officiel-de-la-campagne-de-solidarite-itaka-2021-a-kinshasa\\\/#article\",\"isPartOf\":{\"@id\":\"https:\\\/\\\/www.itakaescolapios.org\\\/es\\\/2021\\\/03\\\/francais-rdc-lancement-officiel-de-la-campagne-de-solidarite-itaka-2021-a-kinshasa\\\/\"},\"author\":{\"name\":\"cameroun01\",\"@id\":\"https:\\\/\\\/www.itakaescolapios.org\\\/es\\\/#\\\/schema\\\/person\\\/d2844383e29bfdfef69039672ce14eb1\"},\"headline\":\"Sin t\u00edtulo\",\"datePublished\":\"2021-03-09T12:05:00+00:00\",\"dateModified\":\"2023-11-28T11:36:04+00:00\",\"mainEntityOfPage\":{\"@id\":\"https:\\\/\\\/www.itakaescolapios.org\\\/es\\\/2021\\\/03\\\/francais-rdc-lancement-officiel-de-la-campagne-de-solidarite-itaka-2021-a-kinshasa\\\/\"},\"wordCount\":227,\"publisher\":{\"@id\":\"https:\\\/\\\/www.itakaescolapios.org\\\/es\\\/#organization\"},\"image\":{\"@id\":\"https:\\\/\\\/www.itakaescolapios.org\\\/es\\\/2021\\\/03\\\/francais-rdc-lancement-officiel-de-la-campagne-de-solidarite-itaka-2021-a-kinshasa\\\/#primaryimage\"},\"thumbnailUrl\":\"https:\\\/\\\/www.itakaescolapios.org\\\/wp-content\\\/uploads\\\/2021\\\/03\\\/IMG-20210308-WA0027.jpg\",\"articleSection\":[\"\u00c1frica Central\"],\"inLanguage\":\"es\"},{\"@type\":\"WebPage\",\"@id\":\"https:\\\/\\\/www.itakaescolapios.org\\\/es\\\/2021\\\/03\\\/francais-rdc-lancement-officiel-de-la-campagne-de-solidarite-itaka-2021-a-kinshasa\\\/\",\"url\":\"https:\\\/\\\/www.itakaescolapios.org\\\/es\\\/2021\\\/03\\\/francais-rdc-lancement-officiel-de-la-campagne-de-solidarite-itaka-2021-a-kinshasa\\\/\",\"name\":\"- Itaka-Escolapios\",\"isPartOf\":{\"@id\":\"https:\\\/\\\/www.itakaescolapios.org\\\/es\\\/#website\"},\"primaryImageOfPage\":{\"@id\":\"https:\\\/\\\/www.itakaescolapios.org\\\/es\\\/2021\\\/03\\\/francais-rdc-lancement-officiel-de-la-campagne-de-solidarite-itaka-2021-a-kinshasa\\\/#primaryimage\"},\"image\":{\"@id\":\"https:\\\/\\\/www.itakaescolapios.org\\\/es\\\/2021\\\/03\\\/francais-rdc-lancement-officiel-de-la-campagne-de-solidarite-itaka-2021-a-kinshasa\\\/#primaryimage\"},\"thumbnailUrl\":\"https:\\\/\\\/www.itakaescolapios.org\\\/wp-content\\\/uploads\\\/2021\\\/03\\\/IMG-20210308-WA0027.jpg\",\"datePublished\":\"2021-03-09T12:05:00+00:00\",\"dateModified\":\"2023-11-28T11:36:04+00:00\",\"inLanguage\":\"es\",\"potentialAction\":[{\"@type\":\"ReadAction\",\"target\":[\"https:\\\/\\\/www.itakaescolapios.org\\\/es\\\/2021\\\/03\\\/francais-rdc-lancement-officiel-de-la-campagne-de-solidarite-itaka-2021-a-kinshasa\\\/\"]}]},{\"@type\":\"ImageObject\",\"inLanguage\":\"es\",\"@id\":\"https:\\\/\\\/www.itakaescolapios.org\\\/es\\\/2021\\\/03\\\/francais-rdc-lancement-officiel-de-la-campagne-de-solidarite-itaka-2021-a-kinshasa\\\/#primaryimage\",\"url\":\"https:\\\/\\\/www.itakaescolapios.org\\\/wp-content\\\/uploads\\\/2021\\\/03\\\/IMG-20210308-WA0027.jpg\",\"contentUrl\":\"https:\\\/\\\/www.itakaescolapios.org\\\/wp-content\\\/uploads\\\/2021\\\/03\\\/IMG-20210308-WA0027.jpg\",\"width\":1080,\"height\":810},{\"@type\":\"WebSite\",\"@id\":\"https:\\\/\\\/www.itakaescolapios.org\\\/es\\\/#website\",\"url\":\"https:\\\/\\\/www.itakaescolapios.org\\\/es\\\/\",\"name\":\"Itaka-Escolapios\",\"description\":\"Red de Itaka-Escolapios\",\"publisher\":{\"@id\":\"https:\\\/\\\/www.itakaescolapios.org\\\/es\\\/#organization\"},\"potentialAction\":[{\"@type\":\"SearchAction\",\"target\":{\"@type\":\"EntryPoint\",\"urlTemplate\":\"https:\\\/\\\/www.itakaescolapios.org\\\/es\\\/?s={search_term_string}\"},\"query-input\":{\"@type\":\"PropertyValueSpecification\",\"valueRequired\":true,\"valueName\":\"search_term_string\"}}],\"inLanguage\":\"es\"},{\"@type\":\"Organization\",\"@id\":\"https:\\\/\\\/www.itakaescolapios.org\\\/es\\\/#organization\",\"name\":\"Fundaci\u00f3 Itaka-Escolapios\",\"url\":\"https:\\\/\\\/www.itakaescolapios.org\\\/es\\\/\",\"logo\":{\"@type\":\"ImageObject\",\"inLanguage\":\"es\",\"@id\":\"https:\\\/\\\/www.itakaescolapios.org\\\/es\\\/#\\\/schema\\\/logo\\\/image\\\/\",\"url\":\"https:\\\/\\\/www.itakaescolapios.org\\\/wp-content\\\/uploads\\\/2024\\\/04\\\/Logo-itakaescolapios-peque.png\",\"contentUrl\":\"https:\\\/\\\/www.itakaescolapios.org\\\/wp-content\\\/uploads\\\/2024\\\/04\\\/Logo-itakaescolapios-peque.png\",\"width\":500,\"height\":199,\"caption\":\"Fundaci\u00f3 Itaka-Escolapios\"},\"image\":{\"@id\":\"https:\\\/\\\/www.itakaescolapios.org\\\/es\\\/#\\\/schema\\\/logo\\\/image\\\/\"}},{\"@type\":\"Person\",\"@id\":\"https:\\\/\\\/www.itakaescolapios.org\\\/es\\\/#\\\/schema\\\/person\\\/d2844383e29bfdfef69039672ce14eb1\",\"name\":\"cameroun01\",\"url\":\"https:\\\/\\\/www.itakaescolapios.org\\\/es\\\/author\\\/cameroun01\\\/\"}]}<\/script>\n<!-- \/ Yoast SEO plugin. -->","yoast_head_json":{"title":"- Itaka-Escolapios","robots":{"index":"index","follow":"follow","max-snippet":"max-snippet:-1","max-image-preview":"max-image-preview:large","max-video-preview":"max-video-preview:-1"},"canonical":"https:\/\/www.itakaescolapios.org\/es\/2021\/03\/francais-rdc-lancement-officiel-de-la-campagne-de-solidarite-itaka-2021-a-kinshasa\/","og_locale":"es_ES","og_type":"article","og_title":"- Itaka-Escolapios","og_description":"[:fr]Les \u00e9l\u00e8ves de l\u2019Ecole Primaire Notre Dame du Saint Sacrement (\u00e9cole appartenant \u00e0 la paroisse Saint Jude qui est sous la responsabilit\u00e9 des Peres Piaristes \u00e0 Kinshasa) ont \u00e9t\u00e9 sensibilis\u00e9s [&hellip;]","og_url":"https:\/\/www.itakaescolapios.org\/es\/2021\/03\/francais-rdc-lancement-officiel-de-la-campagne-de-solidarite-itaka-2021-a-kinshasa\/","og_site_name":"Itaka-Escolapios","article_published_time":"2021-03-09T12:05:00+00:00","article_modified_time":"2023-11-28T11:36:04+00:00","og_image":[{"width":1080,"height":810,"url":"https:\/\/www.itakaescolapios.org\/wp-content\/uploads\/2021\/03\/IMG-20210308-WA0027.jpg","type":"image\/jpeg"}],"author":"cameroun01","twitter_card":"summary_large_image","twitter_misc":{"Escrito por":"cameroun01","Tiempo de lectura":"1 minuto"},"schema":{"@context":"https:\/\/schema.org","@graph":[{"@type":"Article","@id":"https:\/\/www.itakaescolapios.org\/es\/2021\/03\/francais-rdc-lancement-officiel-de-la-campagne-de-solidarite-itaka-2021-a-kinshasa\/#article","isPartOf":{"@id":"https:\/\/www.itakaescolapios.org\/es\/2021\/03\/francais-rdc-lancement-officiel-de-la-campagne-de-solidarite-itaka-2021-a-kinshasa\/"},"author":{"name":"cameroun01","@id":"https:\/\/www.itakaescolapios.org\/es\/#\/schema\/person\/d2844383e29bfdfef69039672ce14eb1"},"headline":"Sin t\u00edtulo","datePublished":"2021-03-09T12:05:00+00:00","dateModified":"2023-11-28T11:36:04+00:00","mainEntityOfPage":{"@id":"https:\/\/www.itakaescolapios.org\/es\/2021\/03\/francais-rdc-lancement-officiel-de-la-campagne-de-solidarite-itaka-2021-a-kinshasa\/"},"wordCount":227,"publisher":{"@id":"https:\/\/www.itakaescolapios.org\/es\/#organization"},"image":{"@id":"https:\/\/www.itakaescolapios.org\/es\/2021\/03\/francais-rdc-lancement-officiel-de-la-campagne-de-solidarite-itaka-2021-a-kinshasa\/#primaryimage"},"thumbnailUrl":"https:\/\/www.itakaescolapios.org\/wp-content\/uploads\/2021\/03\/IMG-20210308-WA0027.jpg","articleSection":["\u00c1frica Central"],"inLanguage":"es"},{"@type":"WebPage","@id":"https:\/\/www.itakaescolapios.org\/es\/2021\/03\/francais-rdc-lancement-officiel-de-la-campagne-de-solidarite-itaka-2021-a-kinshasa\/","url":"https:\/\/www.itakaescolapios.org\/es\/2021\/03\/francais-rdc-lancement-officiel-de-la-campagne-de-solidarite-itaka-2021-a-kinshasa\/","name":"- Itaka-Escolapios","isPartOf":{"@id":"https:\/\/www.itakaescolapios.org\/es\/#website"},"primaryImageOfPage":{"@id":"https:\/\/www.itakaescolapios.org\/es\/2021\/03\/francais-rdc-lancement-officiel-de-la-campagne-de-solidarite-itaka-2021-a-kinshasa\/#primaryimage"},"image":{"@id":"https:\/\/www.itakaescolapios.org\/es\/2021\/03\/francais-rdc-lancement-officiel-de-la-campagne-de-solidarite-itaka-2021-a-kinshasa\/#primaryimage"},"thumbnailUrl":"https:\/\/www.itakaescolapios.org\/wp-content\/uploads\/2021\/03\/IMG-20210308-WA0027.jpg","datePublished":"2021-03-09T12:05:00+00:00","dateModified":"2023-11-28T11:36:04+00:00","inLanguage":"es","potentialAction":[{"@type":"ReadAction","target":["https:\/\/www.itakaescolapios.org\/es\/2021\/03\/francais-rdc-lancement-officiel-de-la-campagne-de-solidarite-itaka-2021-a-kinshasa\/"]}]},{"@type":"ImageObject","inLanguage":"es","@id":"https:\/\/www.itakaescolapios.org\/es\/2021\/03\/francais-rdc-lancement-officiel-de-la-campagne-de-solidarite-itaka-2021-a-kinshasa\/#primaryimage","url":"https:\/\/www.itakaescolapios.org\/wp-content\/uploads\/2021\/03\/IMG-20210308-WA0027.jpg","contentUrl":"https:\/\/www.itakaescolapios.org\/wp-content\/uploads\/2021\/03\/IMG-20210308-WA0027.jpg","width":1080,"height":810},{"@type":"WebSite","@id":"https:\/\/www.itakaescolapios.org\/es\/#website","url":"https:\/\/www.itakaescolapios.org\/es\/","name":"Itaka-Escolapios","description":"Red de Itaka-Escolapios","publisher":{"@id":"https:\/\/www.itakaescolapios.org\/es\/#organization"},"potentialAction":[{"@type":"SearchAction","target":{"@type":"EntryPoint","urlTemplate":"https:\/\/www.itakaescolapios.org\/es\/?s={search_term_string}"},"query-input":{"@type":"PropertyValueSpecification","valueRequired":true,"valueName":"search_term_string"}}],"inLanguage":"es"},{"@type":"Organization","@id":"https:\/\/www.itakaescolapios.org\/es\/#organization","name":"Fundaci\u00f3 Itaka-Escolapios","url":"https:\/\/www.itakaescolapios.org\/es\/","logo":{"@type":"ImageObject","inLanguage":"es","@id":"https:\/\/www.itakaescolapios.org\/es\/#\/schema\/logo\/image\/","url":"https:\/\/www.itakaescolapios.org\/wp-content\/uploads\/2024\/04\/Logo-itakaescolapios-peque.png","contentUrl":"https:\/\/www.itakaescolapios.org\/wp-content\/uploads\/2024\/04\/Logo-itakaescolapios-peque.png","width":500,"height":199,"caption":"Fundaci\u00f3 Itaka-Escolapios"},"image":{"@id":"https:\/\/www.itakaescolapios.org\/es\/#\/schema\/logo\/image\/"}},{"@type":"Person","@id":"https:\/\/www.itakaescolapios.org\/es\/#\/schema\/person\/d2844383e29bfdfef69039672ce14eb1","name":"cameroun01","url":"https:\/\/www.itakaescolapios.org\/es\/author\/cameroun01\/"}]}},"_links":{"self":[{"href":"https:\/\/www.itakaescolapios.org\/es\/wp-json\/wp\/v2\/posts\/32603","targetHints":{"allow":["GET"]}}],"collection":[{"href":"https:\/\/www.itakaescolapios.org\/es\/wp-json\/wp\/v2\/posts"}],"about":[{"href":"https:\/\/www.itakaescolapios.org\/es\/wp-json\/wp\/v2\/types\/post"}],"author":[{"embeddable":true,"href":"https:\/\/www.itakaescolapios.org\/es\/wp-json\/wp\/v2\/users\/15"}],"replies":[{"embeddable":true,"href":"https:\/\/www.itakaescolapios.org\/es\/wp-json\/wp\/v2\/comments?post=32603"}],"version-history":[{"count":2,"href":"https:\/\/www.itakaescolapios.org\/es\/wp-json\/wp\/v2\/posts\/32603\/revisions"}],"predecessor-version":[{"id":44371,"href":"https:\/\/www.itakaescolapios.org\/es\/wp-json\/wp\/v2\/posts\/32603\/revisions\/44371"}],"wp:featuredmedia":[{"embeddable":true,"href":"https:\/\/www.itakaescolapios.org\/es\/wp-json\/wp\/v2\/media\/32604"}],"wp:attachment":[{"href":"https:\/\/www.itakaescolapios.org\/es\/wp-json\/wp\/v2\/media?parent=32603"}],"wp:term":[{"taxonomy":"category","embeddable":true,"href":"https:\/\/www.itakaescolapios.org\/es\/wp-json\/wp\/v2\/categories?post=32603"},{"taxonomy":"post_tag","embeddable":true,"href":"https:\/\/www.itakaescolapios.org\/es\/wp-json\/wp\/v2\/tags?post=32603"}],"curies":[{"name":"wp","href":"https:\/\/api.w.org\/{rel}","templated":true}]}}