{"id":328220,"date":"2025-07-15T11:02:30","date_gmt":"2025-07-15T10:02:30","guid":{"rendered":"https:\/\/www.itakaescolapios.org\/es\/?p=328220"},"modified":"2025-07-16T11:36:25","modified_gmt":"2025-07-16T10:36:25","slug":"nueva-reunion-del-patronato-de-itaka-escolapios","status":"publish","type":"post","link":"https:\/\/www.itakaescolapios.org\/es\/2025\/07\/nueva-reunion-del-patronato-de-itaka-escolapios\/","title":{"rendered":"NUEVA REUNI\u00d3N DEL PATRONATO DE ITAKA-ESCOLAPIOS"},"content":{"rendered":"<p>[et_pb_section fb_built=\u00bb1&#8243; make_equal=\u00bbon\u00bb use_custom_gutter=\u00bbon\u00bb gutter_width=\u00bb2&#8243; specialty=\u00bbon\u00bb _builder_version=\u00bb4.24.3&#8243; _module_preset=\u00bbdefault\u00bb width=\u00bb100%\u00bb max_width=\u00bb100%\u00bb module_alignment=\u00bbcenter\u00bb inner_width=\u00bb90%\u00bb inner_max_width=\u00bb2222px\u00bb inner_module_alignment=\u00bbcenter\u00bb custom_margin=\u00bb0px||||false|false\u00bb custom_padding=\u00bb0px||||false|false\u00bb da_disable_devices=\u00bboff|off|off\u00bb global_colors_info=\u00bb{}\u00bb da_is_popup=\u00bboff\u00bb da_exit_intent=\u00bboff\u00bb da_has_close=\u00bbon\u00bb da_alt_close=\u00bboff\u00bb da_dark_close=\u00bboff\u00bb da_not_modal=\u00bbon\u00bb da_is_singular=\u00bboff\u00bb da_with_loader=\u00bboff\u00bb da_has_shadow=\u00bbon\u00bb][et_pb_column type=\u00bb3_4&#8243; specialty_columns=\u00bb3&#8243; _builder_version=\u00bb4.16&#8243; custom_padding=\u00bb|||\u00bb global_colors_info=\u00bb{}\u00bb custom_padding__hover=\u00bb|||\u00bb][et_pb_row_inner custom_padding_last_edited=\u00bbon|phone\u00bb _builder_version=\u00bb4.24.3&#8243; _module_preset=\u00bbdefault\u00bb module_alignment=\u00bbcenter\u00bb custom_padding=\u00bb|50px|4px||false|false\u00bb custom_padding_tablet=\u00bb|50px|4px||false|false\u00bb custom_padding_phone=\u00bb|0px|||false|false\u00bb border_color_all=\u00bbgcid-b1ace166-c11d-4c70-a679-55884e9ca298&#8243; border_style_all=\u00bbdotted\u00bb border_width_right=\u00bb3px\u00bb border_color_right=\u00bbgcid-b1ace166-c11d-4c70-a679-55884e9ca298&#8243; border_width_right_tablet=\u00bb3px\u00bb border_width_right_phone=\u00bb0px\u00bb border_width_right_last_edited=\u00bbon|desktop\u00bb collapsed=\u00bboff\u00bb global_colors_info=\u00bb{%22gcid-b1ace166-c11d-4c70-a679-55884e9ca298%22:%91%22border_color_all%22,%22border_color_right%22%93}\u00bb][et_pb_column_inner saved_specialty_column_type=\u00bb3_4&#8243; _builder_version=\u00bb4.24.3&#8243; _module_preset=\u00bbdefault\u00bb global_colors_info=\u00bb{}\u00bb][et_pb_text admin_label=\u00bbT\u00cdTULO NOTICIA\u00bb _builder_version=\u00bb4.27.4&#8243; _module_preset=\u00bbdefault\u00bb header_font=\u00bbTitulo Itaka-Escolapios|700|||||||\u00bb header_text_align=\u00bbcenter\u00bb header_text_color=\u00bbgcid-cca90ba6-297c-4d63-9e2c-8201011ef870&#8243; header_font_size=\u00bb50px\u00bb custom_margin=\u00bb||20px||false|false\u00bb custom_margin_tablet=\u00bb||20px||false|false\u00bb custom_margin_phone=\u00bb||20px||false|false\u00bb custom_margin_last_edited=\u00bbon|desktop\u00bb header_font_size_tablet=\u00bb55px\u00bb header_font_size_phone=\u00bb35px\u00bb header_font_size_last_edited=\u00bbon|phone\u00bb content_en_us=\u00bb<\/p>\n<h1><strong>New meeting of the Itaka- Escolapios board of trustees <\/strong><\/h1>\n<p>\u00bb content_fr_fr=\u00bb<\/p>\n<h1><strong>Nouvelle r\u00e9union du Conseil d\u00c1dministration d\u00b4Itaka- Escolapios<\/strong> <\/h1>\n<p>\u00bb content_eu=\u00bb<\/p>\n<h1><strong>Itaka- Escolapios en Patronatuaren bilera berria<\/strong><\/h1>\n<p>\u00bb content_ca=\u00bb<\/p>\n<h1><strong>Nova reuni\u00f3n del Patronat d\u00b4Itaka- Escolapis<\/strong> <\/h1>\n<p>\u00bb content_pt_br=\u00bb<\/p>\n<h1><strong>Nova reuniao do Conselho Curador da Itaka- Escol\u00e1pios <\/strong><\/h1>\n<p>\u00bb global_colors_info=\u00bb{%22gcid-cca90ba6-297c-4d63-9e2c-8201011ef870%22:%91%22header_text_color%22%93}\u00bb]<\/p>\n<h1><strong>Nueva reuni\u00f3n del Patronato de Itaka- Escolapios<\/strong><\/h1>\n<p>[\/et_pb_text][et_pb_text admin_label=\u00bbFecha noticia no tocar\u00bb _builder_version=\u00bb4.27.4&#8243; _dynamic_attributes=\u00bbcontent\u00bb _module_preset=\u00bbdefault\u00bb text_font=\u00bbTitulo Itaka-Escolapios|700|||||||\u00bb text_text_color=\u00bbgcid-cca90ba6-297c-4d63-9e2c-8201011ef870&#8243; text_font_size=\u00bb16px\u00bb text_orientation=\u00bbright\u00bb global_colors_info=\u00bb{%22gcid-cca90ba6-297c-4d63-9e2c-8201011ef870%22:%91%22text_text_color%22%93}\u00bb]@ET-DC@eyJkeW5hbWljIjp0cnVlLCJjb250ZW50IjoicG9zdF9kYXRlIiwic2V0dGluZ3MiOnsiYmVmb3JlIjoiIiwiYWZ0ZXIiOiIiLCJkYXRlX2Zvcm1hdCI6ImRlZmF1bHQiLCJjdXN0b21fZGF0ZV9mb3JtYXQiOiIifX0=@[\/et_pb_text][\/et_pb_column_inner][\/et_pb_row_inner][et_pb_row_inner _builder_version=\u00bb4.27.4&#8243; _module_preset=\u00bbdefault\u00bb border_width_right=\u00bb3px\u00bb border_color_right=\u00bbgcid-b1ace166-c11d-4c70-a679-55884e9ca298&#8243; border_style_right=\u00bbdotted\u00bb collapsed=\u00bboff\u00bb global_colors_info=\u00bb{%22gcid-b1ace166-c11d-4c70-a679-55884e9ca298%22:%91%22border_color_right%22%93}\u00bb][et_pb_column_inner saved_specialty_column_type=\u00bb3_4&#8243; _builder_version=\u00bb4.27.4&#8243; _module_preset=\u00bbdefault\u00bb global_colors_info=\u00bb{}\u00bb][et_pb_text admin_label=\u00bbCUERPO NOTICIA\u00bb _builder_version=\u00bb4.27.4&#8243; _module_preset=\u00bbdefault\u00bb text_font=\u00bb&#8211;et_global_body_font||||||||\u00bb text_font_size=\u00bb16px\u00bb width=\u00bb100%\u00bb module_alignment=\u00bbcenter\u00bb custom_padding=\u00bb|60px|||false|false\u00bb text_font_size_tablet=\u00bb16px\u00bb text_font_size_phone=\u00bb16px\u00bb text_font_size_last_edited=\u00bbon|desktop\u00bb content_en_us=\u00bb<\/p>\n<p>On June 27, a new meeting of the Itaka-Escolapios Board of Trustees took place. In this regular session, the budget for the Itaka-Escolapios Network for the upcoming 2025\u20132026 academic year was approved. Additionally, important aspects of the Network&#8217;s operation were addressed, including the review of the organizational and operational manual, which is currently being drafted. As always, there was also an opportunity to review the main updates from the past few months.<br data-start=%22683%22 data-end=%22686%22 \/>The Board of Trustees is the main governing body of the Itaka-Escolapios Foundation and oversees the Network on a permanent basis between the meetings of the Advisory Councils. It is composed of Juan Alfonso Serra (President), Jes\u00fas Elizari (Vice President and Provincial of Ema\u00fas), Alberto Cantero (on behalf of the General Fraternity and Secretary), F\u00e9licien Mouendji (on behalf of the General Congregation), Iv\u00e1n Ruiz (Provincial of Betania), Ra\u00fal Gonz\u00e1lez (Ema\u00fas Fraternity), Noem\u00ed Gesto (Betania Fraternity), Emmanuel Su\u00e1rez, and Carolina Paredes. Also participating were Igor Irigoyen as General Coordinator and Ander Mijangos as Resource Management Coordinator.<\/p>\n<p>\u00bb content_fr_fr=\u00bb<\/p>\n<p>Le 27 juin dernier a eu lieu une nouvelle r\u00e9union du Conseil d\u2019administration d\u2019Itaka-Escolapios. Lors de cette session ordinaire, le budget du R\u00e9seau Itaka-Escolapios pour l\u2019ann\u00e9e scolaire 2025-2026 a \u00e9t\u00e9 approuv\u00e9. Des aspects importants du fonctionnement du R\u00e9seau ont \u00e9galement \u00e9t\u00e9 abord\u00e9s, notamment la r\u00e9vision du manuel d\u2019organisation et de fonctionnement actuellement en cours d\u2019\u00e9laboration. Comme toujours, ce fut \u00e9galement l\u2019occasion de faire le point sur les principales nouveaut\u00e9s des derniers mois.<br data-start=%221963%22 data-end=%221966%22 \/>Le Conseil d\u2019administration est l\u2019organe de gouvernance principal de la Fondation Itaka-Escolapios et assure la direction permanente du R\u00e9seau entre les r\u00e9unions des Conseils consultatifs. Il est compos\u00e9 de Juan Alfonso Serra (pr\u00e9sident), Jes\u00fas Elizari (vice-pr\u00e9sident et provincial d\u2019Ema\u00fas), Alberto Cantero (au nom de la Fraternit\u00e9 g\u00e9n\u00e9rale et secr\u00e9taire), F\u00e9licien Mouendji (au nom de la Congr\u00e9gation g\u00e9n\u00e9rale), Iv\u00e1n Ruiz (provincial de B\u00e9tanie), Ra\u00fal Gonz\u00e1lez (Fraternit\u00e9 d\u2019Ema\u00fas), Noem\u00ed Gesto (Fraternit\u00e9 de B\u00e9tanie), Emmanuel Su\u00e1rez et Carolina Paredes. Ont \u00e9galement particip\u00e9 Igor Irigoyen, coordinateur g\u00e9n\u00e9ral, et Ander Mijangos, coordinateur de la gestion des ressources.<\/p>\n<p>\u00bb content_eu=\u00bb<\/p>\n<p>Joan den ekainaren 27an Itaka-Escolapios Patronatuaren ohiko bilera berri bat ospatu zen. Bilkura honetan 2025-2026 ikasturterako Itaka-Escolapios Sarearen aurrekontua onartu zen. Halaber, Sarearen funtzionamenduari buruzko gai garrantzitsuak jorratu ziren, une honetan lantzen ari diren antolakuntza eta funtzionamendu eskuliburuaren berrikuspena barne. Beti bezala, azken hilabeteetako berritasun nagusiak errepasatzeko aukera ere izan zen.<br data-start=%223171%22 data-end=%223174%22 \/>Patronatua da Itaka-Escolapios Fundazioaren gobernu-organo nagusia eta Sarearen zuzendaritza iraunkorra betetzen du Aholku Kontseiluen arteko deialdien artean. Hauek osatzen dute: Juan Alfonso Serra (Lehendakaria), Jes\u00fas Elizari (Lehendakariordea eta Ema\u00fas probintziala), Alberto Cantero (Fraternitate Orokorraren izenean eta idazkaria), F\u00e9licien Mouendji (Kongregazio Orokorraren izenean), Iv\u00e1n Ruiz (Betania probintziala), Ra\u00fal Gonz\u00e1lez (Ema\u00fas Fraternitatea), Noem\u00ed Gesto (Betania Fraternitatea), Emmanuel Su\u00e1rez eta Carolina Paredes. Igor Irigoyen (koordinatzaile nagusia) eta Ander Mijangos (baliabideen kudeaketa arloko koordinatzailea) ere parte hartu zuten.<\/p>\n<p>\u00bb content_ca=\u00bb<\/p>\n<p>Joan den ekainaren 27an Itaka-Escolapios Patronatuaren ohiko bilera berri bat ospatu zen. Bilkura honetan 2025-2026 ikasturterako Itaka-Escolapios Sarearen aurrekontua onartu zen. Halaber, Sarearen funtzionamenduari buruzko gai garrantzitsuak jorratu ziren, une honetan lantzen ari diren antolakuntza eta funtzionamendu eskuliburuaren berrikuspena barne. Beti bezala, azken hilabeteetako berritasun nagusiak errepasatzeko aukera ere izan zen.<br data-start=%223171%22 data-end=%223174%22 \/>Patronatua da Itaka-Escolapios Fundazioaren gobernu-organo nagusia eta Sarearen zuzendaritza iraunkorra betetzen du Aholku Kontseiluen arteko deialdien artean. Hauek osatzen dute: Juan Alfonso Serra (Lehendakaria), Jes\u00fas Elizari (Lehendakariordea eta Ema\u00fas probintziala), Alberto Cantero (Fraternitate Orokorraren izenean eta idazkaria), F\u00e9licien Mouendji (Kongregazio Orokorraren izenean), Iv\u00e1n Ruiz (Betania probintziala), Ra\u00fal Gonz\u00e1lez (Ema\u00fas Fraternitatea), Noem\u00ed Gesto (Betania Fraternitatea), Emmanuel Su\u00e1rez eta Carolina Paredes. Igor Irigoyen (koordinatzaile nagusia) eta Ander Mijangos (baliabideen kudeaketa arloko koordinatzailea) ere parte hartu zuten.<\/p>\n<p>\u00bb content_pt_br=\u00bb<\/p>\n<p>Joan den ekainaren 27an Itaka-Escolapios Patronatuaren ohiko bilera berri bat ospatu zen. Bilkura honetan 2025-2026 ikasturterako Itaka-Escolapios Sarearen aurrekontua onartu zen. Halaber, Sarearen funtzionamenduari buruzko gai garrantzitsuak jorratu ziren, une honetan lantzen ari diren antolakuntza eta funtzionamendu eskuliburuaren berrikuspena barne. Beti bezala, azken hilabeteetako berritasun nagusiak errepasatzeko aukera ere izan zen.<br data-start=%223171%22 data-end=%223174%22 \/>Patronatua da Itaka-Escolapios Fundazioaren gobernu-organo nagusia eta Sarearen zuzendaritza iraunkorra betetzen du Aholku Kontseiluen arteko deialdien artean. Hauek osatzen dute: Juan Alfonso Serra (Lehendakaria), Jes\u00fas Elizari (Lehendakariordea eta Ema\u00fas probintziala), Alberto Cantero (Fraternitate Orokorraren izenean eta idazkaria), F\u00e9licien Mouendji (Kongregazio Orokorraren izenean), Iv\u00e1n Ruiz (Betania probintziala), Ra\u00fal Gonz\u00e1lez (Ema\u00fas Fraternitatea), Noem\u00ed Gesto (Betania Fraternitatea), Emmanuel Su\u00e1rez eta Carolina Paredes. Igor Irigoyen (koordinatzaile nagusia) eta Ander Mijangos (baliabideen kudeaketa arloko koordinatzailea) ere parte hartu zuten.<\/p>\n<p>\u00bb global_colors_info=\u00bb{}\u00bb]<\/p>\n<p>El pasado 27 de junio tuvo lugar una nueva reuni\u00f3n del Patronato de Itaka-Escolapios. En esta sesi\u00f3n ordinaria se aprob\u00f3 el presupuesto de la Red Itaka-Escolapios para el pr\u00f3ximo curso 2025-2026. Adem\u00e1s, se abordaron importantes aspectos del funcionamiento de la Red con la revisi\u00f3n del manual de organizaci\u00f3n y funcionamiento que en estos momentos se encuentra en fase de elaboraci\u00f3n. Tambi\u00e9n hubo ocasi\u00f3n, como siempre, de hacer un repaso a las principales novedades de los \u00faltimos meses.<\/p>\n<p>El Patronato es el principal \u00f3rgano de gobierno de la Fundaci\u00f3n Itaka-Escolapios y dirige la Red de manera permanente entre las convocatorias de los Consejos Asesores. Lo conforman Juan Alfonso Serra (Presidente), Jes\u00fas Elizari (Vicepresidente y Provincial de Ema\u00fas), Alberto Cantero (en nombre de la Fraternidad General y Secretario), F\u00e9licien Mouendji (en nombre de la Congregaci\u00f3n General), Iv\u00e1n Ruiz (Provincial de Betania), Ra\u00fal Gonz\u00e1lez (Fraternidad de Ema\u00fas), Noem\u00ed Gesto (Fraternidad de Betania), Emmanuel Su\u00e1rez y Carolina Paredes. Tambi\u00e9n cont\u00f3 con la participaci\u00f3n de Igor Irigoyen como coordinador general y de Ander Mijangos como coordinador del \u00e1rea de gesti\u00f3n de recursos.<\/p>\n<p>[\/et_pb_text][\/et_pb_column_inner][\/et_pb_row_inner][et_pb_row_inner admin_label=\u00bbIm\u00e1genes sede\u00bb _builder_version=\u00bb4.27.4&#8243; _module_preset=\u00bbdefault\u00bb custom_padding=\u00bb20px||||false|false\u00bb border_width_right=\u00bb3px\u00bb border_color_right=\u00bbgcid-b1ace166-c11d-4c70-a679-55884e9ca298&#8243; border_style_right=\u00bbdotted\u00bb border_width_right_tablet=\u00bb3px\u00bb border_width_right_phone=\u00bb0px\u00bb border_width_right_last_edited=\u00bbon|desktop\u00bb collapsed=\u00bboff\u00bb global_colors_info=\u00bb{%22gcid-b1ace166-c11d-4c70-a679-55884e9ca298%22:%91%22border_color_right%22%93}\u00bb][et_pb_column_inner saved_specialty_column_type=\u00bb3_4&#8243; _builder_version=\u00bb4.27.4&#8243; _module_preset=\u00bbdefault\u00bb global_colors_info=\u00bb{}\u00bb][difl_imagecarousel item_desktop=\u00bb1&#8243; item_tablet=\u00bb1&#8243; loop=\u00bbon\u00bb dots=\u00bbon\u00bb use_lightbox=\u00bbon\u00bb arrow_color=\u00bbgcid-b1ace166-c11d-4c70-a679-55884e9ca298&#8243; dots_color=\u00bbgcid-cca90ba6-297c-4d63-9e2c-8201011ef870&#8243; active_dots_color=\u00bbgcid-b1ace166-c11d-4c70-a679-55884e9ca298&#8243; _builder_version=\u00bb4.27.4&#8243; _module_preset=\u00bbdefault\u00bb overflow-x=\u00bbhidden\u00bb overflow-y=\u00bbhidden\u00bb custom_margin=\u00bb|60px|||false|false\u00bb custom_margin_tablet=\u00bb|60px|||false|false\u00bb custom_margin_phone=\u00bb|60px|||false|false\u00bb custom_margin_last_edited=\u00bbon|desktop\u00bb custom_css_free_form=\u00bbselector .df_ici_container {margin: 0 auto;}\u00bb global_colors_info=\u00bb{%22gcid-b1ace166-c11d-4c70-a679-55884e9ca298%22:%91%22arrow_color%22,%22active_dots_color%22%93,%22gcid-cca90ba6-297c-4d63-9e2c-8201011ef870%22:%91%22dots_color%22%93}\u00bb][difl_imagecarouselitem image=\u00bbhttps:\/\/www.itakaescolapios.org\/wp-content\/uploads\/2025\/07\/250627-Patronato-2.jpg\u00bb ic_button_button_url_new_window=\u00bb1&#8243; _builder_version=\u00bb4.27.4&#8243; _module_preset=\u00bbdefault\u00bb global_colors_info=\u00bb{}\u00bb][\/difl_imagecarouselitem][\/difl_imagecarousel][\/et_pb_column_inner][\/et_pb_row_inner][et_pb_row_inner _builder_version=\u00bb4.24.3&#8243; _module_preset=\u00bbdefault\u00bb custom_padding=\u00bb20px||||false|false\u00bb border_width_right=\u00bb3px\u00bb border_color_right=\u00bbgcid-b1ace166-c11d-4c70-a679-55884e9ca298&#8243; border_style_right=\u00bbdotted\u00bb border_width_right_tablet=\u00bb3px\u00bb border_width_right_phone=\u00bb0px\u00bb border_width_right_last_edited=\u00bbon|desktop\u00bb collapsed=\u00bbon\u00bb global_colors_info=\u00bb{%22gcid-b1ace166-c11d-4c70-a679-55884e9ca298%22:%91%22border_color_right%22%93}\u00bb][et_pb_column_inner saved_specialty_column_type=\u00bb3_4&#8243; _builder_version=\u00bb4.24.3&#8243; _module_preset=\u00bbdefault\u00bb global_colors_info=\u00bb{}\u00bb][et_pb_text admin_label=\u00bbL\u00ednea divisoria\u00bb _builder_version=\u00bb4.27.4&#8243; _module_preset=\u00bbdefault\u00bb header_font=\u00bbIBM Plex Sans|700|||||||\u00bb header_text_color=\u00bbgcid-cca90ba6-297c-4d63-9e2c-8201011ef870&#8243; header_font_size=\u00bb40px\u00bb custom_margin=\u00bb|30px|||false|false\u00bb header_font_size_tablet=\u00bb55px\u00bb header_font_size_phone=\u00bb30px\u00bb header_font_size_last_edited=\u00bbon|phone\u00bb border_width_bottom=\u00bb3px\u00bb border_color_bottom=\u00bbgcid-b1ace166-c11d-4c70-a679-55884e9ca298&#8243; border_style_bottom=\u00bbdotted\u00bb global_colors_info=\u00bb{%22gcid-cca90ba6-297c-4d63-9e2c-8201011ef870%22:%91%22header_text_color%22%93,%22gcid-b1ace166-c11d-4c70-a679-55884e9ca298%22:%91%22border_color_bottom%22%93}\u00bb][\/et_pb_text][difl_imagecarousel item_desktop=\u00bb3&#8243; admin_label=\u00bbCampa\u00f1a, educa y voluntariado\u00bb _builder_version=\u00bb4.27.4&#8243; _module_preset=\u00bbdefault\u00bb width_tablet=\u00bb\u00bb width_phone=\u00bb100%\u00bb width_last_edited=\u00bbon|desktop\u00bb custom_margin=\u00bb|62px|||false|false\u00bb custom_margin_tablet=\u00bb|62px|||false|false\u00bb custom_margin_phone=\u00bb|62px|||false|false\u00bb custom_margin_last_edited=\u00bbon|desktop\u00bb global_module=\u00bb316782&#8243; global_colors_info=\u00bb{}\u00bb custom_margin__hover_enabled=\u00bboff|desktop\u00bb custom_margin__hover=\u00bb|30px|||false|false\u00bb][difl_imagecarouselitem image=\u00bbhttps:\/\/www.itakaescolapios.org\/wp-content\/uploads\/2025\/02\/BANNERS-CAMPANA-INFERIOR-500500.jpg\u00bb ic_button_button_url_new_window=\u00bb1&#8243; _builder_version=\u00bb4.27.4&#8243; _module_preset=\u00bbdefault\u00bb link_option_url=\u00bbhttps:\/\/www.educa.itakaescolapios.org\/campanas\/2024-2025-abriendo-caminos\u00bb image_en_us=\u00bbhttps:\/\/www.itakaescolapios.org\/wp-content\/uploads\/2025\/02\/BANNERS-CAMPANA-INFERIOR-5005002.jpg\u00bb image_fr_fr=\u00bbhttps:\/\/www.itakaescolapios.org\/wp-content\/uploads\/2025\/02\/BANNERS-CAMPANA-INFERIOR-5005003.jpg\u00bb image_eu=\u00bbhttps:\/\/www.itakaescolapios.org\/wp-content\/uploads\/2025\/02\/BANNERS-CAMPANA-INFERIOR-5005006.jpg\u00bb image_ca=\u00bbhttps:\/\/www.itakaescolapios.org\/wp-content\/uploads\/2025\/02\/BANNERS-CAMPANA-INFERIOR-5005005.jpg\u00bb image_pt_br=\u00bbhttps:\/\/www.itakaescolapios.org\/wp-content\/uploads\/2025\/02\/BANNERS-CAMPANA-INFERIOR-5005004.jpg\u00bb global_colors_info=\u00bb{}\u00bb][\/difl_imagecarouselitem][difl_imagecarouselitem admin_label=\u00bbVoluntariado\u00bb image=\u00bbhttps:\/\/www.itakaescolapios.org\/wp-content\/uploads\/2025\/02\/BANNERS-VOLUNTARIADO-INFERIOR-500500.jpg\u00bb ic_button_button_url_new_window=\u00bb1&#8243; _builder_version=\u00bb4.27.4&#8243; _module_preset=\u00bbdefault\u00bb link_option_url=\u00bbhttps:\/\/www.itakaescolapios.org\/es\/haz-voluntariado\/\u00bb image_en_us=\u00bbhttps:\/\/www.itakaescolapios.org\/wp-content\/uploads\/2025\/02\/BANNERS-VOLUNTARIADO-INFERIOR-5005002.jpg\u00bb ic_button_button_url_en_us=\u00bbhttps:\/\/www.itakaescolapios.org\/\u00bb image_fr_fr=\u00bbhttps:\/\/www.itakaescolapios.org\/wp-content\/uploads\/2025\/02\/BANNERS-VOLUNTARIADO-INFERIOR-5005003.jpg\u00bb image_eu=\u00bbhttps:\/\/www.itakaescolapios.org\/wp-content\/uploads\/2025\/02\/BANNERS-VOLUNTARIADO-INFERIOR-5005006.jpg\u00bb image_ca=\u00bbhttps:\/\/www.itakaescolapios.org\/wp-content\/uploads\/2025\/02\/BANNERS-VOLUNTARIADO-INFERIOR-5005004.jpg\u00bb image_pt_br=\u00bbhttps:\/\/www.itakaescolapios.org\/wp-content\/uploads\/2025\/02\/BANNERS-VOLUNTARIADO-INFERIOR-5005005.jpg\u00bb global_colors_info=\u00bb{}\u00bb][\/difl_imagecarouselitem][difl_imagecarouselitem image=\u00bbhttps:\/\/www.itakaescolapios.org\/wp-content\/uploads\/2025\/02\/BANNERS-EDUCA-INFERIOR-500500.jpg\u00bb ic_button_button_url_new_window=\u00bb1&#8243; _builder_version=\u00bb4.27.4&#8243; _module_preset=\u00bbdefault\u00bb link_option_url=\u00bbhttps:\/\/www.educa.itakaescolapios.org\/\u00bb image_en_us=\u00bbhttps:\/\/www.itakaescolapios.org\/wp-content\/uploads\/2025\/02\/BANNERS-EDUCA-INFERIOR-5005002.jpg\u00bb image_fr_fr=\u00bbhttps:\/\/www.itakaescolapios.org\/wp-content\/uploads\/2025\/02\/BANNERS-EDUCA-INFERIOR-5005003.jpg\u00bb image_eu=\u00bbhttps:\/\/www.itakaescolapios.org\/wp-content\/uploads\/2025\/02\/BANNERS-EDUCA-INFERIOR-5005006.jpg\u00bb image_ca=\u00bbhttps:\/\/www.itakaescolapios.org\/wp-content\/uploads\/2025\/02\/BANNERS-EDUCA-INFERIOR-5005005.jpg\u00bb image_pt_br=\u00bbhttps:\/\/www.itakaescolapios.org\/wp-content\/uploads\/2025\/02\/BANNERS-EDUCA-INFERIOR-5005004.jpg\u00bb global_colors_info=\u00bb{}\u00bb][\/difl_imagecarouselitem][\/difl_imagecarousel][\/et_pb_column_inner][\/et_pb_row_inner][\/et_pb_column][et_pb_column type=\u00bb1_4&#8243; _builder_version=\u00bb4.16&#8243; custom_padding=\u00bb|||\u00bb global_colors_info=\u00bb{}\u00bb custom_padding__hover=\u00bb|||\u00bb][difl_imagecarousel item_desktop=\u00bb1&#8243; item_tablet=\u00bb1&#8243; loop=\u00bbon\u00bb autoplay=\u00bbon\u00bb autospeed=\u00bb3500&#8243; dots=\u00bbon\u00bb dots_color=\u00bbgcid-cca90ba6-297c-4d63-9e2c-8201011ef870&#8243; active_dots_color=\u00bbgcid-b1ace166-c11d-4c70-a679-55884e9ca298&#8243; dots_gap=\u00bb21px\u00bb item_wrapper_padding=\u00bb||15px||false|false\u00bb admin_label=\u00bbSer miembro y newsletter\u00bb module_class=\u00bbextiendeenlacedeboton\u00bb _builder_version=\u00bb4.27.4&#8243; _module_preset=\u00bbdefault\u00bb global_module=\u00bb51656&#8243; saved_tabs=\u00bball\u00bb global_colors_info=\u00bb{%22gcid-cca90ba6-297c-4d63-9e2c-8201011ef870%22:%91%22dots_color%22%93,%22gcid-b1ace166-c11d-4c70-a679-55884e9ca298%22:%91%22active_dots_color%22%93}\u00bb][difl_imagecarouselitem image=\u00bbhttps:\/\/www.itakaescolapios.org\/wp-content\/uploads\/2025\/02\/banners-500&#215;500-esp.jpg\u00bb ic_button_button_text=\u00bbbot\u00bb ic_button_button_url=\u00bb\/es\/colabora\u00bb ic_button_button_url_new_window=\u00bb1&#8243; _builder_version=\u00bb4.27.4&#8243; _module_preset=\u00bbdefault\u00bb image_en_us=\u00bbhttps:\/\/www.itakaescolapios.org\/wp-content\/uploads\/2025\/02\/banners-500&#215;500-eng.jpg\u00bb ic_button_button_text_en_us=\u00bbbot\u00bb ic_button_button_url_en_us=\u00bb\/en\/collaborate\/\u00bb image_fr_fr=\u00bbhttps:\/\/www.itakaescolapios.org\/wp-content\/uploads\/2025\/02\/banners-500&#215;500-fra.jpg\u00bb ic_button_button_text_fr_fr=\u00bbbot\u00bb ic_button_button_url_fr_fr=\u00bb\/fr\/collaborez\/\u00bb image_eu=\u00bbhttps:\/\/www.itakaescolapios.org\/wp-content\/uploads\/2025\/02\/banners-500&#215;500-eusk.jpg\u00bb ic_button_button_text_eu=\u00bbbot\u00bb ic_button_button_url_eu=\u00bb\/eu\/lagundu\/\u00bb image_ca=\u00bbhttps:\/\/www.itakaescolapios.org\/wp-content\/uploads\/2025\/02\/banners-500&#215;500-val.jpg\u00bb ic_button_button_text_ca=\u00bbbot\u00bb ic_button_button_url_ca=\u00bb\/ca\/collabora\/\u00bb image_pt_br=\u00bbhttps:\/\/www.itakaescolapios.org\/wp-content\/uploads\/2025\/02\/banners-500&#215;500-port.jpg\u00bb ic_button_button_text_pt_br=\u00bbbot\u00bb ic_button_button_url_pt_br=\u00bb\/pt\/colabore\/\u00bb global_colors_info=\u00bb{}\u00bb][\/difl_imagecarouselitem][difl_imagecarouselitem image=\u00bbhttps:\/\/www.itakaescolapios.org\/wp-content\/uploads\/2025\/02\/banners-500&#215;500-esp2.png\u00bb ic_button_button_text=\u00bbbot\u00bb ic_button_button_url=\u00bb\/es\/suscribete\/\u00bb ic_button_button_url_new_window=\u00bb1&#8243; _builder_version=\u00bb4.27.4&#8243; _module_preset=\u00bbdefault\u00bb image_en_us=\u00bbhttps:\/\/www.itakaescolapios.org\/wp-content\/uploads\/2025\/02\/banners-500&#215;500-eng2.jpg\u00bb ic_button_button_text_en_us=\u00bbbot\u00bb ic_button_button_url_en_us=\u00bb\/en\/subscribe\/\u00bb image_fr_fr=\u00bbhttps:\/\/www.itakaescolapios.org\/wp-content\/uploads\/2025\/02\/banners-500&#215;500-fra2.jpg\u00bb ic_button_button_text_fr_fr=\u00bbbot\u00bb ic_button_button_url_fr_fr=\u00bb\/fr\/abonnez-vous-maintenant\/\u00bb image_eu=\u00bbhttps:\/\/www.itakaescolapios.org\/wp-content\/uploads\/2025\/02\/banners-500&#215;500-eusk2.jpg\u00bb ic_button_button_text_eu=\u00bbbot\u00bb ic_button_button_url_eu=\u00bb\/eu\/harpidetu\/\u00bb image_ca=\u00bbhttps:\/\/www.itakaescolapios.org\/wp-content\/uploads\/2025\/02\/banners-500&#215;500-val2.jpg\u00bb ic_button_button_text_ca=\u00bbbot\u00bb ic_button_button_url_ca=\u00bb\/ca\/subscriu-te\/\u00bb image_pt_br=\u00bbhttps:\/\/www.itakaescolapios.org\/wp-content\/uploads\/2025\/02\/banners-500&#215;500-port2.jpg\u00bb ic_button_button_text_pt_br=\u00bbbot\u00bb ic_button_button_url_pt_br=\u00bb\/pt\/assine\/\u00bb global_colors_info=\u00bb{}\u00bb][\/difl_imagecarouselitem][\/difl_imagecarousel][et_pb_text admin_label=\u00bbTexto %22\u00daltimas noticias%22&#8243; _builder_version=\u00bb4.25.0&#8243; _module_preset=\u00bbdefault\u00bb header_font=\u00bbIBM Plex Sans|700|||||||\u00bb header_text_color=\u00bbgcid-cca90ba6-297c-4d63-9e2c-8201011ef870&#8243; header_font_size=\u00bb40px\u00bb custom_margin=\u00bb||||false|false\u00bb header_font_size_tablet=\u00bb55px\u00bb header_font_size_phone=\u00bb30px\u00bb header_font_size_last_edited=\u00bbon|phone\u00bb content_en_us=\u00bb<\/p>\n<h1>Last news<\/h1>\n<p>\u00bb content_fr_fr=\u00bb<\/p>\n<h1>Derni\u00e8res nouvelles<\/h1>\n<p>\u00bb content_eu=\u00bb<\/p>\n<h1>Azken berriak<\/h1>\n<p>\u00bb content_ca=\u00bb<\/p>\n<h1>\u00daltimes not\u00edcies<\/h1>\n<p>\u00bb content_pt_br=\u00bb<\/p>\n<h1>\u00daltimas not\u00edcias<\/h1>\n<p>\u00bb border_width_bottom=\u00bb3px\u00bb border_color_bottom=\u00bbgcid-b1ace166-c11d-4c70-a679-55884e9ca298&#8243; border_style_bottom=\u00bbdotted\u00bb global_module=\u00bb50904&#8243; saved_tabs=\u00bball\u00bb global_colors_info=\u00bb{%22gcid-cca90ba6-297c-4d63-9e2c-8201011ef870%22:%91%22header_text_color%22,%22header_text_color%22%93,%22gcid-b1ace166-c11d-4c70-a679-55884e9ca298%22:%91%22border_color_bottom%22%93}\u00bb]<\/p>\n<h1>\u00daltimas noticias<\/h1>\n<p>[\/et_pb_text][difl_blogcarousel posts_number=\u00bb6&#8243; post_display=\u00bbby_category\u00bb use_image_as_background=\u00bbon\u00bb item_desktop=\u00bb1&#8243; item_tablet=\u00bb1&#8243; loop=\u00bbon\u00bb dots=\u00bbon\u00bb equal_height=\u00bbon\u00bb item_background_bgcolor=\u00bbrgba(175,196,16,0.9)\u00bb arrow_color=\u00bb#FFFFFF\u00bb arrow_background=\u00bbgcid-cca90ba6-297c-4d63-9e2c-8201011ef870&#8243; arrow_circle=\u00bbon\u00bb arrow_prev_icon_use_icon=\u00bboff\u00bb arrow_prev_margin=\u00bb|||-70px|false|false\u00bb arrow_prev_margin_tablet=\u00bb\u00bb arrow_prev_margin_phone=\u00bb|||0px|false|false\u00bb arrow_prev_margin_last_edited=\u00bbon|phone\u00bb arrow_next_margin=\u00bb|-70px|||false|false\u00bb arrow_next_margin_tablet=\u00bb\u00bb arrow_next_margin_phone=\u00bb|0px|||false|false\u00bb arrow_next_margin_last_edited=\u00bbon|phone\u00bb large_active_dot=\u00bbon\u00bb dots_color=\u00bbgcid-cca90ba6-297c-4d63-9e2c-8201011ef870&#8243; active_dots_color=\u00bbgcid-b1ace166-c11d-4c70-a679-55884e9ca298&#8243; wrapper_padding=\u00bb||15px||false|false\u00bb item_wrapper_padding=\u00bb300px||||false|false\u00bb item_padding=\u00bb20px||||false|false\u00bb admin_label=\u00bbAQU\u00cd CAMBIA LA CATEGOR\u00cdA\u00bb _builder_version=\u00bb4.27.4&#8243; _module_preset=\u00bbdefault\u00bb border_radii_item_outer=\u00bbon|8px|8px|8px|8px\u00bb global_colors_info=\u00bb{%22gcid-b1ace166-c11d-4c70-a679-55884e9ca298%22:%91%22item_background_bgcolor%22,%22active_dots_color%22%93}\u00bb][difl_postitem type=\u00bbtitle\u00bb element_padding=\u00bb10px|10px||10px|false|true\u00bb _builder_version=\u00bb4.27.4&#8243; _module_preset=\u00bbdefault\u00bb post_font_style_font=\u00bbMerriweather|900|||||||\u00bb post_font_style_text_color=\u00bb#FFFFFF\u00bb post_font_style_font_size=\u00bb20px\u00bb post_font_style_line_height=\u00bb22px\u00bb background_color=\u00bbRGBA(255,255,255,0)\u00bb background_enable_color=\u00bbon\u00bb text_orientation=\u00bbcenter\u00bb global_colors_info=\u00bb{}\u00bb][\/difl_postitem][difl_postitem type=\u00bbdate\u00bb date_format=\u00bbj-F-Y\u00bb meta_display=\u00bbblock\u00bb use_icon=\u00bbon\u00bb font_icon=\u00bb&#xe023;||divi||400&#8243; icon_color=\u00bb#FFFFFF\u00bb element_padding=\u00bb|10px||10px|false|true\u00bb _builder_version=\u00bb4.27.4&#8243; _module_preset=\u00bbdefault\u00bb post_font_style_font=\u00bbIBM Plex Sans|700|||||||\u00bb post_font_style_text_color=\u00bb#FFFFFF\u00bb post_font_style_font_size=\u00bb12px\u00bb background_color=\u00bbRGBA(255,255,255,0)\u00bb background_enable_color=\u00bbon\u00bb text_orientation=\u00bbright\u00bb global_colors_info=\u00bb{}\u00bb][\/difl_postitem][\/difl_blogcarousel][et_pb_text admin_label=\u00bbTexto %22S\u00edguenos%22&#8243; _builder_version=\u00bb4.27.4&#8243; _module_preset=\u00bbdefault\u00bb header_font=\u00bbIBM Plex Sans|600|||||||\u00bb header_text_color=\u00bb#FFFFFF\u00bb background_color=\u00bbgcid-cca90ba6-297c-4d63-9e2c-8201011ef870&#8243; custom_margin=\u00bb0px||0px||true|false\u00bb custom_padding=\u00bb20px||||false|false\u00bb content_en_us=\u00bb<\/p>\n<h1 style=%22text-align: center;%22>Follow us<\/h1>\n<p>\u00bb content_fr_fr=\u00bb<\/p>\n<h1 style=%22text-align: center;%22>Suivez-nous sur<\/h1>\n<p>\u00bb content_eu=\u00bb<\/p>\n<h1 style=%22text-align: center;%22>Jarraitu<\/h1>\n<p>\u00bb content_ca=\u00bb<\/p>\n<h1 style=%22text-align: center;%22>Segueix-nos<\/h1>\n<p>\u00bb content_pt_br=\u00bb<\/p>\n<h1 style=%22text-align: center;%22>Siga-nos em<\/h1>\n<p>\u00bb border_radii=\u00bboff||15px||\u00bb global_colors_info=\u00bb{%22gcid-cca90ba6-297c-4d63-9e2c-8201011ef870%22:%91%22background_color%22%93}\u00bb]<\/p>\n<h1 style=\"text-align: center;\">S\u00edguenos<\/h1>\n<p>[\/et_pb_text][et_pb_social_media_follow admin_label=\u00bbREDES SOCIALES SEDE\u00bb module_class=\u00bbredes-portada-sede\u00bb _builder_version=\u00bb4.25.1&#8243; _module_preset=\u00bbdefault\u00bb background_color=\u00bbgcid-cca90ba6-297c-4d63-9e2c-8201011ef870&#8243; text_orientation=\u00bbcenter\u00bb custom_margin=\u00bb0px||||false|false\u00bb custom_padding=\u00bb15px||15px||true|false\u00bb custom_css_free_form=\u00bb.redes-portada-sede.et_pb_module {border-bottom-left-radius: 15px !important;}\u00bb border_radii=\u00bboff|15px|15px|15px|15px\u00bb global_colors_info=\u00bb{%22gcid-cca90ba6-297c-4d63-9e2c-8201011ef870%22:%91%22background_color%22%93}\u00bb][et_pb_social_media_follow_network social_network=\u00bbfacebook\u00bb icon_color=\u00bbgcid-cca90ba6-297c-4d63-9e2c-8201011ef870&#8243; _builder_version=\u00bb4.24.3&#8243; _module_preset=\u00bbdefault\u00bb background_color=\u00bb#FFFFFF\u00bb background_enable_color=\u00bbon\u00bb global_colors_info=\u00bb{%22gcid-cca90ba6-297c-4d63-9e2c-8201011ef870%22:%91%22icon_color%22%93}\u00bb follow_button=\u00bboff\u00bb url_new_window=\u00bbon\u00bb]facebook[\/et_pb_social_media_follow_network][et_pb_social_media_follow_network social_network=\u00bbinstagram\u00bb icon_color=\u00bbgcid-cca90ba6-297c-4d63-9e2c-8201011ef870&#8243; _builder_version=\u00bb4.24.3&#8243; _module_preset=\u00bbdefault\u00bb background_color=\u00bb#FFFFFF\u00bb background_enable_color=\u00bbon\u00bb global_colors_info=\u00bb{%22gcid-cca90ba6-297c-4d63-9e2c-8201011ef870%22:%91%22icon_color%22%93}\u00bb follow_button=\u00bboff\u00bb url_new_window=\u00bbon\u00bb]instagram[\/et_pb_social_media_follow_network][et_pb_social_media_follow_network social_network=\u00bbyoutube\u00bb icon_color=\u00bbgcid-cca90ba6-297c-4d63-9e2c-8201011ef870&#8243; _builder_version=\u00bb4.24.3&#8243; _module_preset=\u00bbdefault\u00bb background_color=\u00bb#FFFFFF\u00bb background_enable_color=\u00bbon\u00bb global_colors_info=\u00bb{%22gcid-cca90ba6-297c-4d63-9e2c-8201011ef870%22:%91%22icon_color%22%93}\u00bb follow_button=\u00bboff\u00bb url_new_window=\u00bbon\u00bb]youtube[\/et_pb_social_media_follow_network][\/et_pb_social_media_follow][difl_imagecarousel item_desktop=\u00bb1&#8243; item_tablet=\u00bb1&#8243; loop=\u00bbon\u00bb autoplay=\u00bbon\u00bb autospeed=\u00bb3500&#8243; dots=\u00bbon\u00bb dots_color=\u00bbgcid-cca90ba6-297c-4d63-9e2c-8201011ef870&#8243; active_dots_color=\u00bbgcid-b1ace166-c11d-4c70-a679-55884e9ca298&#8243; item_wrapper_padding=\u00bb||20px||false|false\u00bb admin_label=\u00bbFormaci\u00f3n, hemeroteca y formaci\u00f3n\u00bb module_class=\u00bbextiendeenlacedeboton\u00bb _builder_version=\u00bb4.27.4&#8243; _module_preset=\u00bbdefault\u00bb module_alignment=\u00bbcenter\u00bb custom_margin=\u00bb||||false|false\u00bb global_module=\u00bb51721&#8243; saved_tabs=\u00bball\u00bb global_colors_info=\u00bb{%22gcid-cca90ba6-297c-4d63-9e2c-8201011ef870%22:%91%22dots_color%22%93,%22gcid-b1ace166-c11d-4c70-a679-55884e9ca298%22:%91%22active_dots_color%22%93}\u00bb custom_margin__hover_enabled=\u00bbon|hover\u00bb custom_margin__hover=\u00bb||||false|false\u00bb][difl_imagecarouselitem admin_label=\u00bbFormaci\u00f3n\u00bb image=\u00bbhttps:\/\/www.itakaescolapios.org\/wp-content\/uploads\/2025\/02\/banners-500&#215;500-esp5.jpg\u00bb ic_button_button_text=\u00bbbot\u00bb ic_button_button_url=\u00bb\/es\/que-hacemos\/formacion\/\u00bb ic_button_button_url_new_window=\u00bb1&#8243; _builder_version=\u00bb4.27.4&#8243; _module_preset=\u00bbdefault\u00bb image_en_us=\u00bbhttps:\/\/www.itakaescolapios.org\/wp-content\/uploads\/2025\/02\/banners-500&#215;500-eng5.jpg\u00bb ic_button_button_text_en_us=\u00bbbot\u00bb ic_button_button_url_en_us=\u00bb\/en\/what-we-do\/training\/\u00bb image_fr_fr=\u00bbhttps:\/\/www.itakaescolapios.org\/wp-content\/uploads\/2025\/02\/banners-500&#215;500-fra5.jpg\u00bb ic_button_button_text_fr_fr=\u00bbbot\u00bb ic_button_button_url_fr_fr=\u00bb\/fr\/que-faisons-nous\/formation\/\u00bb image_eu=\u00bbhttps:\/\/www.itakaescolapios.org\/wp-content\/uploads\/2025\/02\/banners-500&#215;500-eusk5.jpg\u00bb ic_button_button_text_eu=\u00bbbot\u00bb ic_button_button_url_eu=\u00bb\/eu\/zer-egiten-dugu\/prestakuntza\/\u00bb image_ca=\u00bbhttps:\/\/www.itakaescolapios.org\/wp-content\/uploads\/2025\/02\/banners-500&#215;500-val5.jpg\u00bb ic_button_button_text_ca=\u00bbbot\u00bb ic_button_button_url_ca=\u00bb\/ca\/que-fem\/formacio\/\u00bb image_pt_br=\u00bbhttps:\/\/www.itakaescolapios.org\/wp-content\/uploads\/2025\/02\/banners-500&#215;500-port5.jpg\u00bb ic_button_button_text_pt_br=\u00bbbot\u00bb ic_button_button_url_pt_br=\u00bb\/pt\/o-que-fazemos\/formacao\/\u00bb global_colors_info=\u00bb{}\u00bb][\/difl_imagecarouselitem][difl_imagecarouselitem admin_label=\u00bbPublicaciones\u00bb image=\u00bbhttps:\/\/www.itakaescolapios.org\/wp-content\/uploads\/2025\/02\/banners-500&#215;500-esp3-1.jpg\u00bb ic_button_button_text=\u00bbbot\u00bb ic_button_button_url=\u00bb\/es\/publicaciones\u00bb ic_button_button_url_new_window=\u00bb1&#8243; _builder_version=\u00bb4.27.4&#8243; _module_preset=\u00bbdefault\u00bb image_en_us=\u00bbhttps:\/\/www.itakaescolapios.org\/wp-content\/uploads\/2025\/02\/banners-500&#215;500-eng3.jpg\u00bb ic_button_button_text_en_us=\u00bbbot\u00bb ic_button_button_url_en_us=\u00bb\/en\/publicaciones\u00bb image_fr_fr=\u00bbhttps:\/\/www.itakaescolapios.org\/wp-content\/uploads\/2025\/02\/banners-500&#215;500-fra3.jpg\u00bb ic_button_button_text_fr_fr=\u00bbbot\u00bb ic_button_button_url_fr_fr=\u00bb\/fr\/publicaciones\u00bb image_eu=\u00bbhttps:\/\/www.itakaescolapios.org\/wp-content\/uploads\/2025\/02\/banners-500&#215;500-eusk3.jpg\u00bb ic_button_button_text_eu=\u00bbbot\u00bb ic_button_button_url_eu=\u00bb\/eu\/publicaciones\u00bb image_ca=\u00bbhttps:\/\/www.itakaescolapios.org\/wp-content\/uploads\/2025\/02\/banners-500&#215;500-val3.jpg\u00bb ic_button_button_text_ca=\u00bbbot\u00bb ic_button_button_url_ca=\u00bb\/ca\/publicaciones\u00bb image_pt_br=\u00bbhttps:\/\/www.itakaescolapios.org\/wp-content\/uploads\/2025\/02\/banners-500&#215;500-port3.jpg\u00bb ic_button_button_text_pt_br=\u00bbbot\u00bb ic_button_button_url_pt_br=\u00bb\/pt\/publicaciones\u00bb global_colors_info=\u00bb{}\u00bb][\/difl_imagecarouselitem][difl_imagecarouselitem admin_label=\u00bbHemeroteca\u00bb image=\u00bbhttps:\/\/www.itakaescolapios.org\/wp-content\/uploads\/2025\/02\/banners-500&#215;500-esp4.jpg\u00bb ic_button_button_text=\u00bbbot\u00bb ic_button_button_url=\u00bb\/es\/noticias\/\u00bb ic_button_button_url_new_window=\u00bb1&#8243; _builder_version=\u00bb4.27.4&#8243; _module_preset=\u00bbdefault\u00bb image_en_us=\u00bbhttps:\/\/www.itakaescolapios.org\/wp-content\/uploads\/2025\/02\/banners-500&#215;500-eng4.jpg\u00bb ic_button_button_text_en_us=\u00bbbot\u00bb ic_button_button_url_en_us=\u00bb7en\/news\/\u00bb image_fr_fr=\u00bbhttps:\/\/www.itakaescolapios.org\/wp-content\/uploads\/2025\/02\/banners-500&#215;500-fra4.jpg\u00bb ic_button_button_text_fr_fr=\u00bbbot\u00bb ic_button_button_url_fr_fr=\u00bb\/fr\/actualites\/\u00bb image_eu=\u00bbhttps:\/\/www.itakaescolapios.org\/wp-content\/uploads\/2025\/02\/banners-500&#215;500-eusk4.jpg\u00bb ic_button_button_text_eu=\u00bbbot\u00bb ic_button_button_url_eu=\u00bb\/eu\/berriak\/\u00bb image_ca=\u00bbhttps:\/\/www.itakaescolapios.org\/wp-content\/uploads\/2025\/02\/banners-500&#215;500-val4.jpg\u00bb ic_button_button_text_ca=\u00bbbot\u00bb ic_button_button_url_ca=\u00bb\/ca\/noticies\/\u00bb image_pt_br=\u00bbhttps:\/\/www.itakaescolapios.org\/wp-content\/uploads\/2025\/02\/banners-500&#215;500-port4.jpg\u00bb ic_button_button_text_pt_br=\u00bbbot\u00bb ic_button_button_url_pt_br=\u00bb\/pt\/novidades\/\u00bb global_colors_info=\u00bb{}\u00bb][\/difl_imagecarouselitem][\/difl_imagecarousel][\/et_pb_column][\/et_pb_section]<\/p>\n","protected":false},"excerpt":{"rendered":"<p>Nueva reuni\u00f3n del Patronato de Itaka- EscolapiosEl pasado 27 de junio tuvo lugar una nueva reuni\u00f3n del Patronato de Itaka-Escolapios. En esta sesi\u00f3n ordinaria se aprob\u00f3 el presupuesto de la [&hellip;]<\/p>\n","protected":false},"author":1,"featured_media":328221,"comment_status":"closed","ping_status":"closed","sticky":false,"template":"","format":"standard","meta":{"_et_pb_use_builder":"on","_et_pb_old_content":"<p>El pasado 27 de junio tuvo lugar una nueva reuni\u00f3n del Patronato de Itaka-Escolapios. En esta sesi\u00f3n ordinaria se aprob\u00f3 el presupuesto de la Red Itaka-Escolapios para el pr\u00f3ximo curso 2025-2026. Adem\u00e1s, se abordaron importantes aspectos del funcionamiento de la Red con la revisi\u00f3n del manual de organizaci\u00f3n y funcionamiento que en estos momentos se encuentra en fase de elaboraci\u00f3n. Tambi\u00e9n hubo ocasi\u00f3n, como siempre, de hacer un repaso a las principales novedades de los \u00faltimos meses.<\/p><p>El Patronato es el principal \u00f3rgano de gobierno de la Fundaci\u00f3n Itaka-Escolapios y dirige la Red de manera permanente entre las convocatorias de los Consejos Asesores. Lo conforman Juan Alfonso Serra (Presidente), Jes\u00fas Elizari (Vicepresidente y Provincial de Ema\u00fas), Alberto Cantero (en nombre de la Fraternidad General y Secretario), F\u00e9licien Mouendji (en nombre de la Congregaci\u00f3n General), Iv\u00e1n Ruiz (Provincial de Betania), Ra\u00fal Gonz\u00e1lez (Fraternidad de Ema\u00fas), Noem\u00ed Gesto (Fraternidad de Betania), Emmanuel Su\u00e1rez y Carolina Paredes. Tambi\u00e9n cont\u00f3 con la participaci\u00f3n de Igor Irigoyen como coordinador general y de Ander Mijangos como coordinador del \u00e1rea de gesti\u00f3n de recursos.<\/p><p>\u00a0<\/p><p>[gallery ids=\"328221\"]<\/p>","_et_gb_content_width":"","footnotes":""},"categories":[30],"tags":[],"class_list":["post-328220","post","type-post","status-publish","format-standard","has-post-thumbnail","hentry","category-itaka-escolapios"],"yoast_head":"<!-- This site is optimized with the Yoast SEO plugin v27.4 - https:\/\/yoast.com\/product\/yoast-seo-wordpress\/ -->\n<title>NUEVA REUNI\u00d3N DEL PATRONATO DE ITAKA-ESCOLAPIOS - Itaka-Escolapios<\/title>\n<meta name=\"robots\" content=\"index, follow, max-snippet:-1, max-image-preview:large, max-video-preview:-1\" \/>\n<link rel=\"canonical\" href=\"https:\/\/www.itakaescolapios.org\/es\/2025\/07\/nueva-reunion-del-patronato-de-itaka-escolapios\/\" \/>\n<meta property=\"og:locale\" content=\"es_ES\" \/>\n<meta property=\"og:type\" content=\"article\" \/>\n<meta property=\"og:title\" content=\"NUEVA REUNI\u00d3N DEL PATRONATO DE ITAKA-ESCOLAPIOS - Itaka-Escolapios\" \/>\n<meta property=\"og:description\" content=\"Nueva reuni\u00f3n del Patronato de Itaka- EscolapiosEl pasado 27 de junio tuvo lugar una nueva reuni\u00f3n del Patronato de Itaka-Escolapios. En esta sesi\u00f3n ordinaria se aprob\u00f3 el presupuesto de la [&hellip;]\" \/>\n<meta property=\"og:url\" content=\"https:\/\/www.itakaescolapios.org\/es\/2025\/07\/nueva-reunion-del-patronato-de-itaka-escolapios\/\" \/>\n<meta property=\"og:site_name\" content=\"Itaka-Escolapios\" \/>\n<meta property=\"article:published_time\" content=\"2025-07-15T10:02:30+00:00\" \/>\n<meta property=\"article:modified_time\" content=\"2025-07-16T10:36:25+00:00\" \/>\n<meta property=\"og:image\" content=\"https:\/\/www.itakaescolapios.org\/wp-content\/uploads\/2025\/07\/250627-Patronato-2.jpg\" \/>\n\t<meta property=\"og:image:width\" content=\"1920\" \/>\n\t<meta property=\"og:image:height\" content=\"1020\" \/>\n\t<meta property=\"og:image:type\" content=\"image\/jpeg\" \/>\n<meta name=\"author\" content=\"administrador\" \/>\n<meta name=\"twitter:card\" content=\"summary_large_image\" \/>\n<meta name=\"twitter:label1\" content=\"Escrito por\" \/>\n\t<meta name=\"twitter:data1\" content=\"administrador\" \/>\n\t<meta name=\"twitter:label2\" content=\"Tiempo de lectura\" \/>\n\t<meta name=\"twitter:data2\" content=\"4 minutos\" \/>\n<script type=\"application\/ld+json\" class=\"yoast-schema-graph\">{\"@context\":\"https:\\\/\\\/schema.org\",\"@graph\":[{\"@type\":\"Article\",\"@id\":\"https:\\\/\\\/www.itakaescolapios.org\\\/es\\\/2025\\\/07\\\/nueva-reunion-del-patronato-de-itaka-escolapios\\\/#article\",\"isPartOf\":{\"@id\":\"https:\\\/\\\/www.itakaescolapios.org\\\/es\\\/2025\\\/07\\\/nueva-reunion-del-patronato-de-itaka-escolapios\\\/\"},\"author\":{\"name\":\"administrador\",\"@id\":\"https:\\\/\\\/www.itakaescolapios.org\\\/es\\\/#\\\/schema\\\/person\\\/aaa10333558991c1d6ad358b7721fe71\"},\"headline\":\"NUEVA REUNI\u00d3N DEL PATRONATO DE ITAKA-ESCOLAPIOS\",\"datePublished\":\"2025-07-15T10:02:30+00:00\",\"dateModified\":\"2025-07-16T10:36:25+00:00\",\"mainEntityOfPage\":{\"@id\":\"https:\\\/\\\/www.itakaescolapios.org\\\/es\\\/2025\\\/07\\\/nueva-reunion-del-patronato-de-itaka-escolapios\\\/\"},\"wordCount\":4286,\"publisher\":{\"@id\":\"https:\\\/\\\/www.itakaescolapios.org\\\/es\\\/#organization\"},\"image\":{\"@id\":\"https:\\\/\\\/www.itakaescolapios.org\\\/es\\\/2025\\\/07\\\/nueva-reunion-del-patronato-de-itaka-escolapios\\\/#primaryimage\"},\"thumbnailUrl\":\"https:\\\/\\\/www.itakaescolapios.org\\\/wp-content\\\/uploads\\\/2025\\\/07\\\/250627-Patronato-2.jpg\",\"articleSection\":[\"Itaka Escolapios\"],\"inLanguage\":\"es\"},{\"@type\":\"WebPage\",\"@id\":\"https:\\\/\\\/www.itakaescolapios.org\\\/es\\\/2025\\\/07\\\/nueva-reunion-del-patronato-de-itaka-escolapios\\\/\",\"url\":\"https:\\\/\\\/www.itakaescolapios.org\\\/es\\\/2025\\\/07\\\/nueva-reunion-del-patronato-de-itaka-escolapios\\\/\",\"name\":\"NUEVA REUNI\u00d3N DEL PATRONATO DE ITAKA-ESCOLAPIOS - Itaka-Escolapios\",\"isPartOf\":{\"@id\":\"https:\\\/\\\/www.itakaescolapios.org\\\/es\\\/#website\"},\"primaryImageOfPage\":{\"@id\":\"https:\\\/\\\/www.itakaescolapios.org\\\/es\\\/2025\\\/07\\\/nueva-reunion-del-patronato-de-itaka-escolapios\\\/#primaryimage\"},\"image\":{\"@id\":\"https:\\\/\\\/www.itakaescolapios.org\\\/es\\\/2025\\\/07\\\/nueva-reunion-del-patronato-de-itaka-escolapios\\\/#primaryimage\"},\"thumbnailUrl\":\"https:\\\/\\\/www.itakaescolapios.org\\\/wp-content\\\/uploads\\\/2025\\\/07\\\/250627-Patronato-2.jpg\",\"datePublished\":\"2025-07-15T10:02:30+00:00\",\"dateModified\":\"2025-07-16T10:36:25+00:00\",\"breadcrumb\":{\"@id\":\"https:\\\/\\\/www.itakaescolapios.org\\\/es\\\/2025\\\/07\\\/nueva-reunion-del-patronato-de-itaka-escolapios\\\/#breadcrumb\"},\"inLanguage\":\"es\",\"potentialAction\":[{\"@type\":\"ReadAction\",\"target\":[\"https:\\\/\\\/www.itakaescolapios.org\\\/es\\\/2025\\\/07\\\/nueva-reunion-del-patronato-de-itaka-escolapios\\\/\"]}]},{\"@type\":\"ImageObject\",\"inLanguage\":\"es\",\"@id\":\"https:\\\/\\\/www.itakaescolapios.org\\\/es\\\/2025\\\/07\\\/nueva-reunion-del-patronato-de-itaka-escolapios\\\/#primaryimage\",\"url\":\"https:\\\/\\\/www.itakaescolapios.org\\\/wp-content\\\/uploads\\\/2025\\\/07\\\/250627-Patronato-2.jpg\",\"contentUrl\":\"https:\\\/\\\/www.itakaescolapios.org\\\/wp-content\\\/uploads\\\/2025\\\/07\\\/250627-Patronato-2.jpg\",\"width\":1920,\"height\":1020},{\"@type\":\"BreadcrumbList\",\"@id\":\"https:\\\/\\\/www.itakaescolapios.org\\\/es\\\/2025\\\/07\\\/nueva-reunion-del-patronato-de-itaka-escolapios\\\/#breadcrumb\",\"itemListElement\":[{\"@type\":\"ListItem\",\"position\":1,\"name\":\"Portada\",\"item\":\"https:\\\/\\\/www.itakaescolapios.org\\\/es\\\/\"},{\"@type\":\"ListItem\",\"position\":2,\"name\":\"NUEVA REUNI\u00d3N DEL PATRONATO DE ITAKA-ESCOLAPIOS\"}]},{\"@type\":\"WebSite\",\"@id\":\"https:\\\/\\\/www.itakaescolapios.org\\\/es\\\/#website\",\"url\":\"https:\\\/\\\/www.itakaescolapios.org\\\/es\\\/\",\"name\":\"Itaka-Escolapios\",\"description\":\"Red de Itaka-Escolapios\",\"publisher\":{\"@id\":\"https:\\\/\\\/www.itakaescolapios.org\\\/es\\\/#organization\"},\"potentialAction\":[{\"@type\":\"SearchAction\",\"target\":{\"@type\":\"EntryPoint\",\"urlTemplate\":\"https:\\\/\\\/www.itakaescolapios.org\\\/es\\\/?s={search_term_string}\"},\"query-input\":{\"@type\":\"PropertyValueSpecification\",\"valueRequired\":true,\"valueName\":\"search_term_string\"}}],\"inLanguage\":\"es\"},{\"@type\":\"Organization\",\"@id\":\"https:\\\/\\\/www.itakaescolapios.org\\\/es\\\/#organization\",\"name\":\"Fundaci\u00f3 Itaka-Escolapios\",\"url\":\"https:\\\/\\\/www.itakaescolapios.org\\\/es\\\/\",\"logo\":{\"@type\":\"ImageObject\",\"inLanguage\":\"es\",\"@id\":\"https:\\\/\\\/www.itakaescolapios.org\\\/es\\\/#\\\/schema\\\/logo\\\/image\\\/\",\"url\":\"https:\\\/\\\/www.itakaescolapios.org\\\/wp-content\\\/uploads\\\/2024\\\/04\\\/Logo-itakaescolapios-peque.png\",\"contentUrl\":\"https:\\\/\\\/www.itakaescolapios.org\\\/wp-content\\\/uploads\\\/2024\\\/04\\\/Logo-itakaescolapios-peque.png\",\"width\":500,\"height\":199,\"caption\":\"Fundaci\u00f3 Itaka-Escolapios\"},\"image\":{\"@id\":\"https:\\\/\\\/www.itakaescolapios.org\\\/es\\\/#\\\/schema\\\/logo\\\/image\\\/\"}},{\"@type\":\"Person\",\"@id\":\"https:\\\/\\\/www.itakaescolapios.org\\\/es\\\/#\\\/schema\\\/person\\\/aaa10333558991c1d6ad358b7721fe71\",\"name\":\"administrador\",\"url\":\"https:\\\/\\\/www.itakaescolapios.org\\\/es\\\/author\\\/administrador\\\/\"}]}<\/script>\n<!-- \/ Yoast SEO plugin. -->","yoast_head_json":{"title":"NUEVA REUNI\u00d3N DEL PATRONATO DE ITAKA-ESCOLAPIOS - Itaka-Escolapios","robots":{"index":"index","follow":"follow","max-snippet":"max-snippet:-1","max-image-preview":"max-image-preview:large","max-video-preview":"max-video-preview:-1"},"canonical":"https:\/\/www.itakaescolapios.org\/es\/2025\/07\/nueva-reunion-del-patronato-de-itaka-escolapios\/","og_locale":"es_ES","og_type":"article","og_title":"NUEVA REUNI\u00d3N DEL PATRONATO DE ITAKA-ESCOLAPIOS - Itaka-Escolapios","og_description":"Nueva reuni\u00f3n del Patronato de Itaka- EscolapiosEl pasado 27 de junio tuvo lugar una nueva reuni\u00f3n del Patronato de Itaka-Escolapios. En esta sesi\u00f3n ordinaria se aprob\u00f3 el presupuesto de la [&hellip;]","og_url":"https:\/\/www.itakaescolapios.org\/es\/2025\/07\/nueva-reunion-del-patronato-de-itaka-escolapios\/","og_site_name":"Itaka-Escolapios","article_published_time":"2025-07-15T10:02:30+00:00","article_modified_time":"2025-07-16T10:36:25+00:00","og_image":[{"width":1920,"height":1020,"url":"https:\/\/www.itakaescolapios.org\/wp-content\/uploads\/2025\/07\/250627-Patronato-2.jpg","type":"image\/jpeg"}],"author":"administrador","twitter_card":"summary_large_image","twitter_misc":{"Escrito por":"administrador","Tiempo de lectura":"4 minutos"},"schema":{"@context":"https:\/\/schema.org","@graph":[{"@type":"Article","@id":"https:\/\/www.itakaescolapios.org\/es\/2025\/07\/nueva-reunion-del-patronato-de-itaka-escolapios\/#article","isPartOf":{"@id":"https:\/\/www.itakaescolapios.org\/es\/2025\/07\/nueva-reunion-del-patronato-de-itaka-escolapios\/"},"author":{"name":"administrador","@id":"https:\/\/www.itakaescolapios.org\/es\/#\/schema\/person\/aaa10333558991c1d6ad358b7721fe71"},"headline":"NUEVA REUNI\u00d3N DEL PATRONATO DE ITAKA-ESCOLAPIOS","datePublished":"2025-07-15T10:02:30+00:00","dateModified":"2025-07-16T10:36:25+00:00","mainEntityOfPage":{"@id":"https:\/\/www.itakaescolapios.org\/es\/2025\/07\/nueva-reunion-del-patronato-de-itaka-escolapios\/"},"wordCount":4286,"publisher":{"@id":"https:\/\/www.itakaescolapios.org\/es\/#organization"},"image":{"@id":"https:\/\/www.itakaescolapios.org\/es\/2025\/07\/nueva-reunion-del-patronato-de-itaka-escolapios\/#primaryimage"},"thumbnailUrl":"https:\/\/www.itakaescolapios.org\/wp-content\/uploads\/2025\/07\/250627-Patronato-2.jpg","articleSection":["Itaka Escolapios"],"inLanguage":"es"},{"@type":"WebPage","@id":"https:\/\/www.itakaescolapios.org\/es\/2025\/07\/nueva-reunion-del-patronato-de-itaka-escolapios\/","url":"https:\/\/www.itakaescolapios.org\/es\/2025\/07\/nueva-reunion-del-patronato-de-itaka-escolapios\/","name":"NUEVA REUNI\u00d3N DEL PATRONATO DE ITAKA-ESCOLAPIOS - Itaka-Escolapios","isPartOf":{"@id":"https:\/\/www.itakaescolapios.org\/es\/#website"},"primaryImageOfPage":{"@id":"https:\/\/www.itakaescolapios.org\/es\/2025\/07\/nueva-reunion-del-patronato-de-itaka-escolapios\/#primaryimage"},"image":{"@id":"https:\/\/www.itakaescolapios.org\/es\/2025\/07\/nueva-reunion-del-patronato-de-itaka-escolapios\/#primaryimage"},"thumbnailUrl":"https:\/\/www.itakaescolapios.org\/wp-content\/uploads\/2025\/07\/250627-Patronato-2.jpg","datePublished":"2025-07-15T10:02:30+00:00","dateModified":"2025-07-16T10:36:25+00:00","breadcrumb":{"@id":"https:\/\/www.itakaescolapios.org\/es\/2025\/07\/nueva-reunion-del-patronato-de-itaka-escolapios\/#breadcrumb"},"inLanguage":"es","potentialAction":[{"@type":"ReadAction","target":["https:\/\/www.itakaescolapios.org\/es\/2025\/07\/nueva-reunion-del-patronato-de-itaka-escolapios\/"]}]},{"@type":"ImageObject","inLanguage":"es","@id":"https:\/\/www.itakaescolapios.org\/es\/2025\/07\/nueva-reunion-del-patronato-de-itaka-escolapios\/#primaryimage","url":"https:\/\/www.itakaescolapios.org\/wp-content\/uploads\/2025\/07\/250627-Patronato-2.jpg","contentUrl":"https:\/\/www.itakaescolapios.org\/wp-content\/uploads\/2025\/07\/250627-Patronato-2.jpg","width":1920,"height":1020},{"@type":"BreadcrumbList","@id":"https:\/\/www.itakaescolapios.org\/es\/2025\/07\/nueva-reunion-del-patronato-de-itaka-escolapios\/#breadcrumb","itemListElement":[{"@type":"ListItem","position":1,"name":"Portada","item":"https:\/\/www.itakaescolapios.org\/es\/"},{"@type":"ListItem","position":2,"name":"NUEVA REUNI\u00d3N DEL PATRONATO DE ITAKA-ESCOLAPIOS"}]},{"@type":"WebSite","@id":"https:\/\/www.itakaescolapios.org\/es\/#website","url":"https:\/\/www.itakaescolapios.org\/es\/","name":"Itaka-Escolapios","description":"Red de Itaka-Escolapios","publisher":{"@id":"https:\/\/www.itakaescolapios.org\/es\/#organization"},"potentialAction":[{"@type":"SearchAction","target":{"@type":"EntryPoint","urlTemplate":"https:\/\/www.itakaescolapios.org\/es\/?s={search_term_string}"},"query-input":{"@type":"PropertyValueSpecification","valueRequired":true,"valueName":"search_term_string"}}],"inLanguage":"es"},{"@type":"Organization","@id":"https:\/\/www.itakaescolapios.org\/es\/#organization","name":"Fundaci\u00f3 Itaka-Escolapios","url":"https:\/\/www.itakaescolapios.org\/es\/","logo":{"@type":"ImageObject","inLanguage":"es","@id":"https:\/\/www.itakaescolapios.org\/es\/#\/schema\/logo\/image\/","url":"https:\/\/www.itakaescolapios.org\/wp-content\/uploads\/2024\/04\/Logo-itakaescolapios-peque.png","contentUrl":"https:\/\/www.itakaescolapios.org\/wp-content\/uploads\/2024\/04\/Logo-itakaescolapios-peque.png","width":500,"height":199,"caption":"Fundaci\u00f3 Itaka-Escolapios"},"image":{"@id":"https:\/\/www.itakaescolapios.org\/es\/#\/schema\/logo\/image\/"}},{"@type":"Person","@id":"https:\/\/www.itakaescolapios.org\/es\/#\/schema\/person\/aaa10333558991c1d6ad358b7721fe71","name":"administrador","url":"https:\/\/www.itakaescolapios.org\/es\/author\/administrador\/"}]}},"_links":{"self":[{"href":"https:\/\/www.itakaescolapios.org\/es\/wp-json\/wp\/v2\/posts\/328220","targetHints":{"allow":["GET"]}}],"collection":[{"href":"https:\/\/www.itakaescolapios.org\/es\/wp-json\/wp\/v2\/posts"}],"about":[{"href":"https:\/\/www.itakaescolapios.org\/es\/wp-json\/wp\/v2\/types\/post"}],"author":[{"embeddable":true,"href":"https:\/\/www.itakaescolapios.org\/es\/wp-json\/wp\/v2\/users\/1"}],"replies":[{"embeddable":true,"href":"https:\/\/www.itakaescolapios.org\/es\/wp-json\/wp\/v2\/comments?post=328220"}],"version-history":[{"count":8,"href":"https:\/\/www.itakaescolapios.org\/es\/wp-json\/wp\/v2\/posts\/328220\/revisions"}],"predecessor-version":[{"id":328250,"href":"https:\/\/www.itakaescolapios.org\/es\/wp-json\/wp\/v2\/posts\/328220\/revisions\/328250"}],"wp:featuredmedia":[{"embeddable":true,"href":"https:\/\/www.itakaescolapios.org\/es\/wp-json\/wp\/v2\/media\/328221"}],"wp:attachment":[{"href":"https:\/\/www.itakaescolapios.org\/es\/wp-json\/wp\/v2\/media?parent=328220"}],"wp:term":[{"taxonomy":"category","embeddable":true,"href":"https:\/\/www.itakaescolapios.org\/es\/wp-json\/wp\/v2\/categories?post=328220"},{"taxonomy":"post_tag","embeddable":true,"href":"https:\/\/www.itakaescolapios.org\/es\/wp-json\/wp\/v2\/tags?post=328220"}],"curies":[{"name":"wp","href":"https:\/\/api.w.org\/{rel}","templated":true}]}}