{"id":328252,"date":"2025-07-22T13:38:20","date_gmt":"2025-07-22T12:38:20","guid":{"rendered":"https:\/\/www.itakaescolapios.org\/es\/?p=328252"},"modified":"2025-07-22T14:23:05","modified_gmt":"2025-07-22T13:23:05","slug":"ct25-aluche","status":"publish","type":"post","link":"https:\/\/www.itakaescolapios.org\/es\/2025\/07\/ct25-aluche\/","title":{"rendered":"Campo de Trabajo 2025 de Aluche: El coraz\u00f3n lleno de nombres"},"content":{"rendered":"<p>[et_pb_section fb_built=\u00bb1&#8243; make_equal=\u00bbon\u00bb use_custom_gutter=\u00bbon\u00bb gutter_width=\u00bb2&#8243; specialty=\u00bbon\u00bb _builder_version=\u00bb4.24.3&#8243; _module_preset=\u00bbdefault\u00bb width=\u00bb100%\u00bb max_width=\u00bb100%\u00bb module_alignment=\u00bbcenter\u00bb inner_width=\u00bb90%\u00bb inner_max_width=\u00bb2222px\u00bb inner_module_alignment=\u00bbcenter\u00bb custom_margin=\u00bb0px||||false|false\u00bb custom_padding=\u00bb0px||||false|false\u00bb da_disable_devices=\u00bboff|off|off\u00bb global_colors_info=\u00bb{}\u00bb da_is_popup=\u00bboff\u00bb da_exit_intent=\u00bboff\u00bb da_has_close=\u00bbon\u00bb da_alt_close=\u00bboff\u00bb da_dark_close=\u00bboff\u00bb da_not_modal=\u00bbon\u00bb da_is_singular=\u00bboff\u00bb da_with_loader=\u00bboff\u00bb da_has_shadow=\u00bbon\u00bb][et_pb_column type=\u00bb3_4&#8243; specialty_columns=\u00bb3&#8243; _builder_version=\u00bb4.16&#8243; custom_padding=\u00bb|||\u00bb global_colors_info=\u00bb{}\u00bb custom_padding__hover=\u00bb|||\u00bb][et_pb_row_inner custom_padding_last_edited=\u00bbon|phone\u00bb _builder_version=\u00bb4.24.3&#8243; _module_preset=\u00bbdefault\u00bb module_alignment=\u00bbcenter\u00bb custom_padding=\u00bb|50px|4px||false|false\u00bb custom_padding_tablet=\u00bb|50px|4px||false|false\u00bb custom_padding_phone=\u00bb|0px|||false|false\u00bb border_color_all=\u00bbgcid-b1ace166-c11d-4c70-a679-55884e9ca298&#8243; border_style_all=\u00bbdotted\u00bb border_width_right=\u00bb3px\u00bb border_color_right=\u00bbgcid-b1ace166-c11d-4c70-a679-55884e9ca298&#8243; border_width_right_tablet=\u00bb3px\u00bb border_width_right_phone=\u00bb0px\u00bb border_width_right_last_edited=\u00bbon|desktop\u00bb collapsed=\u00bboff\u00bb global_colors_info=\u00bb{%22gcid-b1ace166-c11d-4c70-a679-55884e9ca298%22:%91%22border_color_all%22,%22border_color_right%22%93}\u00bb][et_pb_column_inner saved_specialty_column_type=\u00bb3_4&#8243; _builder_version=\u00bb4.24.3&#8243; _module_preset=\u00bbdefault\u00bb global_colors_info=\u00bb{}\u00bb][et_pb_text admin_label=\u00bbT\u00cdTULO NOTICIA\u00bb _builder_version=\u00bb4.27.4&#8243; _module_preset=\u00bbdefault\u00bb header_font=\u00bbTitulo Itaka-Escolapios|700|||||||\u00bb header_text_align=\u00bbcenter\u00bb header_text_color=\u00bbgcid-cca90ba6-297c-4d63-9e2c-8201011ef870&#8243; header_font_size=\u00bb50px\u00bb custom_margin=\u00bb||20px||false|false\u00bb custom_margin_tablet=\u00bb||20px||false|false\u00bb custom_margin_phone=\u00bb||20px||false|false\u00bb custom_margin_last_edited=\u00bbon|desktop\u00bb header_font_size_tablet=\u00bb55px\u00bb header_font_size_phone=\u00bb35px\u00bb header_font_size_last_edited=\u00bbon|phone\u00bb content_en_us=\u00bb<\/p>\n<h1 data-start=%22154%22 data-end=%22202%22><strong data-start=%22154%22 data-end=%22202%22> Aluche  2025 Work Camp: A heart full of names<\/strong><\/h1>\n<p>\u00bb content_fr_fr=\u00bb<\/p>\n<h1><strong>Chantier Solidaire 2025 d\u2019Aluche : Le c\u0153ur rempli de noms<\/strong><\/h1>\n<p>\u00bb content_eu=\u00bb<\/p>\n<h1><strong>Alucheko 2025eko Lan Kanpusa: Izenz beteriko bihotza<\/strong><\/h1>\n<p>\u00bb content_ca=\u00bb<\/p>\n<h1><strong>Camp de Treball 2025 d\u2019Aluche: El cor ple de noms<\/strong><\/h1>\n<p>\u00bb content_pt_br=\u00bb<\/p>\n<h1><strong>Campo de Trabalho 2025 de Aluche: O cora\u00e7\u00e3o cheio de nomes<\/strong><\/h1>\n<p>\u00bb global_colors_info=\u00bb{%22gcid-cca90ba6-297c-4d63-9e2c-8201011ef870%22:%91%22header_text_color%22%93}\u00bb]<\/p>\n<h1><strong>Campo de trabajo 25 de Aluche: El coraz\u00f3n lleno de nombres<\/strong><\/h1>\n<p>[\/et_pb_text][et_pb_text admin_label=\u00bbFecha noticia no tocar\u00bb _builder_version=\u00bb4.27.4&#8243; _dynamic_attributes=\u00bbcontent\u00bb _module_preset=\u00bbdefault\u00bb text_font=\u00bbTitulo Itaka-Escolapios|700|||||||\u00bb text_text_color=\u00bbgcid-cca90ba6-297c-4d63-9e2c-8201011ef870&#8243; text_font_size=\u00bb16px\u00bb text_orientation=\u00bbright\u00bb global_colors_info=\u00bb{%22gcid-cca90ba6-297c-4d63-9e2c-8201011ef870%22:%91%22text_text_color%22%93}\u00bb]@ET-DC@eyJkeW5hbWljIjp0cnVlLCJjb250ZW50IjoicG9zdF9kYXRlIiwic2V0dGluZ3MiOnsiYmVmb3JlIjoiIiwiYWZ0ZXIiOiIiLCJkYXRlX2Zvcm1hdCI6ImRlZmF1bHQiLCJjdXN0b21fZGF0ZV9mb3JtYXQiOiIifX0=@[\/et_pb_text][\/et_pb_column_inner][\/et_pb_row_inner][et_pb_row_inner _builder_version=\u00bb4.27.4&#8243; _module_preset=\u00bbdefault\u00bb border_width_right=\u00bb3px\u00bb border_color_right=\u00bbgcid-b1ace166-c11d-4c70-a679-55884e9ca298&#8243; border_style_right=\u00bbdotted\u00bb collapsed=\u00bboff\u00bb global_colors_info=\u00bb{%22gcid-b1ace166-c11d-4c70-a679-55884e9ca298%22:%91%22border_color_right%22%93}\u00bb][et_pb_column_inner saved_specialty_column_type=\u00bb3_4&#8243; _builder_version=\u00bb4.27.4&#8243; _module_preset=\u00bbdefault\u00bb global_colors_info=\u00bb{}\u00bb][et_pb_text admin_label=\u00bbCUERPO NOTICIA\u00bb _builder_version=\u00bb4.27.4&#8243; _module_preset=\u00bbdefault\u00bb text_font=\u00bb&#8211;et_global_body_font||||||||\u00bb text_font_size=\u00bb16px\u00bb width=\u00bb100%\u00bb module_alignment=\u00bbcenter\u00bb custom_padding=\u00bb|60px|||false|false\u00bb text_font_size_tablet=\u00bb16px\u00bb text_font_size_phone=\u00bb16px\u00bb text_font_size_last_edited=\u00bbon|desktop\u00bb content_en_us=\u00bb<\/p>\n<p data-start=%22165%22 data-end=%22537%22>On June 29, we once again began the Work Camp in Madrid. Seven coordinators accompanied 10 volunteers who, over the course of two weeks, dedicated themselves to serving the youngest, following in the footsteps of Calasanz. During these 10 days, the volunteers gave their best at the Urban Camp of the Aluche school, at the Pan Bendito Parish, and at the Paula Montal Camp.<\/p>\n<p data-start=%22539%22 data-end=%22862%22>In addition to their work with the children, these young people took part in training sessions that brought them closer to vulnerable realities and helped them grow as volunteers. We thank all the trainers who made this learning journey possible, filling our afternoons with new experiences that enriched us as individuals.<\/p>\n<p data-start=%22864%22 data-end=%221150%22>The experience became even more meaningful with prayer as the central focus. We are deeply grateful to the volunteers for how much they embraced this space, where we opened up and united as a group. Sharing the journey and the project, we created a small family we can always return to.<\/p>\n<p data-start=%221152%22 data-end=%221362%22>Lastly, we also thank our coordinators for their availability and dedication, always ready to listen, support, and be there for our volunteers, making this experience once again a moving and transformative one.<\/p>\n<p data-start=%221364%22 data-end=%221503%22>\u201cAt the end of the road, they will ask me:<br data-start=%221406%22 data-end=%221409%22 \/>Did you live? Did you love?<br data-start=%221436%22 data-end=%221439%22 \/>And I, without saying a word, will open my heart full of names.\u201d<\/p>\n<p>\u00bb content_fr_fr=\u00bb<\/p>\n<p data-start=%221531%22 data-end=%221918%22>Le 29 juin, nous avons commenc\u00e9, une ann\u00e9e de plus, le Chantier Solidaire \u00e0 Madrid. Sept coordinatrices ont accompagn\u00e9 10 volontaires qui, pendant deux semaines, se sont mis au service des plus petits, sur les pas de Calasanz. Durant ces 10 jours, les volontaires ont donn\u00e9 le meilleur d\u2019eux-m\u00eames au Camp Urbain de l\u2019\u00e9cole d\u2019Aluche, \u00e0 la paroisse de Pan Bendito et au Camp Paula Montal.<\/p>\n<p data-start=%221920%22 data-end=%222306%22>En plus de leur travail aupr\u00e8s des enfants, ces jeunes ont particip\u00e9 \u00e0 des formations qui les ont rapproch\u00e9s des r\u00e9alit\u00e9s les plus vuln\u00e9rables et les ont aid\u00e9s \u00e0 se construire en tant que volontaires. Nous remercions tous les formateurs et formatrices qui ont permis cet apprentissage, en remplissant nos apr\u00e8s-midis de nouvelles exp\u00e9riences qui nous ont enrichis en tant que personnes.<\/p>\n<p data-start=%222308%22 data-end=%222650%22>L\u2019exp\u00e9rience a pris encore plus de sens en ayant la pri\u00e8re comme axe central. Nous remercions profond\u00e9ment les volontaires pour tout ce qu\u2019ils ont su tirer de cet espace, o\u00f9 nous nous sommes ouverts et unis en tant que groupe. En partageant ce chemin et ce projet, nous avons cr\u00e9\u00e9 une petite famille \u00e0 laquelle nous pourrons toujours revenir.<\/p>\n<p data-start=%222652%22 data-end=%222908%22>Enfin, nous remercions \u00e9galement la disponibilit\u00e9 et l\u2019engagement de nos coordinateurs et coordinatrices, toujours pr\u00eats \u00e0 \u00e9couter, \u00e0 collaborer et \u00e0 \u00eatre pr\u00e9sents pour nos volontaires, rendant cette exp\u00e9rience une fois de plus \u00e9mouvante et transformative.<\/p>\n<p data-start=%222910%22 data-end=%223043%22>\u00ab \u00c0 la fin du chemin, on me demandera :<br data-start=%222949%22 data-end=%222952%22 \/>As-tu v\u00e9cu ? As-tu aim\u00e9 ?<br data-start=%222977%22 data-end=%222980%22 \/>Et moi, sans dire un mot, j\u2019ouvrirai mon c\u0153ur rempli de noms. \u00bb<\/p>\n<p>\u00bb content_eu=\u00bb<\/p>\n<p data-start=%223071%22 data-end=%223450%22>Ekainaren 29an hasi genuen, beste urte batez, Madrilgo Lan Kanpusa. Zazpi koordinatzailek 10 boluntario eta boluntariorekin batera parte hartu zuten, bi astetan zehar, Calasanz-en urratsei jarraituz, txikienen zerbitzura jartzeko. 10 egun hauetan, boluntarioek ahal zuten onena eman dute Alucheko eskolako Hiri Kanpamentuan, Pan Benditoko Parrokian eta Paula Montal Kanpamentuan.<\/p>\n<p data-start=%223452%22 data-end=%223786%22>Haurrei laguntzeko lanaz gain, gazte hauek formakuntza saioetan parte hartu dute, egoera zaurgarrien errealitatera hurbilduz eta boluntariotzaz jabetzen lagunduz. Eskerrak ematen dizkiegu gure boluntarioen ikaskuntza posible egin duten formakuntza-eragileei, gure arratsaldeak esperientzia berriz betez eta gu pertsona gisa aberastuz.<\/p>\n<p data-start=%223788%22 data-end=%224101%22>Esperientziak are zentzu handiagoa hartu du otoitza ardatz nagusi bihurtu denean. Eskerrik asko bihotzez boluntarioei espazio hau aprobetxatzen jakiteagatik; espazio honetan gure buruak ireki eta talde gisa bat egin dugu. Bidea eta proiektua partekatuz, beti itzuli ahal izango garen familia txiki bat sortu dugu.<\/p>\n<p data-start=%224103%22 data-end=%224331%22>Azkenik, gure koordinatzaileen prestutasuna eta dedikazioa ere eskertu nahi ditugu, beti entzuteko, laguntzeko eta gure boluntarioekin egoteko prest, esperientzia hau urtez urte hunkigarria eta eraldatzailea izan dadin lagunduz.<\/p>\n<p data-start=%224333%22 data-end=%224471%22>\u00ab Bidearen amaieran galdetuko didate:<br data-start=%224370%22 data-end=%224373%22 \/>Bizitza izan duzu? Maitatu duzu?<br data-start=%224405%22 data-end=%224408%22 \/>Eta nik, ezer esan gabe, izenez beteriko bihotza irekiko dut. \u00bb<\/p>\n<p>\u00bb content_ca=\u00bb<\/p>\n<p data-start=%224507%22 data-end=%224933%22>El dia 29 de juny vam comen\u00e7ar, un any m\u00e9s, el Camp de Treball a Madrid. Set coordinadores vam acompanyar 10 voluntaris i volunt\u00e0ries que, durant dues setmanes, es van posar al servei dels m\u00e9s menuts, seguint les petjades de Calassan\u00e7. Durant aquests 10 dies, els voluntaris i volunt\u00e0ries han donat el millor d\u2019ells mateixos al Campament Urb\u00e0 de l\u2019escola d\u2019Aluche, a la Parr\u00f2quia de Pan Bendito i al Campament de Paula Montal.<\/p>\n<p data-start=%224935%22 data-end=%225321%22>A m\u00e9s de la seua tasca acompanyant els xiquets i xiquetes, aquests joves han participat en formacions que els han acostat a realitats m\u00e9s vulnerables i els han ajudat a cr\u00e9ixer com a voluntaris\/es. Agra\u00efm a tots els formadors i formadores que han fet possible l\u2019aprenentatge del nostre voluntariat, omplint les nostres vesprades d\u2019experi\u00e8ncies noves que ens han enriquit com a persones.<\/p>\n<p data-start=%225323%22 data-end=%225623%22>L\u2019experi\u00e8ncia ha pres molt m\u00e9s sentit en tenir l\u2019oraci\u00f3 com a eix central. Estem profundament agra\u00efts al voluntariat per haver sabut aprofitar tant aquest espai, on ens hem obert i ens hem unit com a grup. Compartint cam\u00ed i projecte, hem anat creant una petita fam\u00edlia a la qual sempre podrem tornar.<\/p>\n<p data-start=%225625%22 data-end=%225878%22>Finalment, tamb\u00e9 agra\u00efm la disponibilitat i dedicaci\u00f3 dels nostres coordis, sempre disposats a escoltar, col\u00b7laborar i estar presents pels nostres voluntaris i volunt\u00e0ries, fent que aquesta experi\u00e8ncia torne a commoure i moure el voluntariat un any m\u00e9s.<\/p>\n<p data-start=%225880%22 data-end=%225987%22>\u00ab Al final del cam\u00ed em diran:<br data-start=%225909%22 data-end=%225912%22 \/>Has viscut? Has estimat?<br data-start=%225936%22 data-end=%225939%22 \/>I jo sense dir res, obrir\u00e9 el cor ple de noms. \u00bb<\/p>\n<p>\u00bb content_pt_br=\u00bb<\/p>\n<p data-start=%226027%22 data-end=%226409%22>No dia 29 de junho come\u00e7amos, mais um ano, o Campo de Trabalho em Madri. Sete coordenadoras acompanharam 10 volunt\u00e1rios e volunt\u00e1rias que, durante duas semanas, colocaram-se a servi\u00e7o dos pequenos, seguindo os passos de Calasanz. Nestes 10 dias, os volunt\u00e1rios deram o melhor de si no Acampamento Urbano da escola de Aluche, na Par\u00f3quia de Pan Bendito e no Acampamento Paula Montal.<\/p>\n<p data-start=%226411%22 data-end=%226765%22>Al\u00e9m do trabalho com as crian\u00e7as, esses jovens participaram de forma\u00e7\u00f5es que os aproximaram das realidades mais vulner\u00e1veis e os ajudaram a se formar como volunt\u00e1rios. Agradecemos a todos os formadores e formadoras que tornaram poss\u00edvel o aprendizado do nosso voluntariado, enchendo nossas tardes com novas experi\u00eancias que nos enriqueceram como pessoas.<\/p>\n<p data-start=%226767%22 data-end=%227062%22>A experi\u00eancia ganhou ainda mais sentido ao ter a ora\u00e7\u00e3o como eixo central. Agradecemos imensamente ao voluntariado por ter aproveitado tanto esse espa\u00e7o, onde nos abrimos e nos unimos como grupo. Compartilhando caminho e projeto, fomos criando uma pequena fam\u00edlia \u00e0 qual sempre poderemos voltar.<\/p>\n<p data-start=%227064%22 data-end=%227326%22>Por fim, agradecemos tamb\u00e9m \u00e0 disponibilidade e entrega dos nossos coordenadores e coordenadoras, sempre dispostos a escutar, colaborar e estar presentes para nossos volunt\u00e1rios, fazendo com que essa experi\u00eancia emocione e transforme o voluntariado mais uma vez.<\/p>\n<p data-start=%227328%22 data-end=%227448%22>\u201cNo final do caminho me perguntar\u00e3o:<br data-start=%227364%22 data-end=%227367%22 \/>Voc\u00ea viveu? Voc\u00ea amou?<br data-start=%227389%22 data-end=%227392%22 \/>E eu, sem dizer nada, abrirei o cora\u00e7\u00e3o cheio de nomes.\u201d<\/p>\n<p>\u00bb global_colors_info=\u00bb{}\u00bb]<\/p>\n<p>El d\u00eda 29 de junio comenzamos, un a\u00f1o m\u00e1s, el Campo de Trabajo en Madrid. Siete coordinadoras acompa\u00f1amos a 10 voluntarios y voluntarias que, durante dos semanas, se pusieron al servicio de los m\u00e1s peque\u00f1os y peque\u00f1as, siguiendo los pasos de Calasanz. En estos 10 d\u00edas los voluntarios y voluntarias han dado lo mejor de s\u00ed mismos en el Campamento Urbano del colegio de Aluche, en la Parroquia de Pan Bendito y en el Campamento de Paula Montal.<\/p>\n<p>Adem\u00e1s de su labor acompa\u00f1ando a los peques, estos j\u00f3venes han participado de formaciones que les han acercado a las realidades m\u00e1s vulnerables y les han ayudado a construirse como voluntarios\/as. Damos las gracias a todos los formadores y formadoras que han hecho posible el aprendizaje de nuestro voluntariado, llenando nuestras tardes de nuevas experiencias que nos han enriquecido como personas.<\/p>\n<p>La experiencia ha tomado mucho m\u00e1s sentido al tener la oraci\u00f3n como eje central. Agradecemos enormemente al voluntariado lo mucho que han sabido aprovechar este espacio, donde nos hemos abierto y nos hemos unido como grupo. Compartiendo camino y proyecto, hemos ido creando una peque\u00f1a familia a la que siempre poder volver.<\/p>\n<p>Por \u00faltimo, tambi\u00e9n agradecemos la disponibilidad y entrega de nuestros\/as coordis, siempre dispuestos a escuchar, colaborar y estar ah\u00ed por nuestros voluntarios y voluntarias, haciendo que esta experiencia conmueva y mueva al voluntariado un a\u00f1o m\u00e1s.<\/p>\n<p>\u201cAl final del camino me dir\u00e1n:<\/p>\n<p>\u00bfHas vivido? \u00bfHas amado?<\/p>\n<p>Y yo sin decir nada, abrir\u00e9 el coraz\u00f3n lleno de nombres.\u201d<\/p>\n<p>[\/et_pb_text][\/et_pb_column_inner][\/et_pb_row_inner][et_pb_row_inner admin_label=\u00bbIm\u00e1genes sede\u00bb _builder_version=\u00bb4.27.4&#8243; _module_preset=\u00bbdefault\u00bb custom_padding=\u00bb20px||||false|false\u00bb border_width_right=\u00bb3px\u00bb border_color_right=\u00bbgcid-b1ace166-c11d-4c70-a679-55884e9ca298&#8243; border_style_right=\u00bbdotted\u00bb border_width_right_tablet=\u00bb3px\u00bb border_width_right_phone=\u00bb0px\u00bb border_width_right_last_edited=\u00bbon|desktop\u00bb collapsed=\u00bboff\u00bb global_colors_info=\u00bb{%22gcid-b1ace166-c11d-4c70-a679-55884e9ca298%22:%91%22border_color_right%22%93}\u00bb][et_pb_column_inner saved_specialty_column_type=\u00bb3_4&#8243; _builder_version=\u00bb4.27.4&#8243; _module_preset=\u00bbdefault\u00bb global_colors_info=\u00bb{}\u00bb][difl_imagecarousel item_desktop=\u00bb2&#8243; item_tablet=\u00bb1&#8243; loop=\u00bbon\u00bb dots=\u00bbon\u00bb use_lightbox=\u00bbon\u00bb arrow_color=\u00bbgcid-b1ace166-c11d-4c70-a679-55884e9ca298&#8243; dots_color=\u00bbgcid-cca90ba6-297c-4d63-9e2c-8201011ef870&#8243; active_dots_color=\u00bbgcid-b1ace166-c11d-4c70-a679-55884e9ca298&#8243; _builder_version=\u00bb4.27.4&#8243; _module_preset=\u00bbdefault\u00bb overflow-x=\u00bbhidden\u00bb overflow-y=\u00bbhidden\u00bb custom_margin=\u00bb|60px|||false|false\u00bb custom_margin_tablet=\u00bb|60px|||false|false\u00bb custom_margin_phone=\u00bb|60px|||false|false\u00bb custom_margin_last_edited=\u00bbon|desktop\u00bb custom_css_free_form=\u00bbselector .df_ici_container {margin: 0 auto;}\u00bb global_colors_info=\u00bb{%22gcid-b1ace166-c11d-4c70-a679-55884e9ca298%22:%91%22arrow_color%22,%22active_dots_color%22%93,%22gcid-cca90ba6-297c-4d63-9e2c-8201011ef870%22:%91%22dots_color%22%93}\u00bb][difl_imagecarouselitem image=\u00bbhttps:\/\/www.itakaescolapios.org\/wp-content\/uploads\/2025\/07\/WhatsApp-Image-2025-07-18-at-13.42.18-3.jpeg\u00bb ic_button_button_url_new_window=\u00bb1&#8243; _builder_version=\u00bb4.27.4&#8243; _module_preset=\u00bbdefault\u00bb global_colors_info=\u00bb{}\u00bb][\/difl_imagecarouselitem][difl_imagecarouselitem image=\u00bbhttps:\/\/www.itakaescolapios.org\/wp-content\/uploads\/2025\/07\/WhatsApp-Image-2025-07-18-at-13.42.19.jpeg\u00bb ic_button_button_url_new_window=\u00bb1&#8243; _builder_version=\u00bb4.27.4&#8243; _module_preset=\u00bbdefault\u00bb global_colors_info=\u00bb{}\u00bb][\/difl_imagecarouselitem][difl_imagecarouselitem image=\u00bbhttps:\/\/www.itakaescolapios.org\/wp-content\/uploads\/2025\/07\/WhatsApp-Image-2025-07-18-at-13.42.20-1-e1753186442631.jpeg\u00bb ic_button_button_url_new_window=\u00bb1&#8243; _builder_version=\u00bb4.27.4&#8243; _module_preset=\u00bbdefault\u00bb global_colors_info=\u00bb{}\u00bb][\/difl_imagecarouselitem][difl_imagecarouselitem image=\u00bbhttps:\/\/www.itakaescolapios.org\/wp-content\/uploads\/2025\/07\/WhatsApp-Image-2025-07-18-at-13.42.20.jpeg\u00bb ic_button_button_url_new_window=\u00bb1&#8243; _builder_version=\u00bb4.27.4&#8243; _module_preset=\u00bbdefault\u00bb global_colors_info=\u00bb{}\u00bb][\/difl_imagecarouselitem][difl_imagecarouselitem image=\u00bbhttps:\/\/www.itakaescolapios.org\/wp-content\/uploads\/2025\/07\/WhatsApp-Image-2025-07-18-at-13.42.18-1.jpeg\u00bb ic_button_button_url_new_window=\u00bb1&#8243; _builder_version=\u00bb4.27.4&#8243; _module_preset=\u00bbdefault\u00bb global_colors_info=\u00bb{}\u00bb][\/difl_imagecarouselitem][difl_imagecarouselitem image=\u00bbhttps:\/\/www.itakaescolapios.org\/wp-content\/uploads\/2025\/07\/WhatsApp-Image-2025-07-18-at-13.42.19-3-e1753186512698.jpeg\u00bb ic_button_button_url_new_window=\u00bb1&#8243; _builder_version=\u00bb4.27.4&#8243; _module_preset=\u00bbdefault\u00bb global_colors_info=\u00bb{}\u00bb][\/difl_imagecarouselitem][difl_imagecarouselitem image=\u00bbhttps:\/\/www.itakaescolapios.org\/wp-content\/uploads\/2025\/07\/WhatsApp-Image-2025-07-18-at-13.42.19-1-e1753186570251.jpeg\u00bb ic_button_button_url_new_window=\u00bb1&#8243; _builder_version=\u00bb4.27.4&#8243; _module_preset=\u00bbdefault\u00bb global_colors_info=\u00bb{}\u00bb][\/difl_imagecarouselitem][difl_imagecarouselitem image=\u00bbhttps:\/\/www.itakaescolapios.org\/wp-content\/uploads\/2025\/07\/WhatsApp-Image-2025-07-18-at-13.42.18-1.jpeg\u00bb ic_button_button_url_new_window=\u00bb1&#8243; _builder_version=\u00bb4.27.4&#8243; _module_preset=\u00bbdefault\u00bb global_colors_info=\u00bb{}\u00bb][\/difl_imagecarouselitem][difl_imagecarouselitem image=\u00bbhttps:\/\/www.itakaescolapios.org\/wp-content\/uploads\/2025\/07\/WhatsApp-Image-2025-07-18-at-13.42.17-3.jpeg\u00bb ic_button_button_url_new_window=\u00bb1&#8243; _builder_version=\u00bb4.27.4&#8243; _module_preset=\u00bbdefault\u00bb global_colors_info=\u00bb{}\u00bb][\/difl_imagecarouselitem][difl_imagecarouselitem image=\u00bbhttps:\/\/www.itakaescolapios.org\/wp-content\/uploads\/2025\/07\/WhatsApp-Image-2025-07-18-at-13.42.17-2-e1753186819284.jpeg\u00bb ic_button_button_url_new_window=\u00bb1&#8243; _builder_version=\u00bb4.27.4&#8243; _module_preset=\u00bbdefault\u00bb global_colors_info=\u00bb{}\u00bb][\/difl_imagecarouselitem][difl_imagecarouselitem image=\u00bbhttps:\/\/www.itakaescolapios.org\/wp-content\/uploads\/2025\/07\/WhatsApp-Image-2025-07-18-at-13.42.17-1-e1753186782599.jpeg\u00bb ic_button_button_url_new_window=\u00bb1&#8243; _builder_version=\u00bb4.27.4&#8243; _module_preset=\u00bbdefault\u00bb global_colors_info=\u00bb{}\u00bb][\/difl_imagecarouselitem][difl_imagecarouselitem image=\u00bbhttps:\/\/www.itakaescolapios.org\/wp-content\/uploads\/2025\/07\/WhatsApp-Image-2025-07-18-at-13.42.18-2.jpeg\u00bb ic_button_button_url_new_window=\u00bb1&#8243; _builder_version=\u00bb4.27.4&#8243; _module_preset=\u00bbdefault\u00bb global_colors_info=\u00bb{}\u00bb][\/difl_imagecarouselitem][difl_imagecarouselitem image=\u00bbhttps:\/\/www.itakaescolapios.org\/wp-content\/uploads\/2025\/07\/WhatsApp-Image-2025-07-18-at-13.42.17-e1753186724772.jpeg\u00bb ic_button_button_url_new_window=\u00bb1&#8243; _builder_version=\u00bb4.27.4&#8243; _module_preset=\u00bbdefault\u00bb global_colors_info=\u00bb{}\u00bb][\/difl_imagecarouselitem][\/difl_imagecarousel][\/et_pb_column_inner][\/et_pb_row_inner][et_pb_row_inner _builder_version=\u00bb4.24.3&#8243; _module_preset=\u00bbdefault\u00bb custom_padding=\u00bb20px||||false|false\u00bb border_width_right=\u00bb3px\u00bb border_color_right=\u00bbgcid-b1ace166-c11d-4c70-a679-55884e9ca298&#8243; border_style_right=\u00bbdotted\u00bb border_width_right_tablet=\u00bb3px\u00bb border_width_right_phone=\u00bb0px\u00bb border_width_right_last_edited=\u00bbon|desktop\u00bb collapsed=\u00bbon\u00bb global_colors_info=\u00bb{%22gcid-b1ace166-c11d-4c70-a679-55884e9ca298%22:%91%22border_color_right%22%93}\u00bb][et_pb_column_inner saved_specialty_column_type=\u00bb3_4&#8243; _builder_version=\u00bb4.24.3&#8243; _module_preset=\u00bbdefault\u00bb global_colors_info=\u00bb{}\u00bb][et_pb_text admin_label=\u00bbL\u00ednea divisoria\u00bb _builder_version=\u00bb4.27.4&#8243; _module_preset=\u00bbdefault\u00bb header_font=\u00bbIBM Plex Sans|700|||||||\u00bb header_text_color=\u00bbgcid-cca90ba6-297c-4d63-9e2c-8201011ef870&#8243; header_font_size=\u00bb40px\u00bb custom_margin=\u00bb|30px|||false|false\u00bb header_font_size_tablet=\u00bb55px\u00bb header_font_size_phone=\u00bb30px\u00bb header_font_size_last_edited=\u00bbon|phone\u00bb border_width_bottom=\u00bb3px\u00bb border_color_bottom=\u00bbgcid-b1ace166-c11d-4c70-a679-55884e9ca298&#8243; border_style_bottom=\u00bbdotted\u00bb global_colors_info=\u00bb{%22gcid-cca90ba6-297c-4d63-9e2c-8201011ef870%22:%91%22header_text_color%22%93,%22gcid-b1ace166-c11d-4c70-a679-55884e9ca298%22:%91%22border_color_bottom%22%93}\u00bb][\/et_pb_text][difl_imagecarousel item_desktop=\u00bb3&#8243; admin_label=\u00bbCampa\u00f1a, educa y voluntariado\u00bb _builder_version=\u00bb4.27.4&#8243; _module_preset=\u00bbdefault\u00bb width_tablet=\u00bb\u00bb width_phone=\u00bb100%\u00bb width_last_edited=\u00bbon|desktop\u00bb custom_margin=\u00bb|62px|||false|false\u00bb custom_margin_tablet=\u00bb|62px|||false|false\u00bb custom_margin_phone=\u00bb|62px|||false|false\u00bb custom_margin_last_edited=\u00bbon|desktop\u00bb global_module=\u00bb316782&#8243; global_colors_info=\u00bb{}\u00bb custom_margin__hover_enabled=\u00bboff|desktop\u00bb custom_margin__hover=\u00bb|30px|||false|false\u00bb][difl_imagecarouselitem image=\u00bbhttps:\/\/www.itakaescolapios.org\/wp-content\/uploads\/2025\/02\/BANNERS-CAMPANA-INFERIOR-500500.jpg\u00bb ic_button_button_url_new_window=\u00bb1&#8243; _builder_version=\u00bb4.27.4&#8243; _module_preset=\u00bbdefault\u00bb link_option_url=\u00bbhttps:\/\/www.educa.itakaescolapios.org\/campanas\/2024-2025-abriendo-caminos\u00bb image_en_us=\u00bbhttps:\/\/www.itakaescolapios.org\/wp-content\/uploads\/2025\/02\/BANNERS-CAMPANA-INFERIOR-5005002.jpg\u00bb image_fr_fr=\u00bbhttps:\/\/www.itakaescolapios.org\/wp-content\/uploads\/2025\/02\/BANNERS-CAMPANA-INFERIOR-5005003.jpg\u00bb image_eu=\u00bbhttps:\/\/www.itakaescolapios.org\/wp-content\/uploads\/2025\/02\/BANNERS-CAMPANA-INFERIOR-5005006.jpg\u00bb image_ca=\u00bbhttps:\/\/www.itakaescolapios.org\/wp-content\/uploads\/2025\/02\/BANNERS-CAMPANA-INFERIOR-5005005.jpg\u00bb image_pt_br=\u00bbhttps:\/\/www.itakaescolapios.org\/wp-content\/uploads\/2025\/02\/BANNERS-CAMPANA-INFERIOR-5005004.jpg\u00bb global_colors_info=\u00bb{}\u00bb][\/difl_imagecarouselitem][difl_imagecarouselitem admin_label=\u00bbVoluntariado\u00bb image=\u00bbhttps:\/\/www.itakaescolapios.org\/wp-content\/uploads\/2025\/02\/BANNERS-VOLUNTARIADO-INFERIOR-500500.jpg\u00bb ic_button_button_url_new_window=\u00bb1&#8243; _builder_version=\u00bb4.27.4&#8243; _module_preset=\u00bbdefault\u00bb link_option_url=\u00bbhttps:\/\/www.itakaescolapios.org\/es\/haz-voluntariado\/\u00bb image_en_us=\u00bbhttps:\/\/www.itakaescolapios.org\/wp-content\/uploads\/2025\/02\/BANNERS-VOLUNTARIADO-INFERIOR-5005002.jpg\u00bb ic_button_button_url_en_us=\u00bbhttps:\/\/www.itakaescolapios.org\/\u00bb image_fr_fr=\u00bbhttps:\/\/www.itakaescolapios.org\/wp-content\/uploads\/2025\/02\/BANNERS-VOLUNTARIADO-INFERIOR-5005003.jpg\u00bb image_eu=\u00bbhttps:\/\/www.itakaescolapios.org\/wp-content\/uploads\/2025\/02\/BANNERS-VOLUNTARIADO-INFERIOR-5005006.jpg\u00bb image_ca=\u00bbhttps:\/\/www.itakaescolapios.org\/wp-content\/uploads\/2025\/02\/BANNERS-VOLUNTARIADO-INFERIOR-5005004.jpg\u00bb image_pt_br=\u00bbhttps:\/\/www.itakaescolapios.org\/wp-content\/uploads\/2025\/02\/BANNERS-VOLUNTARIADO-INFERIOR-5005005.jpg\u00bb global_colors_info=\u00bb{}\u00bb][\/difl_imagecarouselitem][difl_imagecarouselitem image=\u00bbhttps:\/\/www.itakaescolapios.org\/wp-content\/uploads\/2025\/02\/BANNERS-EDUCA-INFERIOR-500500.jpg\u00bb ic_button_button_url_new_window=\u00bb1&#8243; _builder_version=\u00bb4.27.4&#8243; _module_preset=\u00bbdefault\u00bb link_option_url=\u00bbhttps:\/\/www.educa.itakaescolapios.org\/\u00bb image_en_us=\u00bbhttps:\/\/www.itakaescolapios.org\/wp-content\/uploads\/2025\/02\/BANNERS-EDUCA-INFERIOR-5005002.jpg\u00bb image_fr_fr=\u00bbhttps:\/\/www.itakaescolapios.org\/wp-content\/uploads\/2025\/02\/BANNERS-EDUCA-INFERIOR-5005003.jpg\u00bb image_eu=\u00bbhttps:\/\/www.itakaescolapios.org\/wp-content\/uploads\/2025\/02\/BANNERS-EDUCA-INFERIOR-5005006.jpg\u00bb image_ca=\u00bbhttps:\/\/www.itakaescolapios.org\/wp-content\/uploads\/2025\/02\/BANNERS-EDUCA-INFERIOR-5005005.jpg\u00bb image_pt_br=\u00bbhttps:\/\/www.itakaescolapios.org\/wp-content\/uploads\/2025\/02\/BANNERS-EDUCA-INFERIOR-5005004.jpg\u00bb global_colors_info=\u00bb{}\u00bb][\/difl_imagecarouselitem][\/difl_imagecarousel][\/et_pb_column_inner][\/et_pb_row_inner][\/et_pb_column][et_pb_column type=\u00bb1_4&#8243; _builder_version=\u00bb4.16&#8243; custom_padding=\u00bb|||\u00bb global_colors_info=\u00bb{}\u00bb custom_padding__hover=\u00bb|||\u00bb][difl_imagecarousel item_desktop=\u00bb1&#8243; item_tablet=\u00bb1&#8243; loop=\u00bbon\u00bb autoplay=\u00bbon\u00bb autospeed=\u00bb3500&#8243; dots=\u00bbon\u00bb dots_color=\u00bbgcid-cca90ba6-297c-4d63-9e2c-8201011ef870&#8243; active_dots_color=\u00bbgcid-b1ace166-c11d-4c70-a679-55884e9ca298&#8243; dots_gap=\u00bb21px\u00bb item_wrapper_padding=\u00bb||15px||false|false\u00bb admin_label=\u00bbSer miembro y newsletter\u00bb module_class=\u00bbextiendeenlacedeboton\u00bb _builder_version=\u00bb4.27.4&#8243; _module_preset=\u00bbdefault\u00bb global_module=\u00bb51656&#8243; saved_tabs=\u00bball\u00bb global_colors_info=\u00bb{%22gcid-cca90ba6-297c-4d63-9e2c-8201011ef870%22:%91%22dots_color%22%93,%22gcid-b1ace166-c11d-4c70-a679-55884e9ca298%22:%91%22active_dots_color%22%93}\u00bb][difl_imagecarouselitem image=\u00bbhttps:\/\/www.itakaescolapios.org\/wp-content\/uploads\/2025\/02\/banners-500&#215;500-esp.jpg\u00bb ic_button_button_text=\u00bbbot\u00bb ic_button_button_url=\u00bb\/es\/colabora\u00bb ic_button_button_url_new_window=\u00bb1&#8243; _builder_version=\u00bb4.27.4&#8243; _module_preset=\u00bbdefault\u00bb image_en_us=\u00bbhttps:\/\/www.itakaescolapios.org\/wp-content\/uploads\/2025\/02\/banners-500&#215;500-eng.jpg\u00bb ic_button_button_text_en_us=\u00bbbot\u00bb ic_button_button_url_en_us=\u00bb\/en\/collaborate\/\u00bb image_fr_fr=\u00bbhttps:\/\/www.itakaescolapios.org\/wp-content\/uploads\/2025\/02\/banners-500&#215;500-fra.jpg\u00bb ic_button_button_text_fr_fr=\u00bbbot\u00bb ic_button_button_url_fr_fr=\u00bb\/fr\/collaborez\/\u00bb image_eu=\u00bbhttps:\/\/www.itakaescolapios.org\/wp-content\/uploads\/2025\/02\/banners-500&#215;500-eusk.jpg\u00bb ic_button_button_text_eu=\u00bbbot\u00bb ic_button_button_url_eu=\u00bb\/eu\/lagundu\/\u00bb image_ca=\u00bbhttps:\/\/www.itakaescolapios.org\/wp-content\/uploads\/2025\/02\/banners-500&#215;500-val.jpg\u00bb ic_button_button_text_ca=\u00bbbot\u00bb ic_button_button_url_ca=\u00bb\/ca\/collabora\/\u00bb image_pt_br=\u00bbhttps:\/\/www.itakaescolapios.org\/wp-content\/uploads\/2025\/02\/banners-500&#215;500-port.jpg\u00bb ic_button_button_text_pt_br=\u00bbbot\u00bb ic_button_button_url_pt_br=\u00bb\/pt\/colabore\/\u00bb global_colors_info=\u00bb{}\u00bb][\/difl_imagecarouselitem][difl_imagecarouselitem image=\u00bbhttps:\/\/www.itakaescolapios.org\/wp-content\/uploads\/2025\/02\/banners-500&#215;500-esp2.png\u00bb ic_button_button_text=\u00bbbot\u00bb ic_button_button_url=\u00bb\/es\/suscribete\/\u00bb ic_button_button_url_new_window=\u00bb1&#8243; _builder_version=\u00bb4.27.4&#8243; _module_preset=\u00bbdefault\u00bb image_en_us=\u00bbhttps:\/\/www.itakaescolapios.org\/wp-content\/uploads\/2025\/02\/banners-500&#215;500-eng2.jpg\u00bb ic_button_button_text_en_us=\u00bbbot\u00bb ic_button_button_url_en_us=\u00bb\/en\/subscribe\/\u00bb image_fr_fr=\u00bbhttps:\/\/www.itakaescolapios.org\/wp-content\/uploads\/2025\/02\/banners-500&#215;500-fra2.jpg\u00bb ic_button_button_text_fr_fr=\u00bbbot\u00bb ic_button_button_url_fr_fr=\u00bb\/fr\/abonnez-vous-maintenant\/\u00bb image_eu=\u00bbhttps:\/\/www.itakaescolapios.org\/wp-content\/uploads\/2025\/02\/banners-500&#215;500-eusk2.jpg\u00bb ic_button_button_text_eu=\u00bbbot\u00bb ic_button_button_url_eu=\u00bb\/eu\/harpidetu\/\u00bb image_ca=\u00bbhttps:\/\/www.itakaescolapios.org\/wp-content\/uploads\/2025\/02\/banners-500&#215;500-val2.jpg\u00bb ic_button_button_text_ca=\u00bbbot\u00bb ic_button_button_url_ca=\u00bb\/ca\/subscriu-te\/\u00bb image_pt_br=\u00bbhttps:\/\/www.itakaescolapios.org\/wp-content\/uploads\/2025\/02\/banners-500&#215;500-port2.jpg\u00bb ic_button_button_text_pt_br=\u00bbbot\u00bb ic_button_button_url_pt_br=\u00bb\/pt\/assine\/\u00bb global_colors_info=\u00bb{}\u00bb][\/difl_imagecarouselitem][\/difl_imagecarousel][et_pb_text admin_label=\u00bbTexto %22\u00daltimas noticias%22&#8243; _builder_version=\u00bb4.25.0&#8243; _module_preset=\u00bbdefault\u00bb header_font=\u00bbIBM Plex Sans|700|||||||\u00bb header_text_color=\u00bbgcid-cca90ba6-297c-4d63-9e2c-8201011ef870&#8243; header_font_size=\u00bb40px\u00bb custom_margin=\u00bb||||false|false\u00bb header_font_size_tablet=\u00bb55px\u00bb header_font_size_phone=\u00bb30px\u00bb header_font_size_last_edited=\u00bbon|phone\u00bb content_en_us=\u00bb<\/p>\n<h1>Last news<\/h1>\n<p>\u00bb content_fr_fr=\u00bb<\/p>\n<h1>Derni\u00e8res nouvelles<\/h1>\n<p>\u00bb content_eu=\u00bb<\/p>\n<h1>Azken berriak<\/h1>\n<p>\u00bb content_ca=\u00bb<\/p>\n<h1>\u00daltimes not\u00edcies<\/h1>\n<p>\u00bb content_pt_br=\u00bb<\/p>\n<h1>\u00daltimas not\u00edcias<\/h1>\n<p>\u00bb border_width_bottom=\u00bb3px\u00bb border_color_bottom=\u00bbgcid-b1ace166-c11d-4c70-a679-55884e9ca298&#8243; border_style_bottom=\u00bbdotted\u00bb global_module=\u00bb50904&#8243; saved_tabs=\u00bball\u00bb global_colors_info=\u00bb{%22gcid-cca90ba6-297c-4d63-9e2c-8201011ef870%22:%91%22header_text_color%22,%22header_text_color%22%93,%22gcid-b1ace166-c11d-4c70-a679-55884e9ca298%22:%91%22border_color_bottom%22%93}\u00bb]<\/p>\n<h1>\u00daltimas noticias<\/h1>\n<p>[\/et_pb_text][difl_blogcarousel posts_number=\u00bb6&#8243; post_display=\u00bbby_category\u00bb include_categories=\u00bb146,500&#8243; use_image_as_background=\u00bbon\u00bb item_desktop=\u00bb1&#8243; item_tablet=\u00bb1&#8243; loop=\u00bbon\u00bb dots=\u00bbon\u00bb equal_height=\u00bbon\u00bb item_background_bgcolor=\u00bbrgba(175,196,16,0.9)\u00bb arrow_color=\u00bb#FFFFFF\u00bb arrow_background=\u00bbgcid-cca90ba6-297c-4d63-9e2c-8201011ef870&#8243; arrow_circle=\u00bbon\u00bb arrow_prev_icon_use_icon=\u00bboff\u00bb arrow_prev_margin=\u00bb|||-70px|false|false\u00bb arrow_prev_margin_tablet=\u00bb\u00bb arrow_prev_margin_phone=\u00bb|||0px|false|false\u00bb arrow_prev_margin_last_edited=\u00bbon|phone\u00bb arrow_next_margin=\u00bb|-70px|||false|false\u00bb arrow_next_margin_tablet=\u00bb\u00bb arrow_next_margin_phone=\u00bb|0px|||false|false\u00bb arrow_next_margin_last_edited=\u00bbon|phone\u00bb large_active_dot=\u00bbon\u00bb dots_color=\u00bbgcid-cca90ba6-297c-4d63-9e2c-8201011ef870&#8243; active_dots_color=\u00bbgcid-b1ace166-c11d-4c70-a679-55884e9ca298&#8243; wrapper_padding=\u00bb||15px||false|false\u00bb item_wrapper_padding=\u00bb300px||||false|false\u00bb item_padding=\u00bb20px||||false|false\u00bb admin_label=\u00bbAQU\u00cd CAMBIA LA CATEGOR\u00cdA\u00bb _builder_version=\u00bb4.27.4&#8243; _module_preset=\u00bbdefault\u00bb border_radii_item_outer=\u00bbon|8px|8px|8px|8px\u00bb global_colors_info=\u00bb{%22gcid-b1ace166-c11d-4c70-a679-55884e9ca298%22:%91%22item_background_bgcolor%22,%22active_dots_color%22%93}\u00bb][difl_postitem type=\u00bbtitle\u00bb element_padding=\u00bb10px|10px||10px|false|true\u00bb _builder_version=\u00bb4.27.4&#8243; _module_preset=\u00bbdefault\u00bb post_font_style_font=\u00bbMerriweather|900|||||||\u00bb post_font_style_text_color=\u00bb#FFFFFF\u00bb post_font_style_font_size=\u00bb20px\u00bb post_font_style_line_height=\u00bb22px\u00bb background_color=\u00bbRGBA(255,255,255,0)\u00bb background_enable_color=\u00bbon\u00bb text_orientation=\u00bbcenter\u00bb global_colors_info=\u00bb{}\u00bb][\/difl_postitem][difl_postitem type=\u00bbdate\u00bb date_format=\u00bbj-F-Y\u00bb meta_display=\u00bbblock\u00bb use_icon=\u00bbon\u00bb font_icon=\u00bb&#xe023;||divi||400&#8243; icon_color=\u00bb#FFFFFF\u00bb element_padding=\u00bb|10px||10px|false|true\u00bb _builder_version=\u00bb4.27.4&#8243; _module_preset=\u00bbdefault\u00bb post_font_style_font=\u00bbIBM Plex Sans|700|||||||\u00bb post_font_style_text_color=\u00bb#FFFFFF\u00bb post_font_style_font_size=\u00bb12px\u00bb background_color=\u00bbRGBA(255,255,255,0)\u00bb background_enable_color=\u00bbon\u00bb text_orientation=\u00bbright\u00bb global_colors_info=\u00bb{}\u00bb][\/difl_postitem][\/difl_blogcarousel][et_pb_text admin_label=\u00bbTexto %22S\u00edguenos%22&#8243; _builder_version=\u00bb4.27.4&#8243; _module_preset=\u00bbdefault\u00bb header_font=\u00bbIBM Plex Sans|600|||||||\u00bb header_text_color=\u00bb#FFFFFF\u00bb background_color=\u00bbgcid-cca90ba6-297c-4d63-9e2c-8201011ef870&#8243; custom_margin=\u00bb0px||0px||true|false\u00bb custom_padding=\u00bb20px||||false|false\u00bb content_en_us=\u00bb<\/p>\n<h1 style=%22text-align: center;%22>Follow us<\/h1>\n<p>\u00bb content_fr_fr=\u00bb<\/p>\n<h1 style=%22text-align: center;%22>Suivez-nous sur<\/h1>\n<p>\u00bb content_eu=\u00bb<\/p>\n<h1 style=%22text-align: center;%22>Jarraitu<\/h1>\n<p>\u00bb content_ca=\u00bb<\/p>\n<h1 style=%22text-align: center;%22>Segueix-nos<\/h1>\n<p>\u00bb content_pt_br=\u00bb<\/p>\n<h1 style=%22text-align: center;%22>Siga-nos em<\/h1>\n<p>\u00bb border_radii=\u00bboff||15px||\u00bb global_colors_info=\u00bb{%22gcid-cca90ba6-297c-4d63-9e2c-8201011ef870%22:%91%22background_color%22%93}\u00bb]<\/p>\n<h1 style=\"text-align: center;\">S\u00edguenos<\/h1>\n<p>[\/et_pb_text][et_pb_social_media_follow admin_label=\u00bbREDES SOCIALES SEDE\u00bb module_class=\u00bbredes-portada-sede\u00bb _builder_version=\u00bb4.25.1&#8243; _module_preset=\u00bbdefault\u00bb background_color=\u00bbgcid-cca90ba6-297c-4d63-9e2c-8201011ef870&#8243; text_orientation=\u00bbcenter\u00bb custom_margin=\u00bb0px||||false|false\u00bb custom_padding=\u00bb15px||15px||true|false\u00bb custom_css_free_form=\u00bb.redes-portada-sede.et_pb_module {border-bottom-left-radius: 15px !important;}\u00bb border_radii=\u00bboff|15px|15px|15px|15px\u00bb global_colors_info=\u00bb{%22gcid-cca90ba6-297c-4d63-9e2c-8201011ef870%22:%91%22background_color%22%93}\u00bb][et_pb_social_media_follow_network social_network=\u00bbfacebook\u00bb icon_color=\u00bbgcid-cca90ba6-297c-4d63-9e2c-8201011ef870&#8243; _builder_version=\u00bb4.24.3&#8243; _module_preset=\u00bbdefault\u00bb background_color=\u00bb#FFFFFF\u00bb background_enable_color=\u00bbon\u00bb global_colors_info=\u00bb{%22gcid-cca90ba6-297c-4d63-9e2c-8201011ef870%22:%91%22icon_color%22%93}\u00bb follow_button=\u00bboff\u00bb url_new_window=\u00bbon\u00bb]facebook[\/et_pb_social_media_follow_network][et_pb_social_media_follow_network social_network=\u00bbinstagram\u00bb icon_color=\u00bbgcid-cca90ba6-297c-4d63-9e2c-8201011ef870&#8243; _builder_version=\u00bb4.24.3&#8243; _module_preset=\u00bbdefault\u00bb background_color=\u00bb#FFFFFF\u00bb background_enable_color=\u00bbon\u00bb global_colors_info=\u00bb{%22gcid-cca90ba6-297c-4d63-9e2c-8201011ef870%22:%91%22icon_color%22%93}\u00bb follow_button=\u00bboff\u00bb url_new_window=\u00bbon\u00bb]instagram[\/et_pb_social_media_follow_network][et_pb_social_media_follow_network social_network=\u00bbyoutube\u00bb icon_color=\u00bbgcid-cca90ba6-297c-4d63-9e2c-8201011ef870&#8243; _builder_version=\u00bb4.24.3&#8243; _module_preset=\u00bbdefault\u00bb background_color=\u00bb#FFFFFF\u00bb background_enable_color=\u00bbon\u00bb global_colors_info=\u00bb{%22gcid-cca90ba6-297c-4d63-9e2c-8201011ef870%22:%91%22icon_color%22%93}\u00bb follow_button=\u00bboff\u00bb url_new_window=\u00bbon\u00bb]youtube[\/et_pb_social_media_follow_network][\/et_pb_social_media_follow][difl_imagecarousel item_desktop=\u00bb1&#8243; item_tablet=\u00bb1&#8243; loop=\u00bbon\u00bb autoplay=\u00bbon\u00bb autospeed=\u00bb3500&#8243; dots=\u00bbon\u00bb dots_color=\u00bbgcid-cca90ba6-297c-4d63-9e2c-8201011ef870&#8243; active_dots_color=\u00bbgcid-b1ace166-c11d-4c70-a679-55884e9ca298&#8243; item_wrapper_padding=\u00bb||20px||false|false\u00bb admin_label=\u00bbFormaci\u00f3n, hemeroteca y formaci\u00f3n\u00bb module_class=\u00bbextiendeenlacedeboton\u00bb _builder_version=\u00bb4.27.4&#8243; _module_preset=\u00bbdefault\u00bb module_alignment=\u00bbcenter\u00bb custom_margin=\u00bb||||false|false\u00bb global_module=\u00bb51721&#8243; saved_tabs=\u00bball\u00bb global_colors_info=\u00bb{%22gcid-cca90ba6-297c-4d63-9e2c-8201011ef870%22:%91%22dots_color%22%93,%22gcid-b1ace166-c11d-4c70-a679-55884e9ca298%22:%91%22active_dots_color%22%93}\u00bb custom_margin__hover_enabled=\u00bbon|hover\u00bb custom_margin__hover=\u00bb||||false|false\u00bb][difl_imagecarouselitem admin_label=\u00bbFormaci\u00f3n\u00bb image=\u00bbhttps:\/\/www.itakaescolapios.org\/wp-content\/uploads\/2025\/02\/banners-500&#215;500-esp5.jpg\u00bb ic_button_button_text=\u00bbbot\u00bb ic_button_button_url=\u00bb\/es\/que-hacemos\/formacion\/\u00bb ic_button_button_url_new_window=\u00bb1&#8243; _builder_version=\u00bb4.27.4&#8243; _module_preset=\u00bbdefault\u00bb image_en_us=\u00bbhttps:\/\/www.itakaescolapios.org\/wp-content\/uploads\/2025\/02\/banners-500&#215;500-eng5.jpg\u00bb ic_button_button_text_en_us=\u00bbbot\u00bb ic_button_button_url_en_us=\u00bb\/en\/what-we-do\/training\/\u00bb image_fr_fr=\u00bbhttps:\/\/www.itakaescolapios.org\/wp-content\/uploads\/2025\/02\/banners-500&#215;500-fra5.jpg\u00bb ic_button_button_text_fr_fr=\u00bbbot\u00bb ic_button_button_url_fr_fr=\u00bb\/fr\/que-faisons-nous\/formation\/\u00bb image_eu=\u00bbhttps:\/\/www.itakaescolapios.org\/wp-content\/uploads\/2025\/02\/banners-500&#215;500-eusk5.jpg\u00bb ic_button_button_text_eu=\u00bbbot\u00bb ic_button_button_url_eu=\u00bb\/eu\/zer-egiten-dugu\/prestakuntza\/\u00bb image_ca=\u00bbhttps:\/\/www.itakaescolapios.org\/wp-content\/uploads\/2025\/02\/banners-500&#215;500-val5.jpg\u00bb ic_button_button_text_ca=\u00bbbot\u00bb ic_button_button_url_ca=\u00bb\/ca\/que-fem\/formacio\/\u00bb image_pt_br=\u00bbhttps:\/\/www.itakaescolapios.org\/wp-content\/uploads\/2025\/02\/banners-500&#215;500-port5.jpg\u00bb ic_button_button_text_pt_br=\u00bbbot\u00bb ic_button_button_url_pt_br=\u00bb\/pt\/o-que-fazemos\/formacao\/\u00bb global_colors_info=\u00bb{}\u00bb][\/difl_imagecarouselitem][difl_imagecarouselitem admin_label=\u00bbPublicaciones\u00bb image=\u00bbhttps:\/\/www.itakaescolapios.org\/wp-content\/uploads\/2025\/02\/banners-500&#215;500-esp3-1.jpg\u00bb ic_button_button_text=\u00bbbot\u00bb ic_button_button_url=\u00bb\/es\/publicaciones\u00bb ic_button_button_url_new_window=\u00bb1&#8243; _builder_version=\u00bb4.27.4&#8243; _module_preset=\u00bbdefault\u00bb image_en_us=\u00bbhttps:\/\/www.itakaescolapios.org\/wp-content\/uploads\/2025\/02\/banners-500&#215;500-eng3.jpg\u00bb ic_button_button_text_en_us=\u00bbbot\u00bb ic_button_button_url_en_us=\u00bb\/en\/publicaciones\u00bb image_fr_fr=\u00bbhttps:\/\/www.itakaescolapios.org\/wp-content\/uploads\/2025\/02\/banners-500&#215;500-fra3.jpg\u00bb ic_button_button_text_fr_fr=\u00bbbot\u00bb ic_button_button_url_fr_fr=\u00bb\/fr\/publicaciones\u00bb image_eu=\u00bbhttps:\/\/www.itakaescolapios.org\/wp-content\/uploads\/2025\/02\/banners-500&#215;500-eusk3.jpg\u00bb ic_button_button_text_eu=\u00bbbot\u00bb ic_button_button_url_eu=\u00bb\/eu\/publicaciones\u00bb image_ca=\u00bbhttps:\/\/www.itakaescolapios.org\/wp-content\/uploads\/2025\/02\/banners-500&#215;500-val3.jpg\u00bb ic_button_button_text_ca=\u00bbbot\u00bb ic_button_button_url_ca=\u00bb\/ca\/publicaciones\u00bb image_pt_br=\u00bbhttps:\/\/www.itakaescolapios.org\/wp-content\/uploads\/2025\/02\/banners-500&#215;500-port3.jpg\u00bb ic_button_button_text_pt_br=\u00bbbot\u00bb ic_button_button_url_pt_br=\u00bb\/pt\/publicaciones\u00bb global_colors_info=\u00bb{}\u00bb][\/difl_imagecarouselitem][difl_imagecarouselitem admin_label=\u00bbHemeroteca\u00bb image=\u00bbhttps:\/\/www.itakaescolapios.org\/wp-content\/uploads\/2025\/02\/banners-500&#215;500-esp4.jpg\u00bb ic_button_button_text=\u00bbbot\u00bb ic_button_button_url=\u00bb\/es\/noticias\/\u00bb ic_button_button_url_new_window=\u00bb1&#8243; _builder_version=\u00bb4.27.4&#8243; _module_preset=\u00bbdefault\u00bb image_en_us=\u00bbhttps:\/\/www.itakaescolapios.org\/wp-content\/uploads\/2025\/02\/banners-500&#215;500-eng4.jpg\u00bb ic_button_button_text_en_us=\u00bbbot\u00bb ic_button_button_url_en_us=\u00bb7en\/news\/\u00bb image_fr_fr=\u00bbhttps:\/\/www.itakaescolapios.org\/wp-content\/uploads\/2025\/02\/banners-500&#215;500-fra4.jpg\u00bb ic_button_button_text_fr_fr=\u00bbbot\u00bb ic_button_button_url_fr_fr=\u00bb\/fr\/actualites\/\u00bb image_eu=\u00bbhttps:\/\/www.itakaescolapios.org\/wp-content\/uploads\/2025\/02\/banners-500&#215;500-eusk4.jpg\u00bb ic_button_button_text_eu=\u00bbbot\u00bb ic_button_button_url_eu=\u00bb\/eu\/berriak\/\u00bb image_ca=\u00bbhttps:\/\/www.itakaescolapios.org\/wp-content\/uploads\/2025\/02\/banners-500&#215;500-val4.jpg\u00bb ic_button_button_text_ca=\u00bbbot\u00bb ic_button_button_url_ca=\u00bb\/ca\/noticies\/\u00bb image_pt_br=\u00bbhttps:\/\/www.itakaescolapios.org\/wp-content\/uploads\/2025\/02\/banners-500&#215;500-port4.jpg\u00bb ic_button_button_text_pt_br=\u00bbbot\u00bb ic_button_button_url_pt_br=\u00bb\/pt\/novidades\/\u00bb global_colors_info=\u00bb{}\u00bb][\/difl_imagecarouselitem][\/difl_imagecarousel][\/et_pb_column][\/et_pb_section]<\/p>\n","protected":false},"excerpt":{"rendered":"<p>El d\u00eda 29 de junio comenzamos, un a\u00f1o m\u00e1s, el Campo de Trabajo en Madrid. Siete coordinadoras acompa\u00f1amos a 10 voluntarios y voluntarias que, durante dos semanas, se pusieron al servicio de los m\u00e1s peque\u00f1os y peque\u00f1as, siguiendo los pasos de Calasanz.<\/p>\n","protected":false},"author":69,"featured_media":328261,"comment_status":"closed","ping_status":"closed","sticky":false,"template":"","format":"standard","meta":{"_et_pb_use_builder":"on","_et_pb_old_content":"","_et_gb_content_width":"","footnotes":""},"categories":[500,146],"tags":[226,668,327,357,424,670,142,669],"class_list":["post-328252","post","type-post","status-publish","format-standard","has-post-thumbnail","hentry","category-betania","category-madrid","tag-aluche","tag-ct25","tag-infancia","tag-juventud","tag-madrid","tag-oracion","tag-voluntariado","tag-voluntarios-voluntarias"],"yoast_head":"<!-- This site is optimized with the Yoast SEO plugin v27.4 - https:\/\/yoast.com\/product\/yoast-seo-wordpress\/ -->\n<title>Campo de Trabajo 2025 de Aluche: El coraz\u00f3n lleno de nombres - Itaka-Escolapios<\/title>\n<meta name=\"robots\" content=\"index, follow, max-snippet:-1, max-image-preview:large, max-video-preview:-1\" \/>\n<link rel=\"canonical\" href=\"https:\/\/www.itakaescolapios.org\/es\/2025\/07\/ct25-aluche\/\" \/>\n<meta property=\"og:locale\" content=\"es_ES\" \/>\n<meta property=\"og:type\" content=\"article\" \/>\n<meta property=\"og:title\" content=\"Campo de Trabajo 2025 de Aluche: El coraz\u00f3n lleno de nombres - Itaka-Escolapios\" \/>\n<meta property=\"og:description\" content=\"El d\u00eda 29 de junio comenzamos, un a\u00f1o m\u00e1s, el Campo de Trabajo en Madrid. Siete coordinadoras acompa\u00f1amos a 10 voluntarios y voluntarias que, durante dos semanas, se pusieron al servicio de los m\u00e1s peque\u00f1os y peque\u00f1as, siguiendo los pasos de Calasanz.\" \/>\n<meta property=\"og:url\" content=\"https:\/\/www.itakaescolapios.org\/es\/2025\/07\/ct25-aluche\/\" \/>\n<meta property=\"og:site_name\" content=\"Itaka-Escolapios\" \/>\n<meta property=\"article:published_time\" content=\"2025-07-22T12:38:20+00:00\" \/>\n<meta property=\"article:modified_time\" content=\"2025-07-22T13:23:05+00:00\" \/>\n<meta property=\"og:image\" content=\"https:\/\/www.itakaescolapios.org\/wp-content\/uploads\/2025\/07\/WhatsApp-Image-2025-07-18-at-13.42.18-3.jpeg\" \/>\n\t<meta property=\"og:image:width\" content=\"1600\" \/>\n\t<meta property=\"og:image:height\" content=\"1066\" \/>\n\t<meta property=\"og:image:type\" content=\"image\/jpeg\" \/>\n<meta name=\"author\" content=\"Paz Su\u00f1er\" \/>\n<meta name=\"twitter:card\" content=\"summary_large_image\" \/>\n<meta name=\"twitter:label1\" content=\"Escrito por\" \/>\n\t<meta name=\"twitter:data1\" content=\"Paz Su\u00f1er\" \/>\n\t<meta name=\"twitter:label2\" content=\"Tiempo de lectura\" \/>\n\t<meta name=\"twitter:data2\" content=\"6 minutos\" \/>\n<script type=\"application\/ld+json\" class=\"yoast-schema-graph\">{\"@context\":\"https:\\\/\\\/schema.org\",\"@graph\":[{\"@type\":\"Article\",\"@id\":\"https:\\\/\\\/www.itakaescolapios.org\\\/es\\\/2025\\\/07\\\/ct25-aluche\\\/#article\",\"isPartOf\":{\"@id\":\"https:\\\/\\\/www.itakaescolapios.org\\\/es\\\/2025\\\/07\\\/ct25-aluche\\\/\"},\"author\":{\"name\":\"Paz Su\u00f1er\",\"@id\":\"https:\\\/\\\/www.itakaescolapios.org\\\/es\\\/#\\\/schema\\\/person\\\/b4aee0bb1423368fa9a5439a0985739e\"},\"headline\":\"Campo de Trabajo 2025 de Aluche: El coraz\u00f3n lleno de nombres\",\"datePublished\":\"2025-07-22T12:38:20+00:00\",\"dateModified\":\"2025-07-22T13:23:05+00:00\",\"mainEntityOfPage\":{\"@id\":\"https:\\\/\\\/www.itakaescolapios.org\\\/es\\\/2025\\\/07\\\/ct25-aluche\\\/\"},\"wordCount\":5138,\"publisher\":{\"@id\":\"https:\\\/\\\/www.itakaescolapios.org\\\/es\\\/#organization\"},\"image\":{\"@id\":\"https:\\\/\\\/www.itakaescolapios.org\\\/es\\\/2025\\\/07\\\/ct25-aluche\\\/#primaryimage\"},\"thumbnailUrl\":\"https:\\\/\\\/www.itakaescolapios.org\\\/wp-content\\\/uploads\\\/2025\\\/07\\\/WhatsApp-Image-2025-07-18-at-13.42.18-3.jpeg\",\"keywords\":[\"Aluche\",\"CT25\",\"Infancia\",\"Juventud\",\"Madrid\",\"oraci\u00f3n\",\"voluntariado\",\"voluntarios voluntarias\"],\"articleSection\":[\"Betania\",\"Madrid\"],\"inLanguage\":\"es\"},{\"@type\":\"WebPage\",\"@id\":\"https:\\\/\\\/www.itakaescolapios.org\\\/es\\\/2025\\\/07\\\/ct25-aluche\\\/\",\"url\":\"https:\\\/\\\/www.itakaescolapios.org\\\/es\\\/2025\\\/07\\\/ct25-aluche\\\/\",\"name\":\"Campo de Trabajo 2025 de Aluche: El coraz\u00f3n lleno de nombres - Itaka-Escolapios\",\"isPartOf\":{\"@id\":\"https:\\\/\\\/www.itakaescolapios.org\\\/es\\\/#website\"},\"primaryImageOfPage\":{\"@id\":\"https:\\\/\\\/www.itakaescolapios.org\\\/es\\\/2025\\\/07\\\/ct25-aluche\\\/#primaryimage\"},\"image\":{\"@id\":\"https:\\\/\\\/www.itakaescolapios.org\\\/es\\\/2025\\\/07\\\/ct25-aluche\\\/#primaryimage\"},\"thumbnailUrl\":\"https:\\\/\\\/www.itakaescolapios.org\\\/wp-content\\\/uploads\\\/2025\\\/07\\\/WhatsApp-Image-2025-07-18-at-13.42.18-3.jpeg\",\"datePublished\":\"2025-07-22T12:38:20+00:00\",\"dateModified\":\"2025-07-22T13:23:05+00:00\",\"breadcrumb\":{\"@id\":\"https:\\\/\\\/www.itakaescolapios.org\\\/es\\\/2025\\\/07\\\/ct25-aluche\\\/#breadcrumb\"},\"inLanguage\":\"es\",\"potentialAction\":[{\"@type\":\"ReadAction\",\"target\":[\"https:\\\/\\\/www.itakaescolapios.org\\\/es\\\/2025\\\/07\\\/ct25-aluche\\\/\"]}]},{\"@type\":\"ImageObject\",\"inLanguage\":\"es\",\"@id\":\"https:\\\/\\\/www.itakaescolapios.org\\\/es\\\/2025\\\/07\\\/ct25-aluche\\\/#primaryimage\",\"url\":\"https:\\\/\\\/www.itakaescolapios.org\\\/wp-content\\\/uploads\\\/2025\\\/07\\\/WhatsApp-Image-2025-07-18-at-13.42.18-3.jpeg\",\"contentUrl\":\"https:\\\/\\\/www.itakaescolapios.org\\\/wp-content\\\/uploads\\\/2025\\\/07\\\/WhatsApp-Image-2025-07-18-at-13.42.18-3.jpeg\",\"width\":1600,\"height\":1066},{\"@type\":\"BreadcrumbList\",\"@id\":\"https:\\\/\\\/www.itakaescolapios.org\\\/es\\\/2025\\\/07\\\/ct25-aluche\\\/#breadcrumb\",\"itemListElement\":[{\"@type\":\"ListItem\",\"position\":1,\"name\":\"Portada\",\"item\":\"https:\\\/\\\/www.itakaescolapios.org\\\/es\\\/\"},{\"@type\":\"ListItem\",\"position\":2,\"name\":\"Campo de Trabajo 2025 de Aluche: El coraz\u00f3n lleno de nombres\"}]},{\"@type\":\"WebSite\",\"@id\":\"https:\\\/\\\/www.itakaescolapios.org\\\/es\\\/#website\",\"url\":\"https:\\\/\\\/www.itakaescolapios.org\\\/es\\\/\",\"name\":\"Itaka-Escolapios\",\"description\":\"Red de Itaka-Escolapios\",\"publisher\":{\"@id\":\"https:\\\/\\\/www.itakaescolapios.org\\\/es\\\/#organization\"},\"potentialAction\":[{\"@type\":\"SearchAction\",\"target\":{\"@type\":\"EntryPoint\",\"urlTemplate\":\"https:\\\/\\\/www.itakaescolapios.org\\\/es\\\/?s={search_term_string}\"},\"query-input\":{\"@type\":\"PropertyValueSpecification\",\"valueRequired\":true,\"valueName\":\"search_term_string\"}}],\"inLanguage\":\"es\"},{\"@type\":\"Organization\",\"@id\":\"https:\\\/\\\/www.itakaescolapios.org\\\/es\\\/#organization\",\"name\":\"Fundaci\u00f3 Itaka-Escolapios\",\"url\":\"https:\\\/\\\/www.itakaescolapios.org\\\/es\\\/\",\"logo\":{\"@type\":\"ImageObject\",\"inLanguage\":\"es\",\"@id\":\"https:\\\/\\\/www.itakaescolapios.org\\\/es\\\/#\\\/schema\\\/logo\\\/image\\\/\",\"url\":\"https:\\\/\\\/www.itakaescolapios.org\\\/wp-content\\\/uploads\\\/2024\\\/04\\\/Logo-itakaescolapios-peque.png\",\"contentUrl\":\"https:\\\/\\\/www.itakaescolapios.org\\\/wp-content\\\/uploads\\\/2024\\\/04\\\/Logo-itakaescolapios-peque.png\",\"width\":500,\"height\":199,\"caption\":\"Fundaci\u00f3 Itaka-Escolapios\"},\"image\":{\"@id\":\"https:\\\/\\\/www.itakaescolapios.org\\\/es\\\/#\\\/schema\\\/logo\\\/image\\\/\"}},{\"@type\":\"Person\",\"@id\":\"https:\\\/\\\/www.itakaescolapios.org\\\/es\\\/#\\\/schema\\\/person\\\/b4aee0bb1423368fa9a5439a0985739e\",\"name\":\"Paz Su\u00f1er\",\"url\":\"https:\\\/\\\/www.itakaescolapios.org\\\/es\\\/author\\\/pazsuner\\\/\"}]}<\/script>\n<!-- \/ Yoast SEO plugin. -->","yoast_head_json":{"title":"Campo de Trabajo 2025 de Aluche: El coraz\u00f3n lleno de nombres - Itaka-Escolapios","robots":{"index":"index","follow":"follow","max-snippet":"max-snippet:-1","max-image-preview":"max-image-preview:large","max-video-preview":"max-video-preview:-1"},"canonical":"https:\/\/www.itakaescolapios.org\/es\/2025\/07\/ct25-aluche\/","og_locale":"es_ES","og_type":"article","og_title":"Campo de Trabajo 2025 de Aluche: El coraz\u00f3n lleno de nombres - Itaka-Escolapios","og_description":"El d\u00eda 29 de junio comenzamos, un a\u00f1o m\u00e1s, el Campo de Trabajo en Madrid. Siete coordinadoras acompa\u00f1amos a 10 voluntarios y voluntarias que, durante dos semanas, se pusieron al servicio de los m\u00e1s peque\u00f1os y peque\u00f1as, siguiendo los pasos de Calasanz.","og_url":"https:\/\/www.itakaescolapios.org\/es\/2025\/07\/ct25-aluche\/","og_site_name":"Itaka-Escolapios","article_published_time":"2025-07-22T12:38:20+00:00","article_modified_time":"2025-07-22T13:23:05+00:00","og_image":[{"width":1600,"height":1066,"url":"https:\/\/www.itakaescolapios.org\/wp-content\/uploads\/2025\/07\/WhatsApp-Image-2025-07-18-at-13.42.18-3.jpeg","type":"image\/jpeg"}],"author":"Paz Su\u00f1er","twitter_card":"summary_large_image","twitter_misc":{"Escrito por":"Paz Su\u00f1er","Tiempo de lectura":"6 minutos"},"schema":{"@context":"https:\/\/schema.org","@graph":[{"@type":"Article","@id":"https:\/\/www.itakaescolapios.org\/es\/2025\/07\/ct25-aluche\/#article","isPartOf":{"@id":"https:\/\/www.itakaescolapios.org\/es\/2025\/07\/ct25-aluche\/"},"author":{"name":"Paz Su\u00f1er","@id":"https:\/\/www.itakaescolapios.org\/es\/#\/schema\/person\/b4aee0bb1423368fa9a5439a0985739e"},"headline":"Campo de Trabajo 2025 de Aluche: El coraz\u00f3n lleno de nombres","datePublished":"2025-07-22T12:38:20+00:00","dateModified":"2025-07-22T13:23:05+00:00","mainEntityOfPage":{"@id":"https:\/\/www.itakaescolapios.org\/es\/2025\/07\/ct25-aluche\/"},"wordCount":5138,"publisher":{"@id":"https:\/\/www.itakaescolapios.org\/es\/#organization"},"image":{"@id":"https:\/\/www.itakaescolapios.org\/es\/2025\/07\/ct25-aluche\/#primaryimage"},"thumbnailUrl":"https:\/\/www.itakaescolapios.org\/wp-content\/uploads\/2025\/07\/WhatsApp-Image-2025-07-18-at-13.42.18-3.jpeg","keywords":["Aluche","CT25","Infancia","Juventud","Madrid","oraci\u00f3n","voluntariado","voluntarios voluntarias"],"articleSection":["Betania","Madrid"],"inLanguage":"es"},{"@type":"WebPage","@id":"https:\/\/www.itakaescolapios.org\/es\/2025\/07\/ct25-aluche\/","url":"https:\/\/www.itakaescolapios.org\/es\/2025\/07\/ct25-aluche\/","name":"Campo de Trabajo 2025 de Aluche: El coraz\u00f3n lleno de nombres - Itaka-Escolapios","isPartOf":{"@id":"https:\/\/www.itakaescolapios.org\/es\/#website"},"primaryImageOfPage":{"@id":"https:\/\/www.itakaescolapios.org\/es\/2025\/07\/ct25-aluche\/#primaryimage"},"image":{"@id":"https:\/\/www.itakaescolapios.org\/es\/2025\/07\/ct25-aluche\/#primaryimage"},"thumbnailUrl":"https:\/\/www.itakaescolapios.org\/wp-content\/uploads\/2025\/07\/WhatsApp-Image-2025-07-18-at-13.42.18-3.jpeg","datePublished":"2025-07-22T12:38:20+00:00","dateModified":"2025-07-22T13:23:05+00:00","breadcrumb":{"@id":"https:\/\/www.itakaescolapios.org\/es\/2025\/07\/ct25-aluche\/#breadcrumb"},"inLanguage":"es","potentialAction":[{"@type":"ReadAction","target":["https:\/\/www.itakaescolapios.org\/es\/2025\/07\/ct25-aluche\/"]}]},{"@type":"ImageObject","inLanguage":"es","@id":"https:\/\/www.itakaescolapios.org\/es\/2025\/07\/ct25-aluche\/#primaryimage","url":"https:\/\/www.itakaescolapios.org\/wp-content\/uploads\/2025\/07\/WhatsApp-Image-2025-07-18-at-13.42.18-3.jpeg","contentUrl":"https:\/\/www.itakaescolapios.org\/wp-content\/uploads\/2025\/07\/WhatsApp-Image-2025-07-18-at-13.42.18-3.jpeg","width":1600,"height":1066},{"@type":"BreadcrumbList","@id":"https:\/\/www.itakaescolapios.org\/es\/2025\/07\/ct25-aluche\/#breadcrumb","itemListElement":[{"@type":"ListItem","position":1,"name":"Portada","item":"https:\/\/www.itakaescolapios.org\/es\/"},{"@type":"ListItem","position":2,"name":"Campo de Trabajo 2025 de Aluche: El coraz\u00f3n lleno de nombres"}]},{"@type":"WebSite","@id":"https:\/\/www.itakaescolapios.org\/es\/#website","url":"https:\/\/www.itakaescolapios.org\/es\/","name":"Itaka-Escolapios","description":"Red de Itaka-Escolapios","publisher":{"@id":"https:\/\/www.itakaescolapios.org\/es\/#organization"},"potentialAction":[{"@type":"SearchAction","target":{"@type":"EntryPoint","urlTemplate":"https:\/\/www.itakaescolapios.org\/es\/?s={search_term_string}"},"query-input":{"@type":"PropertyValueSpecification","valueRequired":true,"valueName":"search_term_string"}}],"inLanguage":"es"},{"@type":"Organization","@id":"https:\/\/www.itakaescolapios.org\/es\/#organization","name":"Fundaci\u00f3 Itaka-Escolapios","url":"https:\/\/www.itakaescolapios.org\/es\/","logo":{"@type":"ImageObject","inLanguage":"es","@id":"https:\/\/www.itakaescolapios.org\/es\/#\/schema\/logo\/image\/","url":"https:\/\/www.itakaescolapios.org\/wp-content\/uploads\/2024\/04\/Logo-itakaescolapios-peque.png","contentUrl":"https:\/\/www.itakaescolapios.org\/wp-content\/uploads\/2024\/04\/Logo-itakaescolapios-peque.png","width":500,"height":199,"caption":"Fundaci\u00f3 Itaka-Escolapios"},"image":{"@id":"https:\/\/www.itakaescolapios.org\/es\/#\/schema\/logo\/image\/"}},{"@type":"Person","@id":"https:\/\/www.itakaescolapios.org\/es\/#\/schema\/person\/b4aee0bb1423368fa9a5439a0985739e","name":"Paz Su\u00f1er","url":"https:\/\/www.itakaescolapios.org\/es\/author\/pazsuner\/"}]}},"_links":{"self":[{"href":"https:\/\/www.itakaescolapios.org\/es\/wp-json\/wp\/v2\/posts\/328252","targetHints":{"allow":["GET"]}}],"collection":[{"href":"https:\/\/www.itakaescolapios.org\/es\/wp-json\/wp\/v2\/posts"}],"about":[{"href":"https:\/\/www.itakaescolapios.org\/es\/wp-json\/wp\/v2\/types\/post"}],"author":[{"embeddable":true,"href":"https:\/\/www.itakaescolapios.org\/es\/wp-json\/wp\/v2\/users\/69"}],"replies":[{"embeddable":true,"href":"https:\/\/www.itakaescolapios.org\/es\/wp-json\/wp\/v2\/comments?post=328252"}],"version-history":[{"count":7,"href":"https:\/\/www.itakaescolapios.org\/es\/wp-json\/wp\/v2\/posts\/328252\/revisions"}],"predecessor-version":[{"id":328286,"href":"https:\/\/www.itakaescolapios.org\/es\/wp-json\/wp\/v2\/posts\/328252\/revisions\/328286"}],"wp:featuredmedia":[{"embeddable":true,"href":"https:\/\/www.itakaescolapios.org\/es\/wp-json\/wp\/v2\/media\/328261"}],"wp:attachment":[{"href":"https:\/\/www.itakaescolapios.org\/es\/wp-json\/wp\/v2\/media?parent=328252"}],"wp:term":[{"taxonomy":"category","embeddable":true,"href":"https:\/\/www.itakaescolapios.org\/es\/wp-json\/wp\/v2\/categories?post=328252"},{"taxonomy":"post_tag","embeddable":true,"href":"https:\/\/www.itakaescolapios.org\/es\/wp-json\/wp\/v2\/tags?post=328252"}],"curies":[{"name":"wp","href":"https:\/\/api.w.org\/{rel}","templated":true}]}}