{"id":34457,"date":"2021-06-04T05:35:56","date_gmt":"2021-06-04T04:35:56","guid":{"rendered":"https:\/\/www.itakaescolapios.org\/?p=34457"},"modified":"2023-11-28T12:36:00","modified_gmt":"2023-11-28T11:36:00","slug":"celabration-de-la-journee-internationale-du-mouvement-calasanz-a-louest","status":"publish","type":"post","link":"https:\/\/www.itakaescolapios.org\/es\/2021\/06\/celabration-de-la-journee-internationale-du-mouvement-calasanz-a-louest\/","title":{"rendered":"CELABRATION DE LA JOURNEE INTERNATIONALE DU MOUVEMENT CALASANZ A L&#8217;OUEST"},"content":{"rendered":"<p>cet \u00e9v\u00e8nement s&#8217;est d\u00e9roul\u00e9 dans la s\u00e9renit\u00e9 et la joie. nous avons organis\u00e9 une conf\u00e9rence suivant le canevas de l&#8217;organisation de cette journ\u00e9e pour cette ann\u00e9e 2021. ensuite nous avons eu plusieurs activit\u00e9s et enfin nous avons c\u00e9l\u00e9br\u00e9 une messe pour la cl\u00f4ture de cette journ\u00e9e.<\/p>\n","protected":false},"excerpt":{"rendered":"<p>cet \u00e9v\u00e8nement s&#8217;est d\u00e9roul\u00e9 dans la s\u00e9renit\u00e9 et la joie. nous avons organis\u00e9 une conf\u00e9rence suivant le canevas de l&#8217;organisation de cette journ\u00e9e pour cette ann\u00e9e 2021. ensuite nous avons [&hellip;]<\/p>\n","protected":false},"author":15,"featured_media":34459,"comment_status":"closed","ping_status":"closed","sticky":false,"template":"","format":"standard","meta":{"_et_pb_use_builder":"","_et_pb_old_content":"","_et_gb_content_width":"","footnotes":""},"categories":[53],"tags":[],"class_list":["post-34457","post","type-post","status-publish","format-standard","has-post-thumbnail","hentry","category-africa-central"],"yoast_head":"<!-- This site is optimized with the Yoast SEO plugin v27.4 - https:\/\/yoast.com\/product\/yoast-seo-wordpress\/ -->\n<title>CELABRATION DE LA JOURNEE INTERNATIONALE DU MOUVEMENT CALASANZ A L&#039;OUEST - Itaka-Escolapios<\/title>\n<meta name=\"robots\" content=\"index, follow, max-snippet:-1, max-image-preview:large, max-video-preview:-1\" \/>\n<link rel=\"canonical\" href=\"https:\/\/www.itakaescolapios.org\/es\/2021\/06\/celabration-de-la-journee-internationale-du-mouvement-calasanz-a-louest\/\" \/>\n<meta property=\"og:locale\" content=\"es_ES\" \/>\n<meta property=\"og:type\" content=\"article\" \/>\n<meta property=\"og:title\" content=\"CELABRATION DE LA JOURNEE INTERNATIONALE DU MOUVEMENT CALASANZ A L&#039;OUEST - Itaka-Escolapios\" \/>\n<meta property=\"og:description\" content=\"cet \u00e9v\u00e8nement s&#8217;est d\u00e9roul\u00e9 dans la s\u00e9renit\u00e9 et la joie. nous avons organis\u00e9 une conf\u00e9rence suivant le canevas de l&#8217;organisation de cette journ\u00e9e pour cette ann\u00e9e 2021. ensuite nous avons [&hellip;]\" \/>\n<meta property=\"og:url\" content=\"https:\/\/www.itakaescolapios.org\/es\/2021\/06\/celabration-de-la-journee-internationale-du-mouvement-calasanz-a-louest\/\" \/>\n<meta property=\"og:site_name\" content=\"Itaka-Escolapios\" \/>\n<meta property=\"article:published_time\" content=\"2021-06-04T04:35:56+00:00\" \/>\n<meta property=\"article:modified_time\" content=\"2023-11-28T11:36:00+00:00\" \/>\n<meta property=\"og:image\" content=\"https:\/\/www.itakaescolapios.org\/wp-content\/uploads\/2021\/06\/WhatsApp-Image-2021-06-01-at-21.12.15.jpeg\" \/>\n\t<meta property=\"og:image:width\" content=\"1040\" \/>\n\t<meta property=\"og:image:height\" content=\"780\" \/>\n\t<meta property=\"og:image:type\" content=\"image\/jpeg\" \/>\n<meta name=\"author\" content=\"cameroun01\" \/>\n<meta name=\"twitter:card\" content=\"summary_large_image\" \/>\n<meta name=\"twitter:label1\" content=\"Escrito por\" \/>\n\t<meta name=\"twitter:data1\" content=\"cameroun01\" \/>\n<script type=\"application\/ld+json\" class=\"yoast-schema-graph\">{\"@context\":\"https:\\\/\\\/schema.org\",\"@graph\":[{\"@type\":\"Article\",\"@id\":\"https:\\\/\\\/www.itakaescolapios.org\\\/es\\\/2021\\\/06\\\/celabration-de-la-journee-internationale-du-mouvement-calasanz-a-louest\\\/#article\",\"isPartOf\":{\"@id\":\"https:\\\/\\\/www.itakaescolapios.org\\\/es\\\/2021\\\/06\\\/celabration-de-la-journee-internationale-du-mouvement-calasanz-a-louest\\\/\"},\"author\":{\"name\":\"cameroun01\",\"@id\":\"https:\\\/\\\/www.itakaescolapios.org\\\/es\\\/#\\\/schema\\\/person\\\/d2844383e29bfdfef69039672ce14eb1\"},\"headline\":\"CELABRATION DE LA JOURNEE INTERNATIONALE DU MOUVEMENT CALASANZ A L&#8217;OUEST\",\"datePublished\":\"2021-06-04T04:35:56+00:00\",\"dateModified\":\"2023-11-28T11:36:00+00:00\",\"mainEntityOfPage\":{\"@id\":\"https:\\\/\\\/www.itakaescolapios.org\\\/es\\\/2021\\\/06\\\/celabration-de-la-journee-internationale-du-mouvement-calasanz-a-louest\\\/\"},\"wordCount\":69,\"publisher\":{\"@id\":\"https:\\\/\\\/www.itakaescolapios.org\\\/es\\\/#organization\"},\"image\":{\"@id\":\"https:\\\/\\\/www.itakaescolapios.org\\\/es\\\/2021\\\/06\\\/celabration-de-la-journee-internationale-du-mouvement-calasanz-a-louest\\\/#primaryimage\"},\"thumbnailUrl\":\"https:\\\/\\\/www.itakaescolapios.org\\\/wp-content\\\/uploads\\\/2021\\\/06\\\/WhatsApp-Image-2021-06-01-at-21.12.15.jpeg\",\"articleSection\":[\"\u00c1frica Central\"],\"inLanguage\":\"es\"},{\"@type\":\"WebPage\",\"@id\":\"https:\\\/\\\/www.itakaescolapios.org\\\/es\\\/2021\\\/06\\\/celabration-de-la-journee-internationale-du-mouvement-calasanz-a-louest\\\/\",\"url\":\"https:\\\/\\\/www.itakaescolapios.org\\\/es\\\/2021\\\/06\\\/celabration-de-la-journee-internationale-du-mouvement-calasanz-a-louest\\\/\",\"name\":\"CELABRATION DE LA JOURNEE INTERNATIONALE DU MOUVEMENT CALASANZ A L'OUEST - Itaka-Escolapios\",\"isPartOf\":{\"@id\":\"https:\\\/\\\/www.itakaescolapios.org\\\/es\\\/#website\"},\"primaryImageOfPage\":{\"@id\":\"https:\\\/\\\/www.itakaescolapios.org\\\/es\\\/2021\\\/06\\\/celabration-de-la-journee-internationale-du-mouvement-calasanz-a-louest\\\/#primaryimage\"},\"image\":{\"@id\":\"https:\\\/\\\/www.itakaescolapios.org\\\/es\\\/2021\\\/06\\\/celabration-de-la-journee-internationale-du-mouvement-calasanz-a-louest\\\/#primaryimage\"},\"thumbnailUrl\":\"https:\\\/\\\/www.itakaescolapios.org\\\/wp-content\\\/uploads\\\/2021\\\/06\\\/WhatsApp-Image-2021-06-01-at-21.12.15.jpeg\",\"datePublished\":\"2021-06-04T04:35:56+00:00\",\"dateModified\":\"2023-11-28T11:36:00+00:00\",\"breadcrumb\":{\"@id\":\"https:\\\/\\\/www.itakaescolapios.org\\\/es\\\/2021\\\/06\\\/celabration-de-la-journee-internationale-du-mouvement-calasanz-a-louest\\\/#breadcrumb\"},\"inLanguage\":\"es\",\"potentialAction\":[{\"@type\":\"ReadAction\",\"target\":[\"https:\\\/\\\/www.itakaescolapios.org\\\/es\\\/2021\\\/06\\\/celabration-de-la-journee-internationale-du-mouvement-calasanz-a-louest\\\/\"]}]},{\"@type\":\"ImageObject\",\"inLanguage\":\"es\",\"@id\":\"https:\\\/\\\/www.itakaescolapios.org\\\/es\\\/2021\\\/06\\\/celabration-de-la-journee-internationale-du-mouvement-calasanz-a-louest\\\/#primaryimage\",\"url\":\"https:\\\/\\\/www.itakaescolapios.org\\\/wp-content\\\/uploads\\\/2021\\\/06\\\/WhatsApp-Image-2021-06-01-at-21.12.15.jpeg\",\"contentUrl\":\"https:\\\/\\\/www.itakaescolapios.org\\\/wp-content\\\/uploads\\\/2021\\\/06\\\/WhatsApp-Image-2021-06-01-at-21.12.15.jpeg\",\"width\":1040,\"height\":780},{\"@type\":\"BreadcrumbList\",\"@id\":\"https:\\\/\\\/www.itakaescolapios.org\\\/es\\\/2021\\\/06\\\/celabration-de-la-journee-internationale-du-mouvement-calasanz-a-louest\\\/#breadcrumb\",\"itemListElement\":[{\"@type\":\"ListItem\",\"position\":1,\"name\":\"Portada\",\"item\":\"https:\\\/\\\/www.itakaescolapios.org\\\/es\\\/\"},{\"@type\":\"ListItem\",\"position\":2,\"name\":\"CELABRATION DE LA JOURNEE INTERNATIONALE DU MOUVEMENT CALASANZ A L&#8217;OUEST\"}]},{\"@type\":\"WebSite\",\"@id\":\"https:\\\/\\\/www.itakaescolapios.org\\\/es\\\/#website\",\"url\":\"https:\\\/\\\/www.itakaescolapios.org\\\/es\\\/\",\"name\":\"Itaka-Escolapios\",\"description\":\"Red de Itaka-Escolapios\",\"publisher\":{\"@id\":\"https:\\\/\\\/www.itakaescolapios.org\\\/es\\\/#organization\"},\"potentialAction\":[{\"@type\":\"SearchAction\",\"target\":{\"@type\":\"EntryPoint\",\"urlTemplate\":\"https:\\\/\\\/www.itakaescolapios.org\\\/es\\\/?s={search_term_string}\"},\"query-input\":{\"@type\":\"PropertyValueSpecification\",\"valueRequired\":true,\"valueName\":\"search_term_string\"}}],\"inLanguage\":\"es\"},{\"@type\":\"Organization\",\"@id\":\"https:\\\/\\\/www.itakaescolapios.org\\\/es\\\/#organization\",\"name\":\"Fundaci\u00f3 Itaka-Escolapios\",\"url\":\"https:\\\/\\\/www.itakaescolapios.org\\\/es\\\/\",\"logo\":{\"@type\":\"ImageObject\",\"inLanguage\":\"es\",\"@id\":\"https:\\\/\\\/www.itakaescolapios.org\\\/es\\\/#\\\/schema\\\/logo\\\/image\\\/\",\"url\":\"https:\\\/\\\/www.itakaescolapios.org\\\/wp-content\\\/uploads\\\/2024\\\/04\\\/Logo-itakaescolapios-peque.png\",\"contentUrl\":\"https:\\\/\\\/www.itakaescolapios.org\\\/wp-content\\\/uploads\\\/2024\\\/04\\\/Logo-itakaescolapios-peque.png\",\"width\":500,\"height\":199,\"caption\":\"Fundaci\u00f3 Itaka-Escolapios\"},\"image\":{\"@id\":\"https:\\\/\\\/www.itakaescolapios.org\\\/es\\\/#\\\/schema\\\/logo\\\/image\\\/\"}},{\"@type\":\"Person\",\"@id\":\"https:\\\/\\\/www.itakaescolapios.org\\\/es\\\/#\\\/schema\\\/person\\\/d2844383e29bfdfef69039672ce14eb1\",\"name\":\"cameroun01\",\"url\":\"https:\\\/\\\/www.itakaescolapios.org\\\/es\\\/author\\\/cameroun01\\\/\"}]}<\/script>\n<!-- \/ Yoast SEO plugin. -->","yoast_head_json":{"title":"CELABRATION DE LA JOURNEE INTERNATIONALE DU MOUVEMENT CALASANZ A L'OUEST - Itaka-Escolapios","robots":{"index":"index","follow":"follow","max-snippet":"max-snippet:-1","max-image-preview":"max-image-preview:large","max-video-preview":"max-video-preview:-1"},"canonical":"https:\/\/www.itakaescolapios.org\/es\/2021\/06\/celabration-de-la-journee-internationale-du-mouvement-calasanz-a-louest\/","og_locale":"es_ES","og_type":"article","og_title":"CELABRATION DE LA JOURNEE INTERNATIONALE DU MOUVEMENT CALASANZ A L'OUEST - Itaka-Escolapios","og_description":"cet \u00e9v\u00e8nement s&#8217;est d\u00e9roul\u00e9 dans la s\u00e9renit\u00e9 et la joie. nous avons organis\u00e9 une conf\u00e9rence suivant le canevas de l&#8217;organisation de cette journ\u00e9e pour cette ann\u00e9e 2021. ensuite nous avons [&hellip;]","og_url":"https:\/\/www.itakaescolapios.org\/es\/2021\/06\/celabration-de-la-journee-internationale-du-mouvement-calasanz-a-louest\/","og_site_name":"Itaka-Escolapios","article_published_time":"2021-06-04T04:35:56+00:00","article_modified_time":"2023-11-28T11:36:00+00:00","og_image":[{"width":1040,"height":780,"url":"https:\/\/www.itakaescolapios.org\/wp-content\/uploads\/2021\/06\/WhatsApp-Image-2021-06-01-at-21.12.15.jpeg","type":"image\/jpeg"}],"author":"cameroun01","twitter_card":"summary_large_image","twitter_misc":{"Escrito por":"cameroun01"},"schema":{"@context":"https:\/\/schema.org","@graph":[{"@type":"Article","@id":"https:\/\/www.itakaescolapios.org\/es\/2021\/06\/celabration-de-la-journee-internationale-du-mouvement-calasanz-a-louest\/#article","isPartOf":{"@id":"https:\/\/www.itakaescolapios.org\/es\/2021\/06\/celabration-de-la-journee-internationale-du-mouvement-calasanz-a-louest\/"},"author":{"name":"cameroun01","@id":"https:\/\/www.itakaescolapios.org\/es\/#\/schema\/person\/d2844383e29bfdfef69039672ce14eb1"},"headline":"CELABRATION DE LA JOURNEE INTERNATIONALE DU MOUVEMENT CALASANZ A L&#8217;OUEST","datePublished":"2021-06-04T04:35:56+00:00","dateModified":"2023-11-28T11:36:00+00:00","mainEntityOfPage":{"@id":"https:\/\/www.itakaescolapios.org\/es\/2021\/06\/celabration-de-la-journee-internationale-du-mouvement-calasanz-a-louest\/"},"wordCount":69,"publisher":{"@id":"https:\/\/www.itakaescolapios.org\/es\/#organization"},"image":{"@id":"https:\/\/www.itakaescolapios.org\/es\/2021\/06\/celabration-de-la-journee-internationale-du-mouvement-calasanz-a-louest\/#primaryimage"},"thumbnailUrl":"https:\/\/www.itakaescolapios.org\/wp-content\/uploads\/2021\/06\/WhatsApp-Image-2021-06-01-at-21.12.15.jpeg","articleSection":["\u00c1frica Central"],"inLanguage":"es"},{"@type":"WebPage","@id":"https:\/\/www.itakaescolapios.org\/es\/2021\/06\/celabration-de-la-journee-internationale-du-mouvement-calasanz-a-louest\/","url":"https:\/\/www.itakaescolapios.org\/es\/2021\/06\/celabration-de-la-journee-internationale-du-mouvement-calasanz-a-louest\/","name":"CELABRATION DE LA JOURNEE INTERNATIONALE DU MOUVEMENT CALASANZ A L'OUEST - Itaka-Escolapios","isPartOf":{"@id":"https:\/\/www.itakaescolapios.org\/es\/#website"},"primaryImageOfPage":{"@id":"https:\/\/www.itakaescolapios.org\/es\/2021\/06\/celabration-de-la-journee-internationale-du-mouvement-calasanz-a-louest\/#primaryimage"},"image":{"@id":"https:\/\/www.itakaescolapios.org\/es\/2021\/06\/celabration-de-la-journee-internationale-du-mouvement-calasanz-a-louest\/#primaryimage"},"thumbnailUrl":"https:\/\/www.itakaescolapios.org\/wp-content\/uploads\/2021\/06\/WhatsApp-Image-2021-06-01-at-21.12.15.jpeg","datePublished":"2021-06-04T04:35:56+00:00","dateModified":"2023-11-28T11:36:00+00:00","breadcrumb":{"@id":"https:\/\/www.itakaescolapios.org\/es\/2021\/06\/celabration-de-la-journee-internationale-du-mouvement-calasanz-a-louest\/#breadcrumb"},"inLanguage":"es","potentialAction":[{"@type":"ReadAction","target":["https:\/\/www.itakaescolapios.org\/es\/2021\/06\/celabration-de-la-journee-internationale-du-mouvement-calasanz-a-louest\/"]}]},{"@type":"ImageObject","inLanguage":"es","@id":"https:\/\/www.itakaescolapios.org\/es\/2021\/06\/celabration-de-la-journee-internationale-du-mouvement-calasanz-a-louest\/#primaryimage","url":"https:\/\/www.itakaescolapios.org\/wp-content\/uploads\/2021\/06\/WhatsApp-Image-2021-06-01-at-21.12.15.jpeg","contentUrl":"https:\/\/www.itakaescolapios.org\/wp-content\/uploads\/2021\/06\/WhatsApp-Image-2021-06-01-at-21.12.15.jpeg","width":1040,"height":780},{"@type":"BreadcrumbList","@id":"https:\/\/www.itakaescolapios.org\/es\/2021\/06\/celabration-de-la-journee-internationale-du-mouvement-calasanz-a-louest\/#breadcrumb","itemListElement":[{"@type":"ListItem","position":1,"name":"Portada","item":"https:\/\/www.itakaescolapios.org\/es\/"},{"@type":"ListItem","position":2,"name":"CELABRATION DE LA JOURNEE INTERNATIONALE DU MOUVEMENT CALASANZ A L&#8217;OUEST"}]},{"@type":"WebSite","@id":"https:\/\/www.itakaescolapios.org\/es\/#website","url":"https:\/\/www.itakaescolapios.org\/es\/","name":"Itaka-Escolapios","description":"Red de Itaka-Escolapios","publisher":{"@id":"https:\/\/www.itakaescolapios.org\/es\/#organization"},"potentialAction":[{"@type":"SearchAction","target":{"@type":"EntryPoint","urlTemplate":"https:\/\/www.itakaescolapios.org\/es\/?s={search_term_string}"},"query-input":{"@type":"PropertyValueSpecification","valueRequired":true,"valueName":"search_term_string"}}],"inLanguage":"es"},{"@type":"Organization","@id":"https:\/\/www.itakaescolapios.org\/es\/#organization","name":"Fundaci\u00f3 Itaka-Escolapios","url":"https:\/\/www.itakaescolapios.org\/es\/","logo":{"@type":"ImageObject","inLanguage":"es","@id":"https:\/\/www.itakaescolapios.org\/es\/#\/schema\/logo\/image\/","url":"https:\/\/www.itakaescolapios.org\/wp-content\/uploads\/2024\/04\/Logo-itakaescolapios-peque.png","contentUrl":"https:\/\/www.itakaescolapios.org\/wp-content\/uploads\/2024\/04\/Logo-itakaescolapios-peque.png","width":500,"height":199,"caption":"Fundaci\u00f3 Itaka-Escolapios"},"image":{"@id":"https:\/\/www.itakaescolapios.org\/es\/#\/schema\/logo\/image\/"}},{"@type":"Person","@id":"https:\/\/www.itakaescolapios.org\/es\/#\/schema\/person\/d2844383e29bfdfef69039672ce14eb1","name":"cameroun01","url":"https:\/\/www.itakaescolapios.org\/es\/author\/cameroun01\/"}]}},"_links":{"self":[{"href":"https:\/\/www.itakaescolapios.org\/es\/wp-json\/wp\/v2\/posts\/34457","targetHints":{"allow":["GET"]}}],"collection":[{"href":"https:\/\/www.itakaescolapios.org\/es\/wp-json\/wp\/v2\/posts"}],"about":[{"href":"https:\/\/www.itakaescolapios.org\/es\/wp-json\/wp\/v2\/types\/post"}],"author":[{"embeddable":true,"href":"https:\/\/www.itakaescolapios.org\/es\/wp-json\/wp\/v2\/users\/15"}],"replies":[{"embeddable":true,"href":"https:\/\/www.itakaescolapios.org\/es\/wp-json\/wp\/v2\/comments?post=34457"}],"version-history":[{"count":3,"href":"https:\/\/www.itakaescolapios.org\/es\/wp-json\/wp\/v2\/posts\/34457\/revisions"}],"predecessor-version":[{"id":44265,"href":"https:\/\/www.itakaescolapios.org\/es\/wp-json\/wp\/v2\/posts\/34457\/revisions\/44265"}],"wp:featuredmedia":[{"embeddable":true,"href":"https:\/\/www.itakaescolapios.org\/es\/wp-json\/wp\/v2\/media\/34459"}],"wp:attachment":[{"href":"https:\/\/www.itakaescolapios.org\/es\/wp-json\/wp\/v2\/media?parent=34457"}],"wp:term":[{"taxonomy":"category","embeddable":true,"href":"https:\/\/www.itakaescolapios.org\/es\/wp-json\/wp\/v2\/categories?post=34457"},{"taxonomy":"post_tag","embeddable":true,"href":"https:\/\/www.itakaescolapios.org\/es\/wp-json\/wp\/v2\/tags?post=34457"}],"curies":[{"name":"wp","href":"https:\/\/api.w.org\/{rel}","templated":true}]}}