{"id":34715,"date":"2021-09-15T10:09:01","date_gmt":"2021-09-15T09:09:01","guid":{"rendered":"https:\/\/www.itakaescolapios.org\/?p=34715"},"modified":"2023-11-28T12:35:58","modified_gmt":"2023-11-28T11:35:58","slug":"seminaire-sur-la-covid-19-en-milieu-scolaire-tenu-au-ctc-de-bandjoun-dans-le-cadre-du-projet-humanitarian-intervention","status":"publish","type":"post","link":"https:\/\/www.itakaescolapios.org\/es\/2021\/09\/seminaire-sur-la-covid-19-en-milieu-scolaire-tenu-au-ctc-de-bandjoun-dans-le-cadre-du-projet-humanitarian-intervention\/","title":{"rendered":"SEMINAIRE SUR LA COVID 19 EN MILIEU SCOLAIRE TENU AU CTC DE BANDJOUN DANS LE CADRE DU PROJET HUMANITARIAN INTERVENTION"},"content":{"rendered":"<p>dans le cadre du projet Humanitarian intervention , nous avons b\u00e9n\u00e9fici\u00e9 d&#8217;un s\u00e9minaire sur la Covid 19 en milieu scolaire tenu au CTC DE BANDJOUN. Cet expos\u00e9 a \u00e9t\u00e9 pr\u00e9sent\u00e9e par les Dr Jasmine NGONO ET Dr Jessie TCHICHOUANG. Les principales personnes concern\u00e9es \u00e9taient les directeurs des \u00e9coles de Bamenda (03), les directeurs des \u00e9coles de Bamendjou ( 08), l&#8217;infirmi\u00e8re et les pr\u00e9fets des \u00e9tudes du CTC, les managers de ces \u00e9coles (03) et enfin les correspondants locaux d&#8217;Itaka-Nord-ouest et Ouest. Apr\u00e8s la pr\u00e9sentation du contenu de l&#8217;expos\u00e9 il y a eu des \u00e9changes. L&#8217;expos\u00e9 \u00e9tait bas\u00e9 sur les points suivants:<\/p>\n<p>\u0097qu\u2019appelle-t-on covid-19 ?<\/p>\n<p>\u0097ou retrouve t-on le sars-cov-2 ?<\/p>\n<p>\u0097comment se manifeste covid-19 ?<\/p>\n<p>\u0097suis-je a risque de tomber gravement malade?<\/p>\n<p>\u0097comment la covid-19 se propage t-elle ?<\/p>\n<p>\u0097existe-t-il des variants du virus a l\u2019origine de la covid-19?<\/p>\n<p>est-il possible de prevenir la covid-19?<\/p>\n<p>Ce fut un succ\u00e8s!!!!!!!!!!!!!!!!!!!!!!!<\/p>\n","protected":false},"excerpt":{"rendered":"<p>dans le cadre du projet Humanitarian intervention , nous avons b\u00e9n\u00e9fici\u00e9 d&#8217;un s\u00e9minaire sur la Covid 19 en milieu scolaire tenu au CTC DE BANDJOUN. Cet expos\u00e9 a \u00e9t\u00e9 pr\u00e9sent\u00e9e [&hellip;]<\/p>\n","protected":false},"author":15,"featured_media":34716,"comment_status":"closed","ping_status":"closed","sticky":false,"template":"","format":"standard","meta":{"_et_pb_use_builder":"","_et_pb_old_content":"","_et_gb_content_width":"","footnotes":""},"categories":[53],"tags":[],"class_list":["post-34715","post","type-post","status-publish","format-standard","has-post-thumbnail","hentry","category-africa-central"],"yoast_head":"<!-- This site is optimized with the Yoast SEO plugin v27.4 - https:\/\/yoast.com\/product\/yoast-seo-wordpress\/ -->\n<title>SEMINAIRE SUR LA COVID 19 EN MILIEU SCOLAIRE TENU AU CTC DE BANDJOUN DANS LE CADRE DU PROJET HUMANITARIAN INTERVENTION - Itaka-Escolapios<\/title>\n<meta name=\"robots\" content=\"index, follow, max-snippet:-1, max-image-preview:large, max-video-preview:-1\" \/>\n<link rel=\"canonical\" href=\"https:\/\/www.itakaescolapios.org\/es\/2021\/09\/seminaire-sur-la-covid-19-en-milieu-scolaire-tenu-au-ctc-de-bandjoun-dans-le-cadre-du-projet-humanitarian-intervention\/\" \/>\n<meta property=\"og:locale\" content=\"es_ES\" \/>\n<meta property=\"og:type\" content=\"article\" \/>\n<meta property=\"og:title\" content=\"SEMINAIRE SUR LA COVID 19 EN MILIEU SCOLAIRE TENU AU CTC DE BANDJOUN DANS LE CADRE DU PROJET HUMANITARIAN INTERVENTION - Itaka-Escolapios\" \/>\n<meta property=\"og:description\" content=\"dans le cadre du projet Humanitarian intervention , nous avons b\u00e9n\u00e9fici\u00e9 d&#8217;un s\u00e9minaire sur la Covid 19 en milieu scolaire tenu au CTC DE BANDJOUN. Cet expos\u00e9 a \u00e9t\u00e9 pr\u00e9sent\u00e9e [&hellip;]\" \/>\n<meta property=\"og:url\" content=\"https:\/\/www.itakaescolapios.org\/es\/2021\/09\/seminaire-sur-la-covid-19-en-milieu-scolaire-tenu-au-ctc-de-bandjoun-dans-le-cadre-du-projet-humanitarian-intervention\/\" \/>\n<meta property=\"og:site_name\" content=\"Itaka-Escolapios\" \/>\n<meta property=\"article:published_time\" content=\"2021-09-15T09:09:01+00:00\" \/>\n<meta property=\"article:modified_time\" content=\"2023-11-28T11:35:58+00:00\" \/>\n<meta property=\"og:image\" content=\"https:\/\/www.itakaescolapios.org\/wp-content\/uploads\/2021\/09\/WhatsApp-Image-2021-09-11-at-12.36.27.jpeg\" \/>\n\t<meta property=\"og:image:width\" content=\"1008\" \/>\n\t<meta property=\"og:image:height\" content=\"477\" \/>\n\t<meta property=\"og:image:type\" content=\"image\/jpeg\" \/>\n<meta name=\"author\" content=\"cameroun01\" \/>\n<meta name=\"twitter:card\" content=\"summary_large_image\" \/>\n<meta name=\"twitter:label1\" content=\"Escrito por\" \/>\n\t<meta name=\"twitter:data1\" content=\"cameroun01\" \/>\n\t<meta name=\"twitter:label2\" content=\"Tiempo de lectura\" \/>\n\t<meta name=\"twitter:data2\" content=\"1 minuto\" \/>\n<script type=\"application\/ld+json\" class=\"yoast-schema-graph\">{\"@context\":\"https:\\\/\\\/schema.org\",\"@graph\":[{\"@type\":\"Article\",\"@id\":\"https:\\\/\\\/www.itakaescolapios.org\\\/es\\\/2021\\\/09\\\/seminaire-sur-la-covid-19-en-milieu-scolaire-tenu-au-ctc-de-bandjoun-dans-le-cadre-du-projet-humanitarian-intervention\\\/#article\",\"isPartOf\":{\"@id\":\"https:\\\/\\\/www.itakaescolapios.org\\\/es\\\/2021\\\/09\\\/seminaire-sur-la-covid-19-en-milieu-scolaire-tenu-au-ctc-de-bandjoun-dans-le-cadre-du-projet-humanitarian-intervention\\\/\"},\"author\":{\"name\":\"cameroun01\",\"@id\":\"https:\\\/\\\/www.itakaescolapios.org\\\/es\\\/#\\\/schema\\\/person\\\/d2844383e29bfdfef69039672ce14eb1\"},\"headline\":\"SEMINAIRE SUR LA COVID 19 EN MILIEU SCOLAIRE TENU AU CTC DE BANDJOUN DANS LE CADRE DU PROJET HUMANITARIAN INTERVENTION\",\"datePublished\":\"2021-09-15T09:09:01+00:00\",\"dateModified\":\"2023-11-28T11:35:58+00:00\",\"mainEntityOfPage\":{\"@id\":\"https:\\\/\\\/www.itakaescolapios.org\\\/es\\\/2021\\\/09\\\/seminaire-sur-la-covid-19-en-milieu-scolaire-tenu-au-ctc-de-bandjoun-dans-le-cadre-du-projet-humanitarian-intervention\\\/\"},\"wordCount\":176,\"publisher\":{\"@id\":\"https:\\\/\\\/www.itakaescolapios.org\\\/es\\\/#organization\"},\"image\":{\"@id\":\"https:\\\/\\\/www.itakaescolapios.org\\\/es\\\/2021\\\/09\\\/seminaire-sur-la-covid-19-en-milieu-scolaire-tenu-au-ctc-de-bandjoun-dans-le-cadre-du-projet-humanitarian-intervention\\\/#primaryimage\"},\"thumbnailUrl\":\"https:\\\/\\\/www.itakaescolapios.org\\\/wp-content\\\/uploads\\\/2021\\\/09\\\/WhatsApp-Image-2021-09-11-at-12.36.27.jpeg\",\"articleSection\":[\"\u00c1frica Central\"],\"inLanguage\":\"es\"},{\"@type\":\"WebPage\",\"@id\":\"https:\\\/\\\/www.itakaescolapios.org\\\/es\\\/2021\\\/09\\\/seminaire-sur-la-covid-19-en-milieu-scolaire-tenu-au-ctc-de-bandjoun-dans-le-cadre-du-projet-humanitarian-intervention\\\/\",\"url\":\"https:\\\/\\\/www.itakaescolapios.org\\\/es\\\/2021\\\/09\\\/seminaire-sur-la-covid-19-en-milieu-scolaire-tenu-au-ctc-de-bandjoun-dans-le-cadre-du-projet-humanitarian-intervention\\\/\",\"name\":\"SEMINAIRE SUR LA COVID 19 EN MILIEU SCOLAIRE TENU AU CTC DE BANDJOUN DANS LE CADRE DU PROJET HUMANITARIAN INTERVENTION - Itaka-Escolapios\",\"isPartOf\":{\"@id\":\"https:\\\/\\\/www.itakaescolapios.org\\\/es\\\/#website\"},\"primaryImageOfPage\":{\"@id\":\"https:\\\/\\\/www.itakaescolapios.org\\\/es\\\/2021\\\/09\\\/seminaire-sur-la-covid-19-en-milieu-scolaire-tenu-au-ctc-de-bandjoun-dans-le-cadre-du-projet-humanitarian-intervention\\\/#primaryimage\"},\"image\":{\"@id\":\"https:\\\/\\\/www.itakaescolapios.org\\\/es\\\/2021\\\/09\\\/seminaire-sur-la-covid-19-en-milieu-scolaire-tenu-au-ctc-de-bandjoun-dans-le-cadre-du-projet-humanitarian-intervention\\\/#primaryimage\"},\"thumbnailUrl\":\"https:\\\/\\\/www.itakaescolapios.org\\\/wp-content\\\/uploads\\\/2021\\\/09\\\/WhatsApp-Image-2021-09-11-at-12.36.27.jpeg\",\"datePublished\":\"2021-09-15T09:09:01+00:00\",\"dateModified\":\"2023-11-28T11:35:58+00:00\",\"breadcrumb\":{\"@id\":\"https:\\\/\\\/www.itakaescolapios.org\\\/es\\\/2021\\\/09\\\/seminaire-sur-la-covid-19-en-milieu-scolaire-tenu-au-ctc-de-bandjoun-dans-le-cadre-du-projet-humanitarian-intervention\\\/#breadcrumb\"},\"inLanguage\":\"es\",\"potentialAction\":[{\"@type\":\"ReadAction\",\"target\":[\"https:\\\/\\\/www.itakaescolapios.org\\\/es\\\/2021\\\/09\\\/seminaire-sur-la-covid-19-en-milieu-scolaire-tenu-au-ctc-de-bandjoun-dans-le-cadre-du-projet-humanitarian-intervention\\\/\"]}]},{\"@type\":\"ImageObject\",\"inLanguage\":\"es\",\"@id\":\"https:\\\/\\\/www.itakaescolapios.org\\\/es\\\/2021\\\/09\\\/seminaire-sur-la-covid-19-en-milieu-scolaire-tenu-au-ctc-de-bandjoun-dans-le-cadre-du-projet-humanitarian-intervention\\\/#primaryimage\",\"url\":\"https:\\\/\\\/www.itakaescolapios.org\\\/wp-content\\\/uploads\\\/2021\\\/09\\\/WhatsApp-Image-2021-09-11-at-12.36.27.jpeg\",\"contentUrl\":\"https:\\\/\\\/www.itakaescolapios.org\\\/wp-content\\\/uploads\\\/2021\\\/09\\\/WhatsApp-Image-2021-09-11-at-12.36.27.jpeg\",\"width\":1008,\"height\":477},{\"@type\":\"BreadcrumbList\",\"@id\":\"https:\\\/\\\/www.itakaescolapios.org\\\/es\\\/2021\\\/09\\\/seminaire-sur-la-covid-19-en-milieu-scolaire-tenu-au-ctc-de-bandjoun-dans-le-cadre-du-projet-humanitarian-intervention\\\/#breadcrumb\",\"itemListElement\":[{\"@type\":\"ListItem\",\"position\":1,\"name\":\"Portada\",\"item\":\"https:\\\/\\\/www.itakaescolapios.org\\\/es\\\/\"},{\"@type\":\"ListItem\",\"position\":2,\"name\":\"SEMINAIRE SUR LA COVID 19 EN MILIEU SCOLAIRE TENU AU CTC DE BANDJOUN DANS LE CADRE DU PROJET HUMANITARIAN INTERVENTION\"}]},{\"@type\":\"WebSite\",\"@id\":\"https:\\\/\\\/www.itakaescolapios.org\\\/es\\\/#website\",\"url\":\"https:\\\/\\\/www.itakaescolapios.org\\\/es\\\/\",\"name\":\"Itaka-Escolapios\",\"description\":\"Red de Itaka-Escolapios\",\"publisher\":{\"@id\":\"https:\\\/\\\/www.itakaescolapios.org\\\/es\\\/#organization\"},\"potentialAction\":[{\"@type\":\"SearchAction\",\"target\":{\"@type\":\"EntryPoint\",\"urlTemplate\":\"https:\\\/\\\/www.itakaescolapios.org\\\/es\\\/?s={search_term_string}\"},\"query-input\":{\"@type\":\"PropertyValueSpecification\",\"valueRequired\":true,\"valueName\":\"search_term_string\"}}],\"inLanguage\":\"es\"},{\"@type\":\"Organization\",\"@id\":\"https:\\\/\\\/www.itakaescolapios.org\\\/es\\\/#organization\",\"name\":\"Fundaci\u00f3 Itaka-Escolapios\",\"url\":\"https:\\\/\\\/www.itakaescolapios.org\\\/es\\\/\",\"logo\":{\"@type\":\"ImageObject\",\"inLanguage\":\"es\",\"@id\":\"https:\\\/\\\/www.itakaescolapios.org\\\/es\\\/#\\\/schema\\\/logo\\\/image\\\/\",\"url\":\"https:\\\/\\\/www.itakaescolapios.org\\\/wp-content\\\/uploads\\\/2024\\\/04\\\/Logo-itakaescolapios-peque.png\",\"contentUrl\":\"https:\\\/\\\/www.itakaescolapios.org\\\/wp-content\\\/uploads\\\/2024\\\/04\\\/Logo-itakaescolapios-peque.png\",\"width\":500,\"height\":199,\"caption\":\"Fundaci\u00f3 Itaka-Escolapios\"},\"image\":{\"@id\":\"https:\\\/\\\/www.itakaescolapios.org\\\/es\\\/#\\\/schema\\\/logo\\\/image\\\/\"}},{\"@type\":\"Person\",\"@id\":\"https:\\\/\\\/www.itakaescolapios.org\\\/es\\\/#\\\/schema\\\/person\\\/d2844383e29bfdfef69039672ce14eb1\",\"name\":\"cameroun01\",\"url\":\"https:\\\/\\\/www.itakaescolapios.org\\\/es\\\/author\\\/cameroun01\\\/\"}]}<\/script>\n<!-- \/ Yoast SEO plugin. -->","yoast_head_json":{"title":"SEMINAIRE SUR LA COVID 19 EN MILIEU SCOLAIRE TENU AU CTC DE BANDJOUN DANS LE CADRE DU PROJET HUMANITARIAN INTERVENTION - Itaka-Escolapios","robots":{"index":"index","follow":"follow","max-snippet":"max-snippet:-1","max-image-preview":"max-image-preview:large","max-video-preview":"max-video-preview:-1"},"canonical":"https:\/\/www.itakaescolapios.org\/es\/2021\/09\/seminaire-sur-la-covid-19-en-milieu-scolaire-tenu-au-ctc-de-bandjoun-dans-le-cadre-du-projet-humanitarian-intervention\/","og_locale":"es_ES","og_type":"article","og_title":"SEMINAIRE SUR LA COVID 19 EN MILIEU SCOLAIRE TENU AU CTC DE BANDJOUN DANS LE CADRE DU PROJET HUMANITARIAN INTERVENTION - Itaka-Escolapios","og_description":"dans le cadre du projet Humanitarian intervention , nous avons b\u00e9n\u00e9fici\u00e9 d&#8217;un s\u00e9minaire sur la Covid 19 en milieu scolaire tenu au CTC DE BANDJOUN. Cet expos\u00e9 a \u00e9t\u00e9 pr\u00e9sent\u00e9e [&hellip;]","og_url":"https:\/\/www.itakaescolapios.org\/es\/2021\/09\/seminaire-sur-la-covid-19-en-milieu-scolaire-tenu-au-ctc-de-bandjoun-dans-le-cadre-du-projet-humanitarian-intervention\/","og_site_name":"Itaka-Escolapios","article_published_time":"2021-09-15T09:09:01+00:00","article_modified_time":"2023-11-28T11:35:58+00:00","og_image":[{"width":1008,"height":477,"url":"https:\/\/www.itakaescolapios.org\/wp-content\/uploads\/2021\/09\/WhatsApp-Image-2021-09-11-at-12.36.27.jpeg","type":"image\/jpeg"}],"author":"cameroun01","twitter_card":"summary_large_image","twitter_misc":{"Escrito por":"cameroun01","Tiempo de lectura":"1 minuto"},"schema":{"@context":"https:\/\/schema.org","@graph":[{"@type":"Article","@id":"https:\/\/www.itakaescolapios.org\/es\/2021\/09\/seminaire-sur-la-covid-19-en-milieu-scolaire-tenu-au-ctc-de-bandjoun-dans-le-cadre-du-projet-humanitarian-intervention\/#article","isPartOf":{"@id":"https:\/\/www.itakaescolapios.org\/es\/2021\/09\/seminaire-sur-la-covid-19-en-milieu-scolaire-tenu-au-ctc-de-bandjoun-dans-le-cadre-du-projet-humanitarian-intervention\/"},"author":{"name":"cameroun01","@id":"https:\/\/www.itakaescolapios.org\/es\/#\/schema\/person\/d2844383e29bfdfef69039672ce14eb1"},"headline":"SEMINAIRE SUR LA COVID 19 EN MILIEU SCOLAIRE TENU AU CTC DE BANDJOUN DANS LE CADRE DU PROJET HUMANITARIAN INTERVENTION","datePublished":"2021-09-15T09:09:01+00:00","dateModified":"2023-11-28T11:35:58+00:00","mainEntityOfPage":{"@id":"https:\/\/www.itakaescolapios.org\/es\/2021\/09\/seminaire-sur-la-covid-19-en-milieu-scolaire-tenu-au-ctc-de-bandjoun-dans-le-cadre-du-projet-humanitarian-intervention\/"},"wordCount":176,"publisher":{"@id":"https:\/\/www.itakaescolapios.org\/es\/#organization"},"image":{"@id":"https:\/\/www.itakaescolapios.org\/es\/2021\/09\/seminaire-sur-la-covid-19-en-milieu-scolaire-tenu-au-ctc-de-bandjoun-dans-le-cadre-du-projet-humanitarian-intervention\/#primaryimage"},"thumbnailUrl":"https:\/\/www.itakaescolapios.org\/wp-content\/uploads\/2021\/09\/WhatsApp-Image-2021-09-11-at-12.36.27.jpeg","articleSection":["\u00c1frica Central"],"inLanguage":"es"},{"@type":"WebPage","@id":"https:\/\/www.itakaescolapios.org\/es\/2021\/09\/seminaire-sur-la-covid-19-en-milieu-scolaire-tenu-au-ctc-de-bandjoun-dans-le-cadre-du-projet-humanitarian-intervention\/","url":"https:\/\/www.itakaescolapios.org\/es\/2021\/09\/seminaire-sur-la-covid-19-en-milieu-scolaire-tenu-au-ctc-de-bandjoun-dans-le-cadre-du-projet-humanitarian-intervention\/","name":"SEMINAIRE SUR LA COVID 19 EN MILIEU SCOLAIRE TENU AU CTC DE BANDJOUN DANS LE CADRE DU PROJET HUMANITARIAN INTERVENTION - Itaka-Escolapios","isPartOf":{"@id":"https:\/\/www.itakaescolapios.org\/es\/#website"},"primaryImageOfPage":{"@id":"https:\/\/www.itakaescolapios.org\/es\/2021\/09\/seminaire-sur-la-covid-19-en-milieu-scolaire-tenu-au-ctc-de-bandjoun-dans-le-cadre-du-projet-humanitarian-intervention\/#primaryimage"},"image":{"@id":"https:\/\/www.itakaescolapios.org\/es\/2021\/09\/seminaire-sur-la-covid-19-en-milieu-scolaire-tenu-au-ctc-de-bandjoun-dans-le-cadre-du-projet-humanitarian-intervention\/#primaryimage"},"thumbnailUrl":"https:\/\/www.itakaescolapios.org\/wp-content\/uploads\/2021\/09\/WhatsApp-Image-2021-09-11-at-12.36.27.jpeg","datePublished":"2021-09-15T09:09:01+00:00","dateModified":"2023-11-28T11:35:58+00:00","breadcrumb":{"@id":"https:\/\/www.itakaescolapios.org\/es\/2021\/09\/seminaire-sur-la-covid-19-en-milieu-scolaire-tenu-au-ctc-de-bandjoun-dans-le-cadre-du-projet-humanitarian-intervention\/#breadcrumb"},"inLanguage":"es","potentialAction":[{"@type":"ReadAction","target":["https:\/\/www.itakaescolapios.org\/es\/2021\/09\/seminaire-sur-la-covid-19-en-milieu-scolaire-tenu-au-ctc-de-bandjoun-dans-le-cadre-du-projet-humanitarian-intervention\/"]}]},{"@type":"ImageObject","inLanguage":"es","@id":"https:\/\/www.itakaescolapios.org\/es\/2021\/09\/seminaire-sur-la-covid-19-en-milieu-scolaire-tenu-au-ctc-de-bandjoun-dans-le-cadre-du-projet-humanitarian-intervention\/#primaryimage","url":"https:\/\/www.itakaescolapios.org\/wp-content\/uploads\/2021\/09\/WhatsApp-Image-2021-09-11-at-12.36.27.jpeg","contentUrl":"https:\/\/www.itakaescolapios.org\/wp-content\/uploads\/2021\/09\/WhatsApp-Image-2021-09-11-at-12.36.27.jpeg","width":1008,"height":477},{"@type":"BreadcrumbList","@id":"https:\/\/www.itakaescolapios.org\/es\/2021\/09\/seminaire-sur-la-covid-19-en-milieu-scolaire-tenu-au-ctc-de-bandjoun-dans-le-cadre-du-projet-humanitarian-intervention\/#breadcrumb","itemListElement":[{"@type":"ListItem","position":1,"name":"Portada","item":"https:\/\/www.itakaescolapios.org\/es\/"},{"@type":"ListItem","position":2,"name":"SEMINAIRE SUR LA COVID 19 EN MILIEU SCOLAIRE TENU AU CTC DE BANDJOUN DANS LE CADRE DU PROJET HUMANITARIAN INTERVENTION"}]},{"@type":"WebSite","@id":"https:\/\/www.itakaescolapios.org\/es\/#website","url":"https:\/\/www.itakaescolapios.org\/es\/","name":"Itaka-Escolapios","description":"Red de Itaka-Escolapios","publisher":{"@id":"https:\/\/www.itakaescolapios.org\/es\/#organization"},"potentialAction":[{"@type":"SearchAction","target":{"@type":"EntryPoint","urlTemplate":"https:\/\/www.itakaescolapios.org\/es\/?s={search_term_string}"},"query-input":{"@type":"PropertyValueSpecification","valueRequired":true,"valueName":"search_term_string"}}],"inLanguage":"es"},{"@type":"Organization","@id":"https:\/\/www.itakaescolapios.org\/es\/#organization","name":"Fundaci\u00f3 Itaka-Escolapios","url":"https:\/\/www.itakaescolapios.org\/es\/","logo":{"@type":"ImageObject","inLanguage":"es","@id":"https:\/\/www.itakaescolapios.org\/es\/#\/schema\/logo\/image\/","url":"https:\/\/www.itakaescolapios.org\/wp-content\/uploads\/2024\/04\/Logo-itakaescolapios-peque.png","contentUrl":"https:\/\/www.itakaescolapios.org\/wp-content\/uploads\/2024\/04\/Logo-itakaescolapios-peque.png","width":500,"height":199,"caption":"Fundaci\u00f3 Itaka-Escolapios"},"image":{"@id":"https:\/\/www.itakaescolapios.org\/es\/#\/schema\/logo\/image\/"}},{"@type":"Person","@id":"https:\/\/www.itakaescolapios.org\/es\/#\/schema\/person\/d2844383e29bfdfef69039672ce14eb1","name":"cameroun01","url":"https:\/\/www.itakaescolapios.org\/es\/author\/cameroun01\/"}]}},"_links":{"self":[{"href":"https:\/\/www.itakaescolapios.org\/es\/wp-json\/wp\/v2\/posts\/34715","targetHints":{"allow":["GET"]}}],"collection":[{"href":"https:\/\/www.itakaescolapios.org\/es\/wp-json\/wp\/v2\/posts"}],"about":[{"href":"https:\/\/www.itakaescolapios.org\/es\/wp-json\/wp\/v2\/types\/post"}],"author":[{"embeddable":true,"href":"https:\/\/www.itakaescolapios.org\/es\/wp-json\/wp\/v2\/users\/15"}],"replies":[{"embeddable":true,"href":"https:\/\/www.itakaescolapios.org\/es\/wp-json\/wp\/v2\/comments?post=34715"}],"version-history":[{"count":3,"href":"https:\/\/www.itakaescolapios.org\/es\/wp-json\/wp\/v2\/posts\/34715\/revisions"}],"predecessor-version":[{"id":44217,"href":"https:\/\/www.itakaescolapios.org\/es\/wp-json\/wp\/v2\/posts\/34715\/revisions\/44217"}],"wp:featuredmedia":[{"embeddable":true,"href":"https:\/\/www.itakaescolapios.org\/es\/wp-json\/wp\/v2\/media\/34716"}],"wp:attachment":[{"href":"https:\/\/www.itakaescolapios.org\/es\/wp-json\/wp\/v2\/media?parent=34715"}],"wp:term":[{"taxonomy":"category","embeddable":true,"href":"https:\/\/www.itakaescolapios.org\/es\/wp-json\/wp\/v2\/categories?post=34715"},{"taxonomy":"post_tag","embeddable":true,"href":"https:\/\/www.itakaescolapios.org\/es\/wp-json\/wp\/v2\/tags?post=34715"}],"curies":[{"name":"wp","href":"https:\/\/api.w.org\/{rel}","templated":true}]}}