{"id":34781,"date":"2021-09-28T08:16:28","date_gmt":"2021-09-28T07:16:28","guid":{"rendered":"https:\/\/www.itakaescolapios.org\/?p=34781"},"modified":"2023-11-28T12:35:58","modified_gmt":"2023-11-28T11:35:58","slug":"reunion-de-las-personas-trabajadoras-de-itaka-escolapios-bilbao","status":"publish","type":"post","link":"https:\/\/www.itakaescolapios.org\/es\/2021\/09\/reunion-de-las-personas-trabajadoras-de-itaka-escolapios-bilbao\/","title":{"rendered":"REUNI\u00d3N DE LAS PERSONAS TRABAJADORAS DE ITAKA ESCOLAPIOS BILBAO"},"content":{"rendered":"<div class=\"o9v6fnle cxmmr5t8 oygrvhab hcukyx3x c1et5uql ii04i59q\">\n<div dir=\"auto\">Un a\u00f1o m\u00e1s celebramos un nuevo encuentro de todas las personas que trabajamos en la sede. Ha sido un buen momento para conocer las diferentes novedades de los proyectos que se llevan a adelante en la sede. Hemos conocido de cerca las novedades del Movimiento Calasanz, APM, Gesti\u00f3n, Aingura, Beregain, de la escuela de tiempo libre\u2026 En la segunda parte de la reuni\u00f3n hemos trabajado por grupos y hemos so\u00f1amos nuestra sede a unos a\u00f1os, el impacto que queremos que tenga nuestro trabajo, pensar nuevos \u00e1mbitos en los que crecer etc\u2026<\/div>\n<div dir=\"auto\"><\/div>\n<div dir=\"auto\">La puesta en com\u00fan nos ha permitido conocer como nos situamos cada uno y cada uno. Este es un trabajo que comienza hoy pero que se prolongar\u00e1 a lo largo del curso.<\/div>\n<div dir=\"auto\"><\/div>\n<\/div>\n<div class=\"o9v6fnle cxmmr5t8 oygrvhab hcukyx3x c1et5uql ii04i59q\">\n<div dir=\"auto\">Como viene siendo habitual, ha sido un buen momento de encuentro y trabajo en com\u00fan.<\/div>\n<\/div>\n<div dir=\"auto\"><\/div>\n<div dir=\"auto\">\n\n\t\t<style type=\"text\/css\">\n\t\t\t#gallery-1 {\n\t\t\t\tmargin: auto;\n\t\t\t}\n\t\t\t#gallery-1 .gallery-item {\n\t\t\t\tfloat: left;\n\t\t\t\tmargin-top: 10px;\n\t\t\t\ttext-align: center;\n\t\t\t\twidth: 33%;\n\t\t\t}\n\t\t\t#gallery-1 img {\n\t\t\t\tborder: 2px solid #cfcfcf;\n\t\t\t}\n\t\t\t#gallery-1 .gallery-caption {\n\t\t\t\tmargin-left: 0;\n\t\t\t}\n\t\t\t\/* see gallery_shortcode() in wp-includes\/media.php *\/\n\t\t<\/style>\n\t\t<div id='gallery-1' class='gallery galleryid-34781 gallery-columns-3 gallery-size-thumbnail'><dl class='gallery-item'>\n\t\t\t<dt class='gallery-icon landscape'>\n\t\t\t\t<a href='https:\/\/www.itakaescolapios.org\/es\/2021\/09\/reunion-de-las-personas-trabajadoras-de-itaka-escolapios-bilbao\/foto-sede-trabajadores-21-22\/'><img decoding=\"async\" width=\"90\" height=\"90\" src=\"https:\/\/www.itakaescolapios.org\/wp-content\/uploads\/2021\/09\/Foto-sede-trabajadores-21-22-90x90.jpg\" class=\"attachment-thumbnail size-thumbnail\" alt=\"\" \/><\/a>\n\t\t\t<\/dt><\/dl><dl class='gallery-item'>\n\t\t\t<dt class='gallery-icon landscape'>\n\t\t\t\t<a href='https:\/\/www.itakaescolapios.org\/es\/2021\/09\/reunion-de-las-personas-trabajadoras-de-itaka-escolapios-bilbao\/liberados-6\/'><img decoding=\"async\" width=\"90\" height=\"90\" src=\"https:\/\/www.itakaescolapios.org\/wp-content\/uploads\/2021\/09\/liberados-6-90x90.jpg\" class=\"attachment-thumbnail size-thumbnail\" alt=\"\" \/><\/a>\n\t\t\t<\/dt><\/dl><dl class='gallery-item'>\n\t\t\t<dt class='gallery-icon landscape'>\n\t\t\t\t<a href='https:\/\/www.itakaescolapios.org\/es\/2021\/09\/reunion-de-las-personas-trabajadoras-de-itaka-escolapios-bilbao\/liberados-1\/'><img decoding=\"async\" width=\"90\" height=\"90\" src=\"https:\/\/www.itakaescolapios.org\/wp-content\/uploads\/2021\/09\/liberados-1-90x90.jpg\" class=\"attachment-thumbnail size-thumbnail\" alt=\"\" \/><\/a>\n\t\t\t<\/dt><\/dl><br style=\"clear: both\" \/><dl class='gallery-item'>\n\t\t\t<dt class='gallery-icon landscape'>\n\t\t\t\t<a href='https:\/\/www.itakaescolapios.org\/es\/2021\/09\/reunion-de-las-personas-trabajadoras-de-itaka-escolapios-bilbao\/liberados-2\/'><img decoding=\"async\" width=\"90\" height=\"90\" src=\"https:\/\/www.itakaescolapios.org\/wp-content\/uploads\/2021\/09\/liberados-2-90x90.jpg\" class=\"attachment-thumbnail size-thumbnail\" alt=\"\" \/><\/a>\n\t\t\t<\/dt><\/dl><dl class='gallery-item'>\n\t\t\t<dt class='gallery-icon landscape'>\n\t\t\t\t<a href='https:\/\/www.itakaescolapios.org\/es\/2021\/09\/reunion-de-las-personas-trabajadoras-de-itaka-escolapios-bilbao\/liberados-3\/'><img decoding=\"async\" width=\"90\" height=\"90\" src=\"https:\/\/www.itakaescolapios.org\/wp-content\/uploads\/2021\/09\/liberados-3-90x90.jpg\" class=\"attachment-thumbnail size-thumbnail\" alt=\"\" \/><\/a>\n\t\t\t<\/dt><\/dl><dl class='gallery-item'>\n\t\t\t<dt class='gallery-icon landscape'>\n\t\t\t\t<a href='https:\/\/www.itakaescolapios.org\/es\/2021\/09\/reunion-de-las-personas-trabajadoras-de-itaka-escolapios-bilbao\/liberados-4\/'><img decoding=\"async\" width=\"90\" height=\"90\" src=\"https:\/\/www.itakaescolapios.org\/wp-content\/uploads\/2021\/09\/liberados-4-90x90.jpg\" class=\"attachment-thumbnail size-thumbnail\" alt=\"\" \/><\/a>\n\t\t\t<\/dt><\/dl><br style=\"clear: both\" \/><dl class='gallery-item'>\n\t\t\t<dt class='gallery-icon landscape'>\n\t\t\t\t<a href='https:\/\/www.itakaescolapios.org\/es\/2021\/09\/reunion-de-las-personas-trabajadoras-de-itaka-escolapios-bilbao\/liberados-5\/'><img decoding=\"async\" width=\"90\" height=\"90\" src=\"https:\/\/www.itakaescolapios.org\/wp-content\/uploads\/2021\/09\/liberados-5-90x90.jpg\" class=\"attachment-thumbnail size-thumbnail\" alt=\"\" \/><\/a>\n\t\t\t<\/dt><\/dl>\n\t\t\t<br style='clear: both' \/>\n\t\t<\/div>\n\n<\/div>\n","protected":false},"excerpt":{"rendered":"<p>Un a\u00f1o m\u00e1s celebramos un nuevo encuentro de todas las personas que trabajamos en la sede. Ha sido un buen momento para conocer las diferentes novedades de los proyectos que [&hellip;]<\/p>\n","protected":false},"author":4,"featured_media":34783,"comment_status":"closed","ping_status":"closed","sticky":false,"template":"","format":"standard","meta":{"_et_pb_use_builder":"","_et_pb_old_content":"","_et_gb_content_width":"","footnotes":""},"categories":[9],"tags":[],"class_list":["post-34781","post","type-post","status-publish","format-standard","has-post-thumbnail","hentry","category-bilbao"],"yoast_head":"<!-- This site is optimized with the Yoast SEO plugin v27.4 - https:\/\/yoast.com\/product\/yoast-seo-wordpress\/ -->\n<title>REUNI\u00d3N DE LAS PERSONAS TRABAJADORAS DE ITAKA ESCOLAPIOS BILBAO - Itaka-Escolapios<\/title>\n<meta name=\"robots\" content=\"index, follow, max-snippet:-1, max-image-preview:large, max-video-preview:-1\" \/>\n<link rel=\"canonical\" href=\"https:\/\/www.itakaescolapios.org\/es\/2021\/09\/reunion-de-las-personas-trabajadoras-de-itaka-escolapios-bilbao\/\" \/>\n<meta property=\"og:locale\" content=\"es_ES\" \/>\n<meta property=\"og:type\" content=\"article\" \/>\n<meta property=\"og:title\" content=\"REUNI\u00d3N DE LAS PERSONAS TRABAJADORAS DE ITAKA ESCOLAPIOS BILBAO - Itaka-Escolapios\" \/>\n<meta property=\"og:description\" content=\"Un a\u00f1o m\u00e1s celebramos un nuevo encuentro de todas las personas que trabajamos en la sede. Ha sido un buen momento para conocer las diferentes novedades de los proyectos que [&hellip;]\" \/>\n<meta property=\"og:url\" content=\"https:\/\/www.itakaescolapios.org\/es\/2021\/09\/reunion-de-las-personas-trabajadoras-de-itaka-escolapios-bilbao\/\" \/>\n<meta property=\"og:site_name\" content=\"Itaka-Escolapios\" \/>\n<meta property=\"article:published_time\" content=\"2021-09-28T07:16:28+00:00\" \/>\n<meta property=\"article:modified_time\" content=\"2023-11-28T11:35:58+00:00\" \/>\n<meta property=\"og:image\" content=\"https:\/\/www.itakaescolapios.org\/wp-content\/uploads\/2021\/09\/Foto-sede-trabajadores-21-22-scaled.jpg\" \/>\n\t<meta property=\"og:image:width\" content=\"2000\" \/>\n\t<meta property=\"og:image:height\" content=\"993\" \/>\n\t<meta property=\"og:image:type\" content=\"image\/jpeg\" \/>\n<meta name=\"author\" content=\"itaka\" \/>\n<meta name=\"twitter:card\" content=\"summary_large_image\" \/>\n<meta name=\"twitter:label1\" content=\"Escrito por\" \/>\n\t<meta name=\"twitter:data1\" content=\"itaka\" \/>\n\t<meta name=\"twitter:label2\" content=\"Tiempo de lectura\" \/>\n\t<meta name=\"twitter:data2\" content=\"1 minuto\" \/>\n<script type=\"application\/ld+json\" class=\"yoast-schema-graph\">{\"@context\":\"https:\\\/\\\/schema.org\",\"@graph\":[{\"@type\":\"Article\",\"@id\":\"https:\\\/\\\/www.itakaescolapios.org\\\/es\\\/2021\\\/09\\\/reunion-de-las-personas-trabajadoras-de-itaka-escolapios-bilbao\\\/#article\",\"isPartOf\":{\"@id\":\"https:\\\/\\\/www.itakaescolapios.org\\\/es\\\/2021\\\/09\\\/reunion-de-las-personas-trabajadoras-de-itaka-escolapios-bilbao\\\/\"},\"author\":{\"name\":\"itaka\",\"@id\":\"https:\\\/\\\/www.itakaescolapios.org\\\/es\\\/#\\\/schema\\\/person\\\/670123daeb1cc31cae1b106740036ccb\"},\"headline\":\"REUNI\u00d3N DE LAS PERSONAS TRABAJADORAS DE ITAKA ESCOLAPIOS BILBAO\",\"datePublished\":\"2021-09-28T07:16:28+00:00\",\"dateModified\":\"2023-11-28T11:35:58+00:00\",\"mainEntityOfPage\":{\"@id\":\"https:\\\/\\\/www.itakaescolapios.org\\\/es\\\/2021\\\/09\\\/reunion-de-las-personas-trabajadoras-de-itaka-escolapios-bilbao\\\/\"},\"wordCount\":158,\"publisher\":{\"@id\":\"https:\\\/\\\/www.itakaescolapios.org\\\/es\\\/#organization\"},\"image\":{\"@id\":\"https:\\\/\\\/www.itakaescolapios.org\\\/es\\\/2021\\\/09\\\/reunion-de-las-personas-trabajadoras-de-itaka-escolapios-bilbao\\\/#primaryimage\"},\"thumbnailUrl\":\"https:\\\/\\\/www.itakaescolapios.org\\\/wp-content\\\/uploads\\\/2021\\\/09\\\/Foto-sede-trabajadores-21-22-scaled.jpg\",\"articleSection\":[\"Bilbao\"],\"inLanguage\":\"es\"},{\"@type\":\"WebPage\",\"@id\":\"https:\\\/\\\/www.itakaescolapios.org\\\/es\\\/2021\\\/09\\\/reunion-de-las-personas-trabajadoras-de-itaka-escolapios-bilbao\\\/\",\"url\":\"https:\\\/\\\/www.itakaescolapios.org\\\/es\\\/2021\\\/09\\\/reunion-de-las-personas-trabajadoras-de-itaka-escolapios-bilbao\\\/\",\"name\":\"REUNI\u00d3N DE LAS PERSONAS TRABAJADORAS DE ITAKA ESCOLAPIOS BILBAO - Itaka-Escolapios\",\"isPartOf\":{\"@id\":\"https:\\\/\\\/www.itakaescolapios.org\\\/es\\\/#website\"},\"primaryImageOfPage\":{\"@id\":\"https:\\\/\\\/www.itakaescolapios.org\\\/es\\\/2021\\\/09\\\/reunion-de-las-personas-trabajadoras-de-itaka-escolapios-bilbao\\\/#primaryimage\"},\"image\":{\"@id\":\"https:\\\/\\\/www.itakaescolapios.org\\\/es\\\/2021\\\/09\\\/reunion-de-las-personas-trabajadoras-de-itaka-escolapios-bilbao\\\/#primaryimage\"},\"thumbnailUrl\":\"https:\\\/\\\/www.itakaescolapios.org\\\/wp-content\\\/uploads\\\/2021\\\/09\\\/Foto-sede-trabajadores-21-22-scaled.jpg\",\"datePublished\":\"2021-09-28T07:16:28+00:00\",\"dateModified\":\"2023-11-28T11:35:58+00:00\",\"breadcrumb\":{\"@id\":\"https:\\\/\\\/www.itakaescolapios.org\\\/es\\\/2021\\\/09\\\/reunion-de-las-personas-trabajadoras-de-itaka-escolapios-bilbao\\\/#breadcrumb\"},\"inLanguage\":\"es\",\"potentialAction\":[{\"@type\":\"ReadAction\",\"target\":[\"https:\\\/\\\/www.itakaescolapios.org\\\/es\\\/2021\\\/09\\\/reunion-de-las-personas-trabajadoras-de-itaka-escolapios-bilbao\\\/\"]}]},{\"@type\":\"ImageObject\",\"inLanguage\":\"es\",\"@id\":\"https:\\\/\\\/www.itakaescolapios.org\\\/es\\\/2021\\\/09\\\/reunion-de-las-personas-trabajadoras-de-itaka-escolapios-bilbao\\\/#primaryimage\",\"url\":\"https:\\\/\\\/www.itakaescolapios.org\\\/wp-content\\\/uploads\\\/2021\\\/09\\\/Foto-sede-trabajadores-21-22-scaled.jpg\",\"contentUrl\":\"https:\\\/\\\/www.itakaescolapios.org\\\/wp-content\\\/uploads\\\/2021\\\/09\\\/Foto-sede-trabajadores-21-22-scaled.jpg\",\"width\":2000,\"height\":993},{\"@type\":\"BreadcrumbList\",\"@id\":\"https:\\\/\\\/www.itakaescolapios.org\\\/es\\\/2021\\\/09\\\/reunion-de-las-personas-trabajadoras-de-itaka-escolapios-bilbao\\\/#breadcrumb\",\"itemListElement\":[{\"@type\":\"ListItem\",\"position\":1,\"name\":\"Portada\",\"item\":\"https:\\\/\\\/www.itakaescolapios.org\\\/es\\\/\"},{\"@type\":\"ListItem\",\"position\":2,\"name\":\"REUNI\u00d3N DE LAS PERSONAS TRABAJADORAS DE ITAKA ESCOLAPIOS BILBAO\"}]},{\"@type\":\"WebSite\",\"@id\":\"https:\\\/\\\/www.itakaescolapios.org\\\/es\\\/#website\",\"url\":\"https:\\\/\\\/www.itakaescolapios.org\\\/es\\\/\",\"name\":\"Itaka-Escolapios\",\"description\":\"Red de Itaka-Escolapios\",\"publisher\":{\"@id\":\"https:\\\/\\\/www.itakaescolapios.org\\\/es\\\/#organization\"},\"potentialAction\":[{\"@type\":\"SearchAction\",\"target\":{\"@type\":\"EntryPoint\",\"urlTemplate\":\"https:\\\/\\\/www.itakaescolapios.org\\\/es\\\/?s={search_term_string}\"},\"query-input\":{\"@type\":\"PropertyValueSpecification\",\"valueRequired\":true,\"valueName\":\"search_term_string\"}}],\"inLanguage\":\"es\"},{\"@type\":\"Organization\",\"@id\":\"https:\\\/\\\/www.itakaescolapios.org\\\/es\\\/#organization\",\"name\":\"Fundaci\u00f3 Itaka-Escolapios\",\"url\":\"https:\\\/\\\/www.itakaescolapios.org\\\/es\\\/\",\"logo\":{\"@type\":\"ImageObject\",\"inLanguage\":\"es\",\"@id\":\"https:\\\/\\\/www.itakaescolapios.org\\\/es\\\/#\\\/schema\\\/logo\\\/image\\\/\",\"url\":\"https:\\\/\\\/www.itakaescolapios.org\\\/wp-content\\\/uploads\\\/2024\\\/04\\\/Logo-itakaescolapios-peque.png\",\"contentUrl\":\"https:\\\/\\\/www.itakaescolapios.org\\\/wp-content\\\/uploads\\\/2024\\\/04\\\/Logo-itakaescolapios-peque.png\",\"width\":500,\"height\":199,\"caption\":\"Fundaci\u00f3 Itaka-Escolapios\"},\"image\":{\"@id\":\"https:\\\/\\\/www.itakaescolapios.org\\\/es\\\/#\\\/schema\\\/logo\\\/image\\\/\"}},{\"@type\":\"Person\",\"@id\":\"https:\\\/\\\/www.itakaescolapios.org\\\/es\\\/#\\\/schema\\\/person\\\/670123daeb1cc31cae1b106740036ccb\",\"name\":\"itaka\",\"url\":\"https:\\\/\\\/www.itakaescolapios.org\\\/es\\\/author\\\/itaka\\\/\"}]}<\/script>\n<!-- \/ Yoast SEO plugin. -->","yoast_head_json":{"title":"REUNI\u00d3N DE LAS PERSONAS TRABAJADORAS DE ITAKA ESCOLAPIOS BILBAO - Itaka-Escolapios","robots":{"index":"index","follow":"follow","max-snippet":"max-snippet:-1","max-image-preview":"max-image-preview:large","max-video-preview":"max-video-preview:-1"},"canonical":"https:\/\/www.itakaescolapios.org\/es\/2021\/09\/reunion-de-las-personas-trabajadoras-de-itaka-escolapios-bilbao\/","og_locale":"es_ES","og_type":"article","og_title":"REUNI\u00d3N DE LAS PERSONAS TRABAJADORAS DE ITAKA ESCOLAPIOS BILBAO - Itaka-Escolapios","og_description":"Un a\u00f1o m\u00e1s celebramos un nuevo encuentro de todas las personas que trabajamos en la sede. Ha sido un buen momento para conocer las diferentes novedades de los proyectos que [&hellip;]","og_url":"https:\/\/www.itakaescolapios.org\/es\/2021\/09\/reunion-de-las-personas-trabajadoras-de-itaka-escolapios-bilbao\/","og_site_name":"Itaka-Escolapios","article_published_time":"2021-09-28T07:16:28+00:00","article_modified_time":"2023-11-28T11:35:58+00:00","og_image":[{"width":2000,"height":993,"url":"https:\/\/www.itakaescolapios.org\/wp-content\/uploads\/2021\/09\/Foto-sede-trabajadores-21-22-scaled.jpg","type":"image\/jpeg"}],"author":"itaka","twitter_card":"summary_large_image","twitter_misc":{"Escrito por":"itaka","Tiempo de lectura":"1 minuto"},"schema":{"@context":"https:\/\/schema.org","@graph":[{"@type":"Article","@id":"https:\/\/www.itakaescolapios.org\/es\/2021\/09\/reunion-de-las-personas-trabajadoras-de-itaka-escolapios-bilbao\/#article","isPartOf":{"@id":"https:\/\/www.itakaescolapios.org\/es\/2021\/09\/reunion-de-las-personas-trabajadoras-de-itaka-escolapios-bilbao\/"},"author":{"name":"itaka","@id":"https:\/\/www.itakaescolapios.org\/es\/#\/schema\/person\/670123daeb1cc31cae1b106740036ccb"},"headline":"REUNI\u00d3N DE LAS PERSONAS TRABAJADORAS DE ITAKA ESCOLAPIOS BILBAO","datePublished":"2021-09-28T07:16:28+00:00","dateModified":"2023-11-28T11:35:58+00:00","mainEntityOfPage":{"@id":"https:\/\/www.itakaescolapios.org\/es\/2021\/09\/reunion-de-las-personas-trabajadoras-de-itaka-escolapios-bilbao\/"},"wordCount":158,"publisher":{"@id":"https:\/\/www.itakaescolapios.org\/es\/#organization"},"image":{"@id":"https:\/\/www.itakaescolapios.org\/es\/2021\/09\/reunion-de-las-personas-trabajadoras-de-itaka-escolapios-bilbao\/#primaryimage"},"thumbnailUrl":"https:\/\/www.itakaescolapios.org\/wp-content\/uploads\/2021\/09\/Foto-sede-trabajadores-21-22-scaled.jpg","articleSection":["Bilbao"],"inLanguage":"es"},{"@type":"WebPage","@id":"https:\/\/www.itakaescolapios.org\/es\/2021\/09\/reunion-de-las-personas-trabajadoras-de-itaka-escolapios-bilbao\/","url":"https:\/\/www.itakaescolapios.org\/es\/2021\/09\/reunion-de-las-personas-trabajadoras-de-itaka-escolapios-bilbao\/","name":"REUNI\u00d3N DE LAS PERSONAS TRABAJADORAS DE ITAKA ESCOLAPIOS BILBAO - Itaka-Escolapios","isPartOf":{"@id":"https:\/\/www.itakaescolapios.org\/es\/#website"},"primaryImageOfPage":{"@id":"https:\/\/www.itakaescolapios.org\/es\/2021\/09\/reunion-de-las-personas-trabajadoras-de-itaka-escolapios-bilbao\/#primaryimage"},"image":{"@id":"https:\/\/www.itakaescolapios.org\/es\/2021\/09\/reunion-de-las-personas-trabajadoras-de-itaka-escolapios-bilbao\/#primaryimage"},"thumbnailUrl":"https:\/\/www.itakaescolapios.org\/wp-content\/uploads\/2021\/09\/Foto-sede-trabajadores-21-22-scaled.jpg","datePublished":"2021-09-28T07:16:28+00:00","dateModified":"2023-11-28T11:35:58+00:00","breadcrumb":{"@id":"https:\/\/www.itakaescolapios.org\/es\/2021\/09\/reunion-de-las-personas-trabajadoras-de-itaka-escolapios-bilbao\/#breadcrumb"},"inLanguage":"es","potentialAction":[{"@type":"ReadAction","target":["https:\/\/www.itakaescolapios.org\/es\/2021\/09\/reunion-de-las-personas-trabajadoras-de-itaka-escolapios-bilbao\/"]}]},{"@type":"ImageObject","inLanguage":"es","@id":"https:\/\/www.itakaescolapios.org\/es\/2021\/09\/reunion-de-las-personas-trabajadoras-de-itaka-escolapios-bilbao\/#primaryimage","url":"https:\/\/www.itakaescolapios.org\/wp-content\/uploads\/2021\/09\/Foto-sede-trabajadores-21-22-scaled.jpg","contentUrl":"https:\/\/www.itakaescolapios.org\/wp-content\/uploads\/2021\/09\/Foto-sede-trabajadores-21-22-scaled.jpg","width":2000,"height":993},{"@type":"BreadcrumbList","@id":"https:\/\/www.itakaescolapios.org\/es\/2021\/09\/reunion-de-las-personas-trabajadoras-de-itaka-escolapios-bilbao\/#breadcrumb","itemListElement":[{"@type":"ListItem","position":1,"name":"Portada","item":"https:\/\/www.itakaescolapios.org\/es\/"},{"@type":"ListItem","position":2,"name":"REUNI\u00d3N DE LAS PERSONAS TRABAJADORAS DE ITAKA ESCOLAPIOS BILBAO"}]},{"@type":"WebSite","@id":"https:\/\/www.itakaescolapios.org\/es\/#website","url":"https:\/\/www.itakaescolapios.org\/es\/","name":"Itaka-Escolapios","description":"Red de Itaka-Escolapios","publisher":{"@id":"https:\/\/www.itakaescolapios.org\/es\/#organization"},"potentialAction":[{"@type":"SearchAction","target":{"@type":"EntryPoint","urlTemplate":"https:\/\/www.itakaescolapios.org\/es\/?s={search_term_string}"},"query-input":{"@type":"PropertyValueSpecification","valueRequired":true,"valueName":"search_term_string"}}],"inLanguage":"es"},{"@type":"Organization","@id":"https:\/\/www.itakaescolapios.org\/es\/#organization","name":"Fundaci\u00f3 Itaka-Escolapios","url":"https:\/\/www.itakaescolapios.org\/es\/","logo":{"@type":"ImageObject","inLanguage":"es","@id":"https:\/\/www.itakaescolapios.org\/es\/#\/schema\/logo\/image\/","url":"https:\/\/www.itakaescolapios.org\/wp-content\/uploads\/2024\/04\/Logo-itakaescolapios-peque.png","contentUrl":"https:\/\/www.itakaescolapios.org\/wp-content\/uploads\/2024\/04\/Logo-itakaescolapios-peque.png","width":500,"height":199,"caption":"Fundaci\u00f3 Itaka-Escolapios"},"image":{"@id":"https:\/\/www.itakaescolapios.org\/es\/#\/schema\/logo\/image\/"}},{"@type":"Person","@id":"https:\/\/www.itakaescolapios.org\/es\/#\/schema\/person\/670123daeb1cc31cae1b106740036ccb","name":"itaka","url":"https:\/\/www.itakaescolapios.org\/es\/author\/itaka\/"}]}},"_links":{"self":[{"href":"https:\/\/www.itakaescolapios.org\/es\/wp-json\/wp\/v2\/posts\/34781","targetHints":{"allow":["GET"]}}],"collection":[{"href":"https:\/\/www.itakaescolapios.org\/es\/wp-json\/wp\/v2\/posts"}],"about":[{"href":"https:\/\/www.itakaescolapios.org\/es\/wp-json\/wp\/v2\/types\/post"}],"author":[{"embeddable":true,"href":"https:\/\/www.itakaescolapios.org\/es\/wp-json\/wp\/v2\/users\/4"}],"replies":[{"embeddable":true,"href":"https:\/\/www.itakaescolapios.org\/es\/wp-json\/wp\/v2\/comments?post=34781"}],"version-history":[{"count":3,"href":"https:\/\/www.itakaescolapios.org\/es\/wp-json\/wp\/v2\/posts\/34781\/revisions"}],"predecessor-version":[{"id":44206,"href":"https:\/\/www.itakaescolapios.org\/es\/wp-json\/wp\/v2\/posts\/34781\/revisions\/44206"}],"wp:featuredmedia":[{"embeddable":true,"href":"https:\/\/www.itakaescolapios.org\/es\/wp-json\/wp\/v2\/media\/34783"}],"wp:attachment":[{"href":"https:\/\/www.itakaescolapios.org\/es\/wp-json\/wp\/v2\/media?parent=34781"}],"wp:term":[{"taxonomy":"category","embeddable":true,"href":"https:\/\/www.itakaescolapios.org\/es\/wp-json\/wp\/v2\/categories?post=34781"},{"taxonomy":"post_tag","embeddable":true,"href":"https:\/\/www.itakaescolapios.org\/es\/wp-json\/wp\/v2\/tags?post=34781"}],"curies":[{"name":"wp","href":"https:\/\/api.w.org\/{rel}","templated":true}]}}