{"id":34823,"date":"2021-09-29T17:34:53","date_gmt":"2021-09-29T16:34:53","guid":{"rendered":"https:\/\/www.itakaescolapios.org\/?p=34823"},"modified":"2023-11-28T12:35:56","modified_gmt":"2023-11-28T11:35:56","slug":"cerca-de-ti-de-dios-de-los-demas-misa-de-inicio-de-curso-en-el-colegio-calasanz-de-bafia","status":"publish","type":"post","link":"https:\/\/www.itakaescolapios.org\/es\/2021\/09\/cerca-de-ti-de-dios-de-los-demas-misa-de-inicio-de-curso-en-el-colegio-calasanz-de-bafia\/","title":{"rendered":"Cerca de ti&#8230;. De Dios, de los dem\u00e1s: Misa de inicio de curso en el Colegio Calasanz de BAFIA."},"content":{"rendered":"<p>La misa escolar fue una oportunidad para comenzar con los diferentes Clubes. De hecho, es a trav\u00e9s de las actividades realizadas en estos clubes que el tema del a\u00f1o &lt;&lt;Cerca de ti&gt;&gt; T\u00fa= los ni\u00f1os, T\u00fa= los padres, T\u00fa= los profesores, T\u00fa&#8230;.?\u00a0 https:\/\/youtu.be\/oNmAIG7gjLY<\/p>\n<p><img decoding=\"async\" class=\"alignright size-medium wp-image-34818\" src=\"https:\/\/www.itakaescolapios.org\/wp-content\/uploads\/2021\/09\/IMG_1557-300x225.jpg\" alt=\"\" width=\"300\" height=\"225\" srcset=\"https:\/\/www.itakaescolapios.org\/wp-content\/uploads\/2021\/09\/IMG_1557-300x225.jpg 300w, https:\/\/www.itakaescolapios.org\/wp-content\/uploads\/2021\/09\/IMG_1557-1024x768.jpg 1024w, https:\/\/www.itakaescolapios.org\/wp-content\/uploads\/2021\/09\/IMG_1557-768x576.jpg 768w, https:\/\/www.itakaescolapios.org\/wp-content\/uploads\/2021\/09\/IMG_1557-1536x1152.jpg 1536w, https:\/\/www.itakaescolapios.org\/wp-content\/uploads\/2021\/09\/IMG_1557-2048x1536.jpg 2048w, https:\/\/www.itakaescolapios.org\/wp-content\/uploads\/2021\/09\/IMG_1557-250x188.jpg 250w, https:\/\/www.itakaescolapios.org\/wp-content\/uploads\/2021\/09\/IMG_1557-510x382.jpg 510w, https:\/\/www.itakaescolapios.org\/wp-content\/uploads\/2021\/09\/IMG_1557-1080x810.jpg 1080w, https:\/\/www.itakaescolapios.org\/wp-content\/uploads\/2021\/09\/IMG_1557-scaled.jpg 2000w\" sizes=\"(max-width: 300px) 100vw, 300px\" \/> <img decoding=\"async\" class=\"alignright size-medium wp-image-34821\" src=\"https:\/\/www.itakaescolapios.org\/wp-content\/uploads\/2021\/09\/IMG_1570-300x225.jpg\" alt=\"\" width=\"300\" height=\"225\" srcset=\"https:\/\/www.itakaescolapios.org\/wp-content\/uploads\/2021\/09\/IMG_1570-300x225.jpg 300w, https:\/\/www.itakaescolapios.org\/wp-content\/uploads\/2021\/09\/IMG_1570-1024x768.jpg 1024w, https:\/\/www.itakaescolapios.org\/wp-content\/uploads\/2021\/09\/IMG_1570-768x576.jpg 768w, https:\/\/www.itakaescolapios.org\/wp-content\/uploads\/2021\/09\/IMG_1570-1536x1152.jpg 1536w, https:\/\/www.itakaescolapios.org\/wp-content\/uploads\/2021\/09\/IMG_1570-2048x1536.jpg 2048w, https:\/\/www.itakaescolapios.org\/wp-content\/uploads\/2021\/09\/IMG_1570-250x188.jpg 250w, https:\/\/www.itakaescolapios.org\/wp-content\/uploads\/2021\/09\/IMG_1570-510x382.jpg 510w, https:\/\/www.itakaescolapios.org\/wp-content\/uploads\/2021\/09\/IMG_1570-1080x810.jpg 1080w, https:\/\/www.itakaescolapios.org\/wp-content\/uploads\/2021\/09\/IMG_1570-scaled.jpg 2000w\" sizes=\"(max-width: 300px) 100vw, 300px\" \/> <img decoding=\"async\" class=\"alignright size-medium wp-image-34817\" src=\"https:\/\/www.itakaescolapios.org\/wp-content\/uploads\/2021\/09\/IMG_1551-300x225.jpg\" alt=\"\" width=\"300\" height=\"225\" srcset=\"https:\/\/www.itakaescolapios.org\/wp-content\/uploads\/2021\/09\/IMG_1551-300x225.jpg 300w, https:\/\/www.itakaescolapios.org\/wp-content\/uploads\/2021\/09\/IMG_1551-1024x768.jpg 1024w, https:\/\/www.itakaescolapios.org\/wp-content\/uploads\/2021\/09\/IMG_1551-768x576.jpg 768w, https:\/\/www.itakaescolapios.org\/wp-content\/uploads\/2021\/09\/IMG_1551-1536x1152.jpg 1536w, https:\/\/www.itakaescolapios.org\/wp-content\/uploads\/2021\/09\/IMG_1551-2048x1536.jpg 2048w, https:\/\/www.itakaescolapios.org\/wp-content\/uploads\/2021\/09\/IMG_1551-250x188.jpg 250w, https:\/\/www.itakaescolapios.org\/wp-content\/uploads\/2021\/09\/IMG_1551-510x382.jpg 510w, https:\/\/www.itakaescolapios.org\/wp-content\/uploads\/2021\/09\/IMG_1551-1080x810.jpg 1080w, https:\/\/www.itakaescolapios.org\/wp-content\/uploads\/2021\/09\/IMG_1551-scaled.jpg 2000w\" sizes=\"(max-width: 300px) 100vw, 300px\" \/> <img decoding=\"async\" class=\"alignright size-medium wp-image-34820\" src=\"https:\/\/www.itakaescolapios.org\/wp-content\/uploads\/2021\/09\/IMG_1565-300x225.jpg\" alt=\"\" width=\"300\" height=\"225\" srcset=\"https:\/\/www.itakaescolapios.org\/wp-content\/uploads\/2021\/09\/IMG_1565-300x225.jpg 300w, https:\/\/www.itakaescolapios.org\/wp-content\/uploads\/2021\/09\/IMG_1565-1024x768.jpg 1024w, https:\/\/www.itakaescolapios.org\/wp-content\/uploads\/2021\/09\/IMG_1565-768x576.jpg 768w, https:\/\/www.itakaescolapios.org\/wp-content\/uploads\/2021\/09\/IMG_1565-1536x1152.jpg 1536w, https:\/\/www.itakaescolapios.org\/wp-content\/uploads\/2021\/09\/IMG_1565-2048x1536.jpg 2048w, https:\/\/www.itakaescolapios.org\/wp-content\/uploads\/2021\/09\/IMG_1565-250x188.jpg 250w, https:\/\/www.itakaescolapios.org\/wp-content\/uploads\/2021\/09\/IMG_1565-510x382.jpg 510w, https:\/\/www.itakaescolapios.org\/wp-content\/uploads\/2021\/09\/IMG_1565-1080x810.jpg 1080w, https:\/\/www.itakaescolapios.org\/wp-content\/uploads\/2021\/09\/IMG_1565-scaled.jpg 2000w\" sizes=\"(max-width: 300px) 100vw, 300px\" \/><img decoding=\"async\" class=\"alignright size-medium wp-image-34815\" src=\"https:\/\/www.itakaescolapios.org\/wp-content\/uploads\/2021\/09\/IMG_1543-300x225.jpg\" alt=\"\" width=\"300\" height=\"225\" srcset=\"https:\/\/www.itakaescolapios.org\/wp-content\/uploads\/2021\/09\/IMG_1543-300x225.jpg 300w, https:\/\/www.itakaescolapios.org\/wp-content\/uploads\/2021\/09\/IMG_1543-1024x768.jpg 1024w, https:\/\/www.itakaescolapios.org\/wp-content\/uploads\/2021\/09\/IMG_1543-768x576.jpg 768w, https:\/\/www.itakaescolapios.org\/wp-content\/uploads\/2021\/09\/IMG_1543-1536x1152.jpg 1536w, https:\/\/www.itakaescolapios.org\/wp-content\/uploads\/2021\/09\/IMG_1543-2048x1536.jpg 2048w, https:\/\/www.itakaescolapios.org\/wp-content\/uploads\/2021\/09\/IMG_1543-250x188.jpg 250w, https:\/\/www.itakaescolapios.org\/wp-content\/uploads\/2021\/09\/IMG_1543-510x382.jpg 510w, https:\/\/www.itakaescolapios.org\/wp-content\/uploads\/2021\/09\/IMG_1543-1080x810.jpg 1080w, https:\/\/www.itakaescolapios.org\/wp-content\/uploads\/2021\/09\/IMG_1543-scaled.jpg 2000w\" sizes=\"(max-width: 300px) 100vw, 300px\" \/><!--more--><\/p>\n","protected":false},"excerpt":{"rendered":"<p>La misa escolar fue una oportunidad para comenzar con los diferentes Clubes. De hecho, es a trav\u00e9s de las actividades realizadas en estos clubes que el tema del a\u00f1o &lt;&lt;Cerca [&hellip;]<\/p>\n","protected":false},"author":15,"featured_media":34822,"comment_status":"closed","ping_status":"closed","sticky":false,"template":"","format":"standard","meta":{"_et_pb_use_builder":"","_et_pb_old_content":"","_et_gb_content_width":"","footnotes":""},"categories":[10],"tags":[],"class_list":["post-34823","post","type-post","status-publish","format-standard","has-post-thumbnail","hentry","category-camerun"],"yoast_head":"<!-- This site is optimized with the Yoast SEO plugin v27.4 - https:\/\/yoast.com\/product\/yoast-seo-wordpress\/ -->\n<title>Cerca de ti.... De Dios, de los dem\u00e1s: Misa de inicio de curso en el Colegio Calasanz de BAFIA. - Itaka-Escolapios<\/title>\n<meta name=\"robots\" content=\"index, follow, max-snippet:-1, max-image-preview:large, max-video-preview:-1\" \/>\n<link rel=\"canonical\" href=\"https:\/\/www.itakaescolapios.org\/es\/2021\/09\/cerca-de-ti-de-dios-de-los-demas-misa-de-inicio-de-curso-en-el-colegio-calasanz-de-bafia\/\" \/>\n<meta property=\"og:locale\" content=\"es_ES\" \/>\n<meta property=\"og:type\" content=\"article\" \/>\n<meta property=\"og:title\" content=\"Cerca de ti.... De Dios, de los dem\u00e1s: Misa de inicio de curso en el Colegio Calasanz de BAFIA. - Itaka-Escolapios\" \/>\n<meta property=\"og:description\" content=\"La misa escolar fue una oportunidad para comenzar con los diferentes Clubes. De hecho, es a trav\u00e9s de las actividades realizadas en estos clubes que el tema del a\u00f1o &lt;&lt;Cerca [&hellip;]\" \/>\n<meta property=\"og:url\" content=\"https:\/\/www.itakaescolapios.org\/es\/2021\/09\/cerca-de-ti-de-dios-de-los-demas-misa-de-inicio-de-curso-en-el-colegio-calasanz-de-bafia\/\" \/>\n<meta property=\"og:site_name\" content=\"Itaka-Escolapios\" \/>\n<meta property=\"article:published_time\" content=\"2021-09-29T16:34:53+00:00\" \/>\n<meta property=\"article:modified_time\" content=\"2023-11-28T11:35:56+00:00\" \/>\n<meta property=\"og:image\" content=\"https:\/\/www.itakaescolapios.org\/wp-content\/uploads\/2021\/09\/MVI_1553.jpg\" \/>\n\t<meta property=\"og:image:width\" content=\"1280\" \/>\n\t<meta property=\"og:image:height\" content=\"720\" \/>\n\t<meta property=\"og:image:type\" content=\"image\/jpeg\" \/>\n<meta name=\"author\" content=\"cameroun01\" \/>\n<meta name=\"twitter:card\" content=\"summary_large_image\" \/>\n<meta name=\"twitter:label1\" content=\"Escrito por\" \/>\n\t<meta name=\"twitter:data1\" content=\"cameroun01\" \/>\n<script type=\"application\/ld+json\" class=\"yoast-schema-graph\">{\"@context\":\"https:\\\/\\\/schema.org\",\"@graph\":[{\"@type\":\"Article\",\"@id\":\"https:\\\/\\\/www.itakaescolapios.org\\\/es\\\/2021\\\/09\\\/cerca-de-ti-de-dios-de-los-demas-misa-de-inicio-de-curso-en-el-colegio-calasanz-de-bafia\\\/#article\",\"isPartOf\":{\"@id\":\"https:\\\/\\\/www.itakaescolapios.org\\\/es\\\/2021\\\/09\\\/cerca-de-ti-de-dios-de-los-demas-misa-de-inicio-de-curso-en-el-colegio-calasanz-de-bafia\\\/\"},\"author\":{\"name\":\"cameroun01\",\"@id\":\"https:\\\/\\\/www.itakaescolapios.org\\\/es\\\/#\\\/schema\\\/person\\\/d2844383e29bfdfef69039672ce14eb1\"},\"headline\":\"Cerca de ti&#8230;. De Dios, de los dem\u00e1s: Misa de inicio de curso en el Colegio Calasanz de BAFIA.\",\"datePublished\":\"2021-09-29T16:34:53+00:00\",\"dateModified\":\"2023-11-28T11:35:56+00:00\",\"mainEntityOfPage\":{\"@id\":\"https:\\\/\\\/www.itakaescolapios.org\\\/es\\\/2021\\\/09\\\/cerca-de-ti-de-dios-de-los-demas-misa-de-inicio-de-curso-en-el-colegio-calasanz-de-bafia\\\/\"},\"wordCount\":74,\"publisher\":{\"@id\":\"https:\\\/\\\/www.itakaescolapios.org\\\/es\\\/#organization\"},\"image\":{\"@id\":\"https:\\\/\\\/www.itakaescolapios.org\\\/es\\\/2021\\\/09\\\/cerca-de-ti-de-dios-de-los-demas-misa-de-inicio-de-curso-en-el-colegio-calasanz-de-bafia\\\/#primaryimage\"},\"thumbnailUrl\":\"https:\\\/\\\/www.itakaescolapios.org\\\/wp-content\\\/uploads\\\/2021\\\/09\\\/MVI_1553.jpg\",\"articleSection\":[\"Camer\u00fan\"],\"inLanguage\":\"es\"},{\"@type\":\"WebPage\",\"@id\":\"https:\\\/\\\/www.itakaescolapios.org\\\/es\\\/2021\\\/09\\\/cerca-de-ti-de-dios-de-los-demas-misa-de-inicio-de-curso-en-el-colegio-calasanz-de-bafia\\\/\",\"url\":\"https:\\\/\\\/www.itakaescolapios.org\\\/es\\\/2021\\\/09\\\/cerca-de-ti-de-dios-de-los-demas-misa-de-inicio-de-curso-en-el-colegio-calasanz-de-bafia\\\/\",\"name\":\"Cerca de ti.... De Dios, de los dem\u00e1s: Misa de inicio de curso en el Colegio Calasanz de BAFIA. - Itaka-Escolapios\",\"isPartOf\":{\"@id\":\"https:\\\/\\\/www.itakaescolapios.org\\\/es\\\/#website\"},\"primaryImageOfPage\":{\"@id\":\"https:\\\/\\\/www.itakaescolapios.org\\\/es\\\/2021\\\/09\\\/cerca-de-ti-de-dios-de-los-demas-misa-de-inicio-de-curso-en-el-colegio-calasanz-de-bafia\\\/#primaryimage\"},\"image\":{\"@id\":\"https:\\\/\\\/www.itakaescolapios.org\\\/es\\\/2021\\\/09\\\/cerca-de-ti-de-dios-de-los-demas-misa-de-inicio-de-curso-en-el-colegio-calasanz-de-bafia\\\/#primaryimage\"},\"thumbnailUrl\":\"https:\\\/\\\/www.itakaescolapios.org\\\/wp-content\\\/uploads\\\/2021\\\/09\\\/MVI_1553.jpg\",\"datePublished\":\"2021-09-29T16:34:53+00:00\",\"dateModified\":\"2023-11-28T11:35:56+00:00\",\"breadcrumb\":{\"@id\":\"https:\\\/\\\/www.itakaescolapios.org\\\/es\\\/2021\\\/09\\\/cerca-de-ti-de-dios-de-los-demas-misa-de-inicio-de-curso-en-el-colegio-calasanz-de-bafia\\\/#breadcrumb\"},\"inLanguage\":\"es\",\"potentialAction\":[{\"@type\":\"ReadAction\",\"target\":[\"https:\\\/\\\/www.itakaescolapios.org\\\/es\\\/2021\\\/09\\\/cerca-de-ti-de-dios-de-los-demas-misa-de-inicio-de-curso-en-el-colegio-calasanz-de-bafia\\\/\"]}]},{\"@type\":\"ImageObject\",\"inLanguage\":\"es\",\"@id\":\"https:\\\/\\\/www.itakaescolapios.org\\\/es\\\/2021\\\/09\\\/cerca-de-ti-de-dios-de-los-demas-misa-de-inicio-de-curso-en-el-colegio-calasanz-de-bafia\\\/#primaryimage\",\"url\":\"https:\\\/\\\/www.itakaescolapios.org\\\/wp-content\\\/uploads\\\/2021\\\/09\\\/MVI_1553.jpg\",\"contentUrl\":\"https:\\\/\\\/www.itakaescolapios.org\\\/wp-content\\\/uploads\\\/2021\\\/09\\\/MVI_1553.jpg\",\"width\":1280,\"height\":720},{\"@type\":\"BreadcrumbList\",\"@id\":\"https:\\\/\\\/www.itakaescolapios.org\\\/es\\\/2021\\\/09\\\/cerca-de-ti-de-dios-de-los-demas-misa-de-inicio-de-curso-en-el-colegio-calasanz-de-bafia\\\/#breadcrumb\",\"itemListElement\":[{\"@type\":\"ListItem\",\"position\":1,\"name\":\"Portada\",\"item\":\"https:\\\/\\\/www.itakaescolapios.org\\\/es\\\/\"},{\"@type\":\"ListItem\",\"position\":2,\"name\":\"Cerca de ti&#8230;. De Dios, de los dem\u00e1s: Misa de inicio de curso en el Colegio Calasanz de BAFIA.\"}]},{\"@type\":\"WebSite\",\"@id\":\"https:\\\/\\\/www.itakaescolapios.org\\\/es\\\/#website\",\"url\":\"https:\\\/\\\/www.itakaescolapios.org\\\/es\\\/\",\"name\":\"Itaka-Escolapios\",\"description\":\"Red de Itaka-Escolapios\",\"publisher\":{\"@id\":\"https:\\\/\\\/www.itakaescolapios.org\\\/es\\\/#organization\"},\"potentialAction\":[{\"@type\":\"SearchAction\",\"target\":{\"@type\":\"EntryPoint\",\"urlTemplate\":\"https:\\\/\\\/www.itakaescolapios.org\\\/es\\\/?s={search_term_string}\"},\"query-input\":{\"@type\":\"PropertyValueSpecification\",\"valueRequired\":true,\"valueName\":\"search_term_string\"}}],\"inLanguage\":\"es\"},{\"@type\":\"Organization\",\"@id\":\"https:\\\/\\\/www.itakaescolapios.org\\\/es\\\/#organization\",\"name\":\"Fundaci\u00f3 Itaka-Escolapios\",\"url\":\"https:\\\/\\\/www.itakaescolapios.org\\\/es\\\/\",\"logo\":{\"@type\":\"ImageObject\",\"inLanguage\":\"es\",\"@id\":\"https:\\\/\\\/www.itakaescolapios.org\\\/es\\\/#\\\/schema\\\/logo\\\/image\\\/\",\"url\":\"https:\\\/\\\/www.itakaescolapios.org\\\/wp-content\\\/uploads\\\/2024\\\/04\\\/Logo-itakaescolapios-peque.png\",\"contentUrl\":\"https:\\\/\\\/www.itakaescolapios.org\\\/wp-content\\\/uploads\\\/2024\\\/04\\\/Logo-itakaescolapios-peque.png\",\"width\":500,\"height\":199,\"caption\":\"Fundaci\u00f3 Itaka-Escolapios\"},\"image\":{\"@id\":\"https:\\\/\\\/www.itakaescolapios.org\\\/es\\\/#\\\/schema\\\/logo\\\/image\\\/\"}},{\"@type\":\"Person\",\"@id\":\"https:\\\/\\\/www.itakaescolapios.org\\\/es\\\/#\\\/schema\\\/person\\\/d2844383e29bfdfef69039672ce14eb1\",\"name\":\"cameroun01\",\"url\":\"https:\\\/\\\/www.itakaescolapios.org\\\/es\\\/author\\\/cameroun01\\\/\"}]}<\/script>\n<!-- \/ Yoast SEO plugin. -->","yoast_head_json":{"title":"Cerca de ti.... De Dios, de los dem\u00e1s: Misa de inicio de curso en el Colegio Calasanz de BAFIA. - Itaka-Escolapios","robots":{"index":"index","follow":"follow","max-snippet":"max-snippet:-1","max-image-preview":"max-image-preview:large","max-video-preview":"max-video-preview:-1"},"canonical":"https:\/\/www.itakaescolapios.org\/es\/2021\/09\/cerca-de-ti-de-dios-de-los-demas-misa-de-inicio-de-curso-en-el-colegio-calasanz-de-bafia\/","og_locale":"es_ES","og_type":"article","og_title":"Cerca de ti.... De Dios, de los dem\u00e1s: Misa de inicio de curso en el Colegio Calasanz de BAFIA. - Itaka-Escolapios","og_description":"La misa escolar fue una oportunidad para comenzar con los diferentes Clubes. De hecho, es a trav\u00e9s de las actividades realizadas en estos clubes que el tema del a\u00f1o &lt;&lt;Cerca [&hellip;]","og_url":"https:\/\/www.itakaescolapios.org\/es\/2021\/09\/cerca-de-ti-de-dios-de-los-demas-misa-de-inicio-de-curso-en-el-colegio-calasanz-de-bafia\/","og_site_name":"Itaka-Escolapios","article_published_time":"2021-09-29T16:34:53+00:00","article_modified_time":"2023-11-28T11:35:56+00:00","og_image":[{"width":1280,"height":720,"url":"https:\/\/www.itakaescolapios.org\/wp-content\/uploads\/2021\/09\/MVI_1553.jpg","type":"image\/jpeg"}],"author":"cameroun01","twitter_card":"summary_large_image","twitter_misc":{"Escrito por":"cameroun01"},"schema":{"@context":"https:\/\/schema.org","@graph":[{"@type":"Article","@id":"https:\/\/www.itakaescolapios.org\/es\/2021\/09\/cerca-de-ti-de-dios-de-los-demas-misa-de-inicio-de-curso-en-el-colegio-calasanz-de-bafia\/#article","isPartOf":{"@id":"https:\/\/www.itakaescolapios.org\/es\/2021\/09\/cerca-de-ti-de-dios-de-los-demas-misa-de-inicio-de-curso-en-el-colegio-calasanz-de-bafia\/"},"author":{"name":"cameroun01","@id":"https:\/\/www.itakaescolapios.org\/es\/#\/schema\/person\/d2844383e29bfdfef69039672ce14eb1"},"headline":"Cerca de ti&#8230;. De Dios, de los dem\u00e1s: Misa de inicio de curso en el Colegio Calasanz de BAFIA.","datePublished":"2021-09-29T16:34:53+00:00","dateModified":"2023-11-28T11:35:56+00:00","mainEntityOfPage":{"@id":"https:\/\/www.itakaescolapios.org\/es\/2021\/09\/cerca-de-ti-de-dios-de-los-demas-misa-de-inicio-de-curso-en-el-colegio-calasanz-de-bafia\/"},"wordCount":74,"publisher":{"@id":"https:\/\/www.itakaescolapios.org\/es\/#organization"},"image":{"@id":"https:\/\/www.itakaescolapios.org\/es\/2021\/09\/cerca-de-ti-de-dios-de-los-demas-misa-de-inicio-de-curso-en-el-colegio-calasanz-de-bafia\/#primaryimage"},"thumbnailUrl":"https:\/\/www.itakaescolapios.org\/wp-content\/uploads\/2021\/09\/MVI_1553.jpg","articleSection":["Camer\u00fan"],"inLanguage":"es"},{"@type":"WebPage","@id":"https:\/\/www.itakaescolapios.org\/es\/2021\/09\/cerca-de-ti-de-dios-de-los-demas-misa-de-inicio-de-curso-en-el-colegio-calasanz-de-bafia\/","url":"https:\/\/www.itakaescolapios.org\/es\/2021\/09\/cerca-de-ti-de-dios-de-los-demas-misa-de-inicio-de-curso-en-el-colegio-calasanz-de-bafia\/","name":"Cerca de ti.... De Dios, de los dem\u00e1s: Misa de inicio de curso en el Colegio Calasanz de BAFIA. - Itaka-Escolapios","isPartOf":{"@id":"https:\/\/www.itakaescolapios.org\/es\/#website"},"primaryImageOfPage":{"@id":"https:\/\/www.itakaescolapios.org\/es\/2021\/09\/cerca-de-ti-de-dios-de-los-demas-misa-de-inicio-de-curso-en-el-colegio-calasanz-de-bafia\/#primaryimage"},"image":{"@id":"https:\/\/www.itakaescolapios.org\/es\/2021\/09\/cerca-de-ti-de-dios-de-los-demas-misa-de-inicio-de-curso-en-el-colegio-calasanz-de-bafia\/#primaryimage"},"thumbnailUrl":"https:\/\/www.itakaescolapios.org\/wp-content\/uploads\/2021\/09\/MVI_1553.jpg","datePublished":"2021-09-29T16:34:53+00:00","dateModified":"2023-11-28T11:35:56+00:00","breadcrumb":{"@id":"https:\/\/www.itakaescolapios.org\/es\/2021\/09\/cerca-de-ti-de-dios-de-los-demas-misa-de-inicio-de-curso-en-el-colegio-calasanz-de-bafia\/#breadcrumb"},"inLanguage":"es","potentialAction":[{"@type":"ReadAction","target":["https:\/\/www.itakaescolapios.org\/es\/2021\/09\/cerca-de-ti-de-dios-de-los-demas-misa-de-inicio-de-curso-en-el-colegio-calasanz-de-bafia\/"]}]},{"@type":"ImageObject","inLanguage":"es","@id":"https:\/\/www.itakaescolapios.org\/es\/2021\/09\/cerca-de-ti-de-dios-de-los-demas-misa-de-inicio-de-curso-en-el-colegio-calasanz-de-bafia\/#primaryimage","url":"https:\/\/www.itakaescolapios.org\/wp-content\/uploads\/2021\/09\/MVI_1553.jpg","contentUrl":"https:\/\/www.itakaescolapios.org\/wp-content\/uploads\/2021\/09\/MVI_1553.jpg","width":1280,"height":720},{"@type":"BreadcrumbList","@id":"https:\/\/www.itakaescolapios.org\/es\/2021\/09\/cerca-de-ti-de-dios-de-los-demas-misa-de-inicio-de-curso-en-el-colegio-calasanz-de-bafia\/#breadcrumb","itemListElement":[{"@type":"ListItem","position":1,"name":"Portada","item":"https:\/\/www.itakaescolapios.org\/es\/"},{"@type":"ListItem","position":2,"name":"Cerca de ti&#8230;. De Dios, de los dem\u00e1s: Misa de inicio de curso en el Colegio Calasanz de BAFIA."}]},{"@type":"WebSite","@id":"https:\/\/www.itakaescolapios.org\/es\/#website","url":"https:\/\/www.itakaescolapios.org\/es\/","name":"Itaka-Escolapios","description":"Red de Itaka-Escolapios","publisher":{"@id":"https:\/\/www.itakaescolapios.org\/es\/#organization"},"potentialAction":[{"@type":"SearchAction","target":{"@type":"EntryPoint","urlTemplate":"https:\/\/www.itakaescolapios.org\/es\/?s={search_term_string}"},"query-input":{"@type":"PropertyValueSpecification","valueRequired":true,"valueName":"search_term_string"}}],"inLanguage":"es"},{"@type":"Organization","@id":"https:\/\/www.itakaescolapios.org\/es\/#organization","name":"Fundaci\u00f3 Itaka-Escolapios","url":"https:\/\/www.itakaescolapios.org\/es\/","logo":{"@type":"ImageObject","inLanguage":"es","@id":"https:\/\/www.itakaescolapios.org\/es\/#\/schema\/logo\/image\/","url":"https:\/\/www.itakaescolapios.org\/wp-content\/uploads\/2024\/04\/Logo-itakaescolapios-peque.png","contentUrl":"https:\/\/www.itakaescolapios.org\/wp-content\/uploads\/2024\/04\/Logo-itakaescolapios-peque.png","width":500,"height":199,"caption":"Fundaci\u00f3 Itaka-Escolapios"},"image":{"@id":"https:\/\/www.itakaescolapios.org\/es\/#\/schema\/logo\/image\/"}},{"@type":"Person","@id":"https:\/\/www.itakaescolapios.org\/es\/#\/schema\/person\/d2844383e29bfdfef69039672ce14eb1","name":"cameroun01","url":"https:\/\/www.itakaescolapios.org\/es\/author\/cameroun01\/"}]}},"_links":{"self":[{"href":"https:\/\/www.itakaescolapios.org\/es\/wp-json\/wp\/v2\/posts\/34823","targetHints":{"allow":["GET"]}}],"collection":[{"href":"https:\/\/www.itakaescolapios.org\/es\/wp-json\/wp\/v2\/posts"}],"about":[{"href":"https:\/\/www.itakaescolapios.org\/es\/wp-json\/wp\/v2\/types\/post"}],"author":[{"embeddable":true,"href":"https:\/\/www.itakaescolapios.org\/es\/wp-json\/wp\/v2\/users\/15"}],"replies":[{"embeddable":true,"href":"https:\/\/www.itakaescolapios.org\/es\/wp-json\/wp\/v2\/comments?post=34823"}],"version-history":[{"count":4,"href":"https:\/\/www.itakaescolapios.org\/es\/wp-json\/wp\/v2\/posts\/34823\/revisions"}],"predecessor-version":[{"id":44200,"href":"https:\/\/www.itakaescolapios.org\/es\/wp-json\/wp\/v2\/posts\/34823\/revisions\/44200"}],"wp:featuredmedia":[{"embeddable":true,"href":"https:\/\/www.itakaescolapios.org\/es\/wp-json\/wp\/v2\/media\/34822"}],"wp:attachment":[{"href":"https:\/\/www.itakaescolapios.org\/es\/wp-json\/wp\/v2\/media?parent=34823"}],"wp:term":[{"taxonomy":"category","embeddable":true,"href":"https:\/\/www.itakaescolapios.org\/es\/wp-json\/wp\/v2\/categories?post=34823"},{"taxonomy":"post_tag","embeddable":true,"href":"https:\/\/www.itakaescolapios.org\/es\/wp-json\/wp\/v2\/tags?post=34823"}],"curies":[{"name":"wp","href":"https:\/\/api.w.org\/{rel}","templated":true}]}}