{"id":34959,"date":"2021-11-20T16:56:23","date_gmt":"2021-11-20T15:56:23","guid":{"rendered":"https:\/\/www.itakaescolapios.org\/?p=34959"},"modified":"2023-11-28T12:35:56","modified_gmt":"2023-11-28T11:35:56","slug":"20-de-noviembre-dia-mundial-de-la-infancia","status":"publish","type":"post","link":"https:\/\/www.itakaescolapios.org\/es\/2021\/11\/20-de-noviembre-dia-mundial-de-la-infancia\/","title":{"rendered":"20 DE NOVIEMBRE: D\u00cdA MUNDIAL DE LA INFANCIA"},"content":{"rendered":"<p>El 20 de noviembre es un d\u00eda importante: se celebra el D\u00eda Universal del Ni\u00f1o y se conmemoran los aniversarios de la adopci\u00f3n de la Declaraci\u00f3n Universal de los Derechos del Ni\u00f1o (1959) y la aprobaci\u00f3n de la Convenci\u00f3n de los Derechos del Ni\u00f1o (1989).<\/p>\n<p>Las ni\u00f1as y ni\u00f1os nos apremian a construir un mundo donde puedan vivir una infancia feliz y un futuro de posibilidades. Esto supone preparar una sociedad habitable para todos, donde los derechos b\u00e1sicos sean atendidos, donde la educaci\u00f3n saque lo mejor de s\u00ed, donde puedan contar con una familia y personas que les quieren, donde hay esperanza y futuro\u2026<br \/>\nEn ese empe\u00f1o estamos desde la Red internacional Itaka \u2013 Escolapios: preparar un mundo para toda la humanidad\u2026 y, especialmente, para los m\u00e1s peque\u00f1os.<\/p>\n","protected":false},"excerpt":{"rendered":"<p>El 20 de noviembre es un d\u00eda importante: se celebra el D\u00eda Universal del Ni\u00f1o y se conmemoran los aniversarios de la adopci\u00f3n de la Declaraci\u00f3n Universal de los Derechos [&hellip;]<\/p>\n","protected":false},"author":1,"featured_media":34960,"comment_status":"closed","ping_status":"closed","sticky":false,"template":"","format":"standard","meta":{"_et_pb_use_builder":"","_et_pb_old_content":"","_et_gb_content_width":"","footnotes":""},"categories":[30],"tags":[],"class_list":["post-34959","post","type-post","status-publish","format-standard","has-post-thumbnail","hentry","category-itaka-escolapios"],"yoast_head":"<!-- This site is optimized with the Yoast SEO plugin v27.4 - https:\/\/yoast.com\/product\/yoast-seo-wordpress\/ -->\n<title>20 DE NOVIEMBRE: D\u00cdA MUNDIAL DE LA INFANCIA - Itaka-Escolapios<\/title>\n<meta name=\"robots\" content=\"index, follow, max-snippet:-1, max-image-preview:large, max-video-preview:-1\" \/>\n<link rel=\"canonical\" href=\"https:\/\/www.itakaescolapios.org\/es\/2021\/11\/20-de-noviembre-dia-mundial-de-la-infancia\/\" \/>\n<meta property=\"og:locale\" content=\"es_ES\" \/>\n<meta property=\"og:type\" content=\"article\" \/>\n<meta property=\"og:title\" content=\"20 DE NOVIEMBRE: D\u00cdA MUNDIAL DE LA INFANCIA - Itaka-Escolapios\" \/>\n<meta property=\"og:description\" content=\"El 20 de noviembre es un d\u00eda importante: se celebra el D\u00eda Universal del Ni\u00f1o y se conmemoran los aniversarios de la adopci\u00f3n de la Declaraci\u00f3n Universal de los Derechos [&hellip;]\" \/>\n<meta property=\"og:url\" content=\"https:\/\/www.itakaescolapios.org\/es\/2021\/11\/20-de-noviembre-dia-mundial-de-la-infancia\/\" \/>\n<meta property=\"og:site_name\" content=\"Itaka-Escolapios\" \/>\n<meta property=\"article:published_time\" content=\"2021-11-20T15:56:23+00:00\" \/>\n<meta property=\"article:modified_time\" content=\"2023-11-28T11:35:56+00:00\" \/>\n<meta property=\"og:image\" content=\"https:\/\/www.itakaescolapios.org\/wp-content\/uploads\/2021\/11\/Dia-internacional-de-la-infancia.jpg\" \/>\n\t<meta property=\"og:image:width\" content=\"1200\" \/>\n\t<meta property=\"og:image:height\" content=\"1200\" \/>\n\t<meta property=\"og:image:type\" content=\"image\/jpeg\" \/>\n<meta name=\"author\" content=\"administrador\" \/>\n<meta name=\"twitter:card\" content=\"summary_large_image\" \/>\n<meta name=\"twitter:label1\" content=\"Escrito por\" \/>\n\t<meta name=\"twitter:data1\" content=\"administrador\" \/>\n\t<meta name=\"twitter:label2\" content=\"Tiempo de lectura\" \/>\n\t<meta name=\"twitter:data2\" content=\"1 minuto\" \/>\n<script type=\"application\/ld+json\" class=\"yoast-schema-graph\">{\"@context\":\"https:\\\/\\\/schema.org\",\"@graph\":[{\"@type\":\"Article\",\"@id\":\"https:\\\/\\\/www.itakaescolapios.org\\\/es\\\/2021\\\/11\\\/20-de-noviembre-dia-mundial-de-la-infancia\\\/#article\",\"isPartOf\":{\"@id\":\"https:\\\/\\\/www.itakaescolapios.org\\\/es\\\/2021\\\/11\\\/20-de-noviembre-dia-mundial-de-la-infancia\\\/\"},\"author\":{\"name\":\"administrador\",\"@id\":\"https:\\\/\\\/www.itakaescolapios.org\\\/es\\\/#\\\/schema\\\/person\\\/aaa10333558991c1d6ad358b7721fe71\"},\"headline\":\"20 DE NOVIEMBRE: D\u00cdA MUNDIAL DE LA INFANCIA\",\"datePublished\":\"2021-11-20T15:56:23+00:00\",\"dateModified\":\"2023-11-28T11:35:56+00:00\",\"mainEntityOfPage\":{\"@id\":\"https:\\\/\\\/www.itakaescolapios.org\\\/es\\\/2021\\\/11\\\/20-de-noviembre-dia-mundial-de-la-infancia\\\/\"},\"wordCount\":148,\"publisher\":{\"@id\":\"https:\\\/\\\/www.itakaescolapios.org\\\/es\\\/#organization\"},\"image\":{\"@id\":\"https:\\\/\\\/www.itakaescolapios.org\\\/es\\\/2021\\\/11\\\/20-de-noviembre-dia-mundial-de-la-infancia\\\/#primaryimage\"},\"thumbnailUrl\":\"https:\\\/\\\/www.itakaescolapios.org\\\/wp-content\\\/uploads\\\/2021\\\/11\\\/Dia-internacional-de-la-infancia.jpg\",\"articleSection\":[\"Itaka Escolapios\"],\"inLanguage\":\"es\"},{\"@type\":\"WebPage\",\"@id\":\"https:\\\/\\\/www.itakaescolapios.org\\\/es\\\/2021\\\/11\\\/20-de-noviembre-dia-mundial-de-la-infancia\\\/\",\"url\":\"https:\\\/\\\/www.itakaescolapios.org\\\/es\\\/2021\\\/11\\\/20-de-noviembre-dia-mundial-de-la-infancia\\\/\",\"name\":\"20 DE NOVIEMBRE: D\u00cdA MUNDIAL DE LA INFANCIA - Itaka-Escolapios\",\"isPartOf\":{\"@id\":\"https:\\\/\\\/www.itakaescolapios.org\\\/es\\\/#website\"},\"primaryImageOfPage\":{\"@id\":\"https:\\\/\\\/www.itakaescolapios.org\\\/es\\\/2021\\\/11\\\/20-de-noviembre-dia-mundial-de-la-infancia\\\/#primaryimage\"},\"image\":{\"@id\":\"https:\\\/\\\/www.itakaescolapios.org\\\/es\\\/2021\\\/11\\\/20-de-noviembre-dia-mundial-de-la-infancia\\\/#primaryimage\"},\"thumbnailUrl\":\"https:\\\/\\\/www.itakaescolapios.org\\\/wp-content\\\/uploads\\\/2021\\\/11\\\/Dia-internacional-de-la-infancia.jpg\",\"datePublished\":\"2021-11-20T15:56:23+00:00\",\"dateModified\":\"2023-11-28T11:35:56+00:00\",\"breadcrumb\":{\"@id\":\"https:\\\/\\\/www.itakaescolapios.org\\\/es\\\/2021\\\/11\\\/20-de-noviembre-dia-mundial-de-la-infancia\\\/#breadcrumb\"},\"inLanguage\":\"es\",\"potentialAction\":[{\"@type\":\"ReadAction\",\"target\":[\"https:\\\/\\\/www.itakaescolapios.org\\\/es\\\/2021\\\/11\\\/20-de-noviembre-dia-mundial-de-la-infancia\\\/\"]}]},{\"@type\":\"ImageObject\",\"inLanguage\":\"es\",\"@id\":\"https:\\\/\\\/www.itakaescolapios.org\\\/es\\\/2021\\\/11\\\/20-de-noviembre-dia-mundial-de-la-infancia\\\/#primaryimage\",\"url\":\"https:\\\/\\\/www.itakaescolapios.org\\\/wp-content\\\/uploads\\\/2021\\\/11\\\/Dia-internacional-de-la-infancia.jpg\",\"contentUrl\":\"https:\\\/\\\/www.itakaescolapios.org\\\/wp-content\\\/uploads\\\/2021\\\/11\\\/Dia-internacional-de-la-infancia.jpg\",\"width\":1200,\"height\":1200},{\"@type\":\"BreadcrumbList\",\"@id\":\"https:\\\/\\\/www.itakaescolapios.org\\\/es\\\/2021\\\/11\\\/20-de-noviembre-dia-mundial-de-la-infancia\\\/#breadcrumb\",\"itemListElement\":[{\"@type\":\"ListItem\",\"position\":1,\"name\":\"Portada\",\"item\":\"https:\\\/\\\/www.itakaescolapios.org\\\/es\\\/\"},{\"@type\":\"ListItem\",\"position\":2,\"name\":\"20 DE NOVIEMBRE: D\u00cdA MUNDIAL DE LA INFANCIA\"}]},{\"@type\":\"WebSite\",\"@id\":\"https:\\\/\\\/www.itakaescolapios.org\\\/es\\\/#website\",\"url\":\"https:\\\/\\\/www.itakaescolapios.org\\\/es\\\/\",\"name\":\"Itaka-Escolapios\",\"description\":\"Red de Itaka-Escolapios\",\"publisher\":{\"@id\":\"https:\\\/\\\/www.itakaescolapios.org\\\/es\\\/#organization\"},\"potentialAction\":[{\"@type\":\"SearchAction\",\"target\":{\"@type\":\"EntryPoint\",\"urlTemplate\":\"https:\\\/\\\/www.itakaescolapios.org\\\/es\\\/?s={search_term_string}\"},\"query-input\":{\"@type\":\"PropertyValueSpecification\",\"valueRequired\":true,\"valueName\":\"search_term_string\"}}],\"inLanguage\":\"es\"},{\"@type\":\"Organization\",\"@id\":\"https:\\\/\\\/www.itakaescolapios.org\\\/es\\\/#organization\",\"name\":\"Fundaci\u00f3 Itaka-Escolapios\",\"url\":\"https:\\\/\\\/www.itakaescolapios.org\\\/es\\\/\",\"logo\":{\"@type\":\"ImageObject\",\"inLanguage\":\"es\",\"@id\":\"https:\\\/\\\/www.itakaescolapios.org\\\/es\\\/#\\\/schema\\\/logo\\\/image\\\/\",\"url\":\"https:\\\/\\\/www.itakaescolapios.org\\\/wp-content\\\/uploads\\\/2024\\\/04\\\/Logo-itakaescolapios-peque.png\",\"contentUrl\":\"https:\\\/\\\/www.itakaescolapios.org\\\/wp-content\\\/uploads\\\/2024\\\/04\\\/Logo-itakaescolapios-peque.png\",\"width\":500,\"height\":199,\"caption\":\"Fundaci\u00f3 Itaka-Escolapios\"},\"image\":{\"@id\":\"https:\\\/\\\/www.itakaescolapios.org\\\/es\\\/#\\\/schema\\\/logo\\\/image\\\/\"}},{\"@type\":\"Person\",\"@id\":\"https:\\\/\\\/www.itakaescolapios.org\\\/es\\\/#\\\/schema\\\/person\\\/aaa10333558991c1d6ad358b7721fe71\",\"name\":\"administrador\",\"url\":\"https:\\\/\\\/www.itakaescolapios.org\\\/es\\\/author\\\/administrador\\\/\"}]}<\/script>\n<!-- \/ Yoast SEO plugin. -->","yoast_head_json":{"title":"20 DE NOVIEMBRE: D\u00cdA MUNDIAL DE LA INFANCIA - Itaka-Escolapios","robots":{"index":"index","follow":"follow","max-snippet":"max-snippet:-1","max-image-preview":"max-image-preview:large","max-video-preview":"max-video-preview:-1"},"canonical":"https:\/\/www.itakaescolapios.org\/es\/2021\/11\/20-de-noviembre-dia-mundial-de-la-infancia\/","og_locale":"es_ES","og_type":"article","og_title":"20 DE NOVIEMBRE: D\u00cdA MUNDIAL DE LA INFANCIA - Itaka-Escolapios","og_description":"El 20 de noviembre es un d\u00eda importante: se celebra el D\u00eda Universal del Ni\u00f1o y se conmemoran los aniversarios de la adopci\u00f3n de la Declaraci\u00f3n Universal de los Derechos [&hellip;]","og_url":"https:\/\/www.itakaescolapios.org\/es\/2021\/11\/20-de-noviembre-dia-mundial-de-la-infancia\/","og_site_name":"Itaka-Escolapios","article_published_time":"2021-11-20T15:56:23+00:00","article_modified_time":"2023-11-28T11:35:56+00:00","og_image":[{"width":1200,"height":1200,"url":"https:\/\/www.itakaescolapios.org\/wp-content\/uploads\/2021\/11\/Dia-internacional-de-la-infancia.jpg","type":"image\/jpeg"}],"author":"administrador","twitter_card":"summary_large_image","twitter_misc":{"Escrito por":"administrador","Tiempo de lectura":"1 minuto"},"schema":{"@context":"https:\/\/schema.org","@graph":[{"@type":"Article","@id":"https:\/\/www.itakaescolapios.org\/es\/2021\/11\/20-de-noviembre-dia-mundial-de-la-infancia\/#article","isPartOf":{"@id":"https:\/\/www.itakaescolapios.org\/es\/2021\/11\/20-de-noviembre-dia-mundial-de-la-infancia\/"},"author":{"name":"administrador","@id":"https:\/\/www.itakaescolapios.org\/es\/#\/schema\/person\/aaa10333558991c1d6ad358b7721fe71"},"headline":"20 DE NOVIEMBRE: D\u00cdA MUNDIAL DE LA INFANCIA","datePublished":"2021-11-20T15:56:23+00:00","dateModified":"2023-11-28T11:35:56+00:00","mainEntityOfPage":{"@id":"https:\/\/www.itakaescolapios.org\/es\/2021\/11\/20-de-noviembre-dia-mundial-de-la-infancia\/"},"wordCount":148,"publisher":{"@id":"https:\/\/www.itakaescolapios.org\/es\/#organization"},"image":{"@id":"https:\/\/www.itakaescolapios.org\/es\/2021\/11\/20-de-noviembre-dia-mundial-de-la-infancia\/#primaryimage"},"thumbnailUrl":"https:\/\/www.itakaescolapios.org\/wp-content\/uploads\/2021\/11\/Dia-internacional-de-la-infancia.jpg","articleSection":["Itaka Escolapios"],"inLanguage":"es"},{"@type":"WebPage","@id":"https:\/\/www.itakaescolapios.org\/es\/2021\/11\/20-de-noviembre-dia-mundial-de-la-infancia\/","url":"https:\/\/www.itakaescolapios.org\/es\/2021\/11\/20-de-noviembre-dia-mundial-de-la-infancia\/","name":"20 DE NOVIEMBRE: D\u00cdA MUNDIAL DE LA INFANCIA - Itaka-Escolapios","isPartOf":{"@id":"https:\/\/www.itakaescolapios.org\/es\/#website"},"primaryImageOfPage":{"@id":"https:\/\/www.itakaescolapios.org\/es\/2021\/11\/20-de-noviembre-dia-mundial-de-la-infancia\/#primaryimage"},"image":{"@id":"https:\/\/www.itakaescolapios.org\/es\/2021\/11\/20-de-noviembre-dia-mundial-de-la-infancia\/#primaryimage"},"thumbnailUrl":"https:\/\/www.itakaescolapios.org\/wp-content\/uploads\/2021\/11\/Dia-internacional-de-la-infancia.jpg","datePublished":"2021-11-20T15:56:23+00:00","dateModified":"2023-11-28T11:35:56+00:00","breadcrumb":{"@id":"https:\/\/www.itakaescolapios.org\/es\/2021\/11\/20-de-noviembre-dia-mundial-de-la-infancia\/#breadcrumb"},"inLanguage":"es","potentialAction":[{"@type":"ReadAction","target":["https:\/\/www.itakaescolapios.org\/es\/2021\/11\/20-de-noviembre-dia-mundial-de-la-infancia\/"]}]},{"@type":"ImageObject","inLanguage":"es","@id":"https:\/\/www.itakaescolapios.org\/es\/2021\/11\/20-de-noviembre-dia-mundial-de-la-infancia\/#primaryimage","url":"https:\/\/www.itakaescolapios.org\/wp-content\/uploads\/2021\/11\/Dia-internacional-de-la-infancia.jpg","contentUrl":"https:\/\/www.itakaescolapios.org\/wp-content\/uploads\/2021\/11\/Dia-internacional-de-la-infancia.jpg","width":1200,"height":1200},{"@type":"BreadcrumbList","@id":"https:\/\/www.itakaescolapios.org\/es\/2021\/11\/20-de-noviembre-dia-mundial-de-la-infancia\/#breadcrumb","itemListElement":[{"@type":"ListItem","position":1,"name":"Portada","item":"https:\/\/www.itakaescolapios.org\/es\/"},{"@type":"ListItem","position":2,"name":"20 DE NOVIEMBRE: D\u00cdA MUNDIAL DE LA INFANCIA"}]},{"@type":"WebSite","@id":"https:\/\/www.itakaescolapios.org\/es\/#website","url":"https:\/\/www.itakaescolapios.org\/es\/","name":"Itaka-Escolapios","description":"Red de Itaka-Escolapios","publisher":{"@id":"https:\/\/www.itakaescolapios.org\/es\/#organization"},"potentialAction":[{"@type":"SearchAction","target":{"@type":"EntryPoint","urlTemplate":"https:\/\/www.itakaescolapios.org\/es\/?s={search_term_string}"},"query-input":{"@type":"PropertyValueSpecification","valueRequired":true,"valueName":"search_term_string"}}],"inLanguage":"es"},{"@type":"Organization","@id":"https:\/\/www.itakaescolapios.org\/es\/#organization","name":"Fundaci\u00f3 Itaka-Escolapios","url":"https:\/\/www.itakaescolapios.org\/es\/","logo":{"@type":"ImageObject","inLanguage":"es","@id":"https:\/\/www.itakaescolapios.org\/es\/#\/schema\/logo\/image\/","url":"https:\/\/www.itakaescolapios.org\/wp-content\/uploads\/2024\/04\/Logo-itakaescolapios-peque.png","contentUrl":"https:\/\/www.itakaescolapios.org\/wp-content\/uploads\/2024\/04\/Logo-itakaescolapios-peque.png","width":500,"height":199,"caption":"Fundaci\u00f3 Itaka-Escolapios"},"image":{"@id":"https:\/\/www.itakaescolapios.org\/es\/#\/schema\/logo\/image\/"}},{"@type":"Person","@id":"https:\/\/www.itakaescolapios.org\/es\/#\/schema\/person\/aaa10333558991c1d6ad358b7721fe71","name":"administrador","url":"https:\/\/www.itakaescolapios.org\/es\/author\/administrador\/"}]}},"_links":{"self":[{"href":"https:\/\/www.itakaescolapios.org\/es\/wp-json\/wp\/v2\/posts\/34959","targetHints":{"allow":["GET"]}}],"collection":[{"href":"https:\/\/www.itakaescolapios.org\/es\/wp-json\/wp\/v2\/posts"}],"about":[{"href":"https:\/\/www.itakaescolapios.org\/es\/wp-json\/wp\/v2\/types\/post"}],"author":[{"embeddable":true,"href":"https:\/\/www.itakaescolapios.org\/es\/wp-json\/wp\/v2\/users\/1"}],"replies":[{"embeddable":true,"href":"https:\/\/www.itakaescolapios.org\/es\/wp-json\/wp\/v2\/comments?post=34959"}],"version-history":[{"count":3,"href":"https:\/\/www.itakaescolapios.org\/es\/wp-json\/wp\/v2\/posts\/34959\/revisions"}],"predecessor-version":[{"id":44178,"href":"https:\/\/www.itakaescolapios.org\/es\/wp-json\/wp\/v2\/posts\/34959\/revisions\/44178"}],"wp:featuredmedia":[{"embeddable":true,"href":"https:\/\/www.itakaescolapios.org\/es\/wp-json\/wp\/v2\/media\/34960"}],"wp:attachment":[{"href":"https:\/\/www.itakaescolapios.org\/es\/wp-json\/wp\/v2\/media?parent=34959"}],"wp:term":[{"taxonomy":"category","embeddable":true,"href":"https:\/\/www.itakaescolapios.org\/es\/wp-json\/wp\/v2\/categories?post=34959"},{"taxonomy":"post_tag","embeddable":true,"href":"https:\/\/www.itakaescolapios.org\/es\/wp-json\/wp\/v2\/tags?post=34959"}],"curies":[{"name":"wp","href":"https:\/\/api.w.org\/{rel}","templated":true}]}}