{"id":35258,"date":"2021-12-10T10:04:18","date_gmt":"2021-12-10T09:04:18","guid":{"rendered":"https:\/\/www.itakaescolapios.org\/?p=35258"},"modified":"2023-11-28T12:35:55","modified_gmt":"2023-11-28T11:35:55","slug":"dia-de-los-derechos-humanos-10-de-diciembre-2","status":"publish","type":"post","link":"https:\/\/www.itakaescolapios.org\/es\/2021\/12\/dia-de-los-derechos-humanos-10-de-diciembre-2\/","title":{"rendered":"D\u00cdA DE LOS DERECHOS HUMANOS, 10 DE DICIEMBRE"},"content":{"rendered":"<p>Importante fecha para recordar, pero tambi\u00e9n para darnos cuenta de que queda mucho trabajo por hacer todav\u00eda\u2026<\/p>\n<p>La Asamblea General de las Naciones Unidas proclam\u00f3 el 10 de diciembre como D\u00eda de los Derechos Humanos en 1950, para se\u00f1alar a la atenci\u00f3n de \u00ablos pueblos del mundo\u00bb la Declaraci\u00f3n Universal de Derechos Humanos como ideal com\u00fan de todos los pueblos y todas las naciones.<\/p>\n<p>La Asamblea General de las Naciones Unidas estableci\u00f3 el mandato del Alto Comisionado para la promoci\u00f3n y la protecci\u00f3n de todos los derechos humanos en diciembre de 1993, actuando a ra\u00edz de una recomendaci\u00f3n de los delegados presentes en la Conferencia Mundial de Derechos Humanos celebrara en Viena ese mismo a\u00f1o. La Declaraci\u00f3n y Programa de Acci\u00f3n de Viena Documento PDF, aprobada por la Conferencia Mundial, marc\u00f3 el comienzo de un esfuerzo renovado de protecci\u00f3n y promoci\u00f3n de los derechos humanos y se considera uno de los documentos de derechos humanos m\u00e1s significativos de los \u00faltimos 25 a\u00f1os.<\/p>\n\n\t\t<style type=\"text\/css\">\n\t\t\t#gallery-1 {\n\t\t\t\tmargin: auto;\n\t\t\t}\n\t\t\t#gallery-1 .gallery-item {\n\t\t\t\tfloat: left;\n\t\t\t\tmargin-top: 10px;\n\t\t\t\ttext-align: center;\n\t\t\t\twidth: 33%;\n\t\t\t}\n\t\t\t#gallery-1 img {\n\t\t\t\tborder: 2px solid #cfcfcf;\n\t\t\t}\n\t\t\t#gallery-1 .gallery-caption {\n\t\t\t\tmargin-left: 0;\n\t\t\t}\n\t\t\t\/* see gallery_shortcode() in wp-includes\/media.php *\/\n\t\t<\/style>\n\t\t<div id='gallery-1' class='gallery galleryid-35258 gallery-columns-3 gallery-size-thumbnail'><dl class='gallery-item'>\n\t\t\t<dt class='gallery-icon portrait'>\n\t\t\t\t<a href='https:\/\/www.itakaescolapios.org\/es\/ddhh-esp-2\/'><img decoding=\"async\" width=\"90\" height=\"90\" src=\"https:\/\/www.itakaescolapios.org\/wp-content\/uploads\/2021\/12\/DDHH-ESP-90x90.jpg\" class=\"attachment-thumbnail size-thumbnail\" alt=\"\" srcset=\"https:\/\/www.itakaescolapios.org\/wp-content\/uploads\/2021\/12\/DDHH-ESP-90x90.jpg 90w, https:\/\/www.itakaescolapios.org\/wp-content\/uploads\/2021\/12\/DDHH-ESP-300x300.jpg 300w, https:\/\/www.itakaescolapios.org\/wp-content\/uploads\/2021\/12\/DDHH-ESP-1022x1024.jpg 1022w, https:\/\/www.itakaescolapios.org\/wp-content\/uploads\/2021\/12\/DDHH-ESP-768x769.jpg 768w, https:\/\/www.itakaescolapios.org\/wp-content\/uploads\/2021\/12\/DDHH-ESP-1533x1536.jpg 1533w, https:\/\/www.itakaescolapios.org\/wp-content\/uploads\/2021\/12\/DDHH-ESP-2044x2048.jpg 2044w, https:\/\/www.itakaescolapios.org\/wp-content\/uploads\/2021\/12\/DDHH-ESP-250x250.jpg 250w, https:\/\/www.itakaescolapios.org\/wp-content\/uploads\/2021\/12\/DDHH-ESP-1080x1082.jpg 1080w, https:\/\/www.itakaescolapios.org\/wp-content\/uploads\/2021\/12\/DDHH-ESP.jpg 1497w\" sizes=\"(max-width: 90px) 100vw, 90px\" \/><\/a>\n\t\t\t<\/dt><\/dl><dl class='gallery-item'>\n\t\t\t<dt class='gallery-icon portrait'>\n\t\t\t\t<a href='https:\/\/www.itakaescolapios.org\/es\/ddhh-port-2\/'><img decoding=\"async\" width=\"90\" height=\"90\" src=\"https:\/\/www.itakaescolapios.org\/wp-content\/uploads\/2021\/12\/DDHH-PORT-90x90.jpg\" class=\"attachment-thumbnail size-thumbnail\" alt=\"\" srcset=\"https:\/\/www.itakaescolapios.org\/wp-content\/uploads\/2021\/12\/DDHH-PORT-90x90.jpg 90w, https:\/\/www.itakaescolapios.org\/wp-content\/uploads\/2021\/12\/DDHH-PORT-300x300.jpg 300w, https:\/\/www.itakaescolapios.org\/wp-content\/uploads\/2021\/12\/DDHH-PORT-1022x1024.jpg 1022w, https:\/\/www.itakaescolapios.org\/wp-content\/uploads\/2021\/12\/DDHH-PORT-768x769.jpg 768w, https:\/\/www.itakaescolapios.org\/wp-content\/uploads\/2021\/12\/DDHH-PORT-1533x1536.jpg 1533w, https:\/\/www.itakaescolapios.org\/wp-content\/uploads\/2021\/12\/DDHH-PORT-2044x2048.jpg 2044w, https:\/\/www.itakaescolapios.org\/wp-content\/uploads\/2021\/12\/DDHH-PORT-250x250.jpg 250w, https:\/\/www.itakaescolapios.org\/wp-content\/uploads\/2021\/12\/DDHH-PORT-1080x1082.jpg 1080w, https:\/\/www.itakaescolapios.org\/wp-content\/uploads\/2021\/12\/DDHH-PORT.jpg 1497w\" sizes=\"(max-width: 90px) 100vw, 90px\" \/><\/a>\n\t\t\t<\/dt><\/dl><dl class='gallery-item'>\n\t\t\t<dt class='gallery-icon portrait'>\n\t\t\t\t<a href='https:\/\/www.itakaescolapios.org\/es\/ddhh-ingl-2\/'><img decoding=\"async\" width=\"90\" height=\"90\" src=\"https:\/\/www.itakaescolapios.org\/wp-content\/uploads\/2021\/12\/DDHH-INGL-90x90.jpg\" class=\"attachment-thumbnail size-thumbnail\" alt=\"\" srcset=\"https:\/\/www.itakaescolapios.org\/wp-content\/uploads\/2021\/12\/DDHH-INGL-90x90.jpg 90w, https:\/\/www.itakaescolapios.org\/wp-content\/uploads\/2021\/12\/DDHH-INGL-300x300.jpg 300w, https:\/\/www.itakaescolapios.org\/wp-content\/uploads\/2021\/12\/DDHH-INGL-1022x1024.jpg 1022w, https:\/\/www.itakaescolapios.org\/wp-content\/uploads\/2021\/12\/DDHH-INGL-768x769.jpg 768w, https:\/\/www.itakaescolapios.org\/wp-content\/uploads\/2021\/12\/DDHH-INGL-1533x1536.jpg 1533w, https:\/\/www.itakaescolapios.org\/wp-content\/uploads\/2021\/12\/DDHH-INGL-2044x2048.jpg 2044w, https:\/\/www.itakaescolapios.org\/wp-content\/uploads\/2021\/12\/DDHH-INGL-250x250.jpg 250w, https:\/\/www.itakaescolapios.org\/wp-content\/uploads\/2021\/12\/DDHH-INGL-1080x1082.jpg 1080w, https:\/\/www.itakaescolapios.org\/wp-content\/uploads\/2021\/12\/DDHH-INGL.jpg 1497w\" sizes=\"(max-width: 90px) 100vw, 90px\" \/><\/a>\n\t\t\t<\/dt><\/dl><br style=\"clear: both\" \/><dl class='gallery-item'>\n\t\t\t<dt class='gallery-icon portrait'>\n\t\t\t\t<a href='https:\/\/www.itakaescolapios.org\/es\/ddhh-fran-2\/'><img decoding=\"async\" width=\"90\" height=\"90\" src=\"https:\/\/www.itakaescolapios.org\/wp-content\/uploads\/2021\/12\/DDHH-FRAN-90x90.jpg\" class=\"attachment-thumbnail size-thumbnail\" alt=\"\" srcset=\"https:\/\/www.itakaescolapios.org\/wp-content\/uploads\/2021\/12\/DDHH-FRAN-90x90.jpg 90w, https:\/\/www.itakaescolapios.org\/wp-content\/uploads\/2021\/12\/DDHH-FRAN-300x300.jpg 300w, https:\/\/www.itakaescolapios.org\/wp-content\/uploads\/2021\/12\/DDHH-FRAN-1022x1024.jpg 1022w, https:\/\/www.itakaescolapios.org\/wp-content\/uploads\/2021\/12\/DDHH-FRAN-768x769.jpg 768w, https:\/\/www.itakaescolapios.org\/wp-content\/uploads\/2021\/12\/DDHH-FRAN-1533x1536.jpg 1533w, https:\/\/www.itakaescolapios.org\/wp-content\/uploads\/2021\/12\/DDHH-FRAN-2044x2048.jpg 2044w, https:\/\/www.itakaescolapios.org\/wp-content\/uploads\/2021\/12\/DDHH-FRAN-250x250.jpg 250w, https:\/\/www.itakaescolapios.org\/wp-content\/uploads\/2021\/12\/DDHH-FRAN-1080x1082.jpg 1080w, https:\/\/www.itakaescolapios.org\/wp-content\/uploads\/2021\/12\/DDHH-FRAN.jpg 1497w\" sizes=\"(max-width: 90px) 100vw, 90px\" \/><\/a>\n\t\t\t<\/dt><\/dl><dl class='gallery-item'>\n\t\t\t<dt class='gallery-icon portrait'>\n\t\t\t\t<a href='https:\/\/www.itakaescolapios.org\/es\/ddhh-eusk\/'><img decoding=\"async\" width=\"90\" height=\"90\" src=\"https:\/\/www.itakaescolapios.org\/wp-content\/uploads\/2021\/12\/DDHH-EUSK-90x90.jpg\" class=\"attachment-thumbnail size-thumbnail\" alt=\"\" srcset=\"https:\/\/www.itakaescolapios.org\/wp-content\/uploads\/2021\/12\/DDHH-EUSK-90x90.jpg 90w, https:\/\/www.itakaescolapios.org\/wp-content\/uploads\/2021\/12\/DDHH-EUSK-300x300.jpg 300w, https:\/\/www.itakaescolapios.org\/wp-content\/uploads\/2021\/12\/DDHH-EUSK-1022x1024.jpg 1022w, https:\/\/www.itakaescolapios.org\/wp-content\/uploads\/2021\/12\/DDHH-EUSK-768x769.jpg 768w, https:\/\/www.itakaescolapios.org\/wp-content\/uploads\/2021\/12\/DDHH-EUSK-1533x1536.jpg 1533w, https:\/\/www.itakaescolapios.org\/wp-content\/uploads\/2021\/12\/DDHH-EUSK-2044x2048.jpg 2044w, https:\/\/www.itakaescolapios.org\/wp-content\/uploads\/2021\/12\/DDHH-EUSK-250x250.jpg 250w, https:\/\/www.itakaescolapios.org\/wp-content\/uploads\/2021\/12\/DDHH-EUSK-1080x1082.jpg 1080w, https:\/\/www.itakaescolapios.org\/wp-content\/uploads\/2021\/12\/DDHH-EUSK.jpg 1497w\" sizes=\"(max-width: 90px) 100vw, 90px\" \/><\/a>\n\t\t\t<\/dt><\/dl>\n\t\t\t<br style='clear: both' \/>\n\t\t<\/div>\n\n","protected":false},"excerpt":{"rendered":"<p>Importante fecha para recordar, pero tambi\u00e9n para darnos cuenta de que queda mucho trabajo por hacer todav\u00eda\u2026 La Asamblea General de las Naciones Unidas proclam\u00f3 el 10 de diciembre como [&hellip;]<\/p>\n","protected":false},"author":4,"featured_media":35262,"comment_status":"closed","ping_status":"closed","sticky":false,"template":"","format":"standard","meta":{"_et_pb_use_builder":"","_et_pb_old_content":"","_et_gb_content_width":"","footnotes":""},"categories":[30],"tags":[],"class_list":["post-35258","post","type-post","status-publish","format-standard","has-post-thumbnail","hentry","category-itaka-escolapios"],"yoast_head":"<!-- This site is optimized with the Yoast SEO plugin v27.4 - https:\/\/yoast.com\/product\/yoast-seo-wordpress\/ -->\n<title>D\u00cdA DE LOS DERECHOS HUMANOS, 10 DE DICIEMBRE - Itaka-Escolapios<\/title>\n<meta name=\"robots\" content=\"index, follow, max-snippet:-1, max-image-preview:large, max-video-preview:-1\" \/>\n<link rel=\"canonical\" href=\"https:\/\/www.itakaescolapios.org\/es\/2021\/12\/dia-de-los-derechos-humanos-10-de-diciembre-2\/\" \/>\n<meta property=\"og:locale\" content=\"es_ES\" \/>\n<meta property=\"og:type\" content=\"article\" \/>\n<meta property=\"og:title\" content=\"D\u00cdA DE LOS DERECHOS HUMANOS, 10 DE DICIEMBRE - Itaka-Escolapios\" \/>\n<meta property=\"og:description\" content=\"Importante fecha para recordar, pero tambi\u00e9n para darnos cuenta de que queda mucho trabajo por hacer todav\u00eda\u2026 La Asamblea General de las Naciones Unidas proclam\u00f3 el 10 de diciembre como [&hellip;]\" \/>\n<meta property=\"og:url\" content=\"https:\/\/www.itakaescolapios.org\/es\/2021\/12\/dia-de-los-derechos-humanos-10-de-diciembre-2\/\" \/>\n<meta property=\"og:site_name\" content=\"Itaka-Escolapios\" \/>\n<meta property=\"article:published_time\" content=\"2021-12-10T09:04:18+00:00\" \/>\n<meta property=\"article:modified_time\" content=\"2023-11-28T11:35:55+00:00\" \/>\n<meta property=\"og:image\" content=\"https:\/\/www.itakaescolapios.org\/wp-content\/uploads\/2021\/12\/DDHH-PORT.jpg\" \/>\n\t<meta property=\"og:image:width\" content=\"1497\" \/>\n\t<meta property=\"og:image:height\" content=\"1500\" \/>\n\t<meta property=\"og:image:type\" content=\"image\/jpeg\" \/>\n<meta name=\"author\" content=\"itaka\" \/>\n<meta name=\"twitter:card\" content=\"summary_large_image\" \/>\n<meta name=\"twitter:label1\" content=\"Escrito por\" \/>\n\t<meta name=\"twitter:data1\" content=\"itaka\" \/>\n\t<meta name=\"twitter:label2\" content=\"Tiempo de lectura\" \/>\n\t<meta name=\"twitter:data2\" content=\"1 minuto\" \/>\n<script type=\"application\/ld+json\" class=\"yoast-schema-graph\">{\"@context\":\"https:\\\/\\\/schema.org\",\"@graph\":[{\"@type\":\"Article\",\"@id\":\"https:\\\/\\\/www.itakaescolapios.org\\\/es\\\/2021\\\/12\\\/dia-de-los-derechos-humanos-10-de-diciembre-2\\\/#article\",\"isPartOf\":{\"@id\":\"https:\\\/\\\/www.itakaescolapios.org\\\/es\\\/2021\\\/12\\\/dia-de-los-derechos-humanos-10-de-diciembre-2\\\/\"},\"author\":{\"name\":\"itaka\",\"@id\":\"https:\\\/\\\/www.itakaescolapios.org\\\/es\\\/#\\\/schema\\\/person\\\/670123daeb1cc31cae1b106740036ccb\"},\"headline\":\"D\u00cdA DE LOS DERECHOS HUMANOS, 10 DE DICIEMBRE\",\"datePublished\":\"2021-12-10T09:04:18+00:00\",\"dateModified\":\"2023-11-28T11:35:55+00:00\",\"mainEntityOfPage\":{\"@id\":\"https:\\\/\\\/www.itakaescolapios.org\\\/es\\\/2021\\\/12\\\/dia-de-los-derechos-humanos-10-de-diciembre-2\\\/\"},\"wordCount\":186,\"publisher\":{\"@id\":\"https:\\\/\\\/www.itakaescolapios.org\\\/es\\\/#organization\"},\"image\":{\"@id\":\"https:\\\/\\\/www.itakaescolapios.org\\\/es\\\/2021\\\/12\\\/dia-de-los-derechos-humanos-10-de-diciembre-2\\\/#primaryimage\"},\"thumbnailUrl\":\"https:\\\/\\\/www.itakaescolapios.org\\\/wp-content\\\/uploads\\\/2021\\\/12\\\/DDHH-PORT.jpg\",\"articleSection\":[\"Itaka Escolapios\"],\"inLanguage\":\"es\"},{\"@type\":\"WebPage\",\"@id\":\"https:\\\/\\\/www.itakaescolapios.org\\\/es\\\/2021\\\/12\\\/dia-de-los-derechos-humanos-10-de-diciembre-2\\\/\",\"url\":\"https:\\\/\\\/www.itakaescolapios.org\\\/es\\\/2021\\\/12\\\/dia-de-los-derechos-humanos-10-de-diciembre-2\\\/\",\"name\":\"D\u00cdA DE LOS DERECHOS HUMANOS, 10 DE DICIEMBRE - Itaka-Escolapios\",\"isPartOf\":{\"@id\":\"https:\\\/\\\/www.itakaescolapios.org\\\/es\\\/#website\"},\"primaryImageOfPage\":{\"@id\":\"https:\\\/\\\/www.itakaescolapios.org\\\/es\\\/2021\\\/12\\\/dia-de-los-derechos-humanos-10-de-diciembre-2\\\/#primaryimage\"},\"image\":{\"@id\":\"https:\\\/\\\/www.itakaescolapios.org\\\/es\\\/2021\\\/12\\\/dia-de-los-derechos-humanos-10-de-diciembre-2\\\/#primaryimage\"},\"thumbnailUrl\":\"https:\\\/\\\/www.itakaescolapios.org\\\/wp-content\\\/uploads\\\/2021\\\/12\\\/DDHH-PORT.jpg\",\"datePublished\":\"2021-12-10T09:04:18+00:00\",\"dateModified\":\"2023-11-28T11:35:55+00:00\",\"breadcrumb\":{\"@id\":\"https:\\\/\\\/www.itakaescolapios.org\\\/es\\\/2021\\\/12\\\/dia-de-los-derechos-humanos-10-de-diciembre-2\\\/#breadcrumb\"},\"inLanguage\":\"es\",\"potentialAction\":[{\"@type\":\"ReadAction\",\"target\":[\"https:\\\/\\\/www.itakaescolapios.org\\\/es\\\/2021\\\/12\\\/dia-de-los-derechos-humanos-10-de-diciembre-2\\\/\"]}]},{\"@type\":\"ImageObject\",\"inLanguage\":\"es\",\"@id\":\"https:\\\/\\\/www.itakaescolapios.org\\\/es\\\/2021\\\/12\\\/dia-de-los-derechos-humanos-10-de-diciembre-2\\\/#primaryimage\",\"url\":\"https:\\\/\\\/www.itakaescolapios.org\\\/wp-content\\\/uploads\\\/2021\\\/12\\\/DDHH-PORT.jpg\",\"contentUrl\":\"https:\\\/\\\/www.itakaescolapios.org\\\/wp-content\\\/uploads\\\/2021\\\/12\\\/DDHH-PORT.jpg\",\"width\":1497,\"height\":1500},{\"@type\":\"BreadcrumbList\",\"@id\":\"https:\\\/\\\/www.itakaescolapios.org\\\/es\\\/2021\\\/12\\\/dia-de-los-derechos-humanos-10-de-diciembre-2\\\/#breadcrumb\",\"itemListElement\":[{\"@type\":\"ListItem\",\"position\":1,\"name\":\"Portada\",\"item\":\"https:\\\/\\\/www.itakaescolapios.org\\\/es\\\/\"},{\"@type\":\"ListItem\",\"position\":2,\"name\":\"D\u00cdA DE LOS DERECHOS HUMANOS, 10 DE DICIEMBRE\"}]},{\"@type\":\"WebSite\",\"@id\":\"https:\\\/\\\/www.itakaescolapios.org\\\/es\\\/#website\",\"url\":\"https:\\\/\\\/www.itakaescolapios.org\\\/es\\\/\",\"name\":\"Itaka-Escolapios\",\"description\":\"Red de Itaka-Escolapios\",\"publisher\":{\"@id\":\"https:\\\/\\\/www.itakaescolapios.org\\\/es\\\/#organization\"},\"potentialAction\":[{\"@type\":\"SearchAction\",\"target\":{\"@type\":\"EntryPoint\",\"urlTemplate\":\"https:\\\/\\\/www.itakaescolapios.org\\\/es\\\/?s={search_term_string}\"},\"query-input\":{\"@type\":\"PropertyValueSpecification\",\"valueRequired\":true,\"valueName\":\"search_term_string\"}}],\"inLanguage\":\"es\"},{\"@type\":\"Organization\",\"@id\":\"https:\\\/\\\/www.itakaescolapios.org\\\/es\\\/#organization\",\"name\":\"Fundaci\u00f3 Itaka-Escolapios\",\"url\":\"https:\\\/\\\/www.itakaescolapios.org\\\/es\\\/\",\"logo\":{\"@type\":\"ImageObject\",\"inLanguage\":\"es\",\"@id\":\"https:\\\/\\\/www.itakaescolapios.org\\\/es\\\/#\\\/schema\\\/logo\\\/image\\\/\",\"url\":\"https:\\\/\\\/www.itakaescolapios.org\\\/wp-content\\\/uploads\\\/2024\\\/04\\\/Logo-itakaescolapios-peque.png\",\"contentUrl\":\"https:\\\/\\\/www.itakaescolapios.org\\\/wp-content\\\/uploads\\\/2024\\\/04\\\/Logo-itakaescolapios-peque.png\",\"width\":500,\"height\":199,\"caption\":\"Fundaci\u00f3 Itaka-Escolapios\"},\"image\":{\"@id\":\"https:\\\/\\\/www.itakaescolapios.org\\\/es\\\/#\\\/schema\\\/logo\\\/image\\\/\"}},{\"@type\":\"Person\",\"@id\":\"https:\\\/\\\/www.itakaescolapios.org\\\/es\\\/#\\\/schema\\\/person\\\/670123daeb1cc31cae1b106740036ccb\",\"name\":\"itaka\",\"url\":\"https:\\\/\\\/www.itakaescolapios.org\\\/es\\\/author\\\/itaka\\\/\"}]}<\/script>\n<!-- \/ Yoast SEO plugin. -->","yoast_head_json":{"title":"D\u00cdA DE LOS DERECHOS HUMANOS, 10 DE DICIEMBRE - Itaka-Escolapios","robots":{"index":"index","follow":"follow","max-snippet":"max-snippet:-1","max-image-preview":"max-image-preview:large","max-video-preview":"max-video-preview:-1"},"canonical":"https:\/\/www.itakaescolapios.org\/es\/2021\/12\/dia-de-los-derechos-humanos-10-de-diciembre-2\/","og_locale":"es_ES","og_type":"article","og_title":"D\u00cdA DE LOS DERECHOS HUMANOS, 10 DE DICIEMBRE - Itaka-Escolapios","og_description":"Importante fecha para recordar, pero tambi\u00e9n para darnos cuenta de que queda mucho trabajo por hacer todav\u00eda\u2026 La Asamblea General de las Naciones Unidas proclam\u00f3 el 10 de diciembre como [&hellip;]","og_url":"https:\/\/www.itakaescolapios.org\/es\/2021\/12\/dia-de-los-derechos-humanos-10-de-diciembre-2\/","og_site_name":"Itaka-Escolapios","article_published_time":"2021-12-10T09:04:18+00:00","article_modified_time":"2023-11-28T11:35:55+00:00","og_image":[{"width":1497,"height":1500,"url":"https:\/\/www.itakaescolapios.org\/wp-content\/uploads\/2021\/12\/DDHH-PORT.jpg","type":"image\/jpeg"}],"author":"itaka","twitter_card":"summary_large_image","twitter_misc":{"Escrito por":"itaka","Tiempo de lectura":"1 minuto"},"schema":{"@context":"https:\/\/schema.org","@graph":[{"@type":"Article","@id":"https:\/\/www.itakaescolapios.org\/es\/2021\/12\/dia-de-los-derechos-humanos-10-de-diciembre-2\/#article","isPartOf":{"@id":"https:\/\/www.itakaescolapios.org\/es\/2021\/12\/dia-de-los-derechos-humanos-10-de-diciembre-2\/"},"author":{"name":"itaka","@id":"https:\/\/www.itakaescolapios.org\/es\/#\/schema\/person\/670123daeb1cc31cae1b106740036ccb"},"headline":"D\u00cdA DE LOS DERECHOS HUMANOS, 10 DE DICIEMBRE","datePublished":"2021-12-10T09:04:18+00:00","dateModified":"2023-11-28T11:35:55+00:00","mainEntityOfPage":{"@id":"https:\/\/www.itakaescolapios.org\/es\/2021\/12\/dia-de-los-derechos-humanos-10-de-diciembre-2\/"},"wordCount":186,"publisher":{"@id":"https:\/\/www.itakaescolapios.org\/es\/#organization"},"image":{"@id":"https:\/\/www.itakaescolapios.org\/es\/2021\/12\/dia-de-los-derechos-humanos-10-de-diciembre-2\/#primaryimage"},"thumbnailUrl":"https:\/\/www.itakaescolapios.org\/wp-content\/uploads\/2021\/12\/DDHH-PORT.jpg","articleSection":["Itaka Escolapios"],"inLanguage":"es"},{"@type":"WebPage","@id":"https:\/\/www.itakaescolapios.org\/es\/2021\/12\/dia-de-los-derechos-humanos-10-de-diciembre-2\/","url":"https:\/\/www.itakaescolapios.org\/es\/2021\/12\/dia-de-los-derechos-humanos-10-de-diciembre-2\/","name":"D\u00cdA DE LOS DERECHOS HUMANOS, 10 DE DICIEMBRE - Itaka-Escolapios","isPartOf":{"@id":"https:\/\/www.itakaescolapios.org\/es\/#website"},"primaryImageOfPage":{"@id":"https:\/\/www.itakaescolapios.org\/es\/2021\/12\/dia-de-los-derechos-humanos-10-de-diciembre-2\/#primaryimage"},"image":{"@id":"https:\/\/www.itakaescolapios.org\/es\/2021\/12\/dia-de-los-derechos-humanos-10-de-diciembre-2\/#primaryimage"},"thumbnailUrl":"https:\/\/www.itakaescolapios.org\/wp-content\/uploads\/2021\/12\/DDHH-PORT.jpg","datePublished":"2021-12-10T09:04:18+00:00","dateModified":"2023-11-28T11:35:55+00:00","breadcrumb":{"@id":"https:\/\/www.itakaescolapios.org\/es\/2021\/12\/dia-de-los-derechos-humanos-10-de-diciembre-2\/#breadcrumb"},"inLanguage":"es","potentialAction":[{"@type":"ReadAction","target":["https:\/\/www.itakaescolapios.org\/es\/2021\/12\/dia-de-los-derechos-humanos-10-de-diciembre-2\/"]}]},{"@type":"ImageObject","inLanguage":"es","@id":"https:\/\/www.itakaescolapios.org\/es\/2021\/12\/dia-de-los-derechos-humanos-10-de-diciembre-2\/#primaryimage","url":"https:\/\/www.itakaescolapios.org\/wp-content\/uploads\/2021\/12\/DDHH-PORT.jpg","contentUrl":"https:\/\/www.itakaescolapios.org\/wp-content\/uploads\/2021\/12\/DDHH-PORT.jpg","width":1497,"height":1500},{"@type":"BreadcrumbList","@id":"https:\/\/www.itakaescolapios.org\/es\/2021\/12\/dia-de-los-derechos-humanos-10-de-diciembre-2\/#breadcrumb","itemListElement":[{"@type":"ListItem","position":1,"name":"Portada","item":"https:\/\/www.itakaescolapios.org\/es\/"},{"@type":"ListItem","position":2,"name":"D\u00cdA DE LOS DERECHOS HUMANOS, 10 DE DICIEMBRE"}]},{"@type":"WebSite","@id":"https:\/\/www.itakaescolapios.org\/es\/#website","url":"https:\/\/www.itakaescolapios.org\/es\/","name":"Itaka-Escolapios","description":"Red de Itaka-Escolapios","publisher":{"@id":"https:\/\/www.itakaescolapios.org\/es\/#organization"},"potentialAction":[{"@type":"SearchAction","target":{"@type":"EntryPoint","urlTemplate":"https:\/\/www.itakaescolapios.org\/es\/?s={search_term_string}"},"query-input":{"@type":"PropertyValueSpecification","valueRequired":true,"valueName":"search_term_string"}}],"inLanguage":"es"},{"@type":"Organization","@id":"https:\/\/www.itakaescolapios.org\/es\/#organization","name":"Fundaci\u00f3 Itaka-Escolapios","url":"https:\/\/www.itakaescolapios.org\/es\/","logo":{"@type":"ImageObject","inLanguage":"es","@id":"https:\/\/www.itakaescolapios.org\/es\/#\/schema\/logo\/image\/","url":"https:\/\/www.itakaescolapios.org\/wp-content\/uploads\/2024\/04\/Logo-itakaescolapios-peque.png","contentUrl":"https:\/\/www.itakaescolapios.org\/wp-content\/uploads\/2024\/04\/Logo-itakaescolapios-peque.png","width":500,"height":199,"caption":"Fundaci\u00f3 Itaka-Escolapios"},"image":{"@id":"https:\/\/www.itakaescolapios.org\/es\/#\/schema\/logo\/image\/"}},{"@type":"Person","@id":"https:\/\/www.itakaescolapios.org\/es\/#\/schema\/person\/670123daeb1cc31cae1b106740036ccb","name":"itaka","url":"https:\/\/www.itakaescolapios.org\/es\/author\/itaka\/"}]}},"_links":{"self":[{"href":"https:\/\/www.itakaescolapios.org\/es\/wp-json\/wp\/v2\/posts\/35258","targetHints":{"allow":["GET"]}}],"collection":[{"href":"https:\/\/www.itakaescolapios.org\/es\/wp-json\/wp\/v2\/posts"}],"about":[{"href":"https:\/\/www.itakaescolapios.org\/es\/wp-json\/wp\/v2\/types\/post"}],"author":[{"embeddable":true,"href":"https:\/\/www.itakaescolapios.org\/es\/wp-json\/wp\/v2\/users\/4"}],"replies":[{"embeddable":true,"href":"https:\/\/www.itakaescolapios.org\/es\/wp-json\/wp\/v2\/comments?post=35258"}],"version-history":[{"count":4,"href":"https:\/\/www.itakaescolapios.org\/es\/wp-json\/wp\/v2\/posts\/35258\/revisions"}],"predecessor-version":[{"id":44142,"href":"https:\/\/www.itakaescolapios.org\/es\/wp-json\/wp\/v2\/posts\/35258\/revisions\/44142"}],"wp:featuredmedia":[{"embeddable":true,"href":"https:\/\/www.itakaescolapios.org\/es\/wp-json\/wp\/v2\/media\/35262"}],"wp:attachment":[{"href":"https:\/\/www.itakaescolapios.org\/es\/wp-json\/wp\/v2\/media?parent=35258"}],"wp:term":[{"taxonomy":"category","embeddable":true,"href":"https:\/\/www.itakaescolapios.org\/es\/wp-json\/wp\/v2\/categories?post=35258"},{"taxonomy":"post_tag","embeddable":true,"href":"https:\/\/www.itakaescolapios.org\/es\/wp-json\/wp\/v2\/tags?post=35258"}],"curies":[{"name":"wp","href":"https:\/\/api.w.org\/{rel}","templated":true}]}}