{"id":35447,"date":"2021-12-13T22:43:39","date_gmt":"2021-12-13T21:43:39","guid":{"rendered":"https:\/\/www.itakaescolapios.org\/?p=35447"},"modified":"2023-11-28T12:35:54","modified_gmt":"2023-11-28T11:35:54","slug":"celebracion-del-arbol-de-navidad-en-gabon-el-arbol-de-navidad-en-la-comunidad-de-malibe","status":"publish","type":"post","link":"https:\/\/www.itakaescolapios.org\/es\/2021\/12\/celebracion-del-arbol-de-navidad-en-gabon-el-arbol-de-navidad-en-la-comunidad-de-malibe\/","title":{"rendered":"CELEBRACI\u00d3N DEL \u00c1RBOL DE NAVIDAD EN GAB\u00d3N: El \u00e1rbol de Navidad en la comunidad de Malibe"},"content":{"rendered":"<p>Diciembre es el mes del amor, la alegr\u00eda, la caridad y, sobre todo, la magia. En este d\u00eda 13 de diciembre de 2021, se celebr\u00f3 con \u00e9xito el \u00e1rbol de Navidad en Malibe, Gab\u00f3n. En el programa se sirvieron canciones, bailes, cuentos y poemas. Con nosotros, los m\u00e1s peque\u00f1os compartieron la magia de la Navidad. La ceremonia se desarroll\u00f3 en paz, alegr\u00eda y alegr\u00eda y finaliz\u00f3 con la entrega de obsequios a los m\u00e1s peque\u00f1os.<\/p>\n<p>&nbsp;<\/p>\n<p>&nbsp;<\/p>\n<p><img decoding=\"async\" class=\"size-full wp-image-35381 aligncenter\" src=\"https:\/\/www.itakaescolapios.org\/wp-content\/uploads\/2021\/12\/IMG-20211213-WA0123.jpg\" alt=\"\" width=\"1040\" height=\"780\" srcset=\"https:\/\/www.itakaescolapios.org\/wp-content\/uploads\/2021\/12\/IMG-20211213-WA0123.jpg 1040w, https:\/\/www.itakaescolapios.org\/wp-content\/uploads\/2021\/12\/IMG-20211213-WA0123-300x225.jpg 300w, https:\/\/www.itakaescolapios.org\/wp-content\/uploads\/2021\/12\/IMG-20211213-WA0123-1024x768.jpg 1024w, https:\/\/www.itakaescolapios.org\/wp-content\/uploads\/2021\/12\/IMG-20211213-WA0123-768x576.jpg 768w, https:\/\/www.itakaescolapios.org\/wp-content\/uploads\/2021\/12\/IMG-20211213-WA0123-250x188.jpg 250w, https:\/\/www.itakaescolapios.org\/wp-content\/uploads\/2021\/12\/IMG-20211213-WA0123-510x382.jpg 510w\" sizes=\"(max-width: 1040px) 100vw, 1040px\" \/><\/p>\n<p>&nbsp;<\/p>\n<p><img decoding=\"async\" class=\"size-full wp-image-35376 aligncenter\" src=\"https:\/\/www.itakaescolapios.org\/wp-content\/uploads\/2021\/12\/IMG-20211213-WA0114.jpg\" alt=\"\" width=\"1040\" height=\"780\" srcset=\"https:\/\/www.itakaescolapios.org\/wp-content\/uploads\/2021\/12\/IMG-20211213-WA0114.jpg 1040w, https:\/\/www.itakaescolapios.org\/wp-content\/uploads\/2021\/12\/IMG-20211213-WA0114-300x225.jpg 300w, https:\/\/www.itakaescolapios.org\/wp-content\/uploads\/2021\/12\/IMG-20211213-WA0114-1024x768.jpg 1024w, https:\/\/www.itakaescolapios.org\/wp-content\/uploads\/2021\/12\/IMG-20211213-WA0114-768x576.jpg 768w, https:\/\/www.itakaescolapios.org\/wp-content\/uploads\/2021\/12\/IMG-20211213-WA0114-250x188.jpg 250w, https:\/\/www.itakaescolapios.org\/wp-content\/uploads\/2021\/12\/IMG-20211213-WA0114-510x382.jpg 510w\" sizes=\"(max-width: 1040px) 100vw, 1040px\" \/><\/p>\n<p>&nbsp;<\/p>\n<p><img decoding=\"async\" class=\"size-full wp-image-35368 aligncenter\" src=\"https:\/\/www.itakaescolapios.org\/wp-content\/uploads\/2021\/12\/IMG-20211213-WA0106.jpg\" alt=\"\" width=\"780\" height=\"1040\" srcset=\"https:\/\/www.itakaescolapios.org\/wp-content\/uploads\/2021\/12\/IMG-20211213-WA0106.jpg 780w, https:\/\/www.itakaescolapios.org\/wp-content\/uploads\/2021\/12\/IMG-20211213-WA0106-225x300.jpg 225w, https:\/\/www.itakaescolapios.org\/wp-content\/uploads\/2021\/12\/IMG-20211213-WA0106-768x1024.jpg 768w, https:\/\/www.itakaescolapios.org\/wp-content\/uploads\/2021\/12\/IMG-20211213-WA0106-250x333.jpg 250w\" sizes=\"(max-width: 780px) 100vw, 780px\" \/><!--more--><\/p>\n","protected":false},"excerpt":{"rendered":"<p>Diciembre es el mes del amor, la alegr\u00eda, la caridad y, sobre todo, la magia. En este d\u00eda 13 de diciembre de 2021, se celebr\u00f3 con \u00e9xito el \u00e1rbol de [&hellip;]<\/p>\n","protected":false},"author":15,"featured_media":35418,"comment_status":"closed","ping_status":"closed","sticky":false,"template":"","format":"standard","meta":{"_et_pb_use_builder":"","_et_pb_old_content":"","_et_gb_content_width":"","footnotes":""},"categories":[53,285],"tags":[],"class_list":["post-35447","post","type-post","status-publish","format-standard","has-post-thumbnail","hentry","category-africa-central","category-gabon"],"yoast_head":"<!-- This site is optimized with the Yoast SEO plugin v27.4 - https:\/\/yoast.com\/product\/yoast-seo-wordpress\/ -->\n<title>CELEBRACI\u00d3N DEL \u00c1RBOL DE NAVIDAD EN GAB\u00d3N: El \u00e1rbol de Navidad en la comunidad de Malibe - Itaka-Escolapios<\/title>\n<meta name=\"robots\" content=\"index, follow, max-snippet:-1, max-image-preview:large, max-video-preview:-1\" \/>\n<link rel=\"canonical\" href=\"https:\/\/www.itakaescolapios.org\/es\/2021\/12\/celebracion-del-arbol-de-navidad-en-gabon-el-arbol-de-navidad-en-la-comunidad-de-malibe\/\" \/>\n<meta property=\"og:locale\" content=\"es_ES\" \/>\n<meta property=\"og:type\" content=\"article\" \/>\n<meta property=\"og:title\" content=\"CELEBRACI\u00d3N DEL \u00c1RBOL DE NAVIDAD EN GAB\u00d3N: El \u00e1rbol de Navidad en la comunidad de Malibe - Itaka-Escolapios\" \/>\n<meta property=\"og:description\" content=\"Diciembre es el mes del amor, la alegr\u00eda, la caridad y, sobre todo, la magia. En este d\u00eda 13 de diciembre de 2021, se celebr\u00f3 con \u00e9xito el \u00e1rbol de [&hellip;]\" \/>\n<meta property=\"og:url\" content=\"https:\/\/www.itakaescolapios.org\/es\/2021\/12\/celebracion-del-arbol-de-navidad-en-gabon-el-arbol-de-navidad-en-la-comunidad-de-malibe\/\" \/>\n<meta property=\"og:site_name\" content=\"Itaka-Escolapios\" \/>\n<meta property=\"article:published_time\" content=\"2021-12-13T21:43:39+00:00\" \/>\n<meta property=\"article:modified_time\" content=\"2023-11-28T11:35:54+00:00\" \/>\n<meta property=\"og:image\" content=\"https:\/\/www.itakaescolapios.org\/wp-content\/uploads\/2021\/12\/IMG-20211213-WA0162.jpg\" \/>\n\t<meta property=\"og:image:width\" content=\"1040\" \/>\n\t<meta property=\"og:image:height\" content=\"780\" \/>\n\t<meta property=\"og:image:type\" content=\"image\/jpeg\" \/>\n<meta name=\"author\" content=\"cameroun01\" \/>\n<meta name=\"twitter:card\" content=\"summary_large_image\" \/>\n<meta name=\"twitter:label1\" content=\"Escrito por\" \/>\n\t<meta name=\"twitter:data1\" content=\"cameroun01\" \/>\n<script type=\"application\/ld+json\" class=\"yoast-schema-graph\">{\"@context\":\"https:\\\/\\\/schema.org\",\"@graph\":[{\"@type\":\"Article\",\"@id\":\"https:\\\/\\\/www.itakaescolapios.org\\\/es\\\/2021\\\/12\\\/celebracion-del-arbol-de-navidad-en-gabon-el-arbol-de-navidad-en-la-comunidad-de-malibe\\\/#article\",\"isPartOf\":{\"@id\":\"https:\\\/\\\/www.itakaescolapios.org\\\/es\\\/2021\\\/12\\\/celebracion-del-arbol-de-navidad-en-gabon-el-arbol-de-navidad-en-la-comunidad-de-malibe\\\/\"},\"author\":{\"name\":\"cameroun01\",\"@id\":\"https:\\\/\\\/www.itakaescolapios.org\\\/es\\\/#\\\/schema\\\/person\\\/d2844383e29bfdfef69039672ce14eb1\"},\"headline\":\"CELEBRACI\u00d3N DEL \u00c1RBOL DE NAVIDAD EN GAB\u00d3N: El \u00e1rbol de Navidad en la comunidad de Malibe\",\"datePublished\":\"2021-12-13T21:43:39+00:00\",\"dateModified\":\"2023-11-28T11:35:54+00:00\",\"mainEntityOfPage\":{\"@id\":\"https:\\\/\\\/www.itakaescolapios.org\\\/es\\\/2021\\\/12\\\/celebracion-del-arbol-de-navidad-en-gabon-el-arbol-de-navidad-en-la-comunidad-de-malibe\\\/\"},\"wordCount\":104,\"publisher\":{\"@id\":\"https:\\\/\\\/www.itakaescolapios.org\\\/es\\\/#organization\"},\"image\":{\"@id\":\"https:\\\/\\\/www.itakaescolapios.org\\\/es\\\/2021\\\/12\\\/celebracion-del-arbol-de-navidad-en-gabon-el-arbol-de-navidad-en-la-comunidad-de-malibe\\\/#primaryimage\"},\"thumbnailUrl\":\"https:\\\/\\\/www.itakaescolapios.org\\\/wp-content\\\/uploads\\\/2021\\\/12\\\/IMG-20211213-WA0162.jpg\",\"articleSection\":[\"\u00c1frica Central\",\"Gab\u00f3n\"],\"inLanguage\":\"es\"},{\"@type\":\"WebPage\",\"@id\":\"https:\\\/\\\/www.itakaescolapios.org\\\/es\\\/2021\\\/12\\\/celebracion-del-arbol-de-navidad-en-gabon-el-arbol-de-navidad-en-la-comunidad-de-malibe\\\/\",\"url\":\"https:\\\/\\\/www.itakaescolapios.org\\\/es\\\/2021\\\/12\\\/celebracion-del-arbol-de-navidad-en-gabon-el-arbol-de-navidad-en-la-comunidad-de-malibe\\\/\",\"name\":\"CELEBRACI\u00d3N DEL \u00c1RBOL DE NAVIDAD EN GAB\u00d3N: El \u00e1rbol de Navidad en la comunidad de Malibe - Itaka-Escolapios\",\"isPartOf\":{\"@id\":\"https:\\\/\\\/www.itakaescolapios.org\\\/es\\\/#website\"},\"primaryImageOfPage\":{\"@id\":\"https:\\\/\\\/www.itakaescolapios.org\\\/es\\\/2021\\\/12\\\/celebracion-del-arbol-de-navidad-en-gabon-el-arbol-de-navidad-en-la-comunidad-de-malibe\\\/#primaryimage\"},\"image\":{\"@id\":\"https:\\\/\\\/www.itakaescolapios.org\\\/es\\\/2021\\\/12\\\/celebracion-del-arbol-de-navidad-en-gabon-el-arbol-de-navidad-en-la-comunidad-de-malibe\\\/#primaryimage\"},\"thumbnailUrl\":\"https:\\\/\\\/www.itakaescolapios.org\\\/wp-content\\\/uploads\\\/2021\\\/12\\\/IMG-20211213-WA0162.jpg\",\"datePublished\":\"2021-12-13T21:43:39+00:00\",\"dateModified\":\"2023-11-28T11:35:54+00:00\",\"breadcrumb\":{\"@id\":\"https:\\\/\\\/www.itakaescolapios.org\\\/es\\\/2021\\\/12\\\/celebracion-del-arbol-de-navidad-en-gabon-el-arbol-de-navidad-en-la-comunidad-de-malibe\\\/#breadcrumb\"},\"inLanguage\":\"es\",\"potentialAction\":[{\"@type\":\"ReadAction\",\"target\":[\"https:\\\/\\\/www.itakaescolapios.org\\\/es\\\/2021\\\/12\\\/celebracion-del-arbol-de-navidad-en-gabon-el-arbol-de-navidad-en-la-comunidad-de-malibe\\\/\"]}]},{\"@type\":\"ImageObject\",\"inLanguage\":\"es\",\"@id\":\"https:\\\/\\\/www.itakaescolapios.org\\\/es\\\/2021\\\/12\\\/celebracion-del-arbol-de-navidad-en-gabon-el-arbol-de-navidad-en-la-comunidad-de-malibe\\\/#primaryimage\",\"url\":\"https:\\\/\\\/www.itakaescolapios.org\\\/wp-content\\\/uploads\\\/2021\\\/12\\\/IMG-20211213-WA0162.jpg\",\"contentUrl\":\"https:\\\/\\\/www.itakaescolapios.org\\\/wp-content\\\/uploads\\\/2021\\\/12\\\/IMG-20211213-WA0162.jpg\",\"width\":1040,\"height\":780},{\"@type\":\"BreadcrumbList\",\"@id\":\"https:\\\/\\\/www.itakaescolapios.org\\\/es\\\/2021\\\/12\\\/celebracion-del-arbol-de-navidad-en-gabon-el-arbol-de-navidad-en-la-comunidad-de-malibe\\\/#breadcrumb\",\"itemListElement\":[{\"@type\":\"ListItem\",\"position\":1,\"name\":\"Portada\",\"item\":\"https:\\\/\\\/www.itakaescolapios.org\\\/es\\\/\"},{\"@type\":\"ListItem\",\"position\":2,\"name\":\"CELEBRACI\u00d3N DEL \u00c1RBOL DE NAVIDAD EN GAB\u00d3N: El \u00e1rbol de Navidad en la comunidad de Malibe\"}]},{\"@type\":\"WebSite\",\"@id\":\"https:\\\/\\\/www.itakaescolapios.org\\\/es\\\/#website\",\"url\":\"https:\\\/\\\/www.itakaescolapios.org\\\/es\\\/\",\"name\":\"Itaka-Escolapios\",\"description\":\"Red de Itaka-Escolapios\",\"publisher\":{\"@id\":\"https:\\\/\\\/www.itakaescolapios.org\\\/es\\\/#organization\"},\"potentialAction\":[{\"@type\":\"SearchAction\",\"target\":{\"@type\":\"EntryPoint\",\"urlTemplate\":\"https:\\\/\\\/www.itakaescolapios.org\\\/es\\\/?s={search_term_string}\"},\"query-input\":{\"@type\":\"PropertyValueSpecification\",\"valueRequired\":true,\"valueName\":\"search_term_string\"}}],\"inLanguage\":\"es\"},{\"@type\":\"Organization\",\"@id\":\"https:\\\/\\\/www.itakaescolapios.org\\\/es\\\/#organization\",\"name\":\"Fundaci\u00f3 Itaka-Escolapios\",\"url\":\"https:\\\/\\\/www.itakaescolapios.org\\\/es\\\/\",\"logo\":{\"@type\":\"ImageObject\",\"inLanguage\":\"es\",\"@id\":\"https:\\\/\\\/www.itakaescolapios.org\\\/es\\\/#\\\/schema\\\/logo\\\/image\\\/\",\"url\":\"https:\\\/\\\/www.itakaescolapios.org\\\/wp-content\\\/uploads\\\/2024\\\/04\\\/Logo-itakaescolapios-peque.png\",\"contentUrl\":\"https:\\\/\\\/www.itakaescolapios.org\\\/wp-content\\\/uploads\\\/2024\\\/04\\\/Logo-itakaescolapios-peque.png\",\"width\":500,\"height\":199,\"caption\":\"Fundaci\u00f3 Itaka-Escolapios\"},\"image\":{\"@id\":\"https:\\\/\\\/www.itakaescolapios.org\\\/es\\\/#\\\/schema\\\/logo\\\/image\\\/\"}},{\"@type\":\"Person\",\"@id\":\"https:\\\/\\\/www.itakaescolapios.org\\\/es\\\/#\\\/schema\\\/person\\\/d2844383e29bfdfef69039672ce14eb1\",\"name\":\"cameroun01\",\"url\":\"https:\\\/\\\/www.itakaescolapios.org\\\/es\\\/author\\\/cameroun01\\\/\"}]}<\/script>\n<!-- \/ Yoast SEO plugin. -->","yoast_head_json":{"title":"CELEBRACI\u00d3N DEL \u00c1RBOL DE NAVIDAD EN GAB\u00d3N: El \u00e1rbol de Navidad en la comunidad de Malibe - Itaka-Escolapios","robots":{"index":"index","follow":"follow","max-snippet":"max-snippet:-1","max-image-preview":"max-image-preview:large","max-video-preview":"max-video-preview:-1"},"canonical":"https:\/\/www.itakaescolapios.org\/es\/2021\/12\/celebracion-del-arbol-de-navidad-en-gabon-el-arbol-de-navidad-en-la-comunidad-de-malibe\/","og_locale":"es_ES","og_type":"article","og_title":"CELEBRACI\u00d3N DEL \u00c1RBOL DE NAVIDAD EN GAB\u00d3N: El \u00e1rbol de Navidad en la comunidad de Malibe - Itaka-Escolapios","og_description":"Diciembre es el mes del amor, la alegr\u00eda, la caridad y, sobre todo, la magia. En este d\u00eda 13 de diciembre de 2021, se celebr\u00f3 con \u00e9xito el \u00e1rbol de [&hellip;]","og_url":"https:\/\/www.itakaescolapios.org\/es\/2021\/12\/celebracion-del-arbol-de-navidad-en-gabon-el-arbol-de-navidad-en-la-comunidad-de-malibe\/","og_site_name":"Itaka-Escolapios","article_published_time":"2021-12-13T21:43:39+00:00","article_modified_time":"2023-11-28T11:35:54+00:00","og_image":[{"width":1040,"height":780,"url":"https:\/\/www.itakaescolapios.org\/wp-content\/uploads\/2021\/12\/IMG-20211213-WA0162.jpg","type":"image\/jpeg"}],"author":"cameroun01","twitter_card":"summary_large_image","twitter_misc":{"Escrito por":"cameroun01"},"schema":{"@context":"https:\/\/schema.org","@graph":[{"@type":"Article","@id":"https:\/\/www.itakaescolapios.org\/es\/2021\/12\/celebracion-del-arbol-de-navidad-en-gabon-el-arbol-de-navidad-en-la-comunidad-de-malibe\/#article","isPartOf":{"@id":"https:\/\/www.itakaescolapios.org\/es\/2021\/12\/celebracion-del-arbol-de-navidad-en-gabon-el-arbol-de-navidad-en-la-comunidad-de-malibe\/"},"author":{"name":"cameroun01","@id":"https:\/\/www.itakaescolapios.org\/es\/#\/schema\/person\/d2844383e29bfdfef69039672ce14eb1"},"headline":"CELEBRACI\u00d3N DEL \u00c1RBOL DE NAVIDAD EN GAB\u00d3N: El \u00e1rbol de Navidad en la comunidad de Malibe","datePublished":"2021-12-13T21:43:39+00:00","dateModified":"2023-11-28T11:35:54+00:00","mainEntityOfPage":{"@id":"https:\/\/www.itakaescolapios.org\/es\/2021\/12\/celebracion-del-arbol-de-navidad-en-gabon-el-arbol-de-navidad-en-la-comunidad-de-malibe\/"},"wordCount":104,"publisher":{"@id":"https:\/\/www.itakaescolapios.org\/es\/#organization"},"image":{"@id":"https:\/\/www.itakaescolapios.org\/es\/2021\/12\/celebracion-del-arbol-de-navidad-en-gabon-el-arbol-de-navidad-en-la-comunidad-de-malibe\/#primaryimage"},"thumbnailUrl":"https:\/\/www.itakaescolapios.org\/wp-content\/uploads\/2021\/12\/IMG-20211213-WA0162.jpg","articleSection":["\u00c1frica Central","Gab\u00f3n"],"inLanguage":"es"},{"@type":"WebPage","@id":"https:\/\/www.itakaescolapios.org\/es\/2021\/12\/celebracion-del-arbol-de-navidad-en-gabon-el-arbol-de-navidad-en-la-comunidad-de-malibe\/","url":"https:\/\/www.itakaescolapios.org\/es\/2021\/12\/celebracion-del-arbol-de-navidad-en-gabon-el-arbol-de-navidad-en-la-comunidad-de-malibe\/","name":"CELEBRACI\u00d3N DEL \u00c1RBOL DE NAVIDAD EN GAB\u00d3N: El \u00e1rbol de Navidad en la comunidad de Malibe - Itaka-Escolapios","isPartOf":{"@id":"https:\/\/www.itakaescolapios.org\/es\/#website"},"primaryImageOfPage":{"@id":"https:\/\/www.itakaescolapios.org\/es\/2021\/12\/celebracion-del-arbol-de-navidad-en-gabon-el-arbol-de-navidad-en-la-comunidad-de-malibe\/#primaryimage"},"image":{"@id":"https:\/\/www.itakaescolapios.org\/es\/2021\/12\/celebracion-del-arbol-de-navidad-en-gabon-el-arbol-de-navidad-en-la-comunidad-de-malibe\/#primaryimage"},"thumbnailUrl":"https:\/\/www.itakaescolapios.org\/wp-content\/uploads\/2021\/12\/IMG-20211213-WA0162.jpg","datePublished":"2021-12-13T21:43:39+00:00","dateModified":"2023-11-28T11:35:54+00:00","breadcrumb":{"@id":"https:\/\/www.itakaescolapios.org\/es\/2021\/12\/celebracion-del-arbol-de-navidad-en-gabon-el-arbol-de-navidad-en-la-comunidad-de-malibe\/#breadcrumb"},"inLanguage":"es","potentialAction":[{"@type":"ReadAction","target":["https:\/\/www.itakaescolapios.org\/es\/2021\/12\/celebracion-del-arbol-de-navidad-en-gabon-el-arbol-de-navidad-en-la-comunidad-de-malibe\/"]}]},{"@type":"ImageObject","inLanguage":"es","@id":"https:\/\/www.itakaescolapios.org\/es\/2021\/12\/celebracion-del-arbol-de-navidad-en-gabon-el-arbol-de-navidad-en-la-comunidad-de-malibe\/#primaryimage","url":"https:\/\/www.itakaescolapios.org\/wp-content\/uploads\/2021\/12\/IMG-20211213-WA0162.jpg","contentUrl":"https:\/\/www.itakaescolapios.org\/wp-content\/uploads\/2021\/12\/IMG-20211213-WA0162.jpg","width":1040,"height":780},{"@type":"BreadcrumbList","@id":"https:\/\/www.itakaescolapios.org\/es\/2021\/12\/celebracion-del-arbol-de-navidad-en-gabon-el-arbol-de-navidad-en-la-comunidad-de-malibe\/#breadcrumb","itemListElement":[{"@type":"ListItem","position":1,"name":"Portada","item":"https:\/\/www.itakaescolapios.org\/es\/"},{"@type":"ListItem","position":2,"name":"CELEBRACI\u00d3N DEL \u00c1RBOL DE NAVIDAD EN GAB\u00d3N: El \u00e1rbol de Navidad en la comunidad de Malibe"}]},{"@type":"WebSite","@id":"https:\/\/www.itakaescolapios.org\/es\/#website","url":"https:\/\/www.itakaescolapios.org\/es\/","name":"Itaka-Escolapios","description":"Red de Itaka-Escolapios","publisher":{"@id":"https:\/\/www.itakaescolapios.org\/es\/#organization"},"potentialAction":[{"@type":"SearchAction","target":{"@type":"EntryPoint","urlTemplate":"https:\/\/www.itakaescolapios.org\/es\/?s={search_term_string}"},"query-input":{"@type":"PropertyValueSpecification","valueRequired":true,"valueName":"search_term_string"}}],"inLanguage":"es"},{"@type":"Organization","@id":"https:\/\/www.itakaescolapios.org\/es\/#organization","name":"Fundaci\u00f3 Itaka-Escolapios","url":"https:\/\/www.itakaescolapios.org\/es\/","logo":{"@type":"ImageObject","inLanguage":"es","@id":"https:\/\/www.itakaescolapios.org\/es\/#\/schema\/logo\/image\/","url":"https:\/\/www.itakaescolapios.org\/wp-content\/uploads\/2024\/04\/Logo-itakaescolapios-peque.png","contentUrl":"https:\/\/www.itakaescolapios.org\/wp-content\/uploads\/2024\/04\/Logo-itakaescolapios-peque.png","width":500,"height":199,"caption":"Fundaci\u00f3 Itaka-Escolapios"},"image":{"@id":"https:\/\/www.itakaescolapios.org\/es\/#\/schema\/logo\/image\/"}},{"@type":"Person","@id":"https:\/\/www.itakaescolapios.org\/es\/#\/schema\/person\/d2844383e29bfdfef69039672ce14eb1","name":"cameroun01","url":"https:\/\/www.itakaescolapios.org\/es\/author\/cameroun01\/"}]}},"_links":{"self":[{"href":"https:\/\/www.itakaescolapios.org\/es\/wp-json\/wp\/v2\/posts\/35447","targetHints":{"allow":["GET"]}}],"collection":[{"href":"https:\/\/www.itakaescolapios.org\/es\/wp-json\/wp\/v2\/posts"}],"about":[{"href":"https:\/\/www.itakaescolapios.org\/es\/wp-json\/wp\/v2\/types\/post"}],"author":[{"embeddable":true,"href":"https:\/\/www.itakaescolapios.org\/es\/wp-json\/wp\/v2\/users\/15"}],"replies":[{"embeddable":true,"href":"https:\/\/www.itakaescolapios.org\/es\/wp-json\/wp\/v2\/comments?post=35447"}],"version-history":[{"count":5,"href":"https:\/\/www.itakaescolapios.org\/es\/wp-json\/wp\/v2\/posts\/35447\/revisions"}],"predecessor-version":[{"id":44138,"href":"https:\/\/www.itakaescolapios.org\/es\/wp-json\/wp\/v2\/posts\/35447\/revisions\/44138"}],"wp:featuredmedia":[{"embeddable":true,"href":"https:\/\/www.itakaescolapios.org\/es\/wp-json\/wp\/v2\/media\/35418"}],"wp:attachment":[{"href":"https:\/\/www.itakaescolapios.org\/es\/wp-json\/wp\/v2\/media?parent=35447"}],"wp:term":[{"taxonomy":"category","embeddable":true,"href":"https:\/\/www.itakaescolapios.org\/es\/wp-json\/wp\/v2\/categories?post=35447"},{"taxonomy":"post_tag","embeddable":true,"href":"https:\/\/www.itakaescolapios.org\/es\/wp-json\/wp\/v2\/tags?post=35447"}],"curies":[{"name":"wp","href":"https:\/\/api.w.org\/{rel}","templated":true}]}}