{"id":36453,"date":"2022-04-04T13:03:22","date_gmt":"2022-04-04T12:03:22","guid":{"rendered":"https:\/\/www.itakaescolapios.org\/?p=36453"},"modified":"2023-11-28T12:35:48","modified_gmt":"2023-11-28T11:35:48","slug":"francais-visite-de-nazareth-center-par-le-ministere-des-petites-et-moyenes-entreprises-de-mint-nkwem-bamenda","status":"publish","type":"post","link":"https:\/\/www.itakaescolapios.org\/es\/2022\/04\/francais-visite-de-nazareth-center-par-le-ministere-des-petites-et-moyenes-entreprises-de-mint-nkwem-bamenda\/","title":{"rendered":""},"content":{"rendered":"<p>[:en]Saturday, April 02, 2022, a technical team from the Ministry of Small and Medium Sized Enterprises, Social Economy and Handicraft visited Nazareth Centre in Menteh-Bamenda with the aim of evaluating the infrastructures and reception logistics of the center, following the request for validation of training modules and support systems of the structure in order to obtain the agreement to be recognized as an incubation structures of enterprises in Cameroon, specialized in the Agro pastoral sector<\/p>\n<p><img decoding=\"async\" class=\"size-full wp-image-36455 aligncenter\" src=\"https:\/\/www.itakaescolapios.org\/wp-content\/uploads\/2022\/04\/IMG-20220404-WA0012.jpg\" alt=\"\" width=\"1008\" height=\"567\" srcset=\"https:\/\/www.itakaescolapios.org\/wp-content\/uploads\/2022\/04\/IMG-20220404-WA0012.jpg 1008w, https:\/\/www.itakaescolapios.org\/wp-content\/uploads\/2022\/04\/IMG-20220404-WA0012-300x169.jpg 300w, https:\/\/www.itakaescolapios.org\/wp-content\/uploads\/2022\/04\/IMG-20220404-WA0012-768x432.jpg 768w, https:\/\/www.itakaescolapios.org\/wp-content\/uploads\/2022\/04\/IMG-20220404-WA0012-250x141.jpg 250w\" sizes=\"(max-width: 1008px) 100vw, 1008px\" \/><\/p>\n<p><img decoding=\"async\" class=\"size-full wp-image-36454 aligncenter\" src=\"https:\/\/www.itakaescolapios.org\/wp-content\/uploads\/2022\/04\/IMG-20220404-WA0014.jpg\" alt=\"\" width=\"1008\" height=\"567\" srcset=\"https:\/\/www.itakaescolapios.org\/wp-content\/uploads\/2022\/04\/IMG-20220404-WA0014.jpg 1008w, https:\/\/www.itakaescolapios.org\/wp-content\/uploads\/2022\/04\/IMG-20220404-WA0014-300x169.jpg 300w, https:\/\/www.itakaescolapios.org\/wp-content\/uploads\/2022\/04\/IMG-20220404-WA0014-768x432.jpg 768w, https:\/\/www.itakaescolapios.org\/wp-content\/uploads\/2022\/04\/IMG-20220404-WA0014-250x141.jpg 250w\" sizes=\"(max-width: 1008px) 100vw, 1008px\" \/>[:fr]Ce samedi 02 Avril 2022 a eu lieu une visite du minist\u00e8re des petites et moyennes entreprises de Mint-Nkwem \u00e0 Nazareth center ( Bamenda ), avec pour but d&#8217;\u00e9valuer les infrastructures et la logistique d&#8217;accueil du centre, afin de lui accorder la validation des modules de formation et des dispositifs d&#8217;accompagnement dont la demande a \u00e9t\u00e9 faite r\u00e9cemment. Une \u00e9quipe technique \u00e9tait pr\u00e9sente, accompagn\u00e9e du p\u00e8re Rauch (Directeur de Nazareth Center)\u00a0 sur le terrain. Ils ont fait le tour du centre pour savoir r\u00e9ellement ce qu&#8217;il en est.<\/p>\n<p><img decoding=\"async\" class=\"size-full wp-image-36454 aligncenter\" src=\"https:\/\/www.itakaescolapios.org\/wp-content\/uploads\/2022\/04\/IMG-20220404-WA0014.jpg\" alt=\"\" width=\"1008\" height=\"567\" srcset=\"https:\/\/www.itakaescolapios.org\/wp-content\/uploads\/2022\/04\/IMG-20220404-WA0014.jpg 1008w, https:\/\/www.itakaescolapios.org\/wp-content\/uploads\/2022\/04\/IMG-20220404-WA0014-300x169.jpg 300w, https:\/\/www.itakaescolapios.org\/wp-content\/uploads\/2022\/04\/IMG-20220404-WA0014-768x432.jpg 768w, https:\/\/www.itakaescolapios.org\/wp-content\/uploads\/2022\/04\/IMG-20220404-WA0014-250x141.jpg 250w\" sizes=\"(max-width: 1008px) 100vw, 1008px\" \/><\/p>\n<p><img decoding=\"async\" class=\"size-full wp-image-36455 aligncenter\" src=\"https:\/\/www.itakaescolapios.org\/wp-content\/uploads\/2022\/04\/IMG-20220404-WA0012.jpg\" alt=\"\" width=\"1008\" height=\"567\" srcset=\"https:\/\/www.itakaescolapios.org\/wp-content\/uploads\/2022\/04\/IMG-20220404-WA0012.jpg 1008w, https:\/\/www.itakaescolapios.org\/wp-content\/uploads\/2022\/04\/IMG-20220404-WA0012-300x169.jpg 300w, https:\/\/www.itakaescolapios.org\/wp-content\/uploads\/2022\/04\/IMG-20220404-WA0012-768x432.jpg 768w, https:\/\/www.itakaescolapios.org\/wp-content\/uploads\/2022\/04\/IMG-20220404-WA0012-250x141.jpg 250w\" sizes=\"(max-width: 1008px) 100vw, 1008px\" \/>[:]<\/p>\n","protected":false},"excerpt":{"rendered":"<p>[:en]Saturday, April 02, 2022, a technical team from the Ministry of Small and Medium Sized Enterprises, Social Economy and Handicraft visited Nazareth Centre in Menteh-Bamenda with the aim of evaluating [&hellip;]<\/p>\n","protected":false},"author":15,"featured_media":36456,"comment_status":"closed","ping_status":"closed","sticky":false,"template":"","format":"standard","meta":{"_et_pb_use_builder":"","_et_pb_old_content":"","_et_gb_content_width":"","footnotes":""},"categories":[53,10],"tags":[],"class_list":["post-36453","post","type-post","status-publish","format-standard","has-post-thumbnail","hentry","category-africa-central","category-camerun"],"yoast_head":"<!-- This site is optimized with the Yoast SEO plugin v27.4 - https:\/\/yoast.com\/product\/yoast-seo-wordpress\/ -->\n<title>- Itaka-Escolapios<\/title>\n<meta name=\"robots\" content=\"index, follow, max-snippet:-1, max-image-preview:large, max-video-preview:-1\" \/>\n<link rel=\"canonical\" href=\"https:\/\/www.itakaescolapios.org\/es\/2022\/04\/francais-visite-de-nazareth-center-par-le-ministere-des-petites-et-moyenes-entreprises-de-mint-nkwem-bamenda\/\" \/>\n<meta property=\"og:locale\" content=\"es_ES\" \/>\n<meta property=\"og:type\" content=\"article\" \/>\n<meta property=\"og:title\" content=\"- Itaka-Escolapios\" \/>\n<meta property=\"og:description\" content=\"[:en]Saturday, April 02, 2022, a technical team from the Ministry of Small and Medium Sized Enterprises, Social Economy and Handicraft visited Nazareth Centre in Menteh-Bamenda with the aim of evaluating [&hellip;]\" \/>\n<meta property=\"og:url\" content=\"https:\/\/www.itakaescolapios.org\/es\/2022\/04\/francais-visite-de-nazareth-center-par-le-ministere-des-petites-et-moyenes-entreprises-de-mint-nkwem-bamenda\/\" \/>\n<meta property=\"og:site_name\" content=\"Itaka-Escolapios\" \/>\n<meta property=\"article:published_time\" content=\"2022-04-04T12:03:22+00:00\" \/>\n<meta property=\"article:modified_time\" content=\"2023-11-28T11:35:48+00:00\" \/>\n<meta property=\"og:image\" content=\"https:\/\/www.itakaescolapios.org\/wp-content\/uploads\/2022\/04\/IMG-20220404-WA0013.jpg\" \/>\n\t<meta property=\"og:image:width\" content=\"1008\" \/>\n\t<meta property=\"og:image:height\" content=\"567\" \/>\n\t<meta property=\"og:image:type\" content=\"image\/jpeg\" \/>\n<meta name=\"author\" content=\"cameroun01\" \/>\n<meta name=\"twitter:card\" content=\"summary_large_image\" \/>\n<meta name=\"twitter:label1\" content=\"Escrito por\" \/>\n\t<meta name=\"twitter:data1\" content=\"cameroun01\" \/>\n\t<meta name=\"twitter:label2\" content=\"Tiempo de lectura\" \/>\n\t<meta name=\"twitter:data2\" content=\"1 minuto\" \/>\n<script type=\"application\/ld+json\" class=\"yoast-schema-graph\">{\"@context\":\"https:\\\/\\\/schema.org\",\"@graph\":[{\"@type\":\"Article\",\"@id\":\"https:\\\/\\\/www.itakaescolapios.org\\\/es\\\/2022\\\/04\\\/francais-visite-de-nazareth-center-par-le-ministere-des-petites-et-moyenes-entreprises-de-mint-nkwem-bamenda\\\/#article\",\"isPartOf\":{\"@id\":\"https:\\\/\\\/www.itakaescolapios.org\\\/es\\\/2022\\\/04\\\/francais-visite-de-nazareth-center-par-le-ministere-des-petites-et-moyenes-entreprises-de-mint-nkwem-bamenda\\\/\"},\"author\":{\"name\":\"cameroun01\",\"@id\":\"https:\\\/\\\/www.itakaescolapios.org\\\/es\\\/#\\\/schema\\\/person\\\/d2844383e29bfdfef69039672ce14eb1\"},\"headline\":\"Sin t\u00edtulo\",\"datePublished\":\"2022-04-04T12:03:22+00:00\",\"dateModified\":\"2023-11-28T11:35:48+00:00\",\"mainEntityOfPage\":{\"@id\":\"https:\\\/\\\/www.itakaescolapios.org\\\/es\\\/2022\\\/04\\\/francais-visite-de-nazareth-center-par-le-ministere-des-petites-et-moyenes-entreprises-de-mint-nkwem-bamenda\\\/\"},\"wordCount\":168,\"publisher\":{\"@id\":\"https:\\\/\\\/www.itakaescolapios.org\\\/es\\\/#organization\"},\"image\":{\"@id\":\"https:\\\/\\\/www.itakaescolapios.org\\\/es\\\/2022\\\/04\\\/francais-visite-de-nazareth-center-par-le-ministere-des-petites-et-moyenes-entreprises-de-mint-nkwem-bamenda\\\/#primaryimage\"},\"thumbnailUrl\":\"https:\\\/\\\/www.itakaescolapios.org\\\/wp-content\\\/uploads\\\/2022\\\/04\\\/IMG-20220404-WA0013.jpg\",\"articleSection\":[\"\u00c1frica Central\",\"Camer\u00fan\"],\"inLanguage\":\"es\"},{\"@type\":\"WebPage\",\"@id\":\"https:\\\/\\\/www.itakaescolapios.org\\\/es\\\/2022\\\/04\\\/francais-visite-de-nazareth-center-par-le-ministere-des-petites-et-moyenes-entreprises-de-mint-nkwem-bamenda\\\/\",\"url\":\"https:\\\/\\\/www.itakaescolapios.org\\\/es\\\/2022\\\/04\\\/francais-visite-de-nazareth-center-par-le-ministere-des-petites-et-moyenes-entreprises-de-mint-nkwem-bamenda\\\/\",\"name\":\"- Itaka-Escolapios\",\"isPartOf\":{\"@id\":\"https:\\\/\\\/www.itakaescolapios.org\\\/es\\\/#website\"},\"primaryImageOfPage\":{\"@id\":\"https:\\\/\\\/www.itakaescolapios.org\\\/es\\\/2022\\\/04\\\/francais-visite-de-nazareth-center-par-le-ministere-des-petites-et-moyenes-entreprises-de-mint-nkwem-bamenda\\\/#primaryimage\"},\"image\":{\"@id\":\"https:\\\/\\\/www.itakaescolapios.org\\\/es\\\/2022\\\/04\\\/francais-visite-de-nazareth-center-par-le-ministere-des-petites-et-moyenes-entreprises-de-mint-nkwem-bamenda\\\/#primaryimage\"},\"thumbnailUrl\":\"https:\\\/\\\/www.itakaescolapios.org\\\/wp-content\\\/uploads\\\/2022\\\/04\\\/IMG-20220404-WA0013.jpg\",\"datePublished\":\"2022-04-04T12:03:22+00:00\",\"dateModified\":\"2023-11-28T11:35:48+00:00\",\"inLanguage\":\"es\",\"potentialAction\":[{\"@type\":\"ReadAction\",\"target\":[\"https:\\\/\\\/www.itakaescolapios.org\\\/es\\\/2022\\\/04\\\/francais-visite-de-nazareth-center-par-le-ministere-des-petites-et-moyenes-entreprises-de-mint-nkwem-bamenda\\\/\"]}]},{\"@type\":\"ImageObject\",\"inLanguage\":\"es\",\"@id\":\"https:\\\/\\\/www.itakaescolapios.org\\\/es\\\/2022\\\/04\\\/francais-visite-de-nazareth-center-par-le-ministere-des-petites-et-moyenes-entreprises-de-mint-nkwem-bamenda\\\/#primaryimage\",\"url\":\"https:\\\/\\\/www.itakaescolapios.org\\\/wp-content\\\/uploads\\\/2022\\\/04\\\/IMG-20220404-WA0013.jpg\",\"contentUrl\":\"https:\\\/\\\/www.itakaescolapios.org\\\/wp-content\\\/uploads\\\/2022\\\/04\\\/IMG-20220404-WA0013.jpg\",\"width\":1008,\"height\":567},{\"@type\":\"WebSite\",\"@id\":\"https:\\\/\\\/www.itakaescolapios.org\\\/es\\\/#website\",\"url\":\"https:\\\/\\\/www.itakaescolapios.org\\\/es\\\/\",\"name\":\"Itaka-Escolapios\",\"description\":\"Red de Itaka-Escolapios\",\"publisher\":{\"@id\":\"https:\\\/\\\/www.itakaescolapios.org\\\/es\\\/#organization\"},\"potentialAction\":[{\"@type\":\"SearchAction\",\"target\":{\"@type\":\"EntryPoint\",\"urlTemplate\":\"https:\\\/\\\/www.itakaescolapios.org\\\/es\\\/?s={search_term_string}\"},\"query-input\":{\"@type\":\"PropertyValueSpecification\",\"valueRequired\":true,\"valueName\":\"search_term_string\"}}],\"inLanguage\":\"es\"},{\"@type\":\"Organization\",\"@id\":\"https:\\\/\\\/www.itakaescolapios.org\\\/es\\\/#organization\",\"name\":\"Fundaci\u00f3 Itaka-Escolapios\",\"url\":\"https:\\\/\\\/www.itakaescolapios.org\\\/es\\\/\",\"logo\":{\"@type\":\"ImageObject\",\"inLanguage\":\"es\",\"@id\":\"https:\\\/\\\/www.itakaescolapios.org\\\/es\\\/#\\\/schema\\\/logo\\\/image\\\/\",\"url\":\"https:\\\/\\\/www.itakaescolapios.org\\\/wp-content\\\/uploads\\\/2024\\\/04\\\/Logo-itakaescolapios-peque.png\",\"contentUrl\":\"https:\\\/\\\/www.itakaescolapios.org\\\/wp-content\\\/uploads\\\/2024\\\/04\\\/Logo-itakaescolapios-peque.png\",\"width\":500,\"height\":199,\"caption\":\"Fundaci\u00f3 Itaka-Escolapios\"},\"image\":{\"@id\":\"https:\\\/\\\/www.itakaescolapios.org\\\/es\\\/#\\\/schema\\\/logo\\\/image\\\/\"}},{\"@type\":\"Person\",\"@id\":\"https:\\\/\\\/www.itakaescolapios.org\\\/es\\\/#\\\/schema\\\/person\\\/d2844383e29bfdfef69039672ce14eb1\",\"name\":\"cameroun01\",\"url\":\"https:\\\/\\\/www.itakaescolapios.org\\\/es\\\/author\\\/cameroun01\\\/\"}]}<\/script>\n<!-- \/ Yoast SEO plugin. -->","yoast_head_json":{"title":"- Itaka-Escolapios","robots":{"index":"index","follow":"follow","max-snippet":"max-snippet:-1","max-image-preview":"max-image-preview:large","max-video-preview":"max-video-preview:-1"},"canonical":"https:\/\/www.itakaescolapios.org\/es\/2022\/04\/francais-visite-de-nazareth-center-par-le-ministere-des-petites-et-moyenes-entreprises-de-mint-nkwem-bamenda\/","og_locale":"es_ES","og_type":"article","og_title":"- Itaka-Escolapios","og_description":"[:en]Saturday, April 02, 2022, a technical team from the Ministry of Small and Medium Sized Enterprises, Social Economy and Handicraft visited Nazareth Centre in Menteh-Bamenda with the aim of evaluating [&hellip;]","og_url":"https:\/\/www.itakaescolapios.org\/es\/2022\/04\/francais-visite-de-nazareth-center-par-le-ministere-des-petites-et-moyenes-entreprises-de-mint-nkwem-bamenda\/","og_site_name":"Itaka-Escolapios","article_published_time":"2022-04-04T12:03:22+00:00","article_modified_time":"2023-11-28T11:35:48+00:00","og_image":[{"width":1008,"height":567,"url":"https:\/\/www.itakaescolapios.org\/wp-content\/uploads\/2022\/04\/IMG-20220404-WA0013.jpg","type":"image\/jpeg"}],"author":"cameroun01","twitter_card":"summary_large_image","twitter_misc":{"Escrito por":"cameroun01","Tiempo de lectura":"1 minuto"},"schema":{"@context":"https:\/\/schema.org","@graph":[{"@type":"Article","@id":"https:\/\/www.itakaescolapios.org\/es\/2022\/04\/francais-visite-de-nazareth-center-par-le-ministere-des-petites-et-moyenes-entreprises-de-mint-nkwem-bamenda\/#article","isPartOf":{"@id":"https:\/\/www.itakaescolapios.org\/es\/2022\/04\/francais-visite-de-nazareth-center-par-le-ministere-des-petites-et-moyenes-entreprises-de-mint-nkwem-bamenda\/"},"author":{"name":"cameroun01","@id":"https:\/\/www.itakaescolapios.org\/es\/#\/schema\/person\/d2844383e29bfdfef69039672ce14eb1"},"headline":"Sin t\u00edtulo","datePublished":"2022-04-04T12:03:22+00:00","dateModified":"2023-11-28T11:35:48+00:00","mainEntityOfPage":{"@id":"https:\/\/www.itakaescolapios.org\/es\/2022\/04\/francais-visite-de-nazareth-center-par-le-ministere-des-petites-et-moyenes-entreprises-de-mint-nkwem-bamenda\/"},"wordCount":168,"publisher":{"@id":"https:\/\/www.itakaescolapios.org\/es\/#organization"},"image":{"@id":"https:\/\/www.itakaescolapios.org\/es\/2022\/04\/francais-visite-de-nazareth-center-par-le-ministere-des-petites-et-moyenes-entreprises-de-mint-nkwem-bamenda\/#primaryimage"},"thumbnailUrl":"https:\/\/www.itakaescolapios.org\/wp-content\/uploads\/2022\/04\/IMG-20220404-WA0013.jpg","articleSection":["\u00c1frica Central","Camer\u00fan"],"inLanguage":"es"},{"@type":"WebPage","@id":"https:\/\/www.itakaescolapios.org\/es\/2022\/04\/francais-visite-de-nazareth-center-par-le-ministere-des-petites-et-moyenes-entreprises-de-mint-nkwem-bamenda\/","url":"https:\/\/www.itakaescolapios.org\/es\/2022\/04\/francais-visite-de-nazareth-center-par-le-ministere-des-petites-et-moyenes-entreprises-de-mint-nkwem-bamenda\/","name":"- Itaka-Escolapios","isPartOf":{"@id":"https:\/\/www.itakaescolapios.org\/es\/#website"},"primaryImageOfPage":{"@id":"https:\/\/www.itakaescolapios.org\/es\/2022\/04\/francais-visite-de-nazareth-center-par-le-ministere-des-petites-et-moyenes-entreprises-de-mint-nkwem-bamenda\/#primaryimage"},"image":{"@id":"https:\/\/www.itakaescolapios.org\/es\/2022\/04\/francais-visite-de-nazareth-center-par-le-ministere-des-petites-et-moyenes-entreprises-de-mint-nkwem-bamenda\/#primaryimage"},"thumbnailUrl":"https:\/\/www.itakaescolapios.org\/wp-content\/uploads\/2022\/04\/IMG-20220404-WA0013.jpg","datePublished":"2022-04-04T12:03:22+00:00","dateModified":"2023-11-28T11:35:48+00:00","inLanguage":"es","potentialAction":[{"@type":"ReadAction","target":["https:\/\/www.itakaescolapios.org\/es\/2022\/04\/francais-visite-de-nazareth-center-par-le-ministere-des-petites-et-moyenes-entreprises-de-mint-nkwem-bamenda\/"]}]},{"@type":"ImageObject","inLanguage":"es","@id":"https:\/\/www.itakaescolapios.org\/es\/2022\/04\/francais-visite-de-nazareth-center-par-le-ministere-des-petites-et-moyenes-entreprises-de-mint-nkwem-bamenda\/#primaryimage","url":"https:\/\/www.itakaescolapios.org\/wp-content\/uploads\/2022\/04\/IMG-20220404-WA0013.jpg","contentUrl":"https:\/\/www.itakaescolapios.org\/wp-content\/uploads\/2022\/04\/IMG-20220404-WA0013.jpg","width":1008,"height":567},{"@type":"WebSite","@id":"https:\/\/www.itakaescolapios.org\/es\/#website","url":"https:\/\/www.itakaescolapios.org\/es\/","name":"Itaka-Escolapios","description":"Red de Itaka-Escolapios","publisher":{"@id":"https:\/\/www.itakaescolapios.org\/es\/#organization"},"potentialAction":[{"@type":"SearchAction","target":{"@type":"EntryPoint","urlTemplate":"https:\/\/www.itakaescolapios.org\/es\/?s={search_term_string}"},"query-input":{"@type":"PropertyValueSpecification","valueRequired":true,"valueName":"search_term_string"}}],"inLanguage":"es"},{"@type":"Organization","@id":"https:\/\/www.itakaescolapios.org\/es\/#organization","name":"Fundaci\u00f3 Itaka-Escolapios","url":"https:\/\/www.itakaescolapios.org\/es\/","logo":{"@type":"ImageObject","inLanguage":"es","@id":"https:\/\/www.itakaescolapios.org\/es\/#\/schema\/logo\/image\/","url":"https:\/\/www.itakaescolapios.org\/wp-content\/uploads\/2024\/04\/Logo-itakaescolapios-peque.png","contentUrl":"https:\/\/www.itakaescolapios.org\/wp-content\/uploads\/2024\/04\/Logo-itakaescolapios-peque.png","width":500,"height":199,"caption":"Fundaci\u00f3 Itaka-Escolapios"},"image":{"@id":"https:\/\/www.itakaescolapios.org\/es\/#\/schema\/logo\/image\/"}},{"@type":"Person","@id":"https:\/\/www.itakaescolapios.org\/es\/#\/schema\/person\/d2844383e29bfdfef69039672ce14eb1","name":"cameroun01","url":"https:\/\/www.itakaescolapios.org\/es\/author\/cameroun01\/"}]}},"_links":{"self":[{"href":"https:\/\/www.itakaescolapios.org\/es\/wp-json\/wp\/v2\/posts\/36453","targetHints":{"allow":["GET"]}}],"collection":[{"href":"https:\/\/www.itakaescolapios.org\/es\/wp-json\/wp\/v2\/posts"}],"about":[{"href":"https:\/\/www.itakaescolapios.org\/es\/wp-json\/wp\/v2\/types\/post"}],"author":[{"embeddable":true,"href":"https:\/\/www.itakaescolapios.org\/es\/wp-json\/wp\/v2\/users\/15"}],"replies":[{"embeddable":true,"href":"https:\/\/www.itakaescolapios.org\/es\/wp-json\/wp\/v2\/comments?post=36453"}],"version-history":[{"count":4,"href":"https:\/\/www.itakaescolapios.org\/es\/wp-json\/wp\/v2\/posts\/36453\/revisions"}],"predecessor-version":[{"id":43986,"href":"https:\/\/www.itakaescolapios.org\/es\/wp-json\/wp\/v2\/posts\/36453\/revisions\/43986"}],"wp:featuredmedia":[{"embeddable":true,"href":"https:\/\/www.itakaescolapios.org\/es\/wp-json\/wp\/v2\/media\/36456"}],"wp:attachment":[{"href":"https:\/\/www.itakaescolapios.org\/es\/wp-json\/wp\/v2\/media?parent=36453"}],"wp:term":[{"taxonomy":"category","embeddable":true,"href":"https:\/\/www.itakaescolapios.org\/es\/wp-json\/wp\/v2\/categories?post=36453"},{"taxonomy":"post_tag","embeddable":true,"href":"https:\/\/www.itakaescolapios.org\/es\/wp-json\/wp\/v2\/tags?post=36453"}],"curies":[{"name":"wp","href":"https:\/\/api.w.org\/{rel}","templated":true}]}}