{"id":37096,"date":"2022-06-29T12:42:01","date_gmt":"2022-06-29T11:42:01","guid":{"rendered":"https:\/\/www.itakaescolapios.org\/?p=37096"},"modified":"2023-11-28T12:35:44","modified_gmt":"2023-11-28T11:35:44","slug":"francais-camp-de-vacances-2022-a-malibe-gabon","status":"publish","type":"post","link":"https:\/\/www.itakaescolapios.org\/es\/2022\/06\/francais-camp-de-vacances-2022-a-malibe-gabon\/","title":{"rendered":""},"content":{"rendered":"<p>[:fr]Le camp de vacances est un lieu am\u00e9nag\u00e9 g\u00e9n\u00e9ralement en pleine nature et qui offre, sous forme communautaire, le s\u00e9jour et des activit\u00e9s organis\u00e9es \u00e0 des enfants, des adultes ou des familles pendant les vacances. Cette ann\u00e9e a d\u00e9but\u00e9 le 18 juin 2022 le camp de vacances \u00e0 Malib\u00e9 au Gabon. Cette activit\u00e9 se terminera le 3 juillet 2022. Au programme atelier, conf\u00e9rence, messe, \u00e9changes, causerie, randonn\u00e9e, sortie au bord de mer, jeux olympiques (football,jeux de soci\u00e9t\u00e9&#8230;), Veill\u00e9e en fraternit\u00e9, feux de Camp et bien d\u2019autres activit\u00e9s. Nous notons aussi la visite du docteur Mouketou JB qui a consult\u00e9 les enfants un peu souffrants car ici tout est mis en place pour la s\u00e9curit\u00e9 des diff\u00e9rents participants. Nous passons un bon moment avec les enfants\u00a0: la paix, la joie et l\u2019amour sont nos partenaires durant ce camp.<\/p>\n<p><img decoding=\"async\" class=\"size-full wp-image-3080 aligncenter\" src=\"https:\/\/piaristesafriquecentrale.org\/wp-content\/uploads\/2022\/06\/WhatsApp-Image-2022-06-29-at-12.30.42.jpeg\" alt=\"\" width=\"1080\" height=\"498\" \/><\/p>\n<p><img decoding=\"async\" class=\"size-full wp-image-3081 aligncenter\" src=\"https:\/\/piaristesafriquecentrale.org\/wp-content\/uploads\/2022\/06\/WhatsApp-Image-2022-06-29-at-09.01.52.jpeg\" alt=\"\" width=\"1080\" height=\"810\" \/><\/p>\n<p>&nbsp;<\/p>\n<div style=\"width: 640px;\" class=\"wp-video\"><video class=\"wp-video-shortcode\" id=\"video-37096-1\" width=\"640\" height=\"352\" preload=\"metadata\" controls=\"controls\"><source type=\"video\/mp4\" src=\"https:\/\/piaristesafriquecentrale.org\/wp-content\/uploads\/2022\/06\/WhatsApp-Video-2022-06-29-at-10.32.39.mp4?_=1\" \/><a href=\"https:\/\/piaristesafriquecentrale.org\/wp-content\/uploads\/2022\/06\/WhatsApp-Video-2022-06-29-at-10.32.39.mp4\">https:\/\/piaristesafriquecentrale.org\/wp-content\/uploads\/2022\/06\/WhatsApp-Video-2022-06-29-at-10.32.39.mp4<\/a><\/video><\/div>\n<p>&nbsp;<\/p>\n<p>&nbsp;[:]<\/p>\n","protected":false},"excerpt":{"rendered":"<p>[:fr]Le camp de vacances est un lieu am\u00e9nag\u00e9 g\u00e9n\u00e9ralement en pleine nature et qui offre, sous forme communautaire, le s\u00e9jour et des activit\u00e9s organis\u00e9es \u00e0 des enfants, des adultes ou [&hellip;]<\/p>\n","protected":false},"author":15,"featured_media":37097,"comment_status":"closed","ping_status":"closed","sticky":false,"template":"","format":"standard","meta":{"_et_pb_use_builder":"","_et_pb_old_content":"","_et_gb_content_width":"","footnotes":""},"categories":[53,285],"tags":[],"class_list":["post-37096","post","type-post","status-publish","format-standard","has-post-thumbnail","hentry","category-africa-central","category-gabon"],"yoast_head":"<!-- This site is optimized with the Yoast SEO plugin v27.4 - https:\/\/yoast.com\/product\/yoast-seo-wordpress\/ -->\n<title>- Itaka-Escolapios<\/title>\n<meta name=\"robots\" content=\"index, follow, max-snippet:-1, max-image-preview:large, max-video-preview:-1\" \/>\n<link rel=\"canonical\" href=\"https:\/\/www.itakaescolapios.org\/es\/2022\/06\/francais-camp-de-vacances-2022-a-malibe-gabon\/\" \/>\n<meta property=\"og:locale\" content=\"es_ES\" \/>\n<meta property=\"og:type\" content=\"article\" \/>\n<meta property=\"og:title\" content=\"- Itaka-Escolapios\" \/>\n<meta property=\"og:description\" content=\"[:fr]Le camp de vacances est un lieu am\u00e9nag\u00e9 g\u00e9n\u00e9ralement en pleine nature et qui offre, sous forme communautaire, le s\u00e9jour et des activit\u00e9s organis\u00e9es \u00e0 des enfants, des adultes ou [&hellip;]\" \/>\n<meta property=\"og:url\" content=\"https:\/\/www.itakaescolapios.org\/es\/2022\/06\/francais-camp-de-vacances-2022-a-malibe-gabon\/\" \/>\n<meta property=\"og:site_name\" content=\"Itaka-Escolapios\" \/>\n<meta property=\"article:published_time\" content=\"2022-06-29T11:42:01+00:00\" \/>\n<meta property=\"article:modified_time\" content=\"2023-11-28T11:35:44+00:00\" \/>\n<meta property=\"og:image\" content=\"https:\/\/www.itakaescolapios.org\/wp-content\/uploads\/2022\/06\/WhatsApp-Image-2022-06-29-at-10.45.34.jpeg\" \/>\n\t<meta property=\"og:image:width\" content=\"1080\" \/>\n\t<meta property=\"og:image:height\" content=\"810\" \/>\n\t<meta property=\"og:image:type\" content=\"image\/jpeg\" \/>\n<meta name=\"author\" content=\"cameroun01\" \/>\n<meta name=\"twitter:card\" content=\"summary_large_image\" \/>\n<meta name=\"twitter:label1\" content=\"Escrito por\" \/>\n\t<meta name=\"twitter:data1\" content=\"cameroun01\" \/>\n\t<meta name=\"twitter:label2\" content=\"Tiempo de lectura\" \/>\n\t<meta name=\"twitter:data2\" content=\"1 minuto\" \/>\n<script type=\"application\/ld+json\" class=\"yoast-schema-graph\">{\"@context\":\"https:\\\/\\\/schema.org\",\"@graph\":[{\"@type\":\"Article\",\"@id\":\"https:\\\/\\\/www.itakaescolapios.org\\\/es\\\/2022\\\/06\\\/francais-camp-de-vacances-2022-a-malibe-gabon\\\/#article\",\"isPartOf\":{\"@id\":\"https:\\\/\\\/www.itakaescolapios.org\\\/es\\\/2022\\\/06\\\/francais-camp-de-vacances-2022-a-malibe-gabon\\\/\"},\"author\":{\"name\":\"cameroun01\",\"@id\":\"https:\\\/\\\/www.itakaescolapios.org\\\/es\\\/#\\\/schema\\\/person\\\/d2844383e29bfdfef69039672ce14eb1\"},\"headline\":\"Sin t\u00edtulo\",\"datePublished\":\"2022-06-29T11:42:01+00:00\",\"dateModified\":\"2023-11-28T11:35:44+00:00\",\"mainEntityOfPage\":{\"@id\":\"https:\\\/\\\/www.itakaescolapios.org\\\/es\\\/2022\\\/06\\\/francais-camp-de-vacances-2022-a-malibe-gabon\\\/\"},\"wordCount\":168,\"publisher\":{\"@id\":\"https:\\\/\\\/www.itakaescolapios.org\\\/es\\\/#organization\"},\"image\":{\"@id\":\"https:\\\/\\\/www.itakaescolapios.org\\\/es\\\/2022\\\/06\\\/francais-camp-de-vacances-2022-a-malibe-gabon\\\/#primaryimage\"},\"thumbnailUrl\":\"https:\\\/\\\/www.itakaescolapios.org\\\/wp-content\\\/uploads\\\/2022\\\/06\\\/WhatsApp-Image-2022-06-29-at-10.45.34.jpeg\",\"articleSection\":[\"\u00c1frica Central\",\"Gab\u00f3n\"],\"inLanguage\":\"es\"},{\"@type\":\"WebPage\",\"@id\":\"https:\\\/\\\/www.itakaescolapios.org\\\/es\\\/2022\\\/06\\\/francais-camp-de-vacances-2022-a-malibe-gabon\\\/\",\"url\":\"https:\\\/\\\/www.itakaescolapios.org\\\/es\\\/2022\\\/06\\\/francais-camp-de-vacances-2022-a-malibe-gabon\\\/\",\"name\":\"- Itaka-Escolapios\",\"isPartOf\":{\"@id\":\"https:\\\/\\\/www.itakaescolapios.org\\\/es\\\/#website\"},\"primaryImageOfPage\":{\"@id\":\"https:\\\/\\\/www.itakaescolapios.org\\\/es\\\/2022\\\/06\\\/francais-camp-de-vacances-2022-a-malibe-gabon\\\/#primaryimage\"},\"image\":{\"@id\":\"https:\\\/\\\/www.itakaescolapios.org\\\/es\\\/2022\\\/06\\\/francais-camp-de-vacances-2022-a-malibe-gabon\\\/#primaryimage\"},\"thumbnailUrl\":\"https:\\\/\\\/www.itakaescolapios.org\\\/wp-content\\\/uploads\\\/2022\\\/06\\\/WhatsApp-Image-2022-06-29-at-10.45.34.jpeg\",\"datePublished\":\"2022-06-29T11:42:01+00:00\",\"dateModified\":\"2023-11-28T11:35:44+00:00\",\"inLanguage\":\"es\",\"potentialAction\":[{\"@type\":\"ReadAction\",\"target\":[\"https:\\\/\\\/www.itakaescolapios.org\\\/es\\\/2022\\\/06\\\/francais-camp-de-vacances-2022-a-malibe-gabon\\\/\"]}]},{\"@type\":\"ImageObject\",\"inLanguage\":\"es\",\"@id\":\"https:\\\/\\\/www.itakaescolapios.org\\\/es\\\/2022\\\/06\\\/francais-camp-de-vacances-2022-a-malibe-gabon\\\/#primaryimage\",\"url\":\"https:\\\/\\\/www.itakaescolapios.org\\\/wp-content\\\/uploads\\\/2022\\\/06\\\/WhatsApp-Image-2022-06-29-at-10.45.34.jpeg\",\"contentUrl\":\"https:\\\/\\\/www.itakaescolapios.org\\\/wp-content\\\/uploads\\\/2022\\\/06\\\/WhatsApp-Image-2022-06-29-at-10.45.34.jpeg\",\"width\":1080,\"height\":810},{\"@type\":\"WebSite\",\"@id\":\"https:\\\/\\\/www.itakaescolapios.org\\\/es\\\/#website\",\"url\":\"https:\\\/\\\/www.itakaescolapios.org\\\/es\\\/\",\"name\":\"Itaka-Escolapios\",\"description\":\"Red de Itaka-Escolapios\",\"publisher\":{\"@id\":\"https:\\\/\\\/www.itakaescolapios.org\\\/es\\\/#organization\"},\"potentialAction\":[{\"@type\":\"SearchAction\",\"target\":{\"@type\":\"EntryPoint\",\"urlTemplate\":\"https:\\\/\\\/www.itakaescolapios.org\\\/es\\\/?s={search_term_string}\"},\"query-input\":{\"@type\":\"PropertyValueSpecification\",\"valueRequired\":true,\"valueName\":\"search_term_string\"}}],\"inLanguage\":\"es\"},{\"@type\":\"Organization\",\"@id\":\"https:\\\/\\\/www.itakaescolapios.org\\\/es\\\/#organization\",\"name\":\"Fundaci\u00f3 Itaka-Escolapios\",\"url\":\"https:\\\/\\\/www.itakaescolapios.org\\\/es\\\/\",\"logo\":{\"@type\":\"ImageObject\",\"inLanguage\":\"es\",\"@id\":\"https:\\\/\\\/www.itakaescolapios.org\\\/es\\\/#\\\/schema\\\/logo\\\/image\\\/\",\"url\":\"https:\\\/\\\/www.itakaescolapios.org\\\/wp-content\\\/uploads\\\/2024\\\/04\\\/Logo-itakaescolapios-peque.png\",\"contentUrl\":\"https:\\\/\\\/www.itakaescolapios.org\\\/wp-content\\\/uploads\\\/2024\\\/04\\\/Logo-itakaescolapios-peque.png\",\"width\":500,\"height\":199,\"caption\":\"Fundaci\u00f3 Itaka-Escolapios\"},\"image\":{\"@id\":\"https:\\\/\\\/www.itakaescolapios.org\\\/es\\\/#\\\/schema\\\/logo\\\/image\\\/\"}},{\"@type\":\"Person\",\"@id\":\"https:\\\/\\\/www.itakaescolapios.org\\\/es\\\/#\\\/schema\\\/person\\\/d2844383e29bfdfef69039672ce14eb1\",\"name\":\"cameroun01\",\"url\":\"https:\\\/\\\/www.itakaescolapios.org\\\/es\\\/author\\\/cameroun01\\\/\"}]}<\/script>\n<!-- \/ Yoast SEO plugin. -->","yoast_head_json":{"title":"- Itaka-Escolapios","robots":{"index":"index","follow":"follow","max-snippet":"max-snippet:-1","max-image-preview":"max-image-preview:large","max-video-preview":"max-video-preview:-1"},"canonical":"https:\/\/www.itakaescolapios.org\/es\/2022\/06\/francais-camp-de-vacances-2022-a-malibe-gabon\/","og_locale":"es_ES","og_type":"article","og_title":"- Itaka-Escolapios","og_description":"[:fr]Le camp de vacances est un lieu am\u00e9nag\u00e9 g\u00e9n\u00e9ralement en pleine nature et qui offre, sous forme communautaire, le s\u00e9jour et des activit\u00e9s organis\u00e9es \u00e0 des enfants, des adultes ou [&hellip;]","og_url":"https:\/\/www.itakaescolapios.org\/es\/2022\/06\/francais-camp-de-vacances-2022-a-malibe-gabon\/","og_site_name":"Itaka-Escolapios","article_published_time":"2022-06-29T11:42:01+00:00","article_modified_time":"2023-11-28T11:35:44+00:00","og_image":[{"width":1080,"height":810,"url":"https:\/\/www.itakaescolapios.org\/wp-content\/uploads\/2022\/06\/WhatsApp-Image-2022-06-29-at-10.45.34.jpeg","type":"image\/jpeg"}],"author":"cameroun01","twitter_card":"summary_large_image","twitter_misc":{"Escrito por":"cameroun01","Tiempo de lectura":"1 minuto"},"schema":{"@context":"https:\/\/schema.org","@graph":[{"@type":"Article","@id":"https:\/\/www.itakaescolapios.org\/es\/2022\/06\/francais-camp-de-vacances-2022-a-malibe-gabon\/#article","isPartOf":{"@id":"https:\/\/www.itakaescolapios.org\/es\/2022\/06\/francais-camp-de-vacances-2022-a-malibe-gabon\/"},"author":{"name":"cameroun01","@id":"https:\/\/www.itakaescolapios.org\/es\/#\/schema\/person\/d2844383e29bfdfef69039672ce14eb1"},"headline":"Sin t\u00edtulo","datePublished":"2022-06-29T11:42:01+00:00","dateModified":"2023-11-28T11:35:44+00:00","mainEntityOfPage":{"@id":"https:\/\/www.itakaescolapios.org\/es\/2022\/06\/francais-camp-de-vacances-2022-a-malibe-gabon\/"},"wordCount":168,"publisher":{"@id":"https:\/\/www.itakaescolapios.org\/es\/#organization"},"image":{"@id":"https:\/\/www.itakaescolapios.org\/es\/2022\/06\/francais-camp-de-vacances-2022-a-malibe-gabon\/#primaryimage"},"thumbnailUrl":"https:\/\/www.itakaescolapios.org\/wp-content\/uploads\/2022\/06\/WhatsApp-Image-2022-06-29-at-10.45.34.jpeg","articleSection":["\u00c1frica Central","Gab\u00f3n"],"inLanguage":"es"},{"@type":"WebPage","@id":"https:\/\/www.itakaescolapios.org\/es\/2022\/06\/francais-camp-de-vacances-2022-a-malibe-gabon\/","url":"https:\/\/www.itakaescolapios.org\/es\/2022\/06\/francais-camp-de-vacances-2022-a-malibe-gabon\/","name":"- Itaka-Escolapios","isPartOf":{"@id":"https:\/\/www.itakaescolapios.org\/es\/#website"},"primaryImageOfPage":{"@id":"https:\/\/www.itakaescolapios.org\/es\/2022\/06\/francais-camp-de-vacances-2022-a-malibe-gabon\/#primaryimage"},"image":{"@id":"https:\/\/www.itakaescolapios.org\/es\/2022\/06\/francais-camp-de-vacances-2022-a-malibe-gabon\/#primaryimage"},"thumbnailUrl":"https:\/\/www.itakaescolapios.org\/wp-content\/uploads\/2022\/06\/WhatsApp-Image-2022-06-29-at-10.45.34.jpeg","datePublished":"2022-06-29T11:42:01+00:00","dateModified":"2023-11-28T11:35:44+00:00","inLanguage":"es","potentialAction":[{"@type":"ReadAction","target":["https:\/\/www.itakaescolapios.org\/es\/2022\/06\/francais-camp-de-vacances-2022-a-malibe-gabon\/"]}]},{"@type":"ImageObject","inLanguage":"es","@id":"https:\/\/www.itakaescolapios.org\/es\/2022\/06\/francais-camp-de-vacances-2022-a-malibe-gabon\/#primaryimage","url":"https:\/\/www.itakaescolapios.org\/wp-content\/uploads\/2022\/06\/WhatsApp-Image-2022-06-29-at-10.45.34.jpeg","contentUrl":"https:\/\/www.itakaescolapios.org\/wp-content\/uploads\/2022\/06\/WhatsApp-Image-2022-06-29-at-10.45.34.jpeg","width":1080,"height":810},{"@type":"WebSite","@id":"https:\/\/www.itakaescolapios.org\/es\/#website","url":"https:\/\/www.itakaescolapios.org\/es\/","name":"Itaka-Escolapios","description":"Red de Itaka-Escolapios","publisher":{"@id":"https:\/\/www.itakaescolapios.org\/es\/#organization"},"potentialAction":[{"@type":"SearchAction","target":{"@type":"EntryPoint","urlTemplate":"https:\/\/www.itakaescolapios.org\/es\/?s={search_term_string}"},"query-input":{"@type":"PropertyValueSpecification","valueRequired":true,"valueName":"search_term_string"}}],"inLanguage":"es"},{"@type":"Organization","@id":"https:\/\/www.itakaescolapios.org\/es\/#organization","name":"Fundaci\u00f3 Itaka-Escolapios","url":"https:\/\/www.itakaescolapios.org\/es\/","logo":{"@type":"ImageObject","inLanguage":"es","@id":"https:\/\/www.itakaescolapios.org\/es\/#\/schema\/logo\/image\/","url":"https:\/\/www.itakaescolapios.org\/wp-content\/uploads\/2024\/04\/Logo-itakaescolapios-peque.png","contentUrl":"https:\/\/www.itakaescolapios.org\/wp-content\/uploads\/2024\/04\/Logo-itakaescolapios-peque.png","width":500,"height":199,"caption":"Fundaci\u00f3 Itaka-Escolapios"},"image":{"@id":"https:\/\/www.itakaescolapios.org\/es\/#\/schema\/logo\/image\/"}},{"@type":"Person","@id":"https:\/\/www.itakaescolapios.org\/es\/#\/schema\/person\/d2844383e29bfdfef69039672ce14eb1","name":"cameroun01","url":"https:\/\/www.itakaescolapios.org\/es\/author\/cameroun01\/"}]}},"_links":{"self":[{"href":"https:\/\/www.itakaescolapios.org\/es\/wp-json\/wp\/v2\/posts\/37096","targetHints":{"allow":["GET"]}}],"collection":[{"href":"https:\/\/www.itakaescolapios.org\/es\/wp-json\/wp\/v2\/posts"}],"about":[{"href":"https:\/\/www.itakaescolapios.org\/es\/wp-json\/wp\/v2\/types\/post"}],"author":[{"embeddable":true,"href":"https:\/\/www.itakaescolapios.org\/es\/wp-json\/wp\/v2\/users\/15"}],"replies":[{"embeddable":true,"href":"https:\/\/www.itakaescolapios.org\/es\/wp-json\/wp\/v2\/comments?post=37096"}],"version-history":[{"count":2,"href":"https:\/\/www.itakaescolapios.org\/es\/wp-json\/wp\/v2\/posts\/37096\/revisions"}],"predecessor-version":[{"id":43879,"href":"https:\/\/www.itakaescolapios.org\/es\/wp-json\/wp\/v2\/posts\/37096\/revisions\/43879"}],"wp:featuredmedia":[{"embeddable":true,"href":"https:\/\/www.itakaescolapios.org\/es\/wp-json\/wp\/v2\/media\/37097"}],"wp:attachment":[{"href":"https:\/\/www.itakaescolapios.org\/es\/wp-json\/wp\/v2\/media?parent=37096"}],"wp:term":[{"taxonomy":"category","embeddable":true,"href":"https:\/\/www.itakaescolapios.org\/es\/wp-json\/wp\/v2\/categories?post=37096"},{"taxonomy":"post_tag","embeddable":true,"href":"https:\/\/www.itakaescolapios.org\/es\/wp-json\/wp\/v2\/tags?post=37096"}],"curies":[{"name":"wp","href":"https:\/\/api.w.org\/{rel}","templated":true}]}}